{"id":52308,"date":"2011-10-27T19:11:34","date_gmt":"2011-10-27T18:11:34","guid":{"rendered":"http:\/\/www.visit-ulcinj.com\/blog\/?p=52308"},"modified":"2011-10-27T19:13:15","modified_gmt":"2011-10-27T18:13:15","slug":"ismail-kadare-sonte-mysafire-ne-podgorice","status":"publish","type":"post","link":"https:\/\/www.visit-ulcinj.com\/blog\/2011\/10\/27\/ismail-kadare-sonte-mysafire-ne-podgorice\/","title":{"rendered":"Ismail Kadare sonte mysafir\u00eb n\u00eb Podgoric\u00eb"},"content":{"rendered":"<p><a href=\"http:\/\/www.visit-ulcinj.com\/blog\/wp-content\/uploads\/2011\/10\/Ismail_Kadare.jpg\"><img loading=\"lazy\" class=\"alignleft size-full wp-image-52309\" title=\"Ismail_Kadare\" src=\"http:\/\/www.visit-ulcinj.com\/blog\/wp-content\/uploads\/2011\/10\/Ismail_Kadare.jpg\" alt=\"\" width=\"340\" height=\"390\" \/><\/a>Shkrimtari i njohur shqiptar\u00eb Ismail Kadare do t\u00eb prezantoj\u00eb sonte krijmtarin\u00eb e vet\u00eb t\u00eb pasur shum\u00ebvje\u00e7are n\u00eb fush\u00ebn e let\u00ebrsis\u00eb n\u00eb Qendr\u00ebn Kulturo- informative Budo Tomoviq n\u00eb Podgoric\u00eb, e cila do t\u00eb filloj\u00eb n\u00eb or\u00ebn 20.<\/p>\n<p>Ismail Kadare me veprat e veta definon identitetin kulturor dhe krijues t\u00eb Shqip\u00ebris\u00eb . Ai disa her\u00eb ka qen kandidat p\u00ebr \u00e7mimin Nobel. Shkrimtari i njohur, vjen n\u00eb Mal t\u00eb Zi, n\u00eb kuad\u00ebr t\u00eb projektit nd\u00ebrkomb\u00ebtar\u00eb &#8220;Dy gjuh\u00eb nj\u00eb lib\u00ebr&#8221; t\u00eb cilin s\u00eb bashku e realizoj\u00eb Organizata joqeveritare Prostori nga Podgorica , Mali i Zi dhe Universitetet Luigj Gurakuqi nga Shkodra me partner\u00ebt: qendra p\u00ebr ruajtjen dhe zhvillimin e kultur\u00ebs s\u00eb pakicave t\u00eb Malit t\u00eb Zi dhe Qendra p\u00ebr kultur\u00eb Camaj Pipa nga Shqip\u00ebria .<\/p>\n<p>Projektin e financon Unioni Evropian\u00eb, &#8211; delegacioni i Komisionit evropian\u00eb n\u00eb Mal t\u00eb Zi dhe Shqip\u00ebri p\u00ebrmes programit t\u00eb bashk\u00ebpunimit nd\u00ebrkufitar Shqip\u00ebri-Mali i Zi , 2007-2013.<\/p>\n<p><strong>TVCG<\/strong><\/p>\n","protected":false},"excerpt":{"rendered":"<p>Shkrimtari i njohur shqiptar\u00eb Ismail Kadare do t\u00eb prezantoj\u00eb sonte krijmtarin\u00eb e vet\u00eb t\u00eb pasur shum\u00ebvje\u00e7are n\u00eb fush\u00ebn e let\u00ebrsis\u00eb n\u00eb Qendr\u00ebn Kulturo- informative Budo Tomoviq n\u00eb Podgoric\u00eb, e cila do t\u00eb filloj\u00eb n\u00eb or\u00ebn 20. Ismail Kadare me veprat e veta definon identitetin kulturor dhe krijues t\u00eb Shqip\u00ebris\u00eb . Ai disa her\u00eb ka qen [&hellip;]<\/p>\n","protected":false},"author":1,"featured_media":0,"comment_status":"open","ping_status":"closed","sticky":false,"template":"","format":"standard","meta":{"spay_email":"","jetpack_publicize_message":"","jetpack_is_tweetstorm":false,"jetpack_publicize_feature_enabled":true},"categories":[4],"tags":[4317],"jetpack_publicize_connections":[],"yoast_head":"<!-- This site is optimized with the Yoast SEO plugin v19.1 - https:\/\/yoast.com\/wordpress\/plugins\/seo\/ -->\n<title>Ismail Kadare sonte mysafir\u00eb n\u00eb Podgoric\u00eb - Lajme nga Ulqini<\/title>\n<meta name=\"description\" content=\"Shkrimtari i njohur shqiptar\u00eb Ismail Kadare do t\u00eb prezantoj\u00eb sonte krijmtarin\u00eb e vet\u00eb t\u00eb pasur shum\u00ebvje\u00e7are n\u00eb fush\u00ebn e let\u00ebrsis\u00eb n\u00eb Qendr\u00ebn Kulturo-\" \/>\n<meta name=\"robots\" content=\"index, follow, max-snippet:-1, max-image-preview:large, max-video-preview:-1\" \/>\n<link rel=\"canonical\" href=\"https:\/\/www.visit-ulcinj.com\/blog\/2011\/10\/27\/ismail-kadare-sonte-mysafire-ne-podgorice\/\" \/>\n<meta property=\"og:locale\" content=\"en_US\" \/>\n<meta property=\"og:type\" content=\"article\" \/>\n<meta property=\"og:title\" content=\"Ismail Kadare sonte mysafir\u00eb n\u00eb Podgoric\u00eb - Lajme nga Ulqini\" \/>\n<meta property=\"og:description\" content=\"Shkrimtari i njohur shqiptar\u00eb Ismail Kadare do t\u00eb prezantoj\u00eb sonte krijmtarin\u00eb e vet\u00eb t\u00eb pasur shum\u00ebvje\u00e7are n\u00eb fush\u00ebn e let\u00ebrsis\u00eb n\u00eb Qendr\u00ebn Kulturo-\" \/>\n<meta property=\"og:url\" content=\"https:\/\/www.visit-ulcinj.com\/blog\/2011\/10\/27\/ismail-kadare-sonte-mysafire-ne-podgorice\/\" \/>\n<meta property=\"og:site_name\" content=\"Lajme nga Ulqini\" \/>\n<meta property=\"article:published_time\" content=\"2011-10-27T18:11:34+00:00\" \/>\n<meta property=\"article:modified_time\" content=\"2011-10-27T18:13:15+00:00\" \/>\n<meta property=\"og:image\" content=\"http:\/\/www.visit-ulcinj.com\/blog\/wp-content\/uploads\/2011\/10\/Ismail_Kadare.jpg\" \/>\n<meta name=\"twitter:label1\" content=\"Written by\" \/>\n\t<meta name=\"twitter:data1\" content=\"ulqini\" \/>\n\t<meta name=\"twitter:label2\" content=\"Est. reading time\" \/>\n\t<meta name=\"twitter:data2\" content=\"1 minute\" \/>\n<script type=\"application\/ld+json\" class=\"yoast-schema-graph\">{\"@context\":\"https:\/\/schema.org\",\"@graph\":[{\"@type\":\"WebSite\",\"@id\":\"https:\/\/www.visit-ulcinj.com\/blog\/#website\",\"url\":\"https:\/\/www.visit-ulcinj.com\/blog\/\",\"name\":\"Lajme nga Ulqini\",\"description\":\"Lajme,Vijesti,Ulqini,Ulqin,Crna Gora,Mali i Zi\",\"potentialAction\":[{\"@type\":\"SearchAction\",\"target\":{\"@type\":\"EntryPoint\",\"urlTemplate\":\"https:\/\/www.visit-ulcinj.com\/blog\/?s={search_term_string}\"},\"query-input\":\"required name=search_term_string\"}],\"inLanguage\":\"en-US\"},{\"@type\":\"ImageObject\",\"inLanguage\":\"en-US\",\"@id\":\"https:\/\/www.visit-ulcinj.com\/blog\/2011\/10\/27\/ismail-kadare-sonte-mysafire-ne-podgorice\/#primaryimage\",\"url\":\"https:\/\/www.visit-ulcinj.com\/blog\/wp-content\/uploads\/2011\/10\/Ismail_Kadare.jpg\",\"contentUrl\":\"https:\/\/www.visit-ulcinj.com\/blog\/wp-content\/uploads\/2011\/10\/Ismail_Kadare.jpg\",\"width\":\"600\",\"height\":\"505\"},{\"@type\":\"WebPage\",\"@id\":\"https:\/\/www.visit-ulcinj.com\/blog\/2011\/10\/27\/ismail-kadare-sonte-mysafire-ne-podgorice\/#webpage\",\"url\":\"https:\/\/www.visit-ulcinj.com\/blog\/2011\/10\/27\/ismail-kadare-sonte-mysafire-ne-podgorice\/\",\"name\":\"Ismail Kadare sonte mysafir\u00eb n\u00eb Podgoric\u00eb - Lajme nga Ulqini\",\"isPartOf\":{\"@id\":\"https:\/\/www.visit-ulcinj.com\/blog\/#website\"},\"primaryImageOfPage\":{\"@id\":\"https:\/\/www.visit-ulcinj.com\/blog\/2011\/10\/27\/ismail-kadare-sonte-mysafire-ne-podgorice\/#primaryimage\"},\"datePublished\":\"2011-10-27T18:11:34+00:00\",\"dateModified\":\"2011-10-27T18:13:15+00:00\",\"author\":{\"@id\":\"https:\/\/www.visit-ulcinj.com\/blog\/#\/schema\/person\/dcab619c614d3038751c63bc2aadc06d\"},\"description\":\"Shkrimtari i njohur shqiptar\u00eb Ismail Kadare do t\u00eb prezantoj\u00eb sonte krijmtarin\u00eb e vet\u00eb t\u00eb pasur shum\u00ebvje\u00e7are n\u00eb fush\u00ebn e let\u00ebrsis\u00eb n\u00eb Qendr\u00ebn Kulturo-\",\"breadcrumb\":{\"@id\":\"https:\/\/www.visit-ulcinj.com\/blog\/2011\/10\/27\/ismail-kadare-sonte-mysafire-ne-podgorice\/#breadcrumb\"},\"inLanguage\":\"en-US\",\"potentialAction\":[{\"@type\":\"ReadAction\",\"target\":[\"https:\/\/www.visit-ulcinj.com\/blog\/2011\/10\/27\/ismail-kadare-sonte-mysafire-ne-podgorice\/\"]}]},{\"@type\":\"BreadcrumbList\",\"@id\":\"https:\/\/www.visit-ulcinj.com\/blog\/2011\/10\/27\/ismail-kadare-sonte-mysafire-ne-podgorice\/#breadcrumb\",\"itemListElement\":[{\"@type\":\"ListItem\",\"position\":1,\"name\":\"Ismail Kadare sonte mysafir\u00eb n\u00eb Podgoric\u00eb\"}]},{\"@type\":\"Person\",\"@id\":\"https:\/\/www.visit-ulcinj.com\/blog\/#\/schema\/person\/dcab619c614d3038751c63bc2aadc06d\",\"name\":\"ulqini\",\"sameAs\":[\"http:\/\/www.visit-ulcinj.com\"],\"url\":\"https:\/\/www.visit-ulcinj.com\/blog\/author\/admin\/\"}]}<\/script>\n<!-- \/ Yoast SEO plugin. -->","yoast_head_json":{"title":"Ismail Kadare sonte mysafir\u00eb n\u00eb Podgoric\u00eb - Lajme nga Ulqini","description":"Shkrimtari i njohur shqiptar\u00eb Ismail Kadare do t\u00eb prezantoj\u00eb sonte krijmtarin\u00eb e vet\u00eb t\u00eb pasur shum\u00ebvje\u00e7are n\u00eb fush\u00ebn e let\u00ebrsis\u00eb n\u00eb Qendr\u00ebn Kulturo-","robots":{"index":"index","follow":"follow","max-snippet":"max-snippet:-1","max-image-preview":"max-image-preview:large","max-video-preview":"max-video-preview:-1"},"canonical":"https:\/\/www.visit-ulcinj.com\/blog\/2011\/10\/27\/ismail-kadare-sonte-mysafire-ne-podgorice\/","og_locale":"en_US","og_type":"article","og_title":"Ismail Kadare sonte mysafir\u00eb n\u00eb Podgoric\u00eb - Lajme nga Ulqini","og_description":"Shkrimtari i njohur shqiptar\u00eb Ismail Kadare do t\u00eb prezantoj\u00eb sonte krijmtarin\u00eb e vet\u00eb t\u00eb pasur shum\u00ebvje\u00e7are n\u00eb fush\u00ebn e let\u00ebrsis\u00eb n\u00eb Qendr\u00ebn Kulturo-","og_url":"https:\/\/www.visit-ulcinj.com\/blog\/2011\/10\/27\/ismail-kadare-sonte-mysafire-ne-podgorice\/","og_site_name":"Lajme nga Ulqini","article_published_time":"2011-10-27T18:11:34+00:00","article_modified_time":"2011-10-27T18:13:15+00:00","og_image":[{"url":"http:\/\/www.visit-ulcinj.com\/blog\/wp-content\/uploads\/2011\/10\/Ismail_Kadare.jpg"}],"twitter_misc":{"Written by":"ulqini","Est. reading time":"1 minute"},"schema":{"@context":"https:\/\/schema.org","@graph":[{"@type":"WebSite","@id":"https:\/\/www.visit-ulcinj.com\/blog\/#website","url":"https:\/\/www.visit-ulcinj.com\/blog\/","name":"Lajme nga Ulqini","description":"Lajme,Vijesti,Ulqini,Ulqin,Crna Gora,Mali i Zi","potentialAction":[{"@type":"SearchAction","target":{"@type":"EntryPoint","urlTemplate":"https:\/\/www.visit-ulcinj.com\/blog\/?s={search_term_string}"},"query-input":"required name=search_term_string"}],"inLanguage":"en-US"},{"@type":"ImageObject","inLanguage":"en-US","@id":"https:\/\/www.visit-ulcinj.com\/blog\/2011\/10\/27\/ismail-kadare-sonte-mysafire-ne-podgorice\/#primaryimage","url":"https:\/\/www.visit-ulcinj.com\/blog\/wp-content\/uploads\/2011\/10\/Ismail_Kadare.jpg","contentUrl":"https:\/\/www.visit-ulcinj.com\/blog\/wp-content\/uploads\/2011\/10\/Ismail_Kadare.jpg","width":"600","height":"505"},{"@type":"WebPage","@id":"https:\/\/www.visit-ulcinj.com\/blog\/2011\/10\/27\/ismail-kadare-sonte-mysafire-ne-podgorice\/#webpage","url":"https:\/\/www.visit-ulcinj.com\/blog\/2011\/10\/27\/ismail-kadare-sonte-mysafire-ne-podgorice\/","name":"Ismail Kadare sonte mysafir\u00eb n\u00eb Podgoric\u00eb - Lajme nga Ulqini","isPartOf":{"@id":"https:\/\/www.visit-ulcinj.com\/blog\/#website"},"primaryImageOfPage":{"@id":"https:\/\/www.visit-ulcinj.com\/blog\/2011\/10\/27\/ismail-kadare-sonte-mysafire-ne-podgorice\/#primaryimage"},"datePublished":"2011-10-27T18:11:34+00:00","dateModified":"2011-10-27T18:13:15+00:00","author":{"@id":"https:\/\/www.visit-ulcinj.com\/blog\/#\/schema\/person\/dcab619c614d3038751c63bc2aadc06d"},"description":"Shkrimtari i njohur shqiptar\u00eb Ismail Kadare do t\u00eb prezantoj\u00eb sonte krijmtarin\u00eb e vet\u00eb t\u00eb pasur shum\u00ebvje\u00e7are n\u00eb fush\u00ebn e let\u00ebrsis\u00eb n\u00eb Qendr\u00ebn Kulturo-","breadcrumb":{"@id":"https:\/\/www.visit-ulcinj.com\/blog\/2011\/10\/27\/ismail-kadare-sonte-mysafire-ne-podgorice\/#breadcrumb"},"inLanguage":"en-US","potentialAction":[{"@type":"ReadAction","target":["https:\/\/www.visit-ulcinj.com\/blog\/2011\/10\/27\/ismail-kadare-sonte-mysafire-ne-podgorice\/"]}]},{"@type":"BreadcrumbList","@id":"https:\/\/www.visit-ulcinj.com\/blog\/2011\/10\/27\/ismail-kadare-sonte-mysafire-ne-podgorice\/#breadcrumb","itemListElement":[{"@type":"ListItem","position":1,"name":"Ismail Kadare sonte mysafir\u00eb n\u00eb Podgoric\u00eb"}]},{"@type":"Person","@id":"https:\/\/www.visit-ulcinj.com\/blog\/#\/schema\/person\/dcab619c614d3038751c63bc2aadc06d","name":"ulqini","sameAs":["http:\/\/www.visit-ulcinj.com"],"url":"https:\/\/www.visit-ulcinj.com\/blog\/author\/admin\/"}]}},"jetpack_featured_media_url":"","jetpack_sharing_enabled":true,"jetpack_shortlink":"https:\/\/wp.me\/pe6lTn-dBG","_links":{"self":[{"href":"https:\/\/www.visit-ulcinj.com\/blog\/wp-json\/wp\/v2\/posts\/52308"}],"collection":[{"href":"https:\/\/www.visit-ulcinj.com\/blog\/wp-json\/wp\/v2\/posts"}],"about":[{"href":"https:\/\/www.visit-ulcinj.com\/blog\/wp-json\/wp\/v2\/types\/post"}],"author":[{"embeddable":true,"href":"https:\/\/www.visit-ulcinj.com\/blog\/wp-json\/wp\/v2\/users\/1"}],"replies":[{"embeddable":true,"href":"https:\/\/www.visit-ulcinj.com\/blog\/wp-json\/wp\/v2\/comments?post=52308"}],"version-history":[{"count":2,"href":"https:\/\/www.visit-ulcinj.com\/blog\/wp-json\/wp\/v2\/posts\/52308\/revisions"}],"predecessor-version":[{"id":52312,"href":"https:\/\/www.visit-ulcinj.com\/blog\/wp-json\/wp\/v2\/posts\/52308\/revisions\/52312"}],"wp:attachment":[{"href":"https:\/\/www.visit-ulcinj.com\/blog\/wp-json\/wp\/v2\/media?parent=52308"}],"wp:term":[{"taxonomy":"category","embeddable":true,"href":"https:\/\/www.visit-ulcinj.com\/blog\/wp-json\/wp\/v2\/categories?post=52308"},{"taxonomy":"post_tag","embeddable":true,"href":"https:\/\/www.visit-ulcinj.com\/blog\/wp-json\/wp\/v2\/tags?post=52308"}],"curies":[{"name":"wp","href":"https:\/\/api.w.org\/{rel}","templated":true}]}}