{"id":52337,"date":"2011-10-27T20:33:03","date_gmt":"2011-10-27T19:33:03","guid":{"rendered":"http:\/\/www.visit-ulcinj.com\/blog\/?p=52337"},"modified":"2011-10-27T20:33:45","modified_gmt":"2011-10-27T19:33:45","slug":"mbi-300-veta-nga-shqiperia-dhe-mali-i-zi-nisen-per-haxh","status":"publish","type":"post","link":"https:\/\/www.visit-ulcinj.com\/blog\/2011\/10\/27\/mbi-300-veta-nga-shqiperia-dhe-mali-i-zi-nisen-per-haxh\/","title":{"rendered":"Mbi 300 veta nga Shqip\u00ebria dhe Mali i Zi nisen p\u00ebr Haxh"},"content":{"rendered":"<p><a href=\"http:\/\/www.visit-ulcinj.com\/blog\/2011\/10\/27\/mbi-300-veta-nga-shqiperia-dhe-mali-i-zi-nisen-per-haxh\/300-veta-nga-shqiperia-dhe-mali-i-zi-nisen-per-haxh\/\" rel=\"attachment wp-att-52338\"><img loading=\"lazy\" class=\"alignleft size-full wp-image-52338\" title=\"300 veta nga Shqip\u00ebria dhe Mali i Zi nisen p\u00ebr Haxh\" src=\"http:\/\/www.visit-ulcinj.com\/blog\/wp-content\/uploads\/2011\/10\/300-veta-nga-Shqip%C3%ABria-dhe-Mali-i-Zi-nisen-p%C3%ABr-Haxh.jpg\" alt=\"\" width=\"508\" height=\"380\" \/><\/a>Mbi 300 veta nga mbar\u00eb Shqip\u00ebria dhe Mali i Zi ajn\u00eb nisur sot p\u00ebr Haxh n\u00eb vendet e shenjta n\u00eb Meke dhe Medine. Komuniteti Mysliman i Shqip\u00ebris\u00eb p\u00ebr her\u00eb t\u00eb par\u00eb pas 20 vitesh demokraci, ka organizuar k\u00ebt\u00eb vit Haxhin vet\u00eb si institucion, duke b\u00ebr\u00eb t\u00eb mundur, q\u00eb p\u00ebrgjegj\u00ebsia e k\u00ebtij organizimi kaq t\u00eb r\u00ebnd\u00ebsish\u00ebm dhe delikat t\u00eb jet\u00eb tashm\u00eb institucionale dhe zyrtare e KMSH-s\u00eb.<\/p>\n<p>Me k\u00ebt\u00eb rast \u00ebsht\u00eb organizuar edhe nj\u00eb ceremoni modeste n\u00eb aeroportin e Rinasit p\u00ebr nder t\u00eb haxhinjve nga e gjith\u00eb Shqip\u00ebria, madje edhe nga Mali i Zi, t\u00eb cil\u00ebt do t\u00eb udh\u00ebtojn\u00eb drejt vendeve t\u00eb shenjta, n\u00eb Arabin\u00eb Saudite, p\u00ebr kryerjen e haxhit t\u00eb k\u00ebtij viti, t\u00eb gjith\u00eb s\u00eb bashku.<\/p>\n<p>N\u00eb k\u00ebt\u00eb ceremoni ka qen\u00eb prezent Kryetari i KMSH-s\u00eb H. Selim Mu\u00e7a, kryetari i K\u00ebshillit t\u00eb P\u00ebrgjithsh\u00ebm H. Ylli Gurra, n\u00ebnkryetari H. Bujar Spahiu, myftinj t\u00eb rretheve t\u00eb ndryshme, drejtor\u00eb drejtorish nga kryesia e KMSH-s\u00eb, etj.<\/p>\n<p>N\u00eb fjal\u00ebn e tij, kryetari i KMSH-s\u00eb H. Selim Mu\u00e7a krahas p\u00ebrsh\u00ebndetjeve t\u00eb rastit, i ka k\u00ebrkuar hanxhinjve q\u00eb t\u00eb b\u00ebjn\u00eb sa m\u00eb shum\u00eb dua p\u00ebr veten e tyre, familjen, vendin ton\u00eb, popullin shqiptar e n\u00eb ve\u00e7anti p\u00ebr mysliman\u00ebt, p\u00ebr t\u2019i begatuar Allahu me t\u00eb mirat e Tij t\u00eb pafundme. Ai gjithashtu \u00ebsht\u00eb lutur p\u00ebr ta, duke i uruar rrug\u00eb t\u00eb mbar\u00eb, udh\u00ebtim t\u00eb leht\u00eb dhe Haxh t\u00eb pranuar drejt vendeve t\u00eb shenjta.<\/p>\n<p>M\u00eb pas ka p\u00ebrsh\u00ebndetur edhe kryetari i K\u00ebshillit t\u00eb P\u00ebrgjithsh\u00ebm H. Ylli Gurra, i cili pasi i ka uruar Haxhinjve udh\u00eb t\u00eb mbar\u00eb, ka b\u00ebr\u00eb duan\u00eb e rastit, duke iu lutur Allahut q\u00eb t\u2019ia pranoj\u00eb haxhin atyre. Z. Gurra i ka k\u00ebrkuar haxhinjve q\u00eb t\u00eb p\u00ebrfitojn\u00eb nga kjo vizit\u00eb e mrekullueshme, p\u00ebr t\u00eb arritur k\u00ebnaq\u00ebsin\u00eb e All-llahut t\u00eb Madh\u00ebruar dhe m\u00ebshir\u00ebn e Tij t\u00eb pakufishme, si dhe t\u00eb b\u00ebjn\u00eb shum\u00eb dua gjat\u00eb Haxhit, sidomos n\u00eb Qabe dhe Arafat, si dhe t\u2019i d\u00ebrgojn\u00eb selame Resulullahut (a.s.) n\u00eb em\u00ebr t\u00eb t\u00eb gjith\u00eb besimtar\u00ebve mysliman\u00eb nga Shqip\u00ebria.<\/p>\n<p>Delegacionin e Haxhinjve t\u00eb vitit 2011 nga Shqip\u00ebria dhe Mali i Zi, e kryeson n\u00ebnkryetari i KMSH-s\u00eb H. Bujar Spahiu, i shoq\u00ebruar me udh\u00ebrr\u00ebfyesit e haxhit, t\u00eb cil\u00ebt jan\u00eb punonj\u00ebs t\u00eb Komunitetit, si myfti, drejtor\u00eb, etj.<\/p>\n<p>P\u00ebr t\u00eb gjith\u00eb hanxhinjt\u00eb jan\u00eb shp\u00ebrndar\u00eb ihramet, revista \u201cHaxhi dhe Kurbani\u201d, libri \u201cUdh\u00ebzues p\u00ebr Haxhin\u201d, numra telefonik\u00eb t\u00eb Arabis\u00eb Saudite, etj. Haxhinjt\u00eb e k\u00ebtij viti jan\u00eb nisur me dy avion\u00eb charter, duke fluturuar direkt p\u00ebr n\u00eb Xhiddeh.<\/p>\n<p><strong>Albeu<br \/>\n<!--YouTube Error: bad URL entered--><br \/>\n<\/strong><\/p>\n","protected":false},"excerpt":{"rendered":"<p>Mbi 300 veta nga mbar\u00eb Shqip\u00ebria dhe Mali i Zi ajn\u00eb nisur sot p\u00ebr Haxh n\u00eb vendet e shenjta n\u00eb Meke dhe Medine. Komuniteti Mysliman i Shqip\u00ebris\u00eb p\u00ebr her\u00eb t\u00eb par\u00eb pas 20 vitesh demokraci, ka organizuar k\u00ebt\u00eb vit Haxhin vet\u00eb si institucion, duke b\u00ebr\u00eb t\u00eb mundur, q\u00eb p\u00ebrgjegj\u00ebsia e k\u00ebtij organizimi kaq t\u00eb r\u00ebnd\u00ebsish\u00ebm [&hellip;]<\/p>\n","protected":false},"author":1,"featured_media":0,"comment_status":"open","ping_status":"closed","sticky":false,"template":"","format":"standard","meta":{"spay_email":"","jetpack_publicize_message":"","jetpack_is_tweetstorm":false,"jetpack_publicize_feature_enabled":true},"categories":[11],"tags":[19247,753,18],"jetpack_publicize_connections":[],"yoast_head":"<!-- This site is optimized with the Yoast SEO plugin v19.1 - https:\/\/yoast.com\/wordpress\/plugins\/seo\/ -->\n<title>Mbi 300 veta nga Shqip\u00ebria dhe Mali i Zi nisen p\u00ebr Haxh - Lajme nga Ulqini<\/title>\n<meta name=\"description\" content=\"Mbi 300 veta nga mbar\u00eb Shqip\u00ebria dhe Mali i Zi ajn\u00eb nisur sot p\u00ebr Haxh n\u00eb vendet e shenjta n\u00eb Meke dhe Medine. Komuniteti Mysliman i Shqip\u00ebris\u00eb p\u00ebr her\u00eb\" \/>\n<meta name=\"robots\" content=\"index, follow, max-snippet:-1, max-image-preview:large, max-video-preview:-1\" \/>\n<link rel=\"canonical\" href=\"https:\/\/www.visit-ulcinj.com\/blog\/2011\/10\/27\/mbi-300-veta-nga-shqiperia-dhe-mali-i-zi-nisen-per-haxh\/\" \/>\n<meta property=\"og:locale\" content=\"en_US\" \/>\n<meta property=\"og:type\" content=\"article\" \/>\n<meta property=\"og:title\" content=\"Mbi 300 veta nga Shqip\u00ebria dhe Mali i Zi nisen p\u00ebr Haxh - Lajme nga Ulqini\" \/>\n<meta property=\"og:description\" content=\"Mbi 300 veta nga mbar\u00eb Shqip\u00ebria dhe Mali i Zi ajn\u00eb nisur sot p\u00ebr Haxh n\u00eb vendet e shenjta n\u00eb Meke dhe Medine. Komuniteti Mysliman i Shqip\u00ebris\u00eb p\u00ebr her\u00eb\" \/>\n<meta property=\"og:url\" content=\"https:\/\/www.visit-ulcinj.com\/blog\/2011\/10\/27\/mbi-300-veta-nga-shqiperia-dhe-mali-i-zi-nisen-per-haxh\/\" \/>\n<meta property=\"og:site_name\" content=\"Lajme nga Ulqini\" \/>\n<meta property=\"article:published_time\" content=\"2011-10-27T19:33:03+00:00\" \/>\n<meta property=\"article:modified_time\" content=\"2011-10-27T19:33:45+00:00\" \/>\n<meta property=\"og:image\" content=\"http:\/\/www.visit-ulcinj.com\/blog\/wp-content\/uploads\/2011\/10\/300-veta-nga-Shqip%C3%ABria-dhe-Mali-i-Zi-nisen-p%C3%ABr-Haxh.jpg\" \/>\n<meta name=\"twitter:label1\" content=\"Written by\" \/>\n\t<meta name=\"twitter:data1\" content=\"ulqini\" \/>\n\t<meta name=\"twitter:label2\" content=\"Est. reading time\" \/>\n\t<meta name=\"twitter:data2\" content=\"2 minutes\" \/>\n<script type=\"application\/ld+json\" class=\"yoast-schema-graph\">{\"@context\":\"https:\/\/schema.org\",\"@graph\":[{\"@type\":\"WebSite\",\"@id\":\"https:\/\/www.visit-ulcinj.com\/blog\/#website\",\"url\":\"https:\/\/www.visit-ulcinj.com\/blog\/\",\"name\":\"Lajme nga Ulqini\",\"description\":\"Lajme,Vijesti,Ulqini,Ulqin,Crna Gora,Mali i Zi\",\"potentialAction\":[{\"@type\":\"SearchAction\",\"target\":{\"@type\":\"EntryPoint\",\"urlTemplate\":\"https:\/\/www.visit-ulcinj.com\/blog\/?s={search_term_string}\"},\"query-input\":\"required name=search_term_string\"}],\"inLanguage\":\"en-US\"},{\"@type\":\"ImageObject\",\"inLanguage\":\"en-US\",\"@id\":\"https:\/\/www.visit-ulcinj.com\/blog\/2011\/10\/27\/mbi-300-veta-nga-shqiperia-dhe-mali-i-zi-nisen-per-haxh\/#primaryimage\",\"url\":\"http:\/\/www.visit-ulcinj.com\/blog\/wp-content\/uploads\/2011\/10\/300-veta-nga-Shqip%C3%ABria-dhe-Mali-i-Zi-nisen-p%C3%ABr-Haxh.jpg\",\"contentUrl\":\"http:\/\/www.visit-ulcinj.com\/blog\/wp-content\/uploads\/2011\/10\/300-veta-nga-Shqip%C3%ABria-dhe-Mali-i-Zi-nisen-p%C3%ABr-Haxh.jpg\"},{\"@type\":\"WebPage\",\"@id\":\"https:\/\/www.visit-ulcinj.com\/blog\/2011\/10\/27\/mbi-300-veta-nga-shqiperia-dhe-mali-i-zi-nisen-per-haxh\/#webpage\",\"url\":\"https:\/\/www.visit-ulcinj.com\/blog\/2011\/10\/27\/mbi-300-veta-nga-shqiperia-dhe-mali-i-zi-nisen-per-haxh\/\",\"name\":\"Mbi 300 veta nga Shqip\u00ebria dhe Mali i Zi nisen p\u00ebr Haxh - Lajme nga Ulqini\",\"isPartOf\":{\"@id\":\"https:\/\/www.visit-ulcinj.com\/blog\/#website\"},\"primaryImageOfPage\":{\"@id\":\"https:\/\/www.visit-ulcinj.com\/blog\/2011\/10\/27\/mbi-300-veta-nga-shqiperia-dhe-mali-i-zi-nisen-per-haxh\/#primaryimage\"},\"datePublished\":\"2011-10-27T19:33:03+00:00\",\"dateModified\":\"2011-10-27T19:33:45+00:00\",\"author\":{\"@id\":\"https:\/\/www.visit-ulcinj.com\/blog\/#\/schema\/person\/dcab619c614d3038751c63bc2aadc06d\"},\"description\":\"Mbi 300 veta nga mbar\u00eb Shqip\u00ebria dhe Mali i Zi ajn\u00eb nisur sot p\u00ebr Haxh n\u00eb vendet e shenjta n\u00eb Meke dhe Medine. Komuniteti Mysliman i Shqip\u00ebris\u00eb p\u00ebr her\u00eb\",\"breadcrumb\":{\"@id\":\"https:\/\/www.visit-ulcinj.com\/blog\/2011\/10\/27\/mbi-300-veta-nga-shqiperia-dhe-mali-i-zi-nisen-per-haxh\/#breadcrumb\"},\"inLanguage\":\"en-US\",\"potentialAction\":[{\"@type\":\"ReadAction\",\"target\":[\"https:\/\/www.visit-ulcinj.com\/blog\/2011\/10\/27\/mbi-300-veta-nga-shqiperia-dhe-mali-i-zi-nisen-per-haxh\/\"]}]},{\"@type\":\"BreadcrumbList\",\"@id\":\"https:\/\/www.visit-ulcinj.com\/blog\/2011\/10\/27\/mbi-300-veta-nga-shqiperia-dhe-mali-i-zi-nisen-per-haxh\/#breadcrumb\",\"itemListElement\":[{\"@type\":\"ListItem\",\"position\":1,\"name\":\"Mbi 300 veta nga Shqip\u00ebria dhe Mali i Zi nisen p\u00ebr Haxh\"}]},{\"@type\":\"Person\",\"@id\":\"https:\/\/www.visit-ulcinj.com\/blog\/#\/schema\/person\/dcab619c614d3038751c63bc2aadc06d\",\"name\":\"ulqini\",\"sameAs\":[\"http:\/\/www.visit-ulcinj.com\"],\"url\":\"https:\/\/www.visit-ulcinj.com\/blog\/author\/admin\/\"}]}<\/script>\n<!-- \/ Yoast SEO plugin. -->","yoast_head_json":{"title":"Mbi 300 veta nga Shqip\u00ebria dhe Mali i Zi nisen p\u00ebr Haxh - Lajme nga Ulqini","description":"Mbi 300 veta nga mbar\u00eb Shqip\u00ebria dhe Mali i Zi ajn\u00eb nisur sot p\u00ebr Haxh n\u00eb vendet e shenjta n\u00eb Meke dhe Medine. Komuniteti Mysliman i Shqip\u00ebris\u00eb p\u00ebr her\u00eb","robots":{"index":"index","follow":"follow","max-snippet":"max-snippet:-1","max-image-preview":"max-image-preview:large","max-video-preview":"max-video-preview:-1"},"canonical":"https:\/\/www.visit-ulcinj.com\/blog\/2011\/10\/27\/mbi-300-veta-nga-shqiperia-dhe-mali-i-zi-nisen-per-haxh\/","og_locale":"en_US","og_type":"article","og_title":"Mbi 300 veta nga Shqip\u00ebria dhe Mali i Zi nisen p\u00ebr Haxh - Lajme nga Ulqini","og_description":"Mbi 300 veta nga mbar\u00eb Shqip\u00ebria dhe Mali i Zi ajn\u00eb nisur sot p\u00ebr Haxh n\u00eb vendet e shenjta n\u00eb Meke dhe Medine. Komuniteti Mysliman i Shqip\u00ebris\u00eb p\u00ebr her\u00eb","og_url":"https:\/\/www.visit-ulcinj.com\/blog\/2011\/10\/27\/mbi-300-veta-nga-shqiperia-dhe-mali-i-zi-nisen-per-haxh\/","og_site_name":"Lajme nga Ulqini","article_published_time":"2011-10-27T19:33:03+00:00","article_modified_time":"2011-10-27T19:33:45+00:00","og_image":[{"url":"http:\/\/www.visit-ulcinj.com\/blog\/wp-content\/uploads\/2011\/10\/300-veta-nga-Shqip%C3%ABria-dhe-Mali-i-Zi-nisen-p%C3%ABr-Haxh.jpg"}],"twitter_misc":{"Written by":"ulqini","Est. reading time":"2 minutes"},"schema":{"@context":"https:\/\/schema.org","@graph":[{"@type":"WebSite","@id":"https:\/\/www.visit-ulcinj.com\/blog\/#website","url":"https:\/\/www.visit-ulcinj.com\/blog\/","name":"Lajme nga Ulqini","description":"Lajme,Vijesti,Ulqini,Ulqin,Crna Gora,Mali i Zi","potentialAction":[{"@type":"SearchAction","target":{"@type":"EntryPoint","urlTemplate":"https:\/\/www.visit-ulcinj.com\/blog\/?s={search_term_string}"},"query-input":"required name=search_term_string"}],"inLanguage":"en-US"},{"@type":"ImageObject","inLanguage":"en-US","@id":"https:\/\/www.visit-ulcinj.com\/blog\/2011\/10\/27\/mbi-300-veta-nga-shqiperia-dhe-mali-i-zi-nisen-per-haxh\/#primaryimage","url":"http:\/\/www.visit-ulcinj.com\/blog\/wp-content\/uploads\/2011\/10\/300-veta-nga-Shqip%C3%ABria-dhe-Mali-i-Zi-nisen-p%C3%ABr-Haxh.jpg","contentUrl":"http:\/\/www.visit-ulcinj.com\/blog\/wp-content\/uploads\/2011\/10\/300-veta-nga-Shqip%C3%ABria-dhe-Mali-i-Zi-nisen-p%C3%ABr-Haxh.jpg"},{"@type":"WebPage","@id":"https:\/\/www.visit-ulcinj.com\/blog\/2011\/10\/27\/mbi-300-veta-nga-shqiperia-dhe-mali-i-zi-nisen-per-haxh\/#webpage","url":"https:\/\/www.visit-ulcinj.com\/blog\/2011\/10\/27\/mbi-300-veta-nga-shqiperia-dhe-mali-i-zi-nisen-per-haxh\/","name":"Mbi 300 veta nga Shqip\u00ebria dhe Mali i Zi nisen p\u00ebr Haxh - Lajme nga Ulqini","isPartOf":{"@id":"https:\/\/www.visit-ulcinj.com\/blog\/#website"},"primaryImageOfPage":{"@id":"https:\/\/www.visit-ulcinj.com\/blog\/2011\/10\/27\/mbi-300-veta-nga-shqiperia-dhe-mali-i-zi-nisen-per-haxh\/#primaryimage"},"datePublished":"2011-10-27T19:33:03+00:00","dateModified":"2011-10-27T19:33:45+00:00","author":{"@id":"https:\/\/www.visit-ulcinj.com\/blog\/#\/schema\/person\/dcab619c614d3038751c63bc2aadc06d"},"description":"Mbi 300 veta nga mbar\u00eb Shqip\u00ebria dhe Mali i Zi ajn\u00eb nisur sot p\u00ebr Haxh n\u00eb vendet e shenjta n\u00eb Meke dhe Medine. Komuniteti Mysliman i Shqip\u00ebris\u00eb p\u00ebr her\u00eb","breadcrumb":{"@id":"https:\/\/www.visit-ulcinj.com\/blog\/2011\/10\/27\/mbi-300-veta-nga-shqiperia-dhe-mali-i-zi-nisen-per-haxh\/#breadcrumb"},"inLanguage":"en-US","potentialAction":[{"@type":"ReadAction","target":["https:\/\/www.visit-ulcinj.com\/blog\/2011\/10\/27\/mbi-300-veta-nga-shqiperia-dhe-mali-i-zi-nisen-per-haxh\/"]}]},{"@type":"BreadcrumbList","@id":"https:\/\/www.visit-ulcinj.com\/blog\/2011\/10\/27\/mbi-300-veta-nga-shqiperia-dhe-mali-i-zi-nisen-per-haxh\/#breadcrumb","itemListElement":[{"@type":"ListItem","position":1,"name":"Mbi 300 veta nga Shqip\u00ebria dhe Mali i Zi nisen p\u00ebr Haxh"}]},{"@type":"Person","@id":"https:\/\/www.visit-ulcinj.com\/blog\/#\/schema\/person\/dcab619c614d3038751c63bc2aadc06d","name":"ulqini","sameAs":["http:\/\/www.visit-ulcinj.com"],"url":"https:\/\/www.visit-ulcinj.com\/blog\/author\/admin\/"}]}},"jetpack_featured_media_url":"","jetpack_sharing_enabled":true,"jetpack_shortlink":"https:\/\/wp.me\/pe6lTn-dC9","_links":{"self":[{"href":"https:\/\/www.visit-ulcinj.com\/blog\/wp-json\/wp\/v2\/posts\/52337"}],"collection":[{"href":"https:\/\/www.visit-ulcinj.com\/blog\/wp-json\/wp\/v2\/posts"}],"about":[{"href":"https:\/\/www.visit-ulcinj.com\/blog\/wp-json\/wp\/v2\/types\/post"}],"author":[{"embeddable":true,"href":"https:\/\/www.visit-ulcinj.com\/blog\/wp-json\/wp\/v2\/users\/1"}],"replies":[{"embeddable":true,"href":"https:\/\/www.visit-ulcinj.com\/blog\/wp-json\/wp\/v2\/comments?post=52337"}],"version-history":[{"count":4,"href":"https:\/\/www.visit-ulcinj.com\/blog\/wp-json\/wp\/v2\/posts\/52337\/revisions"}],"predecessor-version":[{"id":52342,"href":"https:\/\/www.visit-ulcinj.com\/blog\/wp-json\/wp\/v2\/posts\/52337\/revisions\/52342"}],"wp:attachment":[{"href":"https:\/\/www.visit-ulcinj.com\/blog\/wp-json\/wp\/v2\/media?parent=52337"}],"wp:term":[{"taxonomy":"category","embeddable":true,"href":"https:\/\/www.visit-ulcinj.com\/blog\/wp-json\/wp\/v2\/categories?post=52337"},{"taxonomy":"post_tag","embeddable":true,"href":"https:\/\/www.visit-ulcinj.com\/blog\/wp-json\/wp\/v2\/tags?post=52337"}],"curies":[{"name":"wp","href":"https:\/\/api.w.org\/{rel}","templated":true}]}}