{"id":52348,"date":"2011-10-27T21:20:13","date_gmt":"2011-10-27T20:20:13","guid":{"rendered":"http:\/\/www.visit-ulcinj.com\/blog\/?p=52348"},"modified":"2011-10-27T21:20:13","modified_gmt":"2011-10-27T20:20:13","slug":"integrimi-i-shqiptareve-ne-mal-te-zi-eshte-asmilim-nga-cafo-boga","status":"publish","type":"post","link":"https:\/\/www.visit-ulcinj.com\/blog\/2011\/10\/27\/integrimi-i-shqiptareve-ne-mal-te-zi-eshte-asmilim-nga-cafo-boga\/","title":{"rendered":"Integrimi i shqiptar\u00ebve n\u00eb Mal t\u00eb Zi \u00ebsht\u00eb asmilim &#8211; Nga Cafo Boga"},"content":{"rendered":"<p><strong><a href=\"http:\/\/www.visit-ulcinj.com\/blog\/2011\/10\/27\/integrimi-i-shqiptareve-ne-mal-te-zi-eshte-asmilim-nga-cafo-boga\/cafo-boga-6\/\" rel=\"attachment wp-att-52349\"><img loading=\"lazy\" class=\"alignleft size-full wp-image-52349\" title=\"Cafo Boga\" src=\"http:\/\/www.visit-ulcinj.com\/blog\/wp-content\/uploads\/2011\/10\/Cafo-Boga.jpg\" alt=\"\" width=\"340\" height=\"370\" \/><\/a>Quo vadis shqiptar\u00ebt e Malit t\u00eb Zi (13)<\/strong><br \/>\nShqiptar\u00ebt n\u00eb Malin e Zi nuk duan t\u00eb integrohen dhe t\u00eb asimilohen n\u00eb kultur\u00ebn e grupit etnik malazez; ata preferojn\u00eb t\u00eb ruajn\u00eb identitetin e tyre komb\u00ebtar shqiptar, kultur\u00ebn shqiptare dhe territorin e tyre n\u00eb kufijt\u00eb e njohur mir\u00eb<br \/>\nKriteri thelb\u00ebsor p\u00ebr zgjidhjet me integrim \u00ebsht\u00eb q\u00eb shumica e gjer\u00eb e t\u00eb dyja grupeve etnike q\u00eb jetojn\u00eb n\u00eb territorin n\u00eb fjal\u00eb t\u00eb jen\u00eb n\u00eb favor t\u00eb integrimit. Duke marr\u00eb rastin e Alsas\u00ebs (nj\u00eb territor me popullsi gjermane n\u00eb Franc\u00eb), pakica e jashtme d\u00ebshironte t\u00eb integrohej n\u00eb shtetin-bujt\u00ebs dhe shteti bujt\u00ebs nuk e kund\u00ebrshtoi iden\u00eb e integrimit me nj\u00eb grup tjet\u00ebr etnik. Kjo do t\u00eb thot\u00eb gjithashtu se segmentimi etnik ishte shum\u00eb i ul\u00ebt dhe politikisht i par\u00ebnd\u00ebsish\u00ebm. Popullata n\u00eb rajonin e Alsas\u00ebs e konsideron veten si franceze dhe \u00ebsht\u00eb pranuar si e till\u00eb me disa ve\u00e7anti rajonale lidhur me dialektin dhe ruajtjen e shkoll\u00ebs s\u00eb saj konfesionale. N\u00eb p\u00ebrgjith\u00ebsi numri i \u00e7\u00ebshtjeve t\u00eb pazgjidhura q\u00eb mund t\u00eb etnicizoheshin ishte relativisht i ul\u00ebt, shkalla e bashk\u00ebpunimit nd\u00ebrmjet elitave rajonale dhe qendrore si dhe nd\u00ebrmjet alsasian\u00ebve dhe francez\u00ebve nga pjes\u00eb t\u00eb tjera t\u00eb vendit ishte shum\u00eb e lart\u00eb.<\/p>\n<p><em><strong>Integrimit q\u00eb \u00e7on n\u00eb asimilim \u00ebsht\u00eb qartazi i pazbatuesh\u00ebm<\/strong><\/em><br \/>\n\u00c7arjet q\u00eb ekzistojn\u00eb jan\u00eb m\u00eb shum\u00eb t\u00eb bazuara n\u00eb ideologjin\u00eb klasore apo fetare dhe nuk shihen si t\u00eb natyr\u00ebs etnike. P\u00ebrsa i p\u00ebrket marr\u00ebdh\u00ebnieve t\u00eb Franc\u00ebs me Gjermanin\u00eb, nuk ka pasur asnj\u00eb p\u00ebrzierje me procesin e integrimit q\u00eb nga viti 1945 dhe nuk ka pasur asnj\u00eb pretendim territori. Ripajtimi franko-gjerman dhe integrimi i Gjermanis\u00eb n\u00eb aleancat europiane dhe transatlantike e kan\u00eb b\u00ebr\u00eb k\u00ebt\u00eb \u00e7\u00ebshtje pothuajse t\u00eb par\u00ebnd\u00ebsishme, duke krijuar k\u00ebshtu p\u00ebrfitimet dhe kuadrin nd\u00ebrkomb\u00ebtar t\u00eb nevojshme p\u00ebr jet\u00ebgjat\u00ebsin\u00eb e zgjidhjes. N\u00eb p\u00ebrgjith\u00ebsi, integrimi si nj\u00eb zgjidhje model p\u00ebr konfliktet etno-territoriale dhe nd\u00ebrkufitare \u00ebsht\u00eb rezultat i nj\u00eb traktati nd\u00ebrmjet dy shteteve t\u00eb p\u00ebrfshira q\u00eb rregullon \u00e7\u00ebshtjen e sovranitetit dhe q\u00eb nuk para bazohet n\u00eb ndonj\u00eb marr\u00ebveshje formale mes pal\u00ebve n\u00eb konflikt. N\u00eb momentin q\u00eb procesi i integrimit \u00ebsht\u00eb p\u00ebrfunduar, normalisht \u00ebsht\u00eb i pakthyesh\u00ebm, p\u00ebrve\u00e7se me an\u00eb t\u00eb ndonj\u00eb politike t\u00eb q\u00ebllimshme \u00e7asimilimi. Vet\u00eb natyra e integrimit b\u00ebn q\u00eb n\u00eb harkun e nj\u00eb apo dy brezave, \u00e7\u00ebshtjet etnike n\u00eb nj\u00eb situat\u00eb ideale nuk do t\u00eb luajn\u00eb m\u00eb rol n\u00eb sfer\u00ebn publike, si\u00e7 \u00ebsht\u00eb e qart\u00eb sot n\u00eb Alsas\u00eb.<br \/>\nN\u00eb rastin e konfliktit etno-territorial nd\u00ebrmjet pakic\u00ebs shqiptare dhe shumic\u00ebs malazeze n\u00eb Malin e Zi, modeli i integrimit q\u00eb \u00e7on n\u00eb asimilim \u00ebsht\u00eb qartazi i pazbatuesh\u00ebm. Shqiptar\u00ebt n\u00eb Malin e Zi nuk duan t\u00eb integrohen dhe t\u00eb asimilohen n\u00eb kultur\u00ebn e grupit etnik malazez; ata preferojn\u00eb t\u00eb ruajn\u00eb identitetin e tyre komb\u00ebtar shqiptar, kultur\u00ebn shqiptare dhe territorin e tyre n\u00eb kufijt\u00eb e njohur mir\u00eb. Q\u00eb nga dita kur k\u00ebto troje shqiptare u b\u00ebn\u00eb pjes\u00eb e Malit t\u00eb Zi sovran n\u00eb vitin 1880, qeveria malazeze ka zbatuar nj\u00eb strategji q\u00eb ka pasur si synim ndryshimin e menj\u00ebhersh\u00ebm demografik duke e populluar rajonin me malazez\u00eb etnik\u00eb. Princi Nikolla (m\u00eb von\u00eb i vetshpallur mbret) deklaroi se \u201cduke sjell\u00eb malazez\u00eb n\u00eb rajon, nga Mali i Mozhurit n\u00eb Lumin Buna, rajoni do t\u00eb b\u00ebhet malazez\u2026 Karakteri i theksuar shqiptar i rajonit do t\u00eb dob\u00ebsohet dhe n\u00eb fund do t\u00eb shuhet p\u00ebrfundimisht\u201d. N\u00eb librin e tij, \u201cUlqini dhe politikat malazeze: 1881-1912\u201d, magjist\u00ebr Riza Rexha v\u00eb n\u00eb pah strategjin\u00eb konkrete t\u00eb qeveris\u00eb malazeze p\u00ebr t\u00eb kolonizuar trojet e pushtuara shqiptare n\u00ebp\u00ebrmjet arsimit dhe popullimit t\u00eb rajonit me malazez\u00eb. Megjithat\u00eb, shqiptar\u00ebt kund\u00ebrshtuan me an\u00eb t\u00eb mjeteve paq\u00ebsore politikat e Mbretit Nikolla dhe regjimeve q\u00eb pasuan, t\u00eb cilat vazhduan p\u00ebrpjekjet p\u00ebr asimilimin e popullsis\u00eb shqiptare, nd\u00ebrsa vazhduan t\u2019i shtynin drejt emigrimit.<\/p>\n<p><em><strong>Konsociasioni<\/strong><\/em><br \/>\nPal\u00ebt n\u00eb konflikt, n\u00eb Tirolin e Jugut, (nj\u00eb territor me popullat\u00eb austriake n\u00eb Itali) pranuan nj\u00eb marr\u00ebveshje me struktur\u00eb konsociasionale n\u00eb vitin 1969 si zgjidhja m\u00eb e mir\u00eb e mundshme. Besnik\u00ebrit\u00eb e tepruara territoriale, nj\u00eb num\u00ebr i vog\u00ebl partish politike mes grupeve etnike gjermane dhe prania e p\u00ebr\u00e7arjeve t\u00eb thella ishin t\u00eb gjitha kushte apo faktor\u00eb thelb\u00ebsore p\u00ebr arritjen e nj\u00eb zgjidhjeje konsociasionale dhe qendrueshm\u00ebrin\u00eb e saj. P\u00ebr m\u00eb tep\u00ebr, fakti q\u00eb sovraniteti italian mbeti jasht\u00eb diskutimit ishte nj\u00eb tjet\u00ebr kriter specifik q\u00eb ndikoi n\u00eb qendrueshm\u00ebrin\u00eb e k\u00ebsaj zgjidhjeje. T\u00eb gjitha \u00e7\u00ebshtjet e tjera t\u00eb konfliktit u zgjidh\u00ebn gradualisht brenda kuadrit institucional p\u00ebr t\u00eb cilin ishte r\u00ebn\u00eb dakord dhe pa p\u00ebrdorur dhun\u00ebn. Mbi t\u00eb gjitha, institucionet e p\u00ebrfshira ishin mjaftuesh\u00ebm tolerante duke rehatuar ndryshime n\u00eb strukturat e interesit t\u00eb t\u00eb dy grupeve etnike. N\u00eb p\u00ebrgjith\u00ebsi, shumica brenda grupeve etnike ishte e k\u00ebnaqur me natyr\u00ebn e zgjidhjes s\u00eb brendshme.<br \/>\nInteresat e p\u00ebrbashk\u00ebta territoriale dhe besnik\u00ebrit\u00eb ekzistuese kundrejt institutioneve t\u00eb krijuara sipas marr\u00ebveshjes ndihmuan n\u00eb rritjen e vazhdueshme t\u00eb bashk\u00ebpunimit nd\u00ebrmjet dy grupeve etnike; si italian\u00ebt n\u00eb provinc\u00eb, ashtu edhe institucionet e shtetit italian pranuan q\u00eb jugtirolez\u00ebt t\u00eb merrnin pushtet. Segmentizimet e pranishme nd\u00ebrmjet grupeve entike n\u00eb fusha t\u00eb p\u00ebrcaktuara qart\u00eb si arsimi, gjuha, feja apo \u00e7\u00ebshtje t\u00eb tjera specifike komunitare (p\u00ebr dallim nga ato nd\u00ebrkomunitare apo shtet\u00ebrore) gjithashtu u pranuan. M\u00eb e r\u00ebnd\u00ebsishmja, marr\u00ebveshja kushtetore n\u00eb Tirolin e Jugut siguroi nj\u00eb shp\u00ebrndarje t\u00eb drejt\u00eb t\u00eb pushtetit politik mes dy grupeve.<br \/>\nN\u00eb trajtimin politik, Italia ka treguar gatishm\u00ebri p\u00ebr t\u00eb njohur dhe respektuar dallimet n\u00eb vend q\u00eb t\u2019i shtyp\u00eb ato. N\u00eb planin e jasht\u00ebm, bashk\u00ebpunimi me Austrin\u00eb ka qen\u00eb ndihm\u00ebs. Austria ka siguruar nj\u00eb konsensus t\u00eb nivelit t\u00eb lart\u00eb mes partive duke e aprovuar zgjidhjen duke qen\u00eb se ajo tashm\u00eb kishte hequr dor\u00eb nga pretendimi i saj territorial kundrejt Italis\u00eb n\u00eb Marr\u00ebveshjen e Paqes t\u00eb vitit 1986. Hyrja e Austris\u00eb n\u00eb Bashkimin Europian n\u00eb 1995 ishte i fundit n\u00eb serin\u00eb e hapave q\u00eb nd\u00ebrmori p\u00ebr t\u2019u integruar me pjes\u00ebn tjet\u00ebr t\u00eb Europ\u00ebs. Kjo krijoi kushte t\u00eb favorshme n\u00eb nj\u00eb kontekst nd\u00ebrkomb\u00ebtar p\u00ebr ruajtjen dhe qendrueshm\u00ebrin\u00eb e zgjidhjes konsociasionale n\u00eb Tirolin e Jugut.<br \/>\nN\u00eb parim, zgjidhjet konsociasionale mund t\u00eb p\u00ebrmbysen dhe prandaj jan\u00eb t\u00eb nj\u00eb natyre m\u00eb pak t\u00eb p\u00ebrhershme, n\u00ebse pal\u00ebt e p\u00ebrfshira nuk arrijn\u00eb ta ruajn\u00eb. Kthimi pas varet edhe nga garancit\u00eb kushtetuese dhe legjislative t\u00eb zgjidhjes konsociasionale. Kjo e b\u00ebn modelin konsociasional nj\u00eb \u201cmodus vivendi\u201d m\u00eb t\u00ebrheq\u00ebs, sepse grupet etnike varen nga nj\u00ebri-tjetri p\u00ebr qendrueshm\u00ebrin\u00eb e zgjidhjes; gjith\u00ebsesi ata ruajn\u00eb nj\u00eb pjes\u00eb t\u00eb pushtetit n\u00eb qeverisjen e pun\u00ebve t\u00eb tyre dhe n\u00eb moslejimin e nj\u00ebr\u00ebs pal\u00eb p\u00ebr t\u2019i imponuar kushte t\u00eb papranueshme jetese pal\u00ebs tjet\u00ebr. Kur pal\u00ebt n\u00eb konflikt e kuptojn\u00eb se konsociasioni \u00ebsht\u00eb nj\u00eb zgjidhje me p\u00ebrfitime t\u00eb dyanshme, krijohet nj\u00eb situat\u00eb gati paradoksale: pik\u00ebrisht mund\u00ebsia p\u00ebr prishjen e zgjidhjes konsociasionale \u00ebsht\u00eb ajo q\u00eb e b\u00ebn m\u00eb t\u00eb qendrueshme, sepse t\u00eb dy pal\u00ebt tashm\u00eb kan\u00eb interes t\u00eb v\u00ebrtet\u00eb n\u00eb ruajtjen e saj dhe si rrjedhim nuk lejojn\u00eb destabilizimin n\u00eb vend dhe n\u00eb rajon.<br \/>\nShqiptar\u00ebt n\u00eb Malin e Zi duhet ta shqyrtojn\u00eb me kujdes modelin konsociasional si nj\u00eb platform\u00eb t\u00eb mundshme p\u00ebr zgjidhjen e \u00e7\u00ebshtjeve t\u00eb tyre etno-territoriale dhe nd\u00ebrkufitare q\u00eb kan\u00eb shkaktuar kaq shum\u00eb trazira n\u00eb mbar\u00eb rajonin p\u00ebr m\u00eb shum\u00eb se nj\u00eb shekull. Seksionet q\u00eb vijojn\u00eb shqyrtojn\u00eb fakte dhe kushte ekzistuese lidhur me pakic\u00ebn shqiptare n\u00eb Malin e Zi dhe si mund t\u00eb krahasohen ato me karakteristikat e p\u00ebrgjithshme t\u00eb nj\u00eb zgjidhjeje etno-territoriale dhe nd\u00ebrkufitare.<br \/>\nKarakteristika e par\u00eb \u00ebsht\u00eb marr\u00ebveshja e sovranitetit. Duke qen\u00eb se konsociasioni \u00ebsht\u00eb marr\u00ebveshje e brendshme, ajo nuk ngre \u00e7\u00ebshtjen e sovranitetit. Vet\u00ebm shtetet e njohura nd\u00ebrkomb\u00ebtarisht (si p\u00ebr shembull Shqip\u00ebria dhe Mali i Zi) mund t\u00eb merren me k\u00ebt\u00eb \u00e7\u00ebshtje. P\u00ebrsa i p\u00ebrket struktur\u00ebs, konsociasioni (si nj\u00eb marr\u00ebveshje e brendshme) nuk imponohet nga fuqi t\u00eb jashtme, ndon\u00ebse mund t\u00eb duhet t\u00eb pranohet dhe aprovohet nga shteti am\u00eb, i cili sh\u00ebrben si roje e t\u00eb drejtave t\u00eb pakic\u00ebs s\u00eb saj n\u00eb shtetin-bujt\u00ebs. P\u00ebr m\u00eb tep\u00ebr, prirja e konsociasionit kundrejt mospajtimeve etnike \u00ebsht\u00eb q\u00eb t\u2019i respektoj\u00eb dhe jo t\u2019i eleminoj\u00eb ato. Ky \u00ebsht\u00eb nj\u00eb proces i kthyesh\u00ebm, n\u00ebse \u00ebsht\u00eb e nevojshme.<\/p>\n","protected":false},"excerpt":{"rendered":"<p>Quo vadis shqiptar\u00ebt e Malit t\u00eb Zi (13) Shqiptar\u00ebt n\u00eb Malin e Zi nuk duan t\u00eb integrohen dhe t\u00eb asimilohen n\u00eb kultur\u00ebn e grupit etnik malazez; ata preferojn\u00eb t\u00eb ruajn\u00eb identitetin e tyre komb\u00ebtar shqiptar, kultur\u00ebn shqiptare dhe territorin e tyre n\u00eb kufijt\u00eb e njohur mir\u00eb Kriteri thelb\u00ebsor p\u00ebr zgjidhjet me integrim \u00ebsht\u00eb q\u00eb shumica [&hellip;]<\/p>\n","protected":false},"author":1,"featured_media":0,"comment_status":"open","ping_status":"closed","sticky":false,"template":"","format":"standard","meta":{"spay_email":"","jetpack_publicize_message":"","jetpack_is_tweetstorm":false,"jetpack_publicize_feature_enabled":true},"categories":[14249],"tags":[19249,17149],"jetpack_publicize_connections":[],"yoast_head":"<!-- This site is optimized with the Yoast SEO plugin v19.1 - https:\/\/yoast.com\/wordpress\/plugins\/seo\/ -->\n<title>Integrimi i shqiptar\u00ebve n\u00eb Mal t\u00eb Zi \u00ebsht\u00eb asmilim - Nga Cafo Boga - Lajme nga Ulqini<\/title>\n<meta name=\"description\" content=\"Quo vadis shqiptar\u00ebt e Malit t\u00eb Zi (13) Shqiptar\u00ebt n\u00eb Malin e Zi nuk duan t\u00eb integrohen dhe t\u00eb asimilohen n\u00eb kultur\u00ebn e grupit etnik malazez; ata\" \/>\n<meta name=\"robots\" content=\"index, follow, max-snippet:-1, max-image-preview:large, max-video-preview:-1\" \/>\n<link rel=\"canonical\" href=\"https:\/\/www.visit-ulcinj.com\/blog\/2011\/10\/27\/integrimi-i-shqiptareve-ne-mal-te-zi-eshte-asmilim-nga-cafo-boga\/\" \/>\n<meta property=\"og:locale\" content=\"en_US\" \/>\n<meta property=\"og:type\" content=\"article\" \/>\n<meta property=\"og:title\" content=\"Integrimi i shqiptar\u00ebve n\u00eb Mal t\u00eb Zi \u00ebsht\u00eb asmilim - Nga Cafo Boga - Lajme nga Ulqini\" \/>\n<meta property=\"og:description\" content=\"Quo vadis shqiptar\u00ebt e Malit t\u00eb Zi (13) Shqiptar\u00ebt n\u00eb Malin e Zi nuk duan t\u00eb integrohen dhe t\u00eb asimilohen n\u00eb kultur\u00ebn e grupit etnik malazez; ata\" \/>\n<meta property=\"og:url\" content=\"https:\/\/www.visit-ulcinj.com\/blog\/2011\/10\/27\/integrimi-i-shqiptareve-ne-mal-te-zi-eshte-asmilim-nga-cafo-boga\/\" \/>\n<meta property=\"og:site_name\" content=\"Lajme nga Ulqini\" \/>\n<meta property=\"article:published_time\" content=\"2011-10-27T20:20:13+00:00\" \/>\n<meta property=\"og:image\" content=\"http:\/\/www.visit-ulcinj.com\/blog\/wp-content\/uploads\/2011\/10\/Cafo-Boga.jpg\" \/>\n<meta name=\"twitter:label1\" content=\"Written by\" \/>\n\t<meta name=\"twitter:data1\" content=\"ulqini\" \/>\n\t<meta name=\"twitter:label2\" content=\"Est. reading time\" \/>\n\t<meta name=\"twitter:data2\" content=\"7 minutes\" \/>\n<script type=\"application\/ld+json\" class=\"yoast-schema-graph\">{\"@context\":\"https:\/\/schema.org\",\"@graph\":[{\"@type\":\"WebSite\",\"@id\":\"https:\/\/www.visit-ulcinj.com\/blog\/#website\",\"url\":\"https:\/\/www.visit-ulcinj.com\/blog\/\",\"name\":\"Lajme nga Ulqini\",\"description\":\"Lajme,Vijesti,Ulqini,Ulqin,Crna Gora,Mali i Zi\",\"potentialAction\":[{\"@type\":\"SearchAction\",\"target\":{\"@type\":\"EntryPoint\",\"urlTemplate\":\"https:\/\/www.visit-ulcinj.com\/blog\/?s={search_term_string}\"},\"query-input\":\"required name=search_term_string\"}],\"inLanguage\":\"en-US\"},{\"@type\":\"ImageObject\",\"inLanguage\":\"en-US\",\"@id\":\"https:\/\/www.visit-ulcinj.com\/blog\/2011\/10\/27\/integrimi-i-shqiptareve-ne-mal-te-zi-eshte-asmilim-nga-cafo-boga\/#primaryimage\",\"url\":\"https:\/\/www.visit-ulcinj.com\/blog\/wp-content\/uploads\/2011\/10\/Cafo-Boga.jpg\",\"contentUrl\":\"https:\/\/www.visit-ulcinj.com\/blog\/wp-content\/uploads\/2011\/10\/Cafo-Boga.jpg\",\"width\":\"440\",\"height\":\"406\"},{\"@type\":\"WebPage\",\"@id\":\"https:\/\/www.visit-ulcinj.com\/blog\/2011\/10\/27\/integrimi-i-shqiptareve-ne-mal-te-zi-eshte-asmilim-nga-cafo-boga\/#webpage\",\"url\":\"https:\/\/www.visit-ulcinj.com\/blog\/2011\/10\/27\/integrimi-i-shqiptareve-ne-mal-te-zi-eshte-asmilim-nga-cafo-boga\/\",\"name\":\"Integrimi i shqiptar\u00ebve n\u00eb Mal t\u00eb Zi \u00ebsht\u00eb asmilim - Nga Cafo Boga - Lajme nga Ulqini\",\"isPartOf\":{\"@id\":\"https:\/\/www.visit-ulcinj.com\/blog\/#website\"},\"primaryImageOfPage\":{\"@id\":\"https:\/\/www.visit-ulcinj.com\/blog\/2011\/10\/27\/integrimi-i-shqiptareve-ne-mal-te-zi-eshte-asmilim-nga-cafo-boga\/#primaryimage\"},\"datePublished\":\"2011-10-27T20:20:13+00:00\",\"dateModified\":\"2011-10-27T20:20:13+00:00\",\"author\":{\"@id\":\"https:\/\/www.visit-ulcinj.com\/blog\/#\/schema\/person\/dcab619c614d3038751c63bc2aadc06d\"},\"description\":\"Quo vadis shqiptar\u00ebt e Malit t\u00eb Zi (13) Shqiptar\u00ebt n\u00eb Malin e Zi nuk duan t\u00eb integrohen dhe t\u00eb asimilohen n\u00eb kultur\u00ebn e grupit etnik malazez; ata\",\"breadcrumb\":{\"@id\":\"https:\/\/www.visit-ulcinj.com\/blog\/2011\/10\/27\/integrimi-i-shqiptareve-ne-mal-te-zi-eshte-asmilim-nga-cafo-boga\/#breadcrumb\"},\"inLanguage\":\"en-US\",\"potentialAction\":[{\"@type\":\"ReadAction\",\"target\":[\"https:\/\/www.visit-ulcinj.com\/blog\/2011\/10\/27\/integrimi-i-shqiptareve-ne-mal-te-zi-eshte-asmilim-nga-cafo-boga\/\"]}]},{\"@type\":\"BreadcrumbList\",\"@id\":\"https:\/\/www.visit-ulcinj.com\/blog\/2011\/10\/27\/integrimi-i-shqiptareve-ne-mal-te-zi-eshte-asmilim-nga-cafo-boga\/#breadcrumb\",\"itemListElement\":[{\"@type\":\"ListItem\",\"position\":1,\"name\":\"Integrimi i shqiptar\u00ebve n\u00eb Mal t\u00eb Zi \u00ebsht\u00eb asmilim &#8211; Nga Cafo Boga\"}]},{\"@type\":\"Person\",\"@id\":\"https:\/\/www.visit-ulcinj.com\/blog\/#\/schema\/person\/dcab619c614d3038751c63bc2aadc06d\",\"name\":\"ulqini\",\"sameAs\":[\"http:\/\/www.visit-ulcinj.com\"],\"url\":\"https:\/\/www.visit-ulcinj.com\/blog\/author\/admin\/\"}]}<\/script>\n<!-- \/ Yoast SEO plugin. -->","yoast_head_json":{"title":"Integrimi i shqiptar\u00ebve n\u00eb Mal t\u00eb Zi \u00ebsht\u00eb asmilim - Nga Cafo Boga - Lajme nga Ulqini","description":"Quo vadis shqiptar\u00ebt e Malit t\u00eb Zi (13) Shqiptar\u00ebt n\u00eb Malin e Zi nuk duan t\u00eb integrohen dhe t\u00eb asimilohen n\u00eb kultur\u00ebn e grupit etnik malazez; ata","robots":{"index":"index","follow":"follow","max-snippet":"max-snippet:-1","max-image-preview":"max-image-preview:large","max-video-preview":"max-video-preview:-1"},"canonical":"https:\/\/www.visit-ulcinj.com\/blog\/2011\/10\/27\/integrimi-i-shqiptareve-ne-mal-te-zi-eshte-asmilim-nga-cafo-boga\/","og_locale":"en_US","og_type":"article","og_title":"Integrimi i shqiptar\u00ebve n\u00eb Mal t\u00eb Zi \u00ebsht\u00eb asmilim - Nga Cafo Boga - Lajme nga Ulqini","og_description":"Quo vadis shqiptar\u00ebt e Malit t\u00eb Zi (13) Shqiptar\u00ebt n\u00eb Malin e Zi nuk duan t\u00eb integrohen dhe t\u00eb asimilohen n\u00eb kultur\u00ebn e grupit etnik malazez; ata","og_url":"https:\/\/www.visit-ulcinj.com\/blog\/2011\/10\/27\/integrimi-i-shqiptareve-ne-mal-te-zi-eshte-asmilim-nga-cafo-boga\/","og_site_name":"Lajme nga Ulqini","article_published_time":"2011-10-27T20:20:13+00:00","og_image":[{"url":"http:\/\/www.visit-ulcinj.com\/blog\/wp-content\/uploads\/2011\/10\/Cafo-Boga.jpg"}],"twitter_misc":{"Written by":"ulqini","Est. reading time":"7 minutes"},"schema":{"@context":"https:\/\/schema.org","@graph":[{"@type":"WebSite","@id":"https:\/\/www.visit-ulcinj.com\/blog\/#website","url":"https:\/\/www.visit-ulcinj.com\/blog\/","name":"Lajme nga Ulqini","description":"Lajme,Vijesti,Ulqini,Ulqin,Crna Gora,Mali i Zi","potentialAction":[{"@type":"SearchAction","target":{"@type":"EntryPoint","urlTemplate":"https:\/\/www.visit-ulcinj.com\/blog\/?s={search_term_string}"},"query-input":"required name=search_term_string"}],"inLanguage":"en-US"},{"@type":"ImageObject","inLanguage":"en-US","@id":"https:\/\/www.visit-ulcinj.com\/blog\/2011\/10\/27\/integrimi-i-shqiptareve-ne-mal-te-zi-eshte-asmilim-nga-cafo-boga\/#primaryimage","url":"https:\/\/www.visit-ulcinj.com\/blog\/wp-content\/uploads\/2011\/10\/Cafo-Boga.jpg","contentUrl":"https:\/\/www.visit-ulcinj.com\/blog\/wp-content\/uploads\/2011\/10\/Cafo-Boga.jpg","width":"440","height":"406"},{"@type":"WebPage","@id":"https:\/\/www.visit-ulcinj.com\/blog\/2011\/10\/27\/integrimi-i-shqiptareve-ne-mal-te-zi-eshte-asmilim-nga-cafo-boga\/#webpage","url":"https:\/\/www.visit-ulcinj.com\/blog\/2011\/10\/27\/integrimi-i-shqiptareve-ne-mal-te-zi-eshte-asmilim-nga-cafo-boga\/","name":"Integrimi i shqiptar\u00ebve n\u00eb Mal t\u00eb Zi \u00ebsht\u00eb asmilim - Nga Cafo Boga - Lajme nga Ulqini","isPartOf":{"@id":"https:\/\/www.visit-ulcinj.com\/blog\/#website"},"primaryImageOfPage":{"@id":"https:\/\/www.visit-ulcinj.com\/blog\/2011\/10\/27\/integrimi-i-shqiptareve-ne-mal-te-zi-eshte-asmilim-nga-cafo-boga\/#primaryimage"},"datePublished":"2011-10-27T20:20:13+00:00","dateModified":"2011-10-27T20:20:13+00:00","author":{"@id":"https:\/\/www.visit-ulcinj.com\/blog\/#\/schema\/person\/dcab619c614d3038751c63bc2aadc06d"},"description":"Quo vadis shqiptar\u00ebt e Malit t\u00eb Zi (13) Shqiptar\u00ebt n\u00eb Malin e Zi nuk duan t\u00eb integrohen dhe t\u00eb asimilohen n\u00eb kultur\u00ebn e grupit etnik malazez; ata","breadcrumb":{"@id":"https:\/\/www.visit-ulcinj.com\/blog\/2011\/10\/27\/integrimi-i-shqiptareve-ne-mal-te-zi-eshte-asmilim-nga-cafo-boga\/#breadcrumb"},"inLanguage":"en-US","potentialAction":[{"@type":"ReadAction","target":["https:\/\/www.visit-ulcinj.com\/blog\/2011\/10\/27\/integrimi-i-shqiptareve-ne-mal-te-zi-eshte-asmilim-nga-cafo-boga\/"]}]},{"@type":"BreadcrumbList","@id":"https:\/\/www.visit-ulcinj.com\/blog\/2011\/10\/27\/integrimi-i-shqiptareve-ne-mal-te-zi-eshte-asmilim-nga-cafo-boga\/#breadcrumb","itemListElement":[{"@type":"ListItem","position":1,"name":"Integrimi i shqiptar\u00ebve n\u00eb Mal t\u00eb Zi \u00ebsht\u00eb asmilim &#8211; Nga Cafo Boga"}]},{"@type":"Person","@id":"https:\/\/www.visit-ulcinj.com\/blog\/#\/schema\/person\/dcab619c614d3038751c63bc2aadc06d","name":"ulqini","sameAs":["http:\/\/www.visit-ulcinj.com"],"url":"https:\/\/www.visit-ulcinj.com\/blog\/author\/admin\/"}]}},"jetpack_featured_media_url":"","jetpack_sharing_enabled":true,"jetpack_shortlink":"https:\/\/wp.me\/pe6lTn-dCk","_links":{"self":[{"href":"https:\/\/www.visit-ulcinj.com\/blog\/wp-json\/wp\/v2\/posts\/52348"}],"collection":[{"href":"https:\/\/www.visit-ulcinj.com\/blog\/wp-json\/wp\/v2\/posts"}],"about":[{"href":"https:\/\/www.visit-ulcinj.com\/blog\/wp-json\/wp\/v2\/types\/post"}],"author":[{"embeddable":true,"href":"https:\/\/www.visit-ulcinj.com\/blog\/wp-json\/wp\/v2\/users\/1"}],"replies":[{"embeddable":true,"href":"https:\/\/www.visit-ulcinj.com\/blog\/wp-json\/wp\/v2\/comments?post=52348"}],"version-history":[{"count":2,"href":"https:\/\/www.visit-ulcinj.com\/blog\/wp-json\/wp\/v2\/posts\/52348\/revisions"}],"predecessor-version":[{"id":52351,"href":"https:\/\/www.visit-ulcinj.com\/blog\/wp-json\/wp\/v2\/posts\/52348\/revisions\/52351"}],"wp:attachment":[{"href":"https:\/\/www.visit-ulcinj.com\/blog\/wp-json\/wp\/v2\/media?parent=52348"}],"wp:term":[{"taxonomy":"category","embeddable":true,"href":"https:\/\/www.visit-ulcinj.com\/blog\/wp-json\/wp\/v2\/categories?post=52348"},{"taxonomy":"post_tag","embeddable":true,"href":"https:\/\/www.visit-ulcinj.com\/blog\/wp-json\/wp\/v2\/tags?post=52348"}],"curies":[{"name":"wp","href":"https:\/\/api.w.org\/{rel}","templated":true}]}}