{"id":52352,"date":"2011-10-27T21:30:41","date_gmt":"2011-10-27T20:30:41","guid":{"rendered":"http:\/\/www.visit-ulcinj.com\/blog\/?p=52352"},"modified":"2011-10-27T21:30:42","modified_gmt":"2011-10-27T20:30:42","slug":"dinosha-largohem-nga-funksioni-me-ndergjgje-te-paster-video","status":"publish","type":"post","link":"https:\/\/www.visit-ulcinj.com\/blog\/2011\/10\/27\/dinosha-largohem-nga-funksioni-me-ndergjgje-te-paster-video\/","title":{"rendered":"Dinosha: Largohem nga funksioni me nd\u00ebrgjgje t\u00eb past\u00ebr &#8211; Video"},"content":{"rendered":"<p><a href=\"http:\/\/www.visit-ulcinj.com\/blog\/2011\/10\/27\/dinosha-largohem-nga-funksioni-me-ndergjgje-te-paster-video\/ferhat-dinosha-21\/\" rel=\"attachment wp-att-52353\"><img loading=\"lazy\" class=\"alignleft size-full wp-image-52353\" title=\"Ferhat Dinosha\" src=\"http:\/\/www.visit-ulcinj.com\/blog\/wp-content\/uploads\/2011\/10\/Ferhat-Dinosha.jpg\" alt=\"\" width=\"508\" height=\"380\" \/><\/a>Ministri p\u00ebr t\u00eb drejtat e njeriut dhe pakicave nacionale ka theksuar se do ta l\u00ebshoj funsionin me nd\u00ebrgjgje t\u00eb paster, me bindjen se ka dh\u00ebn\u00eb nj\u00eb kontribut n\u00eb procesin demokratik.<\/p>\n<p>Komiteti p\u00ebr t\u00eb drejtat dhe lirit e njeriut ka kryer sot nj\u00eb seanc kontrolli p\u00ebr Dinosh\u00ebn n\u00eb tem\u00ebn Implementimi i ligjit n\u00eb ndalimin e diskriminimit dhe aktivitete n\u00eb rritj\u00ebn e nd\u00ebrgjegj\u00ebs p\u00ebr r\u00ebnd\u00ebsin e parandalimit, raportimit dhe sanksionimit e t\u00eb gjitha formave t\u00eb diskriminimit. An\u00ebtar\u00ebve t\u00eb komitetit i\u2019u ka interesuar q\u00ebndrimi i Dinosh\u00ebs n\u00eb lidhje me deklaratat e tija t\u00eb m\u00ebparshme mbi komunitetin LGTB, p\u00ebr shkak t\u00eb faktit se, sipas m\u00ebndimit t\u00eb tyre, ai do t\u00eb le funkcionin para p\u00ebrfunimit t\u00eb mandatit dhe t\u00eb vazhdoj karrier\u00ebn e ti n\u00eb diplomaci.<\/p>\n<p>Dinosha nuk konfirmoj, por as nuk mohoj pret\u00ebndimet se ai do t\u00eb vazhdoj karrier\u00ebn n\u00eb diplomaci, por tha n\u00eb qoft\u00eb se kjo ndodh, shkoj me bindjen personale se kam kontribuar n\u00eb proceset demokratike n\u00eb Malin e Zi, t\u00eb cilat p\u00ebrfshijn\u00eb \u00e7\u00ebshtjet \u00eb t\u00eb drejtave t\u00eb njeriut dhe pakicave.<\/p>\n<p>Dinosha tha se n\u00eb t\u00eb gjitha fushat duhet ndjekur standartet europiane dhe nd\u00ebrkomb\u00ebtare, por edhe ato q\u00eb jan\u00eb specifika t\u00eb shoq\u00ebris\u00eb malazeze.<\/p>\n<p>N\u00eb pyetj\u00ebn e deputetit t\u00eb Partis\u00eb Social Demokrate (DPS) Hysni Shaboviq, se \u201cA do ta l\u00ebni postin e ministrit me t\u00eb nj\u00ebjt\u00ebn ndjenj\u00eb n\u00eb lidhje me k\u00ebt\u00eb \u00e7\u00ebshtje kaq specifike, apo do ta ndjeni nevoj\u00ebn q\u00eb asaj pjese t\u00eb Malit t\u00eb Zi- mbeshtet\u00ebsve t\u00eb k\u00ebti komuniteti, ndoshta edhe ti kerkoni falje\u201d.<\/p>\n<p>Dinosha ka th\u00ebn\u00eb se nuk kishte qellim q\u00eb n\u00eb m\u00ebnyr\u00eb propaganduese t\u00eb gj\u00ebndet n\u00eb an\u00ebn e shumic\u00ebs, kur \u00ebsht\u00eb n\u00eb pyetje q\u00ebndrimi i shoq\u00ebris\u00eb malazeze n\u00eb lidhje me komunitetin LGTB, por t\u00eb jem nj\u00eb nd\u00ebrmjet\u00ebs i cili k\u00ebrkon t\u00eb kuptoj te dy grupet, dhe t\u00eb punoj n\u00eb drejtim q\u00eb secili t\u00eb vij deri n\u00eb pjes\u00ebn e tij, pa at\u00eb q\u00eb mund t\u00eb ishte siklet, apo mos t\u00eb them konflikt.<\/p>\n<p>P\u00ebrkthyer nga e p\u00ebrditshmja \u201cVijesti\u201d<\/p>\n<p><strong>D.S<\/strong><br \/>\n<strong> MALESIA.ORG<br \/>\n<!--YouTube Error: bad URL entered--><br \/>\n<\/strong><\/p>\n","protected":false},"excerpt":{"rendered":"<p>Ministri p\u00ebr t\u00eb drejtat e njeriut dhe pakicave nacionale ka theksuar se do ta l\u00ebshoj funsionin me nd\u00ebrgjgje t\u00eb paster, me bindjen se ka dh\u00ebn\u00eb nj\u00eb kontribut n\u00eb procesin demokratik. Komiteti p\u00ebr t\u00eb drejtat dhe lirit e njeriut ka kryer sot nj\u00eb seanc kontrolli p\u00ebr Dinosh\u00ebn n\u00eb tem\u00ebn Implementimi i ligjit n\u00eb ndalimin e diskriminimit [&hellip;]<\/p>\n","protected":false},"author":1,"featured_media":0,"comment_status":"open","ping_status":"closed","sticky":false,"template":"","format":"standard","meta":{"spay_email":"","jetpack_publicize_message":"","jetpack_is_tweetstorm":false,"jetpack_publicize_feature_enabled":true},"categories":[13],"tags":[97],"jetpack_publicize_connections":[],"yoast_head":"<!-- This site is optimized with the Yoast SEO plugin v19.1 - https:\/\/yoast.com\/wordpress\/plugins\/seo\/ -->\n<title>Dinosha: Largohem nga funksioni me nd\u00ebrgjgje t\u00eb past\u00ebr - Video - Lajme nga Ulqini<\/title>\n<meta name=\"description\" content=\"Ministri p\u00ebr t\u00eb drejtat e njeriut dhe pakicave nacionale ka theksuar se do ta l\u00ebshoj funsionin me nd\u00ebrgjgje t\u00eb paster, me bindjen se ka dh\u00ebn\u00eb nj\u00eb\" \/>\n<meta name=\"robots\" content=\"index, follow, max-snippet:-1, max-image-preview:large, max-video-preview:-1\" \/>\n<link rel=\"canonical\" href=\"https:\/\/www.visit-ulcinj.com\/blog\/2011\/10\/27\/dinosha-largohem-nga-funksioni-me-ndergjgje-te-paster-video\/\" \/>\n<meta property=\"og:locale\" content=\"en_US\" \/>\n<meta property=\"og:type\" content=\"article\" \/>\n<meta property=\"og:title\" content=\"Dinosha: Largohem nga funksioni me nd\u00ebrgjgje t\u00eb past\u00ebr - Video - Lajme nga Ulqini\" \/>\n<meta property=\"og:description\" content=\"Ministri p\u00ebr t\u00eb drejtat e njeriut dhe pakicave nacionale ka theksuar se do ta l\u00ebshoj funsionin me nd\u00ebrgjgje t\u00eb paster, me bindjen se ka dh\u00ebn\u00eb nj\u00eb\" \/>\n<meta property=\"og:url\" content=\"https:\/\/www.visit-ulcinj.com\/blog\/2011\/10\/27\/dinosha-largohem-nga-funksioni-me-ndergjgje-te-paster-video\/\" \/>\n<meta property=\"og:site_name\" content=\"Lajme nga Ulqini\" \/>\n<meta property=\"article:published_time\" content=\"2011-10-27T20:30:41+00:00\" \/>\n<meta property=\"article:modified_time\" content=\"2011-10-27T20:30:42+00:00\" \/>\n<meta property=\"og:image\" content=\"http:\/\/www.visit-ulcinj.com\/blog\/wp-content\/uploads\/2011\/10\/Ferhat-Dinosha.jpg\" \/>\n<meta name=\"twitter:label1\" content=\"Written by\" \/>\n\t<meta name=\"twitter:data1\" content=\"ulqini\" \/>\n\t<meta name=\"twitter:label2\" content=\"Est. reading time\" \/>\n\t<meta name=\"twitter:data2\" content=\"2 minutes\" \/>\n<script type=\"application\/ld+json\" class=\"yoast-schema-graph\">{\"@context\":\"https:\/\/schema.org\",\"@graph\":[{\"@type\":\"WebSite\",\"@id\":\"https:\/\/www.visit-ulcinj.com\/blog\/#website\",\"url\":\"https:\/\/www.visit-ulcinj.com\/blog\/\",\"name\":\"Lajme nga Ulqini\",\"description\":\"Lajme,Vijesti,Ulqini,Ulqin,Crna Gora,Mali i Zi\",\"potentialAction\":[{\"@type\":\"SearchAction\",\"target\":{\"@type\":\"EntryPoint\",\"urlTemplate\":\"https:\/\/www.visit-ulcinj.com\/blog\/?s={search_term_string}\"},\"query-input\":\"required name=search_term_string\"}],\"inLanguage\":\"en-US\"},{\"@type\":\"ImageObject\",\"inLanguage\":\"en-US\",\"@id\":\"https:\/\/www.visit-ulcinj.com\/blog\/2011\/10\/27\/dinosha-largohem-nga-funksioni-me-ndergjgje-te-paster-video\/#primaryimage\",\"url\":\"https:\/\/www.visit-ulcinj.com\/blog\/wp-content\/uploads\/2011\/10\/Ferhat-Dinosha.jpg\",\"contentUrl\":\"https:\/\/www.visit-ulcinj.com\/blog\/wp-content\/uploads\/2011\/10\/Ferhat-Dinosha.jpg\",\"width\":\"998\",\"height\":\"750\"},{\"@type\":\"WebPage\",\"@id\":\"https:\/\/www.visit-ulcinj.com\/blog\/2011\/10\/27\/dinosha-largohem-nga-funksioni-me-ndergjgje-te-paster-video\/#webpage\",\"url\":\"https:\/\/www.visit-ulcinj.com\/blog\/2011\/10\/27\/dinosha-largohem-nga-funksioni-me-ndergjgje-te-paster-video\/\",\"name\":\"Dinosha: Largohem nga funksioni me nd\u00ebrgjgje t\u00eb past\u00ebr - Video - Lajme nga Ulqini\",\"isPartOf\":{\"@id\":\"https:\/\/www.visit-ulcinj.com\/blog\/#website\"},\"primaryImageOfPage\":{\"@id\":\"https:\/\/www.visit-ulcinj.com\/blog\/2011\/10\/27\/dinosha-largohem-nga-funksioni-me-ndergjgje-te-paster-video\/#primaryimage\"},\"datePublished\":\"2011-10-27T20:30:41+00:00\",\"dateModified\":\"2011-10-27T20:30:42+00:00\",\"author\":{\"@id\":\"https:\/\/www.visit-ulcinj.com\/blog\/#\/schema\/person\/dcab619c614d3038751c63bc2aadc06d\"},\"description\":\"Ministri p\u00ebr t\u00eb drejtat e njeriut dhe pakicave nacionale ka theksuar se do ta l\u00ebshoj funsionin me nd\u00ebrgjgje t\u00eb paster, me bindjen se ka dh\u00ebn\u00eb nj\u00eb\",\"breadcrumb\":{\"@id\":\"https:\/\/www.visit-ulcinj.com\/blog\/2011\/10\/27\/dinosha-largohem-nga-funksioni-me-ndergjgje-te-paster-video\/#breadcrumb\"},\"inLanguage\":\"en-US\",\"potentialAction\":[{\"@type\":\"ReadAction\",\"target\":[\"https:\/\/www.visit-ulcinj.com\/blog\/2011\/10\/27\/dinosha-largohem-nga-funksioni-me-ndergjgje-te-paster-video\/\"]}]},{\"@type\":\"BreadcrumbList\",\"@id\":\"https:\/\/www.visit-ulcinj.com\/blog\/2011\/10\/27\/dinosha-largohem-nga-funksioni-me-ndergjgje-te-paster-video\/#breadcrumb\",\"itemListElement\":[{\"@type\":\"ListItem\",\"position\":1,\"name\":\"Dinosha: Largohem nga funksioni me nd\u00ebrgjgje t\u00eb past\u00ebr &#8211; Video\"}]},{\"@type\":\"Person\",\"@id\":\"https:\/\/www.visit-ulcinj.com\/blog\/#\/schema\/person\/dcab619c614d3038751c63bc2aadc06d\",\"name\":\"ulqini\",\"sameAs\":[\"http:\/\/www.visit-ulcinj.com\"],\"url\":\"https:\/\/www.visit-ulcinj.com\/blog\/author\/admin\/\"}]}<\/script>\n<!-- \/ Yoast SEO plugin. -->","yoast_head_json":{"title":"Dinosha: Largohem nga funksioni me nd\u00ebrgjgje t\u00eb past\u00ebr - Video - Lajme nga Ulqini","description":"Ministri p\u00ebr t\u00eb drejtat e njeriut dhe pakicave nacionale ka theksuar se do ta l\u00ebshoj funsionin me nd\u00ebrgjgje t\u00eb paster, me bindjen se ka dh\u00ebn\u00eb nj\u00eb","robots":{"index":"index","follow":"follow","max-snippet":"max-snippet:-1","max-image-preview":"max-image-preview:large","max-video-preview":"max-video-preview:-1"},"canonical":"https:\/\/www.visit-ulcinj.com\/blog\/2011\/10\/27\/dinosha-largohem-nga-funksioni-me-ndergjgje-te-paster-video\/","og_locale":"en_US","og_type":"article","og_title":"Dinosha: Largohem nga funksioni me nd\u00ebrgjgje t\u00eb past\u00ebr - Video - Lajme nga Ulqini","og_description":"Ministri p\u00ebr t\u00eb drejtat e njeriut dhe pakicave nacionale ka theksuar se do ta l\u00ebshoj funsionin me nd\u00ebrgjgje t\u00eb paster, me bindjen se ka dh\u00ebn\u00eb nj\u00eb","og_url":"https:\/\/www.visit-ulcinj.com\/blog\/2011\/10\/27\/dinosha-largohem-nga-funksioni-me-ndergjgje-te-paster-video\/","og_site_name":"Lajme nga Ulqini","article_published_time":"2011-10-27T20:30:41+00:00","article_modified_time":"2011-10-27T20:30:42+00:00","og_image":[{"url":"http:\/\/www.visit-ulcinj.com\/blog\/wp-content\/uploads\/2011\/10\/Ferhat-Dinosha.jpg"}],"twitter_misc":{"Written by":"ulqini","Est. reading time":"2 minutes"},"schema":{"@context":"https:\/\/schema.org","@graph":[{"@type":"WebSite","@id":"https:\/\/www.visit-ulcinj.com\/blog\/#website","url":"https:\/\/www.visit-ulcinj.com\/blog\/","name":"Lajme nga Ulqini","description":"Lajme,Vijesti,Ulqini,Ulqin,Crna Gora,Mali i Zi","potentialAction":[{"@type":"SearchAction","target":{"@type":"EntryPoint","urlTemplate":"https:\/\/www.visit-ulcinj.com\/blog\/?s={search_term_string}"},"query-input":"required name=search_term_string"}],"inLanguage":"en-US"},{"@type":"ImageObject","inLanguage":"en-US","@id":"https:\/\/www.visit-ulcinj.com\/blog\/2011\/10\/27\/dinosha-largohem-nga-funksioni-me-ndergjgje-te-paster-video\/#primaryimage","url":"https:\/\/www.visit-ulcinj.com\/blog\/wp-content\/uploads\/2011\/10\/Ferhat-Dinosha.jpg","contentUrl":"https:\/\/www.visit-ulcinj.com\/blog\/wp-content\/uploads\/2011\/10\/Ferhat-Dinosha.jpg","width":"998","height":"750"},{"@type":"WebPage","@id":"https:\/\/www.visit-ulcinj.com\/blog\/2011\/10\/27\/dinosha-largohem-nga-funksioni-me-ndergjgje-te-paster-video\/#webpage","url":"https:\/\/www.visit-ulcinj.com\/blog\/2011\/10\/27\/dinosha-largohem-nga-funksioni-me-ndergjgje-te-paster-video\/","name":"Dinosha: Largohem nga funksioni me nd\u00ebrgjgje t\u00eb past\u00ebr - Video - Lajme nga Ulqini","isPartOf":{"@id":"https:\/\/www.visit-ulcinj.com\/blog\/#website"},"primaryImageOfPage":{"@id":"https:\/\/www.visit-ulcinj.com\/blog\/2011\/10\/27\/dinosha-largohem-nga-funksioni-me-ndergjgje-te-paster-video\/#primaryimage"},"datePublished":"2011-10-27T20:30:41+00:00","dateModified":"2011-10-27T20:30:42+00:00","author":{"@id":"https:\/\/www.visit-ulcinj.com\/blog\/#\/schema\/person\/dcab619c614d3038751c63bc2aadc06d"},"description":"Ministri p\u00ebr t\u00eb drejtat e njeriut dhe pakicave nacionale ka theksuar se do ta l\u00ebshoj funsionin me nd\u00ebrgjgje t\u00eb paster, me bindjen se ka dh\u00ebn\u00eb nj\u00eb","breadcrumb":{"@id":"https:\/\/www.visit-ulcinj.com\/blog\/2011\/10\/27\/dinosha-largohem-nga-funksioni-me-ndergjgje-te-paster-video\/#breadcrumb"},"inLanguage":"en-US","potentialAction":[{"@type":"ReadAction","target":["https:\/\/www.visit-ulcinj.com\/blog\/2011\/10\/27\/dinosha-largohem-nga-funksioni-me-ndergjgje-te-paster-video\/"]}]},{"@type":"BreadcrumbList","@id":"https:\/\/www.visit-ulcinj.com\/blog\/2011\/10\/27\/dinosha-largohem-nga-funksioni-me-ndergjgje-te-paster-video\/#breadcrumb","itemListElement":[{"@type":"ListItem","position":1,"name":"Dinosha: Largohem nga funksioni me nd\u00ebrgjgje t\u00eb past\u00ebr &#8211; Video"}]},{"@type":"Person","@id":"https:\/\/www.visit-ulcinj.com\/blog\/#\/schema\/person\/dcab619c614d3038751c63bc2aadc06d","name":"ulqini","sameAs":["http:\/\/www.visit-ulcinj.com"],"url":"https:\/\/www.visit-ulcinj.com\/blog\/author\/admin\/"}]}},"jetpack_featured_media_url":"","jetpack_sharing_enabled":true,"jetpack_shortlink":"https:\/\/wp.me\/pe6lTn-dCo","_links":{"self":[{"href":"https:\/\/www.visit-ulcinj.com\/blog\/wp-json\/wp\/v2\/posts\/52352"}],"collection":[{"href":"https:\/\/www.visit-ulcinj.com\/blog\/wp-json\/wp\/v2\/posts"}],"about":[{"href":"https:\/\/www.visit-ulcinj.com\/blog\/wp-json\/wp\/v2\/types\/post"}],"author":[{"embeddable":true,"href":"https:\/\/www.visit-ulcinj.com\/blog\/wp-json\/wp\/v2\/users\/1"}],"replies":[{"embeddable":true,"href":"https:\/\/www.visit-ulcinj.com\/blog\/wp-json\/wp\/v2\/comments?post=52352"}],"version-history":[{"count":3,"href":"https:\/\/www.visit-ulcinj.com\/blog\/wp-json\/wp\/v2\/posts\/52352\/revisions"}],"predecessor-version":[{"id":52356,"href":"https:\/\/www.visit-ulcinj.com\/blog\/wp-json\/wp\/v2\/posts\/52352\/revisions\/52356"}],"wp:attachment":[{"href":"https:\/\/www.visit-ulcinj.com\/blog\/wp-json\/wp\/v2\/media?parent=52352"}],"wp:term":[{"taxonomy":"category","embeddable":true,"href":"https:\/\/www.visit-ulcinj.com\/blog\/wp-json\/wp\/v2\/categories?post=52352"},{"taxonomy":"post_tag","embeddable":true,"href":"https:\/\/www.visit-ulcinj.com\/blog\/wp-json\/wp\/v2\/tags?post=52352"}],"curies":[{"name":"wp","href":"https:\/\/api.w.org\/{rel}","templated":true}]}}