{"id":52384,"date":"2011-10-28T08:14:06","date_gmt":"2011-10-28T07:14:06","guid":{"rendered":"http:\/\/www.visit-ulcinj.com\/blog\/?p=52384"},"modified":"2011-10-29T19:36:28","modified_gmt":"2011-10-29T18:36:28","slug":"kryeministri-i-malit-te-zi-igor-llukshiq-priti-ismail-kadaren","status":"publish","type":"post","link":"https:\/\/www.visit-ulcinj.com\/blog\/2011\/10\/28\/kryeministri-i-malit-te-zi-igor-llukshiq-priti-ismail-kadaren\/","title":{"rendered":"Kryeministri i Malit t\u00eb Zi Igor Llukshiq priti Ismail Kadaren"},"content":{"rendered":"<p><a href=\"http:\/\/www.visit-ulcinj.com\/blog\/wp-content\/uploads\/2011\/10\/Ismail-Kadare-pritet-nga-kryeministri-i-Malit-t%C3%AB-Zi-Igor-Lukshiq.3.jpg\"><img loading=\"lazy\" class=\"alignleft size-full wp-image-52388\" title=\"Ismail Kadare pritet nga kryeministri i Malit t\u00eb Zi ,Igor Lukshiq.3\" src=\"http:\/\/www.visit-ulcinj.com\/blog\/wp-content\/uploads\/2011\/10\/Ismail-Kadare-pritet-nga-kryeministri-i-Malit-t%C3%AB-Zi-Igor-Lukshiq.3.jpg\" alt=\"\" width=\"508\" height=\"380\" \/><\/a>Podgoric\u00eb, 28 tetor &#8211; Shkrimtari i njohur shqiptar, Ismail Kadare, dhe kryeministri i Malit t\u00eb Zi, Igor Lukshiq, jan\u00eb pajtuar se vendet ballkanike duhet t\u00eb bashk\u00ebpunojn\u00eb n\u00eb t\u00eb gjitha fushat, n\u00eb frym\u00ebn parimeve t\u00eb Unionit Evropian. Kjo, me q\u00ebllim q\u00eb t\u00eb shfryt\u00ebzohet potenciali q\u00eb kan\u00eb njer\u00ebzit n\u00eb Ballkan.<\/p>\n<p>I pari i Qeveris\u00eb malazeze, ka pritur t\u00eb enjten n\u00eb nj\u00eb takim shkrimtarin me nam. \u201cDy gjuh\u00eb &#8211; nj\u00eb lib\u00ebr\u201d &#8211; projekt kulturor nd\u00ebrkomb\u00ebtar i organizuar nga organizata joqeveritare \u201cProStory\u201d nga Podgorica dhe Universiteti \u201cLuigj Gurakuqi\u201d nga Shkodra &#8211; \u00ebsht\u00eb sebep i vizit\u00ebs s\u00eb Kadares\u00eb n\u00eb kryeqytetin malazias. Arsye kryesore ka qen\u00eb edhe promovimi i vepr\u00ebs s\u00eb par\u00eb t\u00eb Kadares\u00eb t\u00eb p\u00ebrkthyer n\u00eb gjuh\u00ebn malazeze.<\/p>\n<p>Sipas nj\u00eb komunikate t\u00eb Qeveris\u00eb s\u00eb Malit t\u00eb Zi, kryeministri malazias ka mir\u00ebpritur vizit\u00ebn e Kadares\u00eb n\u00eb Podgoric\u00eb dhe pjes\u00ebmarrjen e tij n\u00eb projektin q\u00eb afron dy popuj dhe dy kultura. N\u00eb takim ka qen\u00eb i pranish\u00ebm edhe ministri p\u00ebr Mbrojtjen e t\u00eb Drejtave t\u00eb Njeriut dhe t\u00eb Pakicave i Malit t\u00eb Zi, Ferhat Dinosha.<\/p>\n<p>Lukshiq ka potencuar marr\u00ebdh\u00ebniet e mira fqinj\u00ebsore midis Malit t\u00eb Zi dhe Shqip\u00ebris\u00eb dhe respektimin diversitetit kulturor.<\/p>\n<p>\u201cKy takim \u00ebsht\u00eb nj\u00eb porosi e mir\u00eb kontribut n\u00eb respektimin midis popujve\u201d, citohet t\u00eb ket\u00eb th\u00ebn\u00eb kryeministri Lukshiq.<\/p>\n<p>Kadare ka th\u00ebn\u00eb se i g\u00ebzohet faktit q\u00eb Mali i Zi e Shqip\u00ebria kan\u00eb marr\u00ebdh\u00ebnie t\u00eb mira q\u00eb, sipas tij, nuk \u00ebsht\u00eb e leht\u00eb n\u00eb Ballkan.<\/p>\n<p>T\u00eb enjten von\u00eb, ai ka qen\u00eb mysafir librarin\u00eb e njohur t\u00eb kryeqendr\u00ebs malazeze, \u201cKerver\u201d n\u00eb Podgoric\u00eb n\u00eb nj\u00eb mbr\u00ebmje letrare. Regjisori i njohur boshnjak, Dino Mustafiq, nga Sarajeva, i cili, sipas romanit \u201cGjenerali i ushtris\u00eb s\u00eb vdekur\u201d t\u00eb Kadares\u00eb ka v\u00ebn\u00eb n\u00eb sken\u00eb shfaqjen me t\u00eb nj\u00ebjtin em\u00ebr n\u00eb Teatrin Shqiptar n\u00eb Shkup &#8211; ka folur p\u00ebr krijimtarin\u00eb e tij. Protagonist i debatit publik ka qen\u00eb edhe vet\u00eb Kadare kur \u00ebsht\u00eb debatuar p\u00ebr p\u00ebrkthimet n\u00eb Shqip\u00ebri e Mal t\u00eb Zi.<\/p>\n<p>Mbr\u00ebmjes letrare i ka paraprir\u00eb promovimi i vepr\u00ebs s\u00eb par\u00eb t\u00eb Kadares\u00eb t\u00eb p\u00ebrkthyer n\u00eb gjuh\u00ebn malazeze, \u201cKronik\u00eb n\u00eb gur\u201d q\u00eb n\u00eb gjuh\u00ebn malazeze &#8211; p\u00ebrkthyer nga Smajl Smaka dhe Varja Gjukiq &#8211; mban titullin \u201cPad kamenog grada\u201d.<\/p>\n<p>Projekti \u201cDy gjuh\u00eb &#8211; nj\u00eb lib\u00ebr\u201d menaxhohet nga delegacioni i bashkuar europian i Malit t\u00eb Zi dhe Agjencia p\u00ebr Zhvillimin Rajonal n\u00eb Shqip\u00ebri. Projekti ka si q\u00ebllim futjen e komunikimit t\u00eb ri dhe afatgjat\u00eb n\u00eb mes dy kulturave, p\u00ebrmir\u00ebsimin e gjendjes kulturore, sociale dhe ekonomike n\u00eb zonat kufitare.<\/p>\n<p><strong>KOHA NET<br \/>\n\n\t\t<style type=\"text\/css\">\n\t\t\t#gallery-1 {\n\t\t\t\tmargin: auto;\n\t\t\t}\n\t\t\t#gallery-1 .gallery-item {\n\t\t\t\tfloat: left;\n\t\t\t\tmargin-top: 10px;\n\t\t\t\ttext-align: center;\n\t\t\t\twidth: 50%;\n\t\t\t}\n\t\t\t#gallery-1 img {\n\t\t\t\tborder: 2px solid #cfcfcf;\n\t\t\t}\n\t\t\t#gallery-1 .gallery-caption {\n\t\t\t\tmargin-left: 0;\n\t\t\t}\n\t\t\t\/* see gallery_shortcode() in wp-includes\/media.php *\/\n\t\t<\/style>\n\t\t<div id='gallery-1' class='gallery galleryid-52384 gallery-columns-2 gallery-size-thumbnail'><dl class='gallery-item'>\n\t\t\t<dt class='gallery-icon landscape'>\n\t\t\t\t<a href='https:\/\/www.visit-ulcinj.com\/blog\/wp-content\/uploads\/2011\/10\/Ismail-Kadare-pritet-nga-kryeministri-i-Malit-t\u00eb-Zi-Igor-Lukshiq.1.jpg'><img width=\"150\" height=\"150\" src=\"https:\/\/www.visit-ulcinj.com\/blog\/wp-content\/uploads\/2011\/10\/Ismail-Kadare-pritet-nga-kryeministri-i-Malit-t\u00eb-Zi-Igor-Lukshiq.1-150x150.jpg\" class=\"attachment-thumbnail size-thumbnail\" alt=\"\" loading=\"lazy\" \/><\/a>\n\t\t\t<\/dt><\/dl><dl class='gallery-item'>\n\t\t\t<dt class='gallery-icon landscape'>\n\t\t\t\t<a href='https:\/\/www.visit-ulcinj.com\/blog\/wp-content\/uploads\/2011\/10\/Ismail-Kadare-pritet-nga-kryeministri-i-Malit-t\u00eb-Zi-Igor-Lukshiq.2.jpg'><img width=\"150\" height=\"150\" src=\"https:\/\/www.visit-ulcinj.com\/blog\/wp-content\/uploads\/2011\/10\/Ismail-Kadare-pritet-nga-kryeministri-i-Malit-t\u00eb-Zi-Igor-Lukshiq.2-150x150.jpg\" class=\"attachment-thumbnail size-thumbnail\" alt=\"\" loading=\"lazy\" \/><\/a>\n\t\t\t<\/dt><\/dl><br style=\"clear: both\" \/><dl class='gallery-item'>\n\t\t\t<dt class='gallery-icon landscape'>\n\t\t\t\t<a href='https:\/\/www.visit-ulcinj.com\/blog\/wp-content\/uploads\/2011\/10\/Ismail-Kadare-pritet-nga-kryeministri-i-Malit-t\u00eb-Zi-Igor-Lukshiq.3.jpg'><img width=\"150\" height=\"150\" src=\"https:\/\/www.visit-ulcinj.com\/blog\/wp-content\/uploads\/2011\/10\/Ismail-Kadare-pritet-nga-kryeministri-i-Malit-t\u00eb-Zi-Igor-Lukshiq.3-150x150.jpg\" class=\"attachment-thumbnail size-thumbnail\" alt=\"\" loading=\"lazy\" \/><\/a>\n\t\t\t<\/dt><\/dl><dl class='gallery-item'>\n\t\t\t<dt class='gallery-icon landscape'>\n\t\t\t\t<a href='https:\/\/www.visit-ulcinj.com\/blog\/wp-content\/uploads\/2011\/10\/Ismail-Kadare-pritet-nga-kryeministri-i-Malit-t\u00eb-Zi-Igor-Lukshiq.jpg'><img width=\"150\" height=\"150\" src=\"https:\/\/www.visit-ulcinj.com\/blog\/wp-content\/uploads\/2011\/10\/Ismail-Kadare-pritet-nga-kryeministri-i-Malit-t\u00eb-Zi-Igor-Lukshiq-150x150.jpg\" class=\"attachment-thumbnail size-thumbnail\" alt=\"\" loading=\"lazy\" \/><\/a>\n\t\t\t<\/dt><\/dl><br style=\"clear: both\" \/>\n\t\t<\/div>\n<\/p>\n<p><\/strong><!--YouTube Error: bad URL entered--><\/p>\n<p>&nbsp;<\/p>\n<p>&nbsp;<\/p>\n<p>&nbsp;<\/p>\n","protected":false},"excerpt":{"rendered":"<p>Podgoric\u00eb, 28 tetor &#8211; Shkrimtari i njohur shqiptar, Ismail Kadare, dhe kryeministri i Malit t\u00eb Zi, Igor Lukshiq, jan\u00eb pajtuar se vendet ballkanike duhet t\u00eb bashk\u00ebpunojn\u00eb n\u00eb t\u00eb gjitha fushat, n\u00eb frym\u00ebn parimeve t\u00eb Unionit Evropian. Kjo, me q\u00ebllim q\u00eb t\u00eb shfryt\u00ebzohet potenciali q\u00eb kan\u00eb njer\u00ebzit n\u00eb Ballkan. I pari i Qeveris\u00eb malazeze, ka pritur [&hellip;]<\/p>\n","protected":false},"author":1,"featured_media":0,"comment_status":"open","ping_status":"closed","sticky":false,"template":"","format":"standard","meta":{"spay_email":"","jetpack_publicize_message":"","jetpack_is_tweetstorm":false,"jetpack_publicize_feature_enabled":true},"categories":[4],"tags":[4317],"jetpack_publicize_connections":[],"yoast_head":"<!-- This site is optimized with the Yoast SEO plugin v19.1 - https:\/\/yoast.com\/wordpress\/plugins\/seo\/ -->\n<title>Kryeministri i Malit t\u00eb Zi Igor Llukshiq priti Ismail Kadaren - Lajme nga Ulqini<\/title>\n<meta name=\"description\" content=\"Podgoric\u00eb, 28 tetor - Shkrimtari i njohur shqiptar, Ismail Kadare, dhe kryeministri i Malit t\u00eb Zi, Igor Lukshiq, jan\u00eb pajtuar se vendet ballkanike duhet\" \/>\n<meta name=\"robots\" content=\"index, follow, max-snippet:-1, max-image-preview:large, max-video-preview:-1\" \/>\n<link rel=\"canonical\" href=\"https:\/\/www.visit-ulcinj.com\/blog\/2011\/10\/28\/kryeministri-i-malit-te-zi-igor-llukshiq-priti-ismail-kadaren\/\" \/>\n<meta property=\"og:locale\" content=\"en_US\" \/>\n<meta property=\"og:type\" content=\"article\" \/>\n<meta property=\"og:title\" content=\"Kryeministri i Malit t\u00eb Zi Igor Llukshiq priti Ismail Kadaren - Lajme nga Ulqini\" \/>\n<meta property=\"og:description\" content=\"Podgoric\u00eb, 28 tetor - Shkrimtari i njohur shqiptar, Ismail Kadare, dhe kryeministri i Malit t\u00eb Zi, Igor Lukshiq, jan\u00eb pajtuar se vendet ballkanike duhet\" \/>\n<meta property=\"og:url\" content=\"https:\/\/www.visit-ulcinj.com\/blog\/2011\/10\/28\/kryeministri-i-malit-te-zi-igor-llukshiq-priti-ismail-kadaren\/\" \/>\n<meta property=\"og:site_name\" content=\"Lajme nga Ulqini\" \/>\n<meta property=\"article:published_time\" content=\"2011-10-28T07:14:06+00:00\" \/>\n<meta property=\"article:modified_time\" content=\"2011-10-29T18:36:28+00:00\" \/>\n<meta property=\"og:image\" content=\"https:\/\/www.visit-ulcinj.com\/blog\/wp-content\/uploads\/2011\/10\/Ismail-Kadare-pritet-nga-kryeministri-i-Malit-t\u00eb-Zi-Igor-Lukshiq.1-150x150.jpg\" \/>\n<meta name=\"twitter:label1\" content=\"Written by\" \/>\n\t<meta name=\"twitter:data1\" content=\"ulqini\" \/>\n\t<meta name=\"twitter:label2\" content=\"Est. reading time\" \/>\n\t<meta name=\"twitter:data2\" content=\"2 minutes\" \/>\n<script type=\"application\/ld+json\" class=\"yoast-schema-graph\">{\"@context\":\"https:\/\/schema.org\",\"@graph\":[{\"@type\":\"WebSite\",\"@id\":\"https:\/\/www.visit-ulcinj.com\/blog\/#website\",\"url\":\"https:\/\/www.visit-ulcinj.com\/blog\/\",\"name\":\"Lajme nga Ulqini\",\"description\":\"Lajme,Vijesti,Ulqini,Ulqin,Crna Gora,Mali i Zi\",\"potentialAction\":[{\"@type\":\"SearchAction\",\"target\":{\"@type\":\"EntryPoint\",\"urlTemplate\":\"https:\/\/www.visit-ulcinj.com\/blog\/?s={search_term_string}\"},\"query-input\":\"required name=search_term_string\"}],\"inLanguage\":\"en-US\"},{\"@type\":\"ImageObject\",\"inLanguage\":\"en-US\",\"@id\":\"https:\/\/www.visit-ulcinj.com\/blog\/2011\/10\/28\/kryeministri-i-malit-te-zi-igor-llukshiq-priti-ismail-kadaren\/#primaryimage\",\"url\":\"http:\/\/www.visit-ulcinj.com\/blog\/wp-content\/uploads\/2011\/10\/Ismail-Kadare-pritet-nga-kryeministri-i-Malit-t%C3%AB-Zi-Igor-Lukshiq.3.jpg\",\"contentUrl\":\"http:\/\/www.visit-ulcinj.com\/blog\/wp-content\/uploads\/2011\/10\/Ismail-Kadare-pritet-nga-kryeministri-i-Malit-t%C3%AB-Zi-Igor-Lukshiq.3.jpg\"},{\"@type\":\"WebPage\",\"@id\":\"https:\/\/www.visit-ulcinj.com\/blog\/2011\/10\/28\/kryeministri-i-malit-te-zi-igor-llukshiq-priti-ismail-kadaren\/#webpage\",\"url\":\"https:\/\/www.visit-ulcinj.com\/blog\/2011\/10\/28\/kryeministri-i-malit-te-zi-igor-llukshiq-priti-ismail-kadaren\/\",\"name\":\"Kryeministri i Malit t\u00eb Zi Igor Llukshiq priti Ismail Kadaren - Lajme nga Ulqini\",\"isPartOf\":{\"@id\":\"https:\/\/www.visit-ulcinj.com\/blog\/#website\"},\"primaryImageOfPage\":{\"@id\":\"https:\/\/www.visit-ulcinj.com\/blog\/2011\/10\/28\/kryeministri-i-malit-te-zi-igor-llukshiq-priti-ismail-kadaren\/#primaryimage\"},\"datePublished\":\"2011-10-28T07:14:06+00:00\",\"dateModified\":\"2011-10-29T18:36:28+00:00\",\"author\":{\"@id\":\"https:\/\/www.visit-ulcinj.com\/blog\/#\/schema\/person\/dcab619c614d3038751c63bc2aadc06d\"},\"description\":\"Podgoric\u00eb, 28 tetor - Shkrimtari i njohur shqiptar, Ismail Kadare, dhe kryeministri i Malit t\u00eb Zi, Igor Lukshiq, jan\u00eb pajtuar se vendet ballkanike duhet\",\"breadcrumb\":{\"@id\":\"https:\/\/www.visit-ulcinj.com\/blog\/2011\/10\/28\/kryeministri-i-malit-te-zi-igor-llukshiq-priti-ismail-kadaren\/#breadcrumb\"},\"inLanguage\":\"en-US\",\"potentialAction\":[{\"@type\":\"ReadAction\",\"target\":[\"https:\/\/www.visit-ulcinj.com\/blog\/2011\/10\/28\/kryeministri-i-malit-te-zi-igor-llukshiq-priti-ismail-kadaren\/\"]}]},{\"@type\":\"BreadcrumbList\",\"@id\":\"https:\/\/www.visit-ulcinj.com\/blog\/2011\/10\/28\/kryeministri-i-malit-te-zi-igor-llukshiq-priti-ismail-kadaren\/#breadcrumb\",\"itemListElement\":[{\"@type\":\"ListItem\",\"position\":1,\"name\":\"Kryeministri i Malit t\u00eb Zi Igor Llukshiq priti Ismail Kadaren\"}]},{\"@type\":\"Person\",\"@id\":\"https:\/\/www.visit-ulcinj.com\/blog\/#\/schema\/person\/dcab619c614d3038751c63bc2aadc06d\",\"name\":\"ulqini\",\"sameAs\":[\"http:\/\/www.visit-ulcinj.com\"],\"url\":\"https:\/\/www.visit-ulcinj.com\/blog\/author\/admin\/\"}]}<\/script>\n<!-- \/ Yoast SEO plugin. -->","yoast_head_json":{"title":"Kryeministri i Malit t\u00eb Zi Igor Llukshiq priti Ismail Kadaren - Lajme nga Ulqini","description":"Podgoric\u00eb, 28 tetor - Shkrimtari i njohur shqiptar, Ismail Kadare, dhe kryeministri i Malit t\u00eb Zi, Igor Lukshiq, jan\u00eb pajtuar se vendet ballkanike duhet","robots":{"index":"index","follow":"follow","max-snippet":"max-snippet:-1","max-image-preview":"max-image-preview:large","max-video-preview":"max-video-preview:-1"},"canonical":"https:\/\/www.visit-ulcinj.com\/blog\/2011\/10\/28\/kryeministri-i-malit-te-zi-igor-llukshiq-priti-ismail-kadaren\/","og_locale":"en_US","og_type":"article","og_title":"Kryeministri i Malit t\u00eb Zi Igor Llukshiq priti Ismail Kadaren - Lajme nga Ulqini","og_description":"Podgoric\u00eb, 28 tetor - Shkrimtari i njohur shqiptar, Ismail Kadare, dhe kryeministri i Malit t\u00eb Zi, Igor Lukshiq, jan\u00eb pajtuar se vendet ballkanike duhet","og_url":"https:\/\/www.visit-ulcinj.com\/blog\/2011\/10\/28\/kryeministri-i-malit-te-zi-igor-llukshiq-priti-ismail-kadaren\/","og_site_name":"Lajme nga Ulqini","article_published_time":"2011-10-28T07:14:06+00:00","article_modified_time":"2011-10-29T18:36:28+00:00","og_image":[{"url":"https:\/\/www.visit-ulcinj.com\/blog\/wp-content\/uploads\/2011\/10\/Ismail-Kadare-pritet-nga-kryeministri-i-Malit-t\u00eb-Zi-Igor-Lukshiq.1-150x150.jpg"}],"twitter_misc":{"Written by":"ulqini","Est. reading time":"2 minutes"},"schema":{"@context":"https:\/\/schema.org","@graph":[{"@type":"WebSite","@id":"https:\/\/www.visit-ulcinj.com\/blog\/#website","url":"https:\/\/www.visit-ulcinj.com\/blog\/","name":"Lajme nga Ulqini","description":"Lajme,Vijesti,Ulqini,Ulqin,Crna Gora,Mali i Zi","potentialAction":[{"@type":"SearchAction","target":{"@type":"EntryPoint","urlTemplate":"https:\/\/www.visit-ulcinj.com\/blog\/?s={search_term_string}"},"query-input":"required name=search_term_string"}],"inLanguage":"en-US"},{"@type":"ImageObject","inLanguage":"en-US","@id":"https:\/\/www.visit-ulcinj.com\/blog\/2011\/10\/28\/kryeministri-i-malit-te-zi-igor-llukshiq-priti-ismail-kadaren\/#primaryimage","url":"http:\/\/www.visit-ulcinj.com\/blog\/wp-content\/uploads\/2011\/10\/Ismail-Kadare-pritet-nga-kryeministri-i-Malit-t%C3%AB-Zi-Igor-Lukshiq.3.jpg","contentUrl":"http:\/\/www.visit-ulcinj.com\/blog\/wp-content\/uploads\/2011\/10\/Ismail-Kadare-pritet-nga-kryeministri-i-Malit-t%C3%AB-Zi-Igor-Lukshiq.3.jpg"},{"@type":"WebPage","@id":"https:\/\/www.visit-ulcinj.com\/blog\/2011\/10\/28\/kryeministri-i-malit-te-zi-igor-llukshiq-priti-ismail-kadaren\/#webpage","url":"https:\/\/www.visit-ulcinj.com\/blog\/2011\/10\/28\/kryeministri-i-malit-te-zi-igor-llukshiq-priti-ismail-kadaren\/","name":"Kryeministri i Malit t\u00eb Zi Igor Llukshiq priti Ismail Kadaren - Lajme nga Ulqini","isPartOf":{"@id":"https:\/\/www.visit-ulcinj.com\/blog\/#website"},"primaryImageOfPage":{"@id":"https:\/\/www.visit-ulcinj.com\/blog\/2011\/10\/28\/kryeministri-i-malit-te-zi-igor-llukshiq-priti-ismail-kadaren\/#primaryimage"},"datePublished":"2011-10-28T07:14:06+00:00","dateModified":"2011-10-29T18:36:28+00:00","author":{"@id":"https:\/\/www.visit-ulcinj.com\/blog\/#\/schema\/person\/dcab619c614d3038751c63bc2aadc06d"},"description":"Podgoric\u00eb, 28 tetor - Shkrimtari i njohur shqiptar, Ismail Kadare, dhe kryeministri i Malit t\u00eb Zi, Igor Lukshiq, jan\u00eb pajtuar se vendet ballkanike duhet","breadcrumb":{"@id":"https:\/\/www.visit-ulcinj.com\/blog\/2011\/10\/28\/kryeministri-i-malit-te-zi-igor-llukshiq-priti-ismail-kadaren\/#breadcrumb"},"inLanguage":"en-US","potentialAction":[{"@type":"ReadAction","target":["https:\/\/www.visit-ulcinj.com\/blog\/2011\/10\/28\/kryeministri-i-malit-te-zi-igor-llukshiq-priti-ismail-kadaren\/"]}]},{"@type":"BreadcrumbList","@id":"https:\/\/www.visit-ulcinj.com\/blog\/2011\/10\/28\/kryeministri-i-malit-te-zi-igor-llukshiq-priti-ismail-kadaren\/#breadcrumb","itemListElement":[{"@type":"ListItem","position":1,"name":"Kryeministri i Malit t\u00eb Zi Igor Llukshiq priti Ismail Kadaren"}]},{"@type":"Person","@id":"https:\/\/www.visit-ulcinj.com\/blog\/#\/schema\/person\/dcab619c614d3038751c63bc2aadc06d","name":"ulqini","sameAs":["http:\/\/www.visit-ulcinj.com"],"url":"https:\/\/www.visit-ulcinj.com\/blog\/author\/admin\/"}]}},"jetpack_featured_media_url":"","jetpack_sharing_enabled":true,"jetpack_shortlink":"https:\/\/wp.me\/pe6lTn-dCU","_links":{"self":[{"href":"https:\/\/www.visit-ulcinj.com\/blog\/wp-json\/wp\/v2\/posts\/52384"}],"collection":[{"href":"https:\/\/www.visit-ulcinj.com\/blog\/wp-json\/wp\/v2\/posts"}],"about":[{"href":"https:\/\/www.visit-ulcinj.com\/blog\/wp-json\/wp\/v2\/types\/post"}],"author":[{"embeddable":true,"href":"https:\/\/www.visit-ulcinj.com\/blog\/wp-json\/wp\/v2\/users\/1"}],"replies":[{"embeddable":true,"href":"https:\/\/www.visit-ulcinj.com\/blog\/wp-json\/wp\/v2\/comments?post=52384"}],"version-history":[{"count":6,"href":"https:\/\/www.visit-ulcinj.com\/blog\/wp-json\/wp\/v2\/posts\/52384\/revisions"}],"predecessor-version":[{"id":52536,"href":"https:\/\/www.visit-ulcinj.com\/blog\/wp-json\/wp\/v2\/posts\/52384\/revisions\/52536"}],"wp:attachment":[{"href":"https:\/\/www.visit-ulcinj.com\/blog\/wp-json\/wp\/v2\/media?parent=52384"}],"wp:term":[{"taxonomy":"category","embeddable":true,"href":"https:\/\/www.visit-ulcinj.com\/blog\/wp-json\/wp\/v2\/categories?post=52384"},{"taxonomy":"post_tag","embeddable":true,"href":"https:\/\/www.visit-ulcinj.com\/blog\/wp-json\/wp\/v2\/tags?post=52384"}],"curies":[{"name":"wp","href":"https:\/\/api.w.org\/{rel}","templated":true}]}}