{"id":52416,"date":"2011-10-28T12:27:28","date_gmt":"2011-10-28T11:27:28","guid":{"rendered":"http:\/\/www.visit-ulcinj.com\/blog\/?p=52416"},"modified":"2011-11-07T10:00:31","modified_gmt":"2011-11-07T09:00:31","slug":"kater-projekte-do-te-perfundojne-deri-ne-sezonin-e-ardhshem-ne-ulqin","status":"publish","type":"post","link":"https:\/\/www.visit-ulcinj.com\/blog\/2011\/10\/28\/kater-projekte-do-te-perfundojne-deri-ne-sezonin-e-ardhshem-ne-ulqin\/","title":{"rendered":"Kat\u00ebr projekte do t\u00eb p\u00ebrfundojn\u00eb deri n\u00eb sezonin e ardhsh\u00ebm n\u00eb Ulqin"},"content":{"rendered":"<p><a href=\"http:\/\/www.visit-ulcinj.com\/blog\/wp-content\/uploads\/2011\/10\/Vujica-Llazoviq-vizitoi-komunen-e-Ulqinit.16.jpg\"><img loading=\"lazy\" class=\"alignleft size-full wp-image-52433\" title=\"Vujica Llazoviq vizitoi komunen e Ulqinit.16\" src=\"http:\/\/www.visit-ulcinj.com\/blog\/wp-content\/uploads\/2011\/10\/Vujica-Llazoviq-vizitoi-komunen-e-Ulqinit.16.jpg\" alt=\"\" width=\"508\" height=\"380\" \/><\/a>Ulqin \u2013 N\u00ebnkryetari i Qeveris\u00eb s\u00eb Malit t\u00eb\u00a0Zi p\u00ebr politik\u00ebn ekonomike dhe sistemin\u00a0financiar, Vujica Llazoviq, ka premtuar t\u00eb\u00a0premten gjat\u00eb vizit\u00ebs s\u00eb tij n\u00eb Ulqin se deri\u00a0n\u00eb fillim t\u00eb sezonit t\u00eb ardhsh\u00ebm turistik n\u00eb\u00a0Ulqin do t\u00eb p\u00ebrfundojn\u00eb kat\u00ebr projekte t\u00eb\u00a0m\u00ebdha infrastrukturore.\u00a0\u201cDo t\u00eb p\u00ebrfundoj\u00eb nd\u00ebrtimi i Ur\u00ebs s\u00eb Port\u00a0Milen\u00ebs, uj\u00ebsjell\u00ebsi rajonal do t\u00eb mb\u00ebrrij\u00eb\u00a0deri n\u00eb Ulqin, do t\u00eb filloj\u00eb t\u00eb funksionoj\u00eb\u00a0deponia regjionale e cila \u00ebsht\u00eb e r\u00ebnd\u00ebsishme\u00a0jo vet\u00ebm p\u00ebr Ulqinin, por edhe p\u00ebr\u00a0Tivarin, dhe deri at\u00ebher\u00eb do t\u00eb arrijm\u00eb t\u00eb\u00a0p\u00ebrfundojm\u00eb rikonstruktimin e rreth 6.2\u00a0kilometra rrug\u00eb nga Kat\u00ebrkolla deri n\u00eb Sukubin\u00eb\u201d,\u00a0ka th\u00ebn\u00eb ai.<br \/>\n<a href=\"http:\/\/www.visit-ulcinj.com\/blog\/wp-content\/uploads\/2011\/10\/Vujica-Llazoviq-vizitoi-komunen-e-Ulqinit.4.jpg\"><img loading=\"lazy\" class=\"alignleft size-full wp-image-52421\" title=\"Vujica Llazoviq vizitoi komunen e Ulqinit.4\" src=\"http:\/\/www.visit-ulcinj.com\/blog\/wp-content\/uploads\/2011\/10\/Vujica-Llazoviq-vizitoi-komunen-e-Ulqinit.4.jpg\" alt=\"\" width=\"508\" height=\"330\" \/><\/a><\/p>\n<p>Gjat\u00eb vizit\u00ebs s\u00eb tij n\u00eb Ulqin, n\u00ebnkryetari\u00a0Llazoviq ka biseduar me kryetarin e Komun\u00ebs\u00a0s\u00eb Ulqinit, Nazif Cungu, ka v\u00ebzhguar\u00a0punimet q\u00eb po kryhen p\u00ebr nd\u00ebrtimin e\u00a0ur\u00ebs n\u00eb Port Milen\u00eb si dhe ka marr\u00eb pjes\u00eb\u00a0n\u00eb tryez\u00ebn e rrumbullak\u00ebt me afarist\u00ebt e\u00a0Ulqinit me tem\u00eb \u201cSfidat zhvillimore t\u00eb Komun\u00ebs\u00a0s\u00eb Ulqinit\u201d.\u00a0Llazoviq ka th\u00ebn\u00eb se n\u00eb takim me kryetarin\u00a0e ri t\u00eb Komun\u00ebs s\u00eb Ulqinit kan\u00eb trajtuar\u00a0mjaft \u00e7\u00ebshtje dhe jan\u00eb njohur me problemet e pushtetit lokal n\u00eb Ulqin.\u00a0\u201cObligim i qeveris\u00eb p\u00ebrve\u00e7 zhvillimit t\u00eb infrastruktur\u00ebs\u00a0\u00ebsht\u00eb krijimi i nj\u00eb mjedisi t\u00eb\u00a0favorsh\u00ebm, i kushteve konkurruese dhe\u00a0n\u00eb takim jemi njohur me disa probleme\u00a0konkrete t\u00eb cilat do t\u00eb mundohemi t\u2019i\u00a0zgjidhim s\u00eb bashku n\u00eb periudh\u00ebn e ardhshme\u201d,\u00a0ka th\u00ebn\u00eb ai.\u00a0Kryetari i Komun\u00ebs s\u00eb Ulqinit, Nazif Cungu,\u00a0ka shprehur k\u00ebnaq\u00ebsi p\u00ebr takimin duke\u00a0th\u00ebn\u00eb se n\u00eb periudh\u00ebn e ardhshme pushteti\u00a0lokal do t\u00eb ket\u00eb nj\u00eb bashk\u00ebpunim t\u00eb\u00a0ngusht\u00eb me t\u00eb gjitha ministrit\u00eb p\u00ebrkat\u00ebse\u00a0dhe se takimi ka sh\u00ebrbyer si nj\u00eb nxitje p\u00ebr planet e ardhshme zhvillimore t\u00eb komun\u00ebs s\u00eb Ulqinit.<br \/>\n<a href=\"http:\/\/www.visit-ulcinj.com\/blog\/wp-content\/uploads\/2011\/10\/Vujica-Llazoviq-vizitoi-komunen-e-Ulqinit.9.jpg\"><img loading=\"lazy\" class=\"alignleft size-full wp-image-52426\" title=\"Vujica Llazoviq vizitoi komunen e Ulqinit.9\" src=\"http:\/\/www.visit-ulcinj.com\/blog\/wp-content\/uploads\/2011\/10\/Vujica-Llazoviq-vizitoi-komunen-e-Ulqinit.9.jpg\" alt=\"\" width=\"508\" height=\"330\" \/><\/a><\/p>\n<p>Ai ka njoftuar se 15 plane t\u00eb cilat kan\u00eb q\u00ebndruar\u00a0n\u00eb sirtar\u00ebt e komun\u00ebs, si\u00e7 ka th\u00ebn\u00eb ai,\u00a0tashm\u00eb i jan\u00eb d\u00ebrguar ministris\u00eb p\u00ebrkat\u00ebse\u00a0nga e cila pritet p\u00ebrgjigje sa m\u00eb e shpejt\u00eb.\u00a0\u201cN\u00ebse do t\u00eb arrijm\u00eb t\u00eb miratojm\u00eb planet\u00a0urbanistike, ky do t\u00eb jet\u00eb momenti i duhur\u00a0dhe at\u00ebher\u00eb do t\u00eb filloj\u00eb zhvillimi i v\u00ebrtet\u00eb i\u00a0Komun\u00ebs s\u00eb Ulqinit\u201d, ka th\u00ebn\u00eb Cungu.\u00a0N\u00eb takimin nd\u00ebrmjet kryetarit t\u00eb Komun\u00ebs\u00a0s\u00eb Ulqinit dhe n\u00ebnkryetarit t\u00eb qeveris\u00eb s\u00eb\u00a0Malit t\u00eb Zi \u00ebsht\u00eb diskutuar edhe p\u00ebr shum\u00eb\u00a0probleme t\u00eb tjera q\u00eb me vite shqet\u00ebsojn\u00eb\u00a0qytetar\u00ebt e komun\u00ebs s\u00eb Ulqinit.<\/p>\n<p><strong>(Kohapress)<\/strong><strong><br \/>\n<a href=\"http:\/\/www.gov.me\/vijesti\/109216\/Potpredsjednik-Vlade-Vujica-Lazovic-boravio-u-radnoj-posjeti-opstini-Ulcinj.html\" target=\"_blank\">Foto nga Kabineti i N\u00ebnkryetarit t\u00eb Qeveris\u00eb s\u00eb Malit t\u00eb Zi, Vujica Llazoviq<br \/>\n<\/a><\/strong><\/p>\n\n\t\t<style type=\"text\/css\">\n\t\t\t#gallery-1 {\n\t\t\t\tmargin: auto;\n\t\t\t}\n\t\t\t#gallery-1 .gallery-item {\n\t\t\t\tfloat: left;\n\t\t\t\tmargin-top: 10px;\n\t\t\t\ttext-align: center;\n\t\t\t\twidth: 33%;\n\t\t\t}\n\t\t\t#gallery-1 img {\n\t\t\t\tborder: 2px solid #cfcfcf;\n\t\t\t}\n\t\t\t#gallery-1 .gallery-caption {\n\t\t\t\tmargin-left: 0;\n\t\t\t}\n\t\t\t\/* see gallery_shortcode() in wp-includes\/media.php *\/\n\t\t<\/style>\n\t\t<div id='gallery-1' class='gallery galleryid-52416 gallery-columns-3 gallery-size-thumbnail'><dl class='gallery-item'>\n\t\t\t<dt class='gallery-icon landscape'>\n\t\t\t\t<a href='https:\/\/www.visit-ulcinj.com\/blog\/wp-content\/uploads\/2011\/10\/Nazif-Cungu.jpg'><img width=\"150\" height=\"150\" src=\"https:\/\/www.visit-ulcinj.com\/blog\/wp-content\/uploads\/2011\/10\/Nazif-Cungu-150x150.jpg\" class=\"attachment-thumbnail size-thumbnail\" alt=\"\" loading=\"lazy\" \/><\/a>\n\t\t\t<\/dt><\/dl><dl class='gallery-item'>\n\t\t\t<dt class='gallery-icon landscape'>\n\t\t\t\t<a href='https:\/\/www.visit-ulcinj.com\/blog\/wp-content\/uploads\/2011\/10\/Vujica-Llazoviq-vizitoi-komunen-e-Ulqinit.1.jpg'><img width=\"150\" height=\"150\" src=\"https:\/\/www.visit-ulcinj.com\/blog\/wp-content\/uploads\/2011\/10\/Vujica-Llazoviq-vizitoi-komunen-e-Ulqinit.1-150x150.jpg\" class=\"attachment-thumbnail size-thumbnail\" alt=\"\" loading=\"lazy\" \/><\/a>\n\t\t\t<\/dt><\/dl><dl class='gallery-item'>\n\t\t\t<dt class='gallery-icon landscape'>\n\t\t\t\t<a href='https:\/\/www.visit-ulcinj.com\/blog\/wp-content\/uploads\/2011\/10\/Vujica-Llazoviq-vizitoi-komunen-e-Ulqinit.2.jpg'><img width=\"150\" height=\"150\" src=\"https:\/\/www.visit-ulcinj.com\/blog\/wp-content\/uploads\/2011\/10\/Vujica-Llazoviq-vizitoi-komunen-e-Ulqinit.2-150x150.jpg\" class=\"attachment-thumbnail size-thumbnail\" alt=\"\" loading=\"lazy\" \/><\/a>\n\t\t\t<\/dt><\/dl><br style=\"clear: both\" \/><dl class='gallery-item'>\n\t\t\t<dt class='gallery-icon landscape'>\n\t\t\t\t<a href='https:\/\/www.visit-ulcinj.com\/blog\/wp-content\/uploads\/2011\/10\/Vujica-Llazoviq-vizitoi-komunen-e-Ulqinit.3.jpg'><img width=\"150\" height=\"150\" src=\"https:\/\/www.visit-ulcinj.com\/blog\/wp-content\/uploads\/2011\/10\/Vujica-Llazoviq-vizitoi-komunen-e-Ulqinit.3-150x150.jpg\" class=\"attachment-thumbnail size-thumbnail\" alt=\"\" loading=\"lazy\" \/><\/a>\n\t\t\t<\/dt><\/dl><dl class='gallery-item'>\n\t\t\t<dt class='gallery-icon landscape'>\n\t\t\t\t<a href='https:\/\/www.visit-ulcinj.com\/blog\/wp-content\/uploads\/2011\/10\/Vujica-Llazoviq-vizitoi-komunen-e-Ulqinit.4.jpg'><img width=\"150\" height=\"150\" src=\"https:\/\/www.visit-ulcinj.com\/blog\/wp-content\/uploads\/2011\/10\/Vujica-Llazoviq-vizitoi-komunen-e-Ulqinit.4-150x150.jpg\" class=\"attachment-thumbnail size-thumbnail\" alt=\"\" loading=\"lazy\" \/><\/a>\n\t\t\t<\/dt><\/dl><dl class='gallery-item'>\n\t\t\t<dt class='gallery-icon landscape'>\n\t\t\t\t<a href='https:\/\/www.visit-ulcinj.com\/blog\/wp-content\/uploads\/2011\/10\/Vujica-Llazoviq-vizitoi-komunen-e-Ulqinit.5.jpg'><img width=\"150\" height=\"150\" src=\"https:\/\/www.visit-ulcinj.com\/blog\/wp-content\/uploads\/2011\/10\/Vujica-Llazoviq-vizitoi-komunen-e-Ulqinit.5-150x150.jpg\" class=\"attachment-thumbnail size-thumbnail\" alt=\"\" loading=\"lazy\" \/><\/a>\n\t\t\t<\/dt><\/dl><br style=\"clear: both\" \/><dl class='gallery-item'>\n\t\t\t<dt class='gallery-icon landscape'>\n\t\t\t\t<a href='https:\/\/www.visit-ulcinj.com\/blog\/wp-content\/uploads\/2011\/10\/Vujica-Llazoviq-vizitoi-komunen-e-Ulqinit.6.jpg'><img width=\"150\" height=\"150\" src=\"https:\/\/www.visit-ulcinj.com\/blog\/wp-content\/uploads\/2011\/10\/Vujica-Llazoviq-vizitoi-komunen-e-Ulqinit.6-150x150.jpg\" class=\"attachment-thumbnail size-thumbnail\" alt=\"\" loading=\"lazy\" \/><\/a>\n\t\t\t<\/dt><\/dl><dl class='gallery-item'>\n\t\t\t<dt class='gallery-icon landscape'>\n\t\t\t\t<a href='https:\/\/www.visit-ulcinj.com\/blog\/wp-content\/uploads\/2011\/10\/Vujica-Llazoviq-vizitoi-komunen-e-Ulqinit.7.jpg'><img width=\"150\" height=\"150\" src=\"https:\/\/www.visit-ulcinj.com\/blog\/wp-content\/uploads\/2011\/10\/Vujica-Llazoviq-vizitoi-komunen-e-Ulqinit.7-150x150.jpg\" class=\"attachment-thumbnail size-thumbnail\" alt=\"\" loading=\"lazy\" \/><\/a>\n\t\t\t<\/dt><\/dl><dl class='gallery-item'>\n\t\t\t<dt class='gallery-icon landscape'>\n\t\t\t\t<a href='https:\/\/www.visit-ulcinj.com\/blog\/wp-content\/uploads\/2011\/10\/Vujica-Llazoviq-vizitoi-komunen-e-Ulqinit.8.jpg'><img width=\"150\" height=\"150\" src=\"https:\/\/www.visit-ulcinj.com\/blog\/wp-content\/uploads\/2011\/10\/Vujica-Llazoviq-vizitoi-komunen-e-Ulqinit.8-150x150.jpg\" class=\"attachment-thumbnail size-thumbnail\" alt=\"\" loading=\"lazy\" \/><\/a>\n\t\t\t<\/dt><\/dl><br style=\"clear: both\" \/><dl class='gallery-item'>\n\t\t\t<dt class='gallery-icon landscape'>\n\t\t\t\t<a href='https:\/\/www.visit-ulcinj.com\/blog\/wp-content\/uploads\/2011\/10\/Vujica-Llazoviq-vizitoi-komunen-e-Ulqinit.9.jpg'><img width=\"150\" height=\"150\" src=\"https:\/\/www.visit-ulcinj.com\/blog\/wp-content\/uploads\/2011\/10\/Vujica-Llazoviq-vizitoi-komunen-e-Ulqinit.9-150x150.jpg\" class=\"attachment-thumbnail size-thumbnail\" alt=\"\" loading=\"lazy\" \/><\/a>\n\t\t\t<\/dt><\/dl><dl class='gallery-item'>\n\t\t\t<dt class='gallery-icon landscape'>\n\t\t\t\t<a href='https:\/\/www.visit-ulcinj.com\/blog\/wp-content\/uploads\/2011\/10\/Vujica-Llazoviq-vizitoi-komunen-e-Ulqinit.10.jpg'><img width=\"150\" height=\"150\" src=\"https:\/\/www.visit-ulcinj.com\/blog\/wp-content\/uploads\/2011\/10\/Vujica-Llazoviq-vizitoi-komunen-e-Ulqinit.10-150x150.jpg\" class=\"attachment-thumbnail size-thumbnail\" alt=\"\" loading=\"lazy\" \/><\/a>\n\t\t\t<\/dt><\/dl><dl class='gallery-item'>\n\t\t\t<dt class='gallery-icon landscape'>\n\t\t\t\t<a href='https:\/\/www.visit-ulcinj.com\/blog\/wp-content\/uploads\/2011\/10\/Vujica-Llazoviq-vizitoi-komunen-e-Ulqinit.11.jpg'><img width=\"150\" height=\"150\" src=\"https:\/\/www.visit-ulcinj.com\/blog\/wp-content\/uploads\/2011\/10\/Vujica-Llazoviq-vizitoi-komunen-e-Ulqinit.11-150x150.jpg\" class=\"attachment-thumbnail size-thumbnail\" alt=\"\" loading=\"lazy\" \/><\/a>\n\t\t\t<\/dt><\/dl><br style=\"clear: both\" \/><dl class='gallery-item'>\n\t\t\t<dt class='gallery-icon landscape'>\n\t\t\t\t<a href='https:\/\/www.visit-ulcinj.com\/blog\/wp-content\/uploads\/2011\/10\/Vujica-Llazoviq-vizitoi-komunen-e-Ulqinit.12.jpg'><img width=\"150\" height=\"150\" src=\"https:\/\/www.visit-ulcinj.com\/blog\/wp-content\/uploads\/2011\/10\/Vujica-Llazoviq-vizitoi-komunen-e-Ulqinit.12-150x150.jpg\" class=\"attachment-thumbnail size-thumbnail\" alt=\"\" loading=\"lazy\" \/><\/a>\n\t\t\t<\/dt><\/dl><dl class='gallery-item'>\n\t\t\t<dt class='gallery-icon landscape'>\n\t\t\t\t<a href='https:\/\/www.visit-ulcinj.com\/blog\/wp-content\/uploads\/2011\/10\/Vujica-Llazoviq-vizitoi-komunen-e-Ulqinit.13.jpg'><img width=\"150\" height=\"150\" src=\"https:\/\/www.visit-ulcinj.com\/blog\/wp-content\/uploads\/2011\/10\/Vujica-Llazoviq-vizitoi-komunen-e-Ulqinit.13-150x150.jpg\" class=\"attachment-thumbnail size-thumbnail\" alt=\"\" loading=\"lazy\" \/><\/a>\n\t\t\t<\/dt><\/dl><dl class='gallery-item'>\n\t\t\t<dt class='gallery-icon landscape'>\n\t\t\t\t<a href='https:\/\/www.visit-ulcinj.com\/blog\/wp-content\/uploads\/2011\/10\/Vujica-Llazoviq-vizitoi-komunen-e-Ulqinit.14.jpg'><img width=\"150\" height=\"150\" src=\"https:\/\/www.visit-ulcinj.com\/blog\/wp-content\/uploads\/2011\/10\/Vujica-Llazoviq-vizitoi-komunen-e-Ulqinit.14-150x150.jpg\" class=\"attachment-thumbnail size-thumbnail\" alt=\"\" loading=\"lazy\" \/><\/a>\n\t\t\t<\/dt><\/dl><br style=\"clear: both\" \/><dl class='gallery-item'>\n\t\t\t<dt class='gallery-icon landscape'>\n\t\t\t\t<a href='https:\/\/www.visit-ulcinj.com\/blog\/wp-content\/uploads\/2011\/10\/Vujica-Llazoviq-vizitoi-komunen-e-Ulqinit.15.jpg'><img width=\"150\" height=\"150\" src=\"https:\/\/www.visit-ulcinj.com\/blog\/wp-content\/uploads\/2011\/10\/Vujica-Llazoviq-vizitoi-komunen-e-Ulqinit.15-150x150.jpg\" class=\"attachment-thumbnail size-thumbnail\" alt=\"\" loading=\"lazy\" \/><\/a>\n\t\t\t<\/dt><\/dl><dl class='gallery-item'>\n\t\t\t<dt class='gallery-icon landscape'>\n\t\t\t\t<a href='https:\/\/www.visit-ulcinj.com\/blog\/wp-content\/uploads\/2011\/10\/Vujica-Llazoviq-vizitoi-komunen-e-Ulqinit.16.jpg'><img width=\"150\" height=\"150\" src=\"https:\/\/www.visit-ulcinj.com\/blog\/wp-content\/uploads\/2011\/10\/Vujica-Llazoviq-vizitoi-komunen-e-Ulqinit.16-150x150.jpg\" class=\"attachment-thumbnail size-thumbnail\" alt=\"\" loading=\"lazy\" \/><\/a>\n\t\t\t<\/dt><\/dl><dl class='gallery-item'>\n\t\t\t<dt class='gallery-icon landscape'>\n\t\t\t\t<a href='https:\/\/www.visit-ulcinj.com\/blog\/wp-content\/uploads\/2011\/10\/Vujica-Llazoviq-vizitoi-komunen-e-Ulqinit.jpg'><img width=\"150\" height=\"150\" src=\"https:\/\/www.visit-ulcinj.com\/blog\/wp-content\/uploads\/2011\/10\/Vujica-Llazoviq-vizitoi-komunen-e-Ulqinit-150x150.jpg\" class=\"attachment-thumbnail size-thumbnail\" alt=\"\" loading=\"lazy\" \/><\/a>\n\t\t\t<\/dt><\/dl><br style=\"clear: both\" \/>\n\t\t<\/div>\n\n<p><!--YouTube Error: bad URL entered--><strong><\/strong><\/p>\n<p><strong><br \/>\n<\/strong><\/p>\n","protected":false},"excerpt":{"rendered":"<p>Ulqin \u2013 N\u00ebnkryetari i Qeveris\u00eb s\u00eb Malit t\u00eb\u00a0Zi p\u00ebr politik\u00ebn ekonomike dhe sistemin\u00a0financiar, Vujica Llazoviq, ka premtuar t\u00eb\u00a0premten gjat\u00eb vizit\u00ebs s\u00eb tij n\u00eb Ulqin se deri\u00a0n\u00eb fillim t\u00eb sezonit t\u00eb ardhsh\u00ebm turistik n\u00eb\u00a0Ulqin do t\u00eb p\u00ebrfundojn\u00eb kat\u00ebr projekte t\u00eb\u00a0m\u00ebdha infrastrukturore.\u00a0\u201cDo t\u00eb p\u00ebrfundoj\u00eb nd\u00ebrtimi i Ur\u00ebs s\u00eb Port\u00a0Milen\u00ebs, uj\u00ebsjell\u00ebsi rajonal do t\u00eb mb\u00ebrrij\u00eb\u00a0deri n\u00eb Ulqin, do [&hellip;]<\/p>\n","protected":false},"author":1,"featured_media":0,"comment_status":"open","ping_status":"closed","sticky":false,"template":"","format":"standard","meta":{"spay_email":"","jetpack_publicize_message":"","jetpack_is_tweetstorm":false,"jetpack_publicize_feature_enabled":true},"categories":[10],"tags":[2515,118,13152,200,18,9631],"jetpack_publicize_connections":[],"yoast_head":"<!-- This site is optimized with the Yoast SEO plugin v19.1 - https:\/\/yoast.com\/wordpress\/plugins\/seo\/ -->\n<title>Kat\u00ebr projekte do t\u00eb p\u00ebrfundojn\u00eb deri n\u00eb sezonin e ardhsh\u00ebm n\u00eb Ulqin - Lajme nga Ulqini<\/title>\n<meta name=\"description\" content=\"Ulqin \u2013 N\u00ebnkryetari i Qeveris\u00eb s\u00eb Malit t\u00eb\u00a0Zi p\u00ebr politik\u00ebn ekonomike dhe sistemin\u00a0financiar, Vujica Llazoviq, ka premtuar t\u00eb\u00a0premten gjat\u00eb vizit\u00ebs s\u00eb tij\" \/>\n<meta name=\"robots\" content=\"index, follow, max-snippet:-1, max-image-preview:large, max-video-preview:-1\" \/>\n<link rel=\"canonical\" href=\"https:\/\/www.visit-ulcinj.com\/blog\/2011\/10\/28\/kater-projekte-do-te-perfundojne-deri-ne-sezonin-e-ardhshem-ne-ulqin\/\" \/>\n<meta property=\"og:locale\" content=\"en_US\" \/>\n<meta property=\"og:type\" content=\"article\" \/>\n<meta property=\"og:title\" content=\"Kat\u00ebr projekte do t\u00eb p\u00ebrfundojn\u00eb deri n\u00eb sezonin e ardhsh\u00ebm n\u00eb Ulqin - Lajme nga Ulqini\" \/>\n<meta property=\"og:description\" content=\"Ulqin \u2013 N\u00ebnkryetari i Qeveris\u00eb s\u00eb Malit t\u00eb\u00a0Zi p\u00ebr politik\u00ebn ekonomike dhe sistemin\u00a0financiar, Vujica Llazoviq, ka premtuar t\u00eb\u00a0premten gjat\u00eb vizit\u00ebs s\u00eb tij\" \/>\n<meta property=\"og:url\" content=\"https:\/\/www.visit-ulcinj.com\/blog\/2011\/10\/28\/kater-projekte-do-te-perfundojne-deri-ne-sezonin-e-ardhshem-ne-ulqin\/\" \/>\n<meta property=\"og:site_name\" content=\"Lajme nga Ulqini\" \/>\n<meta property=\"article:published_time\" content=\"2011-10-28T11:27:28+00:00\" \/>\n<meta property=\"article:modified_time\" content=\"2011-11-07T09:00:31+00:00\" \/>\n<meta property=\"og:image\" content=\"https:\/\/www.visit-ulcinj.com\/blog\/wp-content\/uploads\/2011\/10\/Nazif-Cungu-150x150.jpg\" \/>\n<meta name=\"twitter:label1\" content=\"Written by\" \/>\n\t<meta name=\"twitter:data1\" content=\"ulqini\" \/>\n\t<meta name=\"twitter:label2\" content=\"Est. reading time\" \/>\n\t<meta name=\"twitter:data2\" content=\"2 minutes\" \/>\n<script type=\"application\/ld+json\" class=\"yoast-schema-graph\">{\"@context\":\"https:\/\/schema.org\",\"@graph\":[{\"@type\":\"WebSite\",\"@id\":\"https:\/\/www.visit-ulcinj.com\/blog\/#website\",\"url\":\"https:\/\/www.visit-ulcinj.com\/blog\/\",\"name\":\"Lajme nga Ulqini\",\"description\":\"Lajme,Vijesti,Ulqini,Ulqin,Crna Gora,Mali i Zi\",\"potentialAction\":[{\"@type\":\"SearchAction\",\"target\":{\"@type\":\"EntryPoint\",\"urlTemplate\":\"https:\/\/www.visit-ulcinj.com\/blog\/?s={search_term_string}\"},\"query-input\":\"required name=search_term_string\"}],\"inLanguage\":\"en-US\"},{\"@type\":\"ImageObject\",\"inLanguage\":\"en-US\",\"@id\":\"https:\/\/www.visit-ulcinj.com\/blog\/2011\/10\/28\/kater-projekte-do-te-perfundojne-deri-ne-sezonin-e-ardhshem-ne-ulqin\/#primaryimage\",\"url\":\"https:\/\/www.visit-ulcinj.com\/blog\/wp-content\/uploads\/2011\/10\/Vujica-Llazoviq-vizitoi-komunen-e-Ulqinit.16.jpg\",\"contentUrl\":\"https:\/\/www.visit-ulcinj.com\/blog\/wp-content\/uploads\/2011\/10\/Vujica-Llazoviq-vizitoi-komunen-e-Ulqinit.16.jpg\",\"width\":\"794\",\"height\":\"480\"},{\"@type\":\"WebPage\",\"@id\":\"https:\/\/www.visit-ulcinj.com\/blog\/2011\/10\/28\/kater-projekte-do-te-perfundojne-deri-ne-sezonin-e-ardhshem-ne-ulqin\/#webpage\",\"url\":\"https:\/\/www.visit-ulcinj.com\/blog\/2011\/10\/28\/kater-projekte-do-te-perfundojne-deri-ne-sezonin-e-ardhshem-ne-ulqin\/\",\"name\":\"Kat\u00ebr projekte do t\u00eb p\u00ebrfundojn\u00eb deri n\u00eb sezonin e ardhsh\u00ebm n\u00eb Ulqin - Lajme nga Ulqini\",\"isPartOf\":{\"@id\":\"https:\/\/www.visit-ulcinj.com\/blog\/#website\"},\"primaryImageOfPage\":{\"@id\":\"https:\/\/www.visit-ulcinj.com\/blog\/2011\/10\/28\/kater-projekte-do-te-perfundojne-deri-ne-sezonin-e-ardhshem-ne-ulqin\/#primaryimage\"},\"datePublished\":\"2011-10-28T11:27:28+00:00\",\"dateModified\":\"2011-11-07T09:00:31+00:00\",\"author\":{\"@id\":\"https:\/\/www.visit-ulcinj.com\/blog\/#\/schema\/person\/dcab619c614d3038751c63bc2aadc06d\"},\"description\":\"Ulqin \u2013 N\u00ebnkryetari i Qeveris\u00eb s\u00eb Malit t\u00eb\u00a0Zi p\u00ebr politik\u00ebn ekonomike dhe sistemin\u00a0financiar, Vujica Llazoviq, ka premtuar t\u00eb\u00a0premten gjat\u00eb vizit\u00ebs s\u00eb tij\",\"breadcrumb\":{\"@id\":\"https:\/\/www.visit-ulcinj.com\/blog\/2011\/10\/28\/kater-projekte-do-te-perfundojne-deri-ne-sezonin-e-ardhshem-ne-ulqin\/#breadcrumb\"},\"inLanguage\":\"en-US\",\"potentialAction\":[{\"@type\":\"ReadAction\",\"target\":[\"https:\/\/www.visit-ulcinj.com\/blog\/2011\/10\/28\/kater-projekte-do-te-perfundojne-deri-ne-sezonin-e-ardhshem-ne-ulqin\/\"]}]},{\"@type\":\"BreadcrumbList\",\"@id\":\"https:\/\/www.visit-ulcinj.com\/blog\/2011\/10\/28\/kater-projekte-do-te-perfundojne-deri-ne-sezonin-e-ardhshem-ne-ulqin\/#breadcrumb\",\"itemListElement\":[{\"@type\":\"ListItem\",\"position\":1,\"name\":\"Kat\u00ebr projekte do t\u00eb p\u00ebrfundojn\u00eb deri n\u00eb sezonin e ardhsh\u00ebm n\u00eb Ulqin\"}]},{\"@type\":\"Person\",\"@id\":\"https:\/\/www.visit-ulcinj.com\/blog\/#\/schema\/person\/dcab619c614d3038751c63bc2aadc06d\",\"name\":\"ulqini\",\"sameAs\":[\"http:\/\/www.visit-ulcinj.com\"],\"url\":\"https:\/\/www.visit-ulcinj.com\/blog\/author\/admin\/\"}]}<\/script>\n<!-- \/ Yoast SEO plugin. -->","yoast_head_json":{"title":"Kat\u00ebr projekte do t\u00eb p\u00ebrfundojn\u00eb deri n\u00eb sezonin e ardhsh\u00ebm n\u00eb Ulqin - Lajme nga Ulqini","description":"Ulqin \u2013 N\u00ebnkryetari i Qeveris\u00eb s\u00eb Malit t\u00eb\u00a0Zi p\u00ebr politik\u00ebn ekonomike dhe sistemin\u00a0financiar, Vujica Llazoviq, ka premtuar t\u00eb\u00a0premten gjat\u00eb vizit\u00ebs s\u00eb tij","robots":{"index":"index","follow":"follow","max-snippet":"max-snippet:-1","max-image-preview":"max-image-preview:large","max-video-preview":"max-video-preview:-1"},"canonical":"https:\/\/www.visit-ulcinj.com\/blog\/2011\/10\/28\/kater-projekte-do-te-perfundojne-deri-ne-sezonin-e-ardhshem-ne-ulqin\/","og_locale":"en_US","og_type":"article","og_title":"Kat\u00ebr projekte do t\u00eb p\u00ebrfundojn\u00eb deri n\u00eb sezonin e ardhsh\u00ebm n\u00eb Ulqin - Lajme nga Ulqini","og_description":"Ulqin \u2013 N\u00ebnkryetari i Qeveris\u00eb s\u00eb Malit t\u00eb\u00a0Zi p\u00ebr politik\u00ebn ekonomike dhe sistemin\u00a0financiar, Vujica Llazoviq, ka premtuar t\u00eb\u00a0premten gjat\u00eb vizit\u00ebs s\u00eb tij","og_url":"https:\/\/www.visit-ulcinj.com\/blog\/2011\/10\/28\/kater-projekte-do-te-perfundojne-deri-ne-sezonin-e-ardhshem-ne-ulqin\/","og_site_name":"Lajme nga Ulqini","article_published_time":"2011-10-28T11:27:28+00:00","article_modified_time":"2011-11-07T09:00:31+00:00","og_image":[{"url":"https:\/\/www.visit-ulcinj.com\/blog\/wp-content\/uploads\/2011\/10\/Nazif-Cungu-150x150.jpg"}],"twitter_misc":{"Written by":"ulqini","Est. reading time":"2 minutes"},"schema":{"@context":"https:\/\/schema.org","@graph":[{"@type":"WebSite","@id":"https:\/\/www.visit-ulcinj.com\/blog\/#website","url":"https:\/\/www.visit-ulcinj.com\/blog\/","name":"Lajme nga Ulqini","description":"Lajme,Vijesti,Ulqini,Ulqin,Crna Gora,Mali i Zi","potentialAction":[{"@type":"SearchAction","target":{"@type":"EntryPoint","urlTemplate":"https:\/\/www.visit-ulcinj.com\/blog\/?s={search_term_string}"},"query-input":"required name=search_term_string"}],"inLanguage":"en-US"},{"@type":"ImageObject","inLanguage":"en-US","@id":"https:\/\/www.visit-ulcinj.com\/blog\/2011\/10\/28\/kater-projekte-do-te-perfundojne-deri-ne-sezonin-e-ardhshem-ne-ulqin\/#primaryimage","url":"https:\/\/www.visit-ulcinj.com\/blog\/wp-content\/uploads\/2011\/10\/Vujica-Llazoviq-vizitoi-komunen-e-Ulqinit.16.jpg","contentUrl":"https:\/\/www.visit-ulcinj.com\/blog\/wp-content\/uploads\/2011\/10\/Vujica-Llazoviq-vizitoi-komunen-e-Ulqinit.16.jpg","width":"794","height":"480"},{"@type":"WebPage","@id":"https:\/\/www.visit-ulcinj.com\/blog\/2011\/10\/28\/kater-projekte-do-te-perfundojne-deri-ne-sezonin-e-ardhshem-ne-ulqin\/#webpage","url":"https:\/\/www.visit-ulcinj.com\/blog\/2011\/10\/28\/kater-projekte-do-te-perfundojne-deri-ne-sezonin-e-ardhshem-ne-ulqin\/","name":"Kat\u00ebr projekte do t\u00eb p\u00ebrfundojn\u00eb deri n\u00eb sezonin e ardhsh\u00ebm n\u00eb Ulqin - Lajme nga Ulqini","isPartOf":{"@id":"https:\/\/www.visit-ulcinj.com\/blog\/#website"},"primaryImageOfPage":{"@id":"https:\/\/www.visit-ulcinj.com\/blog\/2011\/10\/28\/kater-projekte-do-te-perfundojne-deri-ne-sezonin-e-ardhshem-ne-ulqin\/#primaryimage"},"datePublished":"2011-10-28T11:27:28+00:00","dateModified":"2011-11-07T09:00:31+00:00","author":{"@id":"https:\/\/www.visit-ulcinj.com\/blog\/#\/schema\/person\/dcab619c614d3038751c63bc2aadc06d"},"description":"Ulqin \u2013 N\u00ebnkryetari i Qeveris\u00eb s\u00eb Malit t\u00eb\u00a0Zi p\u00ebr politik\u00ebn ekonomike dhe sistemin\u00a0financiar, Vujica Llazoviq, ka premtuar t\u00eb\u00a0premten gjat\u00eb vizit\u00ebs s\u00eb tij","breadcrumb":{"@id":"https:\/\/www.visit-ulcinj.com\/blog\/2011\/10\/28\/kater-projekte-do-te-perfundojne-deri-ne-sezonin-e-ardhshem-ne-ulqin\/#breadcrumb"},"inLanguage":"en-US","potentialAction":[{"@type":"ReadAction","target":["https:\/\/www.visit-ulcinj.com\/blog\/2011\/10\/28\/kater-projekte-do-te-perfundojne-deri-ne-sezonin-e-ardhshem-ne-ulqin\/"]}]},{"@type":"BreadcrumbList","@id":"https:\/\/www.visit-ulcinj.com\/blog\/2011\/10\/28\/kater-projekte-do-te-perfundojne-deri-ne-sezonin-e-ardhshem-ne-ulqin\/#breadcrumb","itemListElement":[{"@type":"ListItem","position":1,"name":"Kat\u00ebr projekte do t\u00eb p\u00ebrfundojn\u00eb deri n\u00eb sezonin e ardhsh\u00ebm n\u00eb Ulqin"}]},{"@type":"Person","@id":"https:\/\/www.visit-ulcinj.com\/blog\/#\/schema\/person\/dcab619c614d3038751c63bc2aadc06d","name":"ulqini","sameAs":["http:\/\/www.visit-ulcinj.com"],"url":"https:\/\/www.visit-ulcinj.com\/blog\/author\/admin\/"}]}},"jetpack_featured_media_url":"","jetpack_sharing_enabled":true,"jetpack_shortlink":"https:\/\/wp.me\/pe6lTn-dDq","_links":{"self":[{"href":"https:\/\/www.visit-ulcinj.com\/blog\/wp-json\/wp\/v2\/posts\/52416"}],"collection":[{"href":"https:\/\/www.visit-ulcinj.com\/blog\/wp-json\/wp\/v2\/posts"}],"about":[{"href":"https:\/\/www.visit-ulcinj.com\/blog\/wp-json\/wp\/v2\/types\/post"}],"author":[{"embeddable":true,"href":"https:\/\/www.visit-ulcinj.com\/blog\/wp-json\/wp\/v2\/users\/1"}],"replies":[{"embeddable":true,"href":"https:\/\/www.visit-ulcinj.com\/blog\/wp-json\/wp\/v2\/comments?post=52416"}],"version-history":[{"count":4,"href":"https:\/\/www.visit-ulcinj.com\/blog\/wp-json\/wp\/v2\/posts\/52416\/revisions"}],"predecessor-version":[{"id":52907,"href":"https:\/\/www.visit-ulcinj.com\/blog\/wp-json\/wp\/v2\/posts\/52416\/revisions\/52907"}],"wp:attachment":[{"href":"https:\/\/www.visit-ulcinj.com\/blog\/wp-json\/wp\/v2\/media?parent=52416"}],"wp:term":[{"taxonomy":"category","embeddable":true,"href":"https:\/\/www.visit-ulcinj.com\/blog\/wp-json\/wp\/v2\/categories?post=52416"},{"taxonomy":"post_tag","embeddable":true,"href":"https:\/\/www.visit-ulcinj.com\/blog\/wp-json\/wp\/v2\/tags?post=52416"}],"curies":[{"name":"wp","href":"https:\/\/api.w.org\/{rel}","templated":true}]}}