{"id":5244,"date":"2008-11-02T04:38:49","date_gmt":"2008-11-02T09:38:49","guid":{"rendered":"http:\/\/www.visit-ulcinj.com\/blog\/?p=5244"},"modified":"2008-11-02T04:38:49","modified_gmt":"2008-11-02T09:38:49","slug":"mali-i-zi-ka-cmimet-me-rekord-ne-rajonin-e-ballkanit","status":"publish","type":"post","link":"https:\/\/www.visit-ulcinj.com\/blog\/2008\/11\/02\/mali-i-zi-ka-cmimet-me-rekord-ne-rajonin-e-ballkanit\/","title":{"rendered":"Mali i Zi ka \u00e7mimet me rekord n\u00eb rajonin e Ballkanit"},"content":{"rendered":"<p><a href=\"http:\/\/www.visit-ulcinj.com\/blog\/wp-content\/uploads\/2008\/11\/eurostat-statistik_-gif.gif\"><img loading=\"lazy\" class=\"alignleft size-medium wp-image-5251\" title=\"eurostat-statistik_-gif\" src=\"http:\/\/www.visit-ulcinj.com\/blog\/wp-content\/uploads\/2008\/11\/eurostat-statistik_-gif-300x113.gif\" alt=\"\" width=\"300\" height=\"151\" \/><\/a>N\u00eb nj\u00eb studim t\u00eb publikuar gjat\u00eb dit\u00ebve t\u00eb fundit nga Instituti Evropian i Statistikave, EUROSTAT, \u00e7mimet n\u00eb Mal t\u00eb Zi mbeten tep\u00ebr t\u00eb larta krahasuar me vendet e tjera t\u00eb Ballkanit Per\u00ebndimor, por edhe p\u00ebr shum\u00eb vende t\u00eb tjera q\u00eb jan\u00eb pjes\u00eb e Bashkimit Evropian. N\u00eb k\u00ebt\u00eb studim jan\u00eb p\u00ebrfshir\u00eb 37 vende, nga t\u00eb cilat, 27 vende an\u00ebtare t\u00eb Bashkimit Evropian, 3 vendet q\u00eb jan\u00eb pretendente p\u00ebr t&#8217;u an\u00ebtar\u00ebsuar n\u00eb BE, Maqedonia, Kroacia dhe Turqia, tre vendet q\u00eb b\u00ebjn\u00eb pjes\u00eb n\u00eb EFTA, ku futet Islanda, Norvegjia dhe Zvicra. Studimi ka p\u00ebrfshir\u00eb dhe 4 vende t\u00eb Ballkanit Per\u00ebndimor, ku p\u00ebrfshihet Shqip\u00ebria, Bosnje-Hercegovina, Mali i Zi dhe Serbia.<br \/>\n<strong>Abuzimi me \u00e7mimet<\/strong><br \/>\nShkaqet q\u00eb \u00e7ojn\u00eb n\u00eb nj\u00eb nivel t\u00eb p\u00ebrgjithsh\u00ebm \u00e7mimesh m\u00eb t\u00eb larta se nj\u00eb pjes\u00eb e mir\u00eb e vendeve t\u00eb rajonit dhe atyre n\u00eb zhvillim, \u00ebsht\u00eb nj\u00eb fenomen q\u00eb ka shum\u00eb faktor\u00eb. Sipas analizave t\u00eb specialist\u00ebve t\u00eb ekonomis\u00eb, \u00e7mimet e prodhimeve bujq\u00ebsore mbeten n\u00eb nivele t\u00eb larta p\u00ebr pjes\u00ebn d\u00ebrrmuese t\u00eb vitit, p\u00ebr shkaqe q\u00eb lidhen me sezonalitetin e tyre. Bujq\u00ebsia n\u00eb Mal t\u00eb Zi\u00a0 mbetet ende tep\u00ebr e fragmentizuar, duke pasur nj\u00eb konkurrenc\u00eb tep\u00ebr t\u00eb ul\u00ebt dhe n\u00eb nj\u00eb pjes\u00eb t\u00eb mir\u00eb t\u00eb vitit i dor\u00ebzohet prodhimit nga jasht\u00eb. Nga ana tjet\u00ebr nj\u00eb nga problemet e m\u00ebdha q\u00eb po sjell\u00eb nj\u00eb zinxhir n\u00eb rritjen e \u00e7mimeve, \u00ebsht\u00eb nd\u00ebrtimi. \u00cbsht\u00eb b\u00ebr\u00eb tashm\u00eb e ditur nga t\u00eb gjith\u00eb specialist\u00ebt e k\u00ebsaj fushe, q\u00eb nd\u00ebrtimi \u00ebsht\u00eb duke u p\u00ebrballur me nj\u00eb efekt tullumbace n\u00eb \u00e7mime. Nga ana mungesa e energjis\u00eb elektrike n\u00eb orare t\u00eb zgjatuara, n\u00eb nj\u00eb koh\u00eb q\u00eb \u00e7mimet e naft\u00ebs dhe benzin\u00ebs kan\u00eb kapur majat, po sjell nj\u00eb rritje t\u00eb re t\u00eb \u00e7mimeve t\u00eb buk\u00ebs dhe prodhimeve t\u00eb tjera, n\u00eb t\u00eb cilat energjia z\u00eb nj\u00eb faktor kryesor. Nd\u00ebrsa, p\u00ebrsa i p\u00ebrket \u00e7mimeve t\u00eb pijeve alkoolike, rritja e madhe n\u00eb \u00e7mime vjen si pasoj\u00eb e rritjes s\u00eb vazhdueshme t\u00eb akcizave, q\u00eb z\u00eb edhe pjes\u00ebn d\u00ebrrmuese t\u00eb \u00e7mimit.<br \/>\n<strong>Lajme nga Ulqini<\/strong><\/p>\n","protected":false},"excerpt":{"rendered":"<p>N\u00eb nj\u00eb studim t\u00eb publikuar gjat\u00eb dit\u00ebve t\u00eb fundit nga Instituti Evropian i Statistikave, EUROSTAT, \u00e7mimet n\u00eb Mal t\u00eb Zi mbeten tep\u00ebr t\u00eb larta krahasuar me vendet e tjera t\u00eb Ballkanit Per\u00ebndimor, por edhe p\u00ebr shum\u00eb vende t\u00eb tjera q\u00eb jan\u00eb pjes\u00eb e Bashkimit Evropian. N\u00eb k\u00ebt\u00eb studim jan\u00eb p\u00ebrfshir\u00eb 37 vende, nga t\u00eb cilat, [&hellip;]<\/p>\n","protected":false},"author":1,"featured_media":0,"comment_status":"open","ping_status":"closed","sticky":false,"template":"","format":"standard","meta":{"spay_email":"","jetpack_publicize_message":"","jetpack_is_tweetstorm":false,"jetpack_publicize_feature_enabled":true},"categories":[10],"tags":[4858],"jetpack_publicize_connections":[],"yoast_head":"<!-- This site is optimized with the Yoast SEO plugin v19.1 - https:\/\/yoast.com\/wordpress\/plugins\/seo\/ -->\n<title>Mali i Zi ka \u00e7mimet me rekord n\u00eb rajonin e Ballkanit - Lajme nga Ulqini<\/title>\n<meta name=\"description\" content=\"N\u00eb nj\u00eb studim t\u00eb publikuar gjat\u00eb dit\u00ebve t\u00eb fundit nga Instituti Evropian i Statistikave, EUROSTAT, \u00e7mimet n\u00eb Mal t\u00eb Zi mbeten tep\u00ebr t\u00eb larta krahasuar me\" \/>\n<meta name=\"robots\" content=\"index, follow, max-snippet:-1, max-image-preview:large, max-video-preview:-1\" \/>\n<link rel=\"canonical\" href=\"https:\/\/www.visit-ulcinj.com\/blog\/2008\/11\/02\/mali-i-zi-ka-cmimet-me-rekord-ne-rajonin-e-ballkanit\/\" \/>\n<meta property=\"og:locale\" content=\"en_US\" \/>\n<meta property=\"og:type\" content=\"article\" \/>\n<meta property=\"og:title\" content=\"Mali i Zi ka \u00e7mimet me rekord n\u00eb rajonin e Ballkanit - Lajme nga Ulqini\" \/>\n<meta property=\"og:description\" content=\"N\u00eb nj\u00eb studim t\u00eb publikuar gjat\u00eb dit\u00ebve t\u00eb fundit nga Instituti Evropian i Statistikave, EUROSTAT, \u00e7mimet n\u00eb Mal t\u00eb Zi mbeten tep\u00ebr t\u00eb larta krahasuar me\" \/>\n<meta property=\"og:url\" content=\"https:\/\/www.visit-ulcinj.com\/blog\/2008\/11\/02\/mali-i-zi-ka-cmimet-me-rekord-ne-rajonin-e-ballkanit\/\" \/>\n<meta property=\"og:site_name\" content=\"Lajme nga Ulqini\" \/>\n<meta property=\"article:published_time\" content=\"2008-11-02T09:38:49+00:00\" \/>\n<meta property=\"og:image\" content=\"http:\/\/www.visit-ulcinj.com\/blog\/wp-content\/uploads\/2008\/11\/eurostat-statistik_-gif-300x113.gif\" \/>\n<meta name=\"twitter:label1\" content=\"Written by\" \/>\n\t<meta name=\"twitter:data1\" content=\"ulqini\" \/>\n\t<meta name=\"twitter:label2\" content=\"Est. reading time\" \/>\n\t<meta name=\"twitter:data2\" content=\"2 minutes\" \/>\n<script type=\"application\/ld+json\" class=\"yoast-schema-graph\">{\"@context\":\"https:\/\/schema.org\",\"@graph\":[{\"@type\":\"WebSite\",\"@id\":\"https:\/\/www.visit-ulcinj.com\/blog\/#website\",\"url\":\"https:\/\/www.visit-ulcinj.com\/blog\/\",\"name\":\"Lajme nga Ulqini\",\"description\":\"Lajme,Vijesti,Ulqini,Ulqin,Crna Gora,Mali i Zi\",\"potentialAction\":[{\"@type\":\"SearchAction\",\"target\":{\"@type\":\"EntryPoint\",\"urlTemplate\":\"https:\/\/www.visit-ulcinj.com\/blog\/?s={search_term_string}\"},\"query-input\":\"required name=search_term_string\"}],\"inLanguage\":\"en-US\"},{\"@type\":\"ImageObject\",\"inLanguage\":\"en-US\",\"@id\":\"https:\/\/www.visit-ulcinj.com\/blog\/2008\/11\/02\/mali-i-zi-ka-cmimet-me-rekord-ne-rajonin-e-ballkanit\/#primaryimage\",\"url\":\"http:\/\/www.visit-ulcinj.com\/blog\/wp-content\/uploads\/2008\/11\/eurostat-statistik_-gif-300x113.gif\",\"contentUrl\":\"http:\/\/www.visit-ulcinj.com\/blog\/wp-content\/uploads\/2008\/11\/eurostat-statistik_-gif-300x113.gif\"},{\"@type\":\"WebPage\",\"@id\":\"https:\/\/www.visit-ulcinj.com\/blog\/2008\/11\/02\/mali-i-zi-ka-cmimet-me-rekord-ne-rajonin-e-ballkanit\/#webpage\",\"url\":\"https:\/\/www.visit-ulcinj.com\/blog\/2008\/11\/02\/mali-i-zi-ka-cmimet-me-rekord-ne-rajonin-e-ballkanit\/\",\"name\":\"Mali i Zi ka \u00e7mimet me rekord n\u00eb rajonin e Ballkanit - Lajme nga Ulqini\",\"isPartOf\":{\"@id\":\"https:\/\/www.visit-ulcinj.com\/blog\/#website\"},\"primaryImageOfPage\":{\"@id\":\"https:\/\/www.visit-ulcinj.com\/blog\/2008\/11\/02\/mali-i-zi-ka-cmimet-me-rekord-ne-rajonin-e-ballkanit\/#primaryimage\"},\"datePublished\":\"2008-11-02T09:38:49+00:00\",\"dateModified\":\"2008-11-02T09:38:49+00:00\",\"author\":{\"@id\":\"https:\/\/www.visit-ulcinj.com\/blog\/#\/schema\/person\/dcab619c614d3038751c63bc2aadc06d\"},\"description\":\"N\u00eb nj\u00eb studim t\u00eb publikuar gjat\u00eb dit\u00ebve t\u00eb fundit nga Instituti Evropian i Statistikave, EUROSTAT, \u00e7mimet n\u00eb Mal t\u00eb Zi mbeten tep\u00ebr t\u00eb larta krahasuar me\",\"breadcrumb\":{\"@id\":\"https:\/\/www.visit-ulcinj.com\/blog\/2008\/11\/02\/mali-i-zi-ka-cmimet-me-rekord-ne-rajonin-e-ballkanit\/#breadcrumb\"},\"inLanguage\":\"en-US\",\"potentialAction\":[{\"@type\":\"ReadAction\",\"target\":[\"https:\/\/www.visit-ulcinj.com\/blog\/2008\/11\/02\/mali-i-zi-ka-cmimet-me-rekord-ne-rajonin-e-ballkanit\/\"]}]},{\"@type\":\"BreadcrumbList\",\"@id\":\"https:\/\/www.visit-ulcinj.com\/blog\/2008\/11\/02\/mali-i-zi-ka-cmimet-me-rekord-ne-rajonin-e-ballkanit\/#breadcrumb\",\"itemListElement\":[{\"@type\":\"ListItem\",\"position\":1,\"name\":\"Mali i Zi ka \u00e7mimet me rekord n\u00eb rajonin e Ballkanit\"}]},{\"@type\":\"Person\",\"@id\":\"https:\/\/www.visit-ulcinj.com\/blog\/#\/schema\/person\/dcab619c614d3038751c63bc2aadc06d\",\"name\":\"ulqini\",\"sameAs\":[\"http:\/\/www.visit-ulcinj.com\"],\"url\":\"https:\/\/www.visit-ulcinj.com\/blog\/author\/admin\/\"}]}<\/script>\n<!-- \/ Yoast SEO plugin. -->","yoast_head_json":{"title":"Mali i Zi ka \u00e7mimet me rekord n\u00eb rajonin e Ballkanit - Lajme nga Ulqini","description":"N\u00eb nj\u00eb studim t\u00eb publikuar gjat\u00eb dit\u00ebve t\u00eb fundit nga Instituti Evropian i Statistikave, EUROSTAT, \u00e7mimet n\u00eb Mal t\u00eb Zi mbeten tep\u00ebr t\u00eb larta krahasuar me","robots":{"index":"index","follow":"follow","max-snippet":"max-snippet:-1","max-image-preview":"max-image-preview:large","max-video-preview":"max-video-preview:-1"},"canonical":"https:\/\/www.visit-ulcinj.com\/blog\/2008\/11\/02\/mali-i-zi-ka-cmimet-me-rekord-ne-rajonin-e-ballkanit\/","og_locale":"en_US","og_type":"article","og_title":"Mali i Zi ka \u00e7mimet me rekord n\u00eb rajonin e Ballkanit - Lajme nga Ulqini","og_description":"N\u00eb nj\u00eb studim t\u00eb publikuar gjat\u00eb dit\u00ebve t\u00eb fundit nga Instituti Evropian i Statistikave, EUROSTAT, \u00e7mimet n\u00eb Mal t\u00eb Zi mbeten tep\u00ebr t\u00eb larta krahasuar me","og_url":"https:\/\/www.visit-ulcinj.com\/blog\/2008\/11\/02\/mali-i-zi-ka-cmimet-me-rekord-ne-rajonin-e-ballkanit\/","og_site_name":"Lajme nga Ulqini","article_published_time":"2008-11-02T09:38:49+00:00","og_image":[{"url":"http:\/\/www.visit-ulcinj.com\/blog\/wp-content\/uploads\/2008\/11\/eurostat-statistik_-gif-300x113.gif"}],"twitter_misc":{"Written by":"ulqini","Est. reading time":"2 minutes"},"schema":{"@context":"https:\/\/schema.org","@graph":[{"@type":"WebSite","@id":"https:\/\/www.visit-ulcinj.com\/blog\/#website","url":"https:\/\/www.visit-ulcinj.com\/blog\/","name":"Lajme nga Ulqini","description":"Lajme,Vijesti,Ulqini,Ulqin,Crna Gora,Mali i Zi","potentialAction":[{"@type":"SearchAction","target":{"@type":"EntryPoint","urlTemplate":"https:\/\/www.visit-ulcinj.com\/blog\/?s={search_term_string}"},"query-input":"required name=search_term_string"}],"inLanguage":"en-US"},{"@type":"ImageObject","inLanguage":"en-US","@id":"https:\/\/www.visit-ulcinj.com\/blog\/2008\/11\/02\/mali-i-zi-ka-cmimet-me-rekord-ne-rajonin-e-ballkanit\/#primaryimage","url":"http:\/\/www.visit-ulcinj.com\/blog\/wp-content\/uploads\/2008\/11\/eurostat-statistik_-gif-300x113.gif","contentUrl":"http:\/\/www.visit-ulcinj.com\/blog\/wp-content\/uploads\/2008\/11\/eurostat-statistik_-gif-300x113.gif"},{"@type":"WebPage","@id":"https:\/\/www.visit-ulcinj.com\/blog\/2008\/11\/02\/mali-i-zi-ka-cmimet-me-rekord-ne-rajonin-e-ballkanit\/#webpage","url":"https:\/\/www.visit-ulcinj.com\/blog\/2008\/11\/02\/mali-i-zi-ka-cmimet-me-rekord-ne-rajonin-e-ballkanit\/","name":"Mali i Zi ka \u00e7mimet me rekord n\u00eb rajonin e Ballkanit - Lajme nga Ulqini","isPartOf":{"@id":"https:\/\/www.visit-ulcinj.com\/blog\/#website"},"primaryImageOfPage":{"@id":"https:\/\/www.visit-ulcinj.com\/blog\/2008\/11\/02\/mali-i-zi-ka-cmimet-me-rekord-ne-rajonin-e-ballkanit\/#primaryimage"},"datePublished":"2008-11-02T09:38:49+00:00","dateModified":"2008-11-02T09:38:49+00:00","author":{"@id":"https:\/\/www.visit-ulcinj.com\/blog\/#\/schema\/person\/dcab619c614d3038751c63bc2aadc06d"},"description":"N\u00eb nj\u00eb studim t\u00eb publikuar gjat\u00eb dit\u00ebve t\u00eb fundit nga Instituti Evropian i Statistikave, EUROSTAT, \u00e7mimet n\u00eb Mal t\u00eb Zi mbeten tep\u00ebr t\u00eb larta krahasuar me","breadcrumb":{"@id":"https:\/\/www.visit-ulcinj.com\/blog\/2008\/11\/02\/mali-i-zi-ka-cmimet-me-rekord-ne-rajonin-e-ballkanit\/#breadcrumb"},"inLanguage":"en-US","potentialAction":[{"@type":"ReadAction","target":["https:\/\/www.visit-ulcinj.com\/blog\/2008\/11\/02\/mali-i-zi-ka-cmimet-me-rekord-ne-rajonin-e-ballkanit\/"]}]},{"@type":"BreadcrumbList","@id":"https:\/\/www.visit-ulcinj.com\/blog\/2008\/11\/02\/mali-i-zi-ka-cmimet-me-rekord-ne-rajonin-e-ballkanit\/#breadcrumb","itemListElement":[{"@type":"ListItem","position":1,"name":"Mali i Zi ka \u00e7mimet me rekord n\u00eb rajonin e Ballkanit"}]},{"@type":"Person","@id":"https:\/\/www.visit-ulcinj.com\/blog\/#\/schema\/person\/dcab619c614d3038751c63bc2aadc06d","name":"ulqini","sameAs":["http:\/\/www.visit-ulcinj.com"],"url":"https:\/\/www.visit-ulcinj.com\/blog\/author\/admin\/"}]}},"jetpack_featured_media_url":"","jetpack_sharing_enabled":true,"jetpack_shortlink":"https:\/\/wp.me\/pe6lTn-1mA","_links":{"self":[{"href":"https:\/\/www.visit-ulcinj.com\/blog\/wp-json\/wp\/v2\/posts\/5244"}],"collection":[{"href":"https:\/\/www.visit-ulcinj.com\/blog\/wp-json\/wp\/v2\/posts"}],"about":[{"href":"https:\/\/www.visit-ulcinj.com\/blog\/wp-json\/wp\/v2\/types\/post"}],"author":[{"embeddable":true,"href":"https:\/\/www.visit-ulcinj.com\/blog\/wp-json\/wp\/v2\/users\/1"}],"replies":[{"embeddable":true,"href":"https:\/\/www.visit-ulcinj.com\/blog\/wp-json\/wp\/v2\/comments?post=5244"}],"version-history":[{"count":0,"href":"https:\/\/www.visit-ulcinj.com\/blog\/wp-json\/wp\/v2\/posts\/5244\/revisions"}],"wp:attachment":[{"href":"https:\/\/www.visit-ulcinj.com\/blog\/wp-json\/wp\/v2\/media?parent=5244"}],"wp:term":[{"taxonomy":"category","embeddable":true,"href":"https:\/\/www.visit-ulcinj.com\/blog\/wp-json\/wp\/v2\/categories?post=5244"},{"taxonomy":"post_tag","embeddable":true,"href":"https:\/\/www.visit-ulcinj.com\/blog\/wp-json\/wp\/v2\/tags?post=5244"}],"curies":[{"name":"wp","href":"https:\/\/api.w.org\/{rel}","templated":true}]}}