{"id":52453,"date":"2011-10-28T19:23:21","date_gmt":"2011-10-28T18:23:21","guid":{"rendered":"http:\/\/www.visit-ulcinj.com\/blog\/?p=52453"},"modified":"2011-10-28T19:23:21","modified_gmt":"2011-10-28T18:23:21","slug":"kaltrina-selimikurre-me-ne-%e2%80%9czhurma-show%e2%80%9d","status":"publish","type":"post","link":"https:\/\/www.visit-ulcinj.com\/blog\/2011\/10\/28\/kaltrina-selimikurre-me-ne-%e2%80%9czhurma-show%e2%80%9d\/","title":{"rendered":"Kaltrina Selimi,kurr\u00eb m\u00eb n\u00eb \u201cZhurma Show\u201d"},"content":{"rendered":"<p><strong><a href=\"http:\/\/www.visit-ulcinj.com\/blog\/2011\/10\/28\/kaltrina-selimikurre-me-ne-%e2%80%9czhurma-show%e2%80%9d\/kaltrina-selimi-11\/\" rel=\"attachment wp-att-52456\"><img loading=\"lazy\" class=\"alignleft size-full wp-image-52456\" title=\"Kaltrina Selimi\" src=\"http:\/\/www.visit-ulcinj.com\/blog\/wp-content\/uploads\/2011\/10\/Kaltrina-Selimi.jpg\" alt=\"\" width=\"508\" height=\"380\" \/><\/a>K\u00ebng\u00ebtarja Kaltrina Selimi, e cila ishte e pranishme n\u00eb spketaklin \u201cZhurma Show Awards 2011\u201d ka mbetur e zhg\u00ebnjyer nga ky show.<\/strong><\/p>\n<p>Ishte hera e par\u00eb p\u00ebr t\u00eb q\u00eb n\u00eb k\u00ebt\u00eb mbr\u00ebmje shoq\u00ebrohej nga i fejuari, Dritoni, por n\u00eb fakt megjith\u00ebse ka qen\u00eb e nominuar ajo nuk ka marr\u00eb asnj\u00eb \u00e7mim. Dhe si\u00e7 m\u00ebson \u201cZhurnal Plus\u201d Katrina \u00ebsht\u00eb betuar se kurr\u00eb nuk do t\u00eb shkoj\u00eb m\u00eb n\u00eb nj\u00eb spektak\u00ebl t\u00eb till\u00eb, pasi sipas saj kan\u00eb qen\u00eb organizator\u00ebt q\u00eb i kan\u00eb telefonuar disa her\u00eb dhe me k\u00ebmb\u00ebngulje q\u00eb ajo t\u00eb ishte e pranishme.<\/p>\n<p>Por gjat\u00eb k\u00ebtij eventi dy \u00e7mime u hoq\u00ebn p\u00ebr arsye se disa artist\u00eb nuk ishin, e ndoshta p\u00ebr respekt t\u00eb pjes\u00ebmarrjes k\u00ebtu mund ti takonte nj\u00eb \u00e7mim edhe k\u00ebng\u00ebtares s\u00eb m\u00ebrzitur. Por p\u00ebr ngush\u00ebllim Kaltrina ka pasur edhe miken e saj Linda Halimi e cila dhe ajo doli duarthat\u00eb nga ky Show.<br \/>\n<br \/>\n<!--YouTube Error: bad URL entered--><\/p>\n","protected":false},"excerpt":{"rendered":"<p>K\u00ebng\u00ebtarja Kaltrina Selimi, e cila ishte e pranishme n\u00eb spketaklin \u201cZhurma Show Awards 2011\u201d ka mbetur e zhg\u00ebnjyer nga ky show. Ishte hera e par\u00eb p\u00ebr t\u00eb q\u00eb n\u00eb k\u00ebt\u00eb mbr\u00ebmje shoq\u00ebrohej nga i fejuari, Dritoni, por n\u00eb fakt megjith\u00ebse ka qen\u00eb e nominuar ajo nuk ka marr\u00eb asnj\u00eb \u00e7mim. Dhe si\u00e7 m\u00ebson \u201cZhurnal Plus\u201d [&hellip;]<\/p>\n","protected":false},"author":1,"featured_media":0,"comment_status":"open","ping_status":"closed","sticky":false,"template":"","format":"standard","meta":{"spay_email":"","jetpack_publicize_message":"","jetpack_is_tweetstorm":false,"jetpack_publicize_feature_enabled":true},"categories":[1],"tags":[5572],"jetpack_publicize_connections":[],"yoast_head":"<!-- This site is optimized with the Yoast SEO plugin v19.1 - https:\/\/yoast.com\/wordpress\/plugins\/seo\/ -->\n<title>Kaltrina Selimi,kurr\u00eb m\u00eb n\u00eb \u201cZhurma Show\u201d - Lajme nga Ulqini<\/title>\n<meta name=\"description\" content=\"K\u00ebng\u00ebtarja Kaltrina Selimi, e cila ishte e pranishme n\u00eb spketaklin \u201cZhurma Show Awards 2011\u201d ka mbetur e zhg\u00ebnjyer nga ky show. Ishte hera e par\u00eb p\u00ebr t\u00eb\" \/>\n<meta name=\"robots\" content=\"index, follow, max-snippet:-1, max-image-preview:large, max-video-preview:-1\" \/>\n<link rel=\"canonical\" href=\"https:\/\/www.visit-ulcinj.com\/blog\/2011\/10\/28\/kaltrina-selimikurre-me-ne-\u201czhurma-show\u201d\/\" \/>\n<meta property=\"og:locale\" content=\"en_US\" \/>\n<meta property=\"og:type\" content=\"article\" \/>\n<meta property=\"og:title\" content=\"Kaltrina Selimi,kurr\u00eb m\u00eb n\u00eb \u201cZhurma Show\u201d - Lajme nga Ulqini\" \/>\n<meta property=\"og:description\" content=\"K\u00ebng\u00ebtarja Kaltrina Selimi, e cila ishte e pranishme n\u00eb spketaklin \u201cZhurma Show Awards 2011\u201d ka mbetur e zhg\u00ebnjyer nga ky show. Ishte hera e par\u00eb p\u00ebr t\u00eb\" \/>\n<meta property=\"og:url\" content=\"https:\/\/www.visit-ulcinj.com\/blog\/2011\/10\/28\/kaltrina-selimikurre-me-ne-\u201czhurma-show\u201d\/\" \/>\n<meta property=\"og:site_name\" content=\"Lajme nga Ulqini\" \/>\n<meta property=\"article:published_time\" content=\"2011-10-28T18:23:21+00:00\" \/>\n<meta property=\"og:image\" content=\"https:\/\/www.visit-ulcinj.com\/blog\/wp-content\/uploads\/2011\/10\/Kaltrina-Selimi.1-150x150.jpg\" \/>\n<meta name=\"twitter:label1\" content=\"Written by\" \/>\n\t<meta name=\"twitter:data1\" content=\"ulqini\" \/>\n\t<meta name=\"twitter:label2\" content=\"Est. reading time\" \/>\n\t<meta name=\"twitter:data2\" content=\"1 minute\" \/>\n<script type=\"application\/ld+json\" class=\"yoast-schema-graph\">{\"@context\":\"https:\/\/schema.org\",\"@graph\":[{\"@type\":\"WebSite\",\"@id\":\"https:\/\/www.visit-ulcinj.com\/blog\/#website\",\"url\":\"https:\/\/www.visit-ulcinj.com\/blog\/\",\"name\":\"Lajme nga Ulqini\",\"description\":\"Lajme,Vijesti,Ulqini,Ulqin,Crna Gora,Mali i Zi\",\"potentialAction\":[{\"@type\":\"SearchAction\",\"target\":{\"@type\":\"EntryPoint\",\"urlTemplate\":\"https:\/\/www.visit-ulcinj.com\/blog\/?s={search_term_string}\"},\"query-input\":\"required name=search_term_string\"}],\"inLanguage\":\"en-US\"},{\"@type\":\"ImageObject\",\"inLanguage\":\"en-US\",\"@id\":\"https:\/\/www.visit-ulcinj.com\/blog\/2011\/10\/28\/kaltrina-selimikurre-me-ne-%e2%80%9czhurma-show%e2%80%9d\/#primaryimage\",\"url\":\"http:\/\/www.visit-ulcinj.com\/blog\/wp-content\/uploads\/2011\/10\/Kaltrina-Selimi.jpg\",\"contentUrl\":\"http:\/\/www.visit-ulcinj.com\/blog\/wp-content\/uploads\/2011\/10\/Kaltrina-Selimi.jpg\"},{\"@type\":\"WebPage\",\"@id\":\"https:\/\/www.visit-ulcinj.com\/blog\/2011\/10\/28\/kaltrina-selimikurre-me-ne-%e2%80%9czhurma-show%e2%80%9d\/#webpage\",\"url\":\"https:\/\/www.visit-ulcinj.com\/blog\/2011\/10\/28\/kaltrina-selimikurre-me-ne-%e2%80%9czhurma-show%e2%80%9d\/\",\"name\":\"Kaltrina Selimi,kurr\u00eb m\u00eb n\u00eb \u201cZhurma Show\u201d - Lajme nga Ulqini\",\"isPartOf\":{\"@id\":\"https:\/\/www.visit-ulcinj.com\/blog\/#website\"},\"primaryImageOfPage\":{\"@id\":\"https:\/\/www.visit-ulcinj.com\/blog\/2011\/10\/28\/kaltrina-selimikurre-me-ne-%e2%80%9czhurma-show%e2%80%9d\/#primaryimage\"},\"datePublished\":\"2011-10-28T18:23:21+00:00\",\"dateModified\":\"2011-10-28T18:23:21+00:00\",\"author\":{\"@id\":\"https:\/\/www.visit-ulcinj.com\/blog\/#\/schema\/person\/dcab619c614d3038751c63bc2aadc06d\"},\"description\":\"K\u00ebng\u00ebtarja Kaltrina Selimi, e cila ishte e pranishme n\u00eb spketaklin \u201cZhurma Show Awards 2011\u201d ka mbetur e zhg\u00ebnjyer nga ky show. Ishte hera e par\u00eb p\u00ebr t\u00eb\",\"breadcrumb\":{\"@id\":\"https:\/\/www.visit-ulcinj.com\/blog\/2011\/10\/28\/kaltrina-selimikurre-me-ne-%e2%80%9czhurma-show%e2%80%9d\/#breadcrumb\"},\"inLanguage\":\"en-US\",\"potentialAction\":[{\"@type\":\"ReadAction\",\"target\":[\"https:\/\/www.visit-ulcinj.com\/blog\/2011\/10\/28\/kaltrina-selimikurre-me-ne-%e2%80%9czhurma-show%e2%80%9d\/\"]}]},{\"@type\":\"BreadcrumbList\",\"@id\":\"https:\/\/www.visit-ulcinj.com\/blog\/2011\/10\/28\/kaltrina-selimikurre-me-ne-%e2%80%9czhurma-show%e2%80%9d\/#breadcrumb\",\"itemListElement\":[{\"@type\":\"ListItem\",\"position\":1,\"name\":\"Kaltrina Selimi,kurr\u00eb m\u00eb n\u00eb \u201cZhurma Show\u201d\"}]},{\"@type\":\"Person\",\"@id\":\"https:\/\/www.visit-ulcinj.com\/blog\/#\/schema\/person\/dcab619c614d3038751c63bc2aadc06d\",\"name\":\"ulqini\",\"sameAs\":[\"http:\/\/www.visit-ulcinj.com\"],\"url\":\"https:\/\/www.visit-ulcinj.com\/blog\/author\/admin\/\"}]}<\/script>\n<!-- \/ Yoast SEO plugin. -->","yoast_head_json":{"title":"Kaltrina Selimi,kurr\u00eb m\u00eb n\u00eb \u201cZhurma Show\u201d - Lajme nga Ulqini","description":"K\u00ebng\u00ebtarja Kaltrina Selimi, e cila ishte e pranishme n\u00eb spketaklin \u201cZhurma Show Awards 2011\u201d ka mbetur e zhg\u00ebnjyer nga ky show. Ishte hera e par\u00eb p\u00ebr t\u00eb","robots":{"index":"index","follow":"follow","max-snippet":"max-snippet:-1","max-image-preview":"max-image-preview:large","max-video-preview":"max-video-preview:-1"},"canonical":"https:\/\/www.visit-ulcinj.com\/blog\/2011\/10\/28\/kaltrina-selimikurre-me-ne-\u201czhurma-show\u201d\/","og_locale":"en_US","og_type":"article","og_title":"Kaltrina Selimi,kurr\u00eb m\u00eb n\u00eb \u201cZhurma Show\u201d - Lajme nga Ulqini","og_description":"K\u00ebng\u00ebtarja Kaltrina Selimi, e cila ishte e pranishme n\u00eb spketaklin \u201cZhurma Show Awards 2011\u201d ka mbetur e zhg\u00ebnjyer nga ky show. Ishte hera e par\u00eb p\u00ebr t\u00eb","og_url":"https:\/\/www.visit-ulcinj.com\/blog\/2011\/10\/28\/kaltrina-selimikurre-me-ne-\u201czhurma-show\u201d\/","og_site_name":"Lajme nga Ulqini","article_published_time":"2011-10-28T18:23:21+00:00","og_image":[{"url":"https:\/\/www.visit-ulcinj.com\/blog\/wp-content\/uploads\/2011\/10\/Kaltrina-Selimi.1-150x150.jpg"}],"twitter_misc":{"Written by":"ulqini","Est. reading time":"1 minute"},"schema":{"@context":"https:\/\/schema.org","@graph":[{"@type":"WebSite","@id":"https:\/\/www.visit-ulcinj.com\/blog\/#website","url":"https:\/\/www.visit-ulcinj.com\/blog\/","name":"Lajme nga Ulqini","description":"Lajme,Vijesti,Ulqini,Ulqin,Crna Gora,Mali i Zi","potentialAction":[{"@type":"SearchAction","target":{"@type":"EntryPoint","urlTemplate":"https:\/\/www.visit-ulcinj.com\/blog\/?s={search_term_string}"},"query-input":"required name=search_term_string"}],"inLanguage":"en-US"},{"@type":"ImageObject","inLanguage":"en-US","@id":"https:\/\/www.visit-ulcinj.com\/blog\/2011\/10\/28\/kaltrina-selimikurre-me-ne-%e2%80%9czhurma-show%e2%80%9d\/#primaryimage","url":"http:\/\/www.visit-ulcinj.com\/blog\/wp-content\/uploads\/2011\/10\/Kaltrina-Selimi.jpg","contentUrl":"http:\/\/www.visit-ulcinj.com\/blog\/wp-content\/uploads\/2011\/10\/Kaltrina-Selimi.jpg"},{"@type":"WebPage","@id":"https:\/\/www.visit-ulcinj.com\/blog\/2011\/10\/28\/kaltrina-selimikurre-me-ne-%e2%80%9czhurma-show%e2%80%9d\/#webpage","url":"https:\/\/www.visit-ulcinj.com\/blog\/2011\/10\/28\/kaltrina-selimikurre-me-ne-%e2%80%9czhurma-show%e2%80%9d\/","name":"Kaltrina Selimi,kurr\u00eb m\u00eb n\u00eb \u201cZhurma Show\u201d - Lajme nga Ulqini","isPartOf":{"@id":"https:\/\/www.visit-ulcinj.com\/blog\/#website"},"primaryImageOfPage":{"@id":"https:\/\/www.visit-ulcinj.com\/blog\/2011\/10\/28\/kaltrina-selimikurre-me-ne-%e2%80%9czhurma-show%e2%80%9d\/#primaryimage"},"datePublished":"2011-10-28T18:23:21+00:00","dateModified":"2011-10-28T18:23:21+00:00","author":{"@id":"https:\/\/www.visit-ulcinj.com\/blog\/#\/schema\/person\/dcab619c614d3038751c63bc2aadc06d"},"description":"K\u00ebng\u00ebtarja Kaltrina Selimi, e cila ishte e pranishme n\u00eb spketaklin \u201cZhurma Show Awards 2011\u201d ka mbetur e zhg\u00ebnjyer nga ky show. Ishte hera e par\u00eb p\u00ebr t\u00eb","breadcrumb":{"@id":"https:\/\/www.visit-ulcinj.com\/blog\/2011\/10\/28\/kaltrina-selimikurre-me-ne-%e2%80%9czhurma-show%e2%80%9d\/#breadcrumb"},"inLanguage":"en-US","potentialAction":[{"@type":"ReadAction","target":["https:\/\/www.visit-ulcinj.com\/blog\/2011\/10\/28\/kaltrina-selimikurre-me-ne-%e2%80%9czhurma-show%e2%80%9d\/"]}]},{"@type":"BreadcrumbList","@id":"https:\/\/www.visit-ulcinj.com\/blog\/2011\/10\/28\/kaltrina-selimikurre-me-ne-%e2%80%9czhurma-show%e2%80%9d\/#breadcrumb","itemListElement":[{"@type":"ListItem","position":1,"name":"Kaltrina Selimi,kurr\u00eb m\u00eb n\u00eb \u201cZhurma Show\u201d"}]},{"@type":"Person","@id":"https:\/\/www.visit-ulcinj.com\/blog\/#\/schema\/person\/dcab619c614d3038751c63bc2aadc06d","name":"ulqini","sameAs":["http:\/\/www.visit-ulcinj.com"],"url":"https:\/\/www.visit-ulcinj.com\/blog\/author\/admin\/"}]}},"jetpack_featured_media_url":"","jetpack_sharing_enabled":true,"jetpack_shortlink":"https:\/\/wp.me\/pe6lTn-dE1","_links":{"self":[{"href":"https:\/\/www.visit-ulcinj.com\/blog\/wp-json\/wp\/v2\/posts\/52453"}],"collection":[{"href":"https:\/\/www.visit-ulcinj.com\/blog\/wp-json\/wp\/v2\/posts"}],"about":[{"href":"https:\/\/www.visit-ulcinj.com\/blog\/wp-json\/wp\/v2\/types\/post"}],"author":[{"embeddable":true,"href":"https:\/\/www.visit-ulcinj.com\/blog\/wp-json\/wp\/v2\/users\/1"}],"replies":[{"embeddable":true,"href":"https:\/\/www.visit-ulcinj.com\/blog\/wp-json\/wp\/v2\/comments?post=52453"}],"version-history":[{"count":2,"href":"https:\/\/www.visit-ulcinj.com\/blog\/wp-json\/wp\/v2\/posts\/52453\/revisions"}],"predecessor-version":[{"id":52458,"href":"https:\/\/www.visit-ulcinj.com\/blog\/wp-json\/wp\/v2\/posts\/52453\/revisions\/52458"}],"wp:attachment":[{"href":"https:\/\/www.visit-ulcinj.com\/blog\/wp-json\/wp\/v2\/media?parent=52453"}],"wp:term":[{"taxonomy":"category","embeddable":true,"href":"https:\/\/www.visit-ulcinj.com\/blog\/wp-json\/wp\/v2\/categories?post=52453"},{"taxonomy":"post_tag","embeddable":true,"href":"https:\/\/www.visit-ulcinj.com\/blog\/wp-json\/wp\/v2\/tags?post=52453"}],"curies":[{"name":"wp","href":"https:\/\/api.w.org\/{rel}","templated":true}]}}