{"id":52470,"date":"2011-10-28T20:54:47","date_gmt":"2011-10-28T19:54:47","guid":{"rendered":"http:\/\/www.visit-ulcinj.com\/blog\/?p=52470"},"modified":"2011-10-28T20:54:47","modified_gmt":"2011-10-28T19:54:47","slug":"arta-bajrami-prezanton-te-bijen-viktoria","status":"publish","type":"post","link":"https:\/\/www.visit-ulcinj.com\/blog\/2011\/10\/28\/arta-bajrami-prezanton-te-bijen-viktoria\/","title":{"rendered":"Arta Bajrami prezanton t\u00eb bij\u00ebn Viktoria"},"content":{"rendered":"<p><a href=\"http:\/\/www.visit-ulcinj.com\/blog\/wp-content\/uploads\/2011\/10\/Arta-Bajrami-prezanton-t%C3%AB-bij%C3%ABn-Viktoria.jpg\"><img loading=\"lazy\" class=\"alignleft size-full wp-image-52471\" title=\"Arta Bajrami prezanton t\u00eb bij\u00ebn Viktoria\" src=\"http:\/\/www.visit-ulcinj.com\/blog\/wp-content\/uploads\/2011\/10\/Arta-Bajrami-prezanton-t%C3%AB-bij%C3%ABn-Viktoria.jpg\" alt=\"\" width=\"508\" height=\"380\" \/><\/a>P\u00ebr her\u00eb t\u00eb par\u00eb mbas 1 viti lindje k\u00ebng\u00ebtarja Arta Bajrami ka prezantuar p\u00ebr publikun vajz\u00ebn e saj Viktoria, Arta ka vendosur ti b\u00ebj publike fotot e vajz\u00ebs n\u00eb 1 vjetorin e saj.<\/p>\n<p>Tani p\u00ebr tani po mendoj m\u00eb shum\u00eb p\u00ebr vajz\u00ebn sesa p\u00ebr karrier\u00ebn\u2026, sidomos n\u00eb k\u00ebt\u00eb mosh\u00eb. P\u00ebrkujdesja ndaj saj \u00ebsht\u00eb m\u00eb e v\u00ebshtir\u00eb dhe k\u00ebrkon m\u00eb shum\u00eb v\u00ebmendje, sepse \u00ebsht\u00eb me aktive\u201d, \u2013 tregon n\u00ebna e\u00a0 vog\u00eblushes s\u00eb bukur Viktoria, nd\u00ebrsa nuk e fsheh d\u00ebshir\u00ebn q\u00eb t\u00eb ket\u00eb edhe dy apo tre f\u00ebmij\u00eb t\u00eb tjer\u00eb.<\/p>\n<p>Mesa duket, kjo \u00ebsht\u00eb d\u00ebshir\u00eb edhe e bashk\u00ebshortit t\u00eb saj, Xhimit. \u201cMendoj q\u00eb t\u00eb kem edhe f\u00ebmij\u00eb t\u00eb tjer\u00eb. \u00cbsht\u00eb mir\u00eb edhe p\u00ebr Viktorian q\u00eb t\u00eb ket\u00eb nj\u00eb v\u00eblla apo nj\u00eb mot\u00ebr.<\/p>\n<p><strong>Vipat.Info<br \/>\n<br \/>\n<!--YouTube Error: bad URL entered--><\/p>\n","protected":false},"excerpt":{"rendered":"<p>P\u00ebr her\u00eb t\u00eb par\u00eb mbas 1 viti lindje k\u00ebng\u00ebtarja Arta Bajrami ka prezantuar p\u00ebr publikun vajz\u00ebn e saj Viktoria, Arta ka vendosur ti b\u00ebj publike fotot e vajz\u00ebs n\u00eb 1 vjetorin e saj. Tani p\u00ebr tani po mendoj m\u00eb shum\u00eb p\u00ebr vajz\u00ebn sesa p\u00ebr karrier\u00ebn\u2026, sidomos n\u00eb k\u00ebt\u00eb mosh\u00eb. P\u00ebrkujdesja ndaj saj \u00ebsht\u00eb m\u00eb e [&hellip;]<\/p>\n","protected":false},"author":1,"featured_media":0,"comment_status":"open","ping_status":"closed","sticky":false,"template":"","format":"standard","meta":{"spay_email":"","jetpack_publicize_message":"","jetpack_is_tweetstorm":false,"jetpack_publicize_feature_enabled":true},"categories":[1],"tags":[4955],"jetpack_publicize_connections":[],"yoast_head":"<!-- This site is optimized with the Yoast SEO plugin v19.1 - https:\/\/yoast.com\/wordpress\/plugins\/seo\/ -->\n<title>Arta Bajrami prezanton t\u00eb bij\u00ebn Viktoria - Lajme nga Ulqini<\/title>\n<meta name=\"description\" content=\"P\u00ebr her\u00eb t\u00eb par\u00eb mbas 1 viti lindje k\u00ebng\u00ebtarja Arta Bajrami ka prezantuar p\u00ebr publikun vajz\u00ebn e saj Viktoria, Arta ka vendosur ti b\u00ebj publike fotot e\" \/>\n<meta name=\"robots\" content=\"index, follow, max-snippet:-1, max-image-preview:large, max-video-preview:-1\" \/>\n<link rel=\"canonical\" href=\"https:\/\/www.visit-ulcinj.com\/blog\/2011\/10\/28\/arta-bajrami-prezanton-te-bijen-viktoria\/\" \/>\n<meta property=\"og:locale\" content=\"en_US\" \/>\n<meta property=\"og:type\" content=\"article\" \/>\n<meta property=\"og:title\" content=\"Arta Bajrami prezanton t\u00eb bij\u00ebn Viktoria - Lajme nga Ulqini\" \/>\n<meta property=\"og:description\" content=\"P\u00ebr her\u00eb t\u00eb par\u00eb mbas 1 viti lindje k\u00ebng\u00ebtarja Arta Bajrami ka prezantuar p\u00ebr publikun vajz\u00ebn e saj Viktoria, Arta ka vendosur ti b\u00ebj publike fotot e\" \/>\n<meta property=\"og:url\" content=\"https:\/\/www.visit-ulcinj.com\/blog\/2011\/10\/28\/arta-bajrami-prezanton-te-bijen-viktoria\/\" \/>\n<meta property=\"og:site_name\" content=\"Lajme nga Ulqini\" \/>\n<meta property=\"article:published_time\" content=\"2011-10-28T19:54:47+00:00\" \/>\n<meta property=\"og:image\" content=\"https:\/\/www.visit-ulcinj.com\/blog\/wp-content\/uploads\/2011\/10\/Arta-Bajrami-prezanton-t\u00eb-bij\u00ebn-Viktoria-150x150.jpg\" \/>\n<meta name=\"twitter:label1\" content=\"Written by\" \/>\n\t<meta name=\"twitter:data1\" content=\"ulqini\" \/>\n\t<meta name=\"twitter:label2\" content=\"Est. reading time\" \/>\n\t<meta name=\"twitter:data2\" content=\"1 minute\" \/>\n<script type=\"application\/ld+json\" class=\"yoast-schema-graph\">{\"@context\":\"https:\/\/schema.org\",\"@graph\":[{\"@type\":\"WebSite\",\"@id\":\"https:\/\/www.visit-ulcinj.com\/blog\/#website\",\"url\":\"https:\/\/www.visit-ulcinj.com\/blog\/\",\"name\":\"Lajme nga Ulqini\",\"description\":\"Lajme,Vijesti,Ulqini,Ulqin,Crna Gora,Mali i Zi\",\"potentialAction\":[{\"@type\":\"SearchAction\",\"target\":{\"@type\":\"EntryPoint\",\"urlTemplate\":\"https:\/\/www.visit-ulcinj.com\/blog\/?s={search_term_string}\"},\"query-input\":\"required name=search_term_string\"}],\"inLanguage\":\"en-US\"},{\"@type\":\"ImageObject\",\"inLanguage\":\"en-US\",\"@id\":\"https:\/\/www.visit-ulcinj.com\/blog\/2011\/10\/28\/arta-bajrami-prezanton-te-bijen-viktoria\/#primaryimage\",\"url\":\"http:\/\/www.visit-ulcinj.com\/blog\/wp-content\/uploads\/2011\/10\/Arta-Bajrami-prezanton-t%C3%AB-bij%C3%ABn-Viktoria.jpg\",\"contentUrl\":\"http:\/\/www.visit-ulcinj.com\/blog\/wp-content\/uploads\/2011\/10\/Arta-Bajrami-prezanton-t%C3%AB-bij%C3%ABn-Viktoria.jpg\"},{\"@type\":\"WebPage\",\"@id\":\"https:\/\/www.visit-ulcinj.com\/blog\/2011\/10\/28\/arta-bajrami-prezanton-te-bijen-viktoria\/#webpage\",\"url\":\"https:\/\/www.visit-ulcinj.com\/blog\/2011\/10\/28\/arta-bajrami-prezanton-te-bijen-viktoria\/\",\"name\":\"Arta Bajrami prezanton t\u00eb bij\u00ebn Viktoria - Lajme nga Ulqini\",\"isPartOf\":{\"@id\":\"https:\/\/www.visit-ulcinj.com\/blog\/#website\"},\"primaryImageOfPage\":{\"@id\":\"https:\/\/www.visit-ulcinj.com\/blog\/2011\/10\/28\/arta-bajrami-prezanton-te-bijen-viktoria\/#primaryimage\"},\"datePublished\":\"2011-10-28T19:54:47+00:00\",\"dateModified\":\"2011-10-28T19:54:47+00:00\",\"author\":{\"@id\":\"https:\/\/www.visit-ulcinj.com\/blog\/#\/schema\/person\/dcab619c614d3038751c63bc2aadc06d\"},\"description\":\"P\u00ebr her\u00eb t\u00eb par\u00eb mbas 1 viti lindje k\u00ebng\u00ebtarja Arta Bajrami ka prezantuar p\u00ebr publikun vajz\u00ebn e saj Viktoria, Arta ka vendosur ti b\u00ebj publike fotot e\",\"breadcrumb\":{\"@id\":\"https:\/\/www.visit-ulcinj.com\/blog\/2011\/10\/28\/arta-bajrami-prezanton-te-bijen-viktoria\/#breadcrumb\"},\"inLanguage\":\"en-US\",\"potentialAction\":[{\"@type\":\"ReadAction\",\"target\":[\"https:\/\/www.visit-ulcinj.com\/blog\/2011\/10\/28\/arta-bajrami-prezanton-te-bijen-viktoria\/\"]}]},{\"@type\":\"BreadcrumbList\",\"@id\":\"https:\/\/www.visit-ulcinj.com\/blog\/2011\/10\/28\/arta-bajrami-prezanton-te-bijen-viktoria\/#breadcrumb\",\"itemListElement\":[{\"@type\":\"ListItem\",\"position\":1,\"name\":\"Arta Bajrami prezanton t\u00eb bij\u00ebn Viktoria\"}]},{\"@type\":\"Person\",\"@id\":\"https:\/\/www.visit-ulcinj.com\/blog\/#\/schema\/person\/dcab619c614d3038751c63bc2aadc06d\",\"name\":\"ulqini\",\"sameAs\":[\"http:\/\/www.visit-ulcinj.com\"],\"url\":\"https:\/\/www.visit-ulcinj.com\/blog\/author\/admin\/\"}]}<\/script>\n<!-- \/ Yoast SEO plugin. -->","yoast_head_json":{"title":"Arta Bajrami prezanton t\u00eb bij\u00ebn Viktoria - Lajme nga Ulqini","description":"P\u00ebr her\u00eb t\u00eb par\u00eb mbas 1 viti lindje k\u00ebng\u00ebtarja Arta Bajrami ka prezantuar p\u00ebr publikun vajz\u00ebn e saj Viktoria, Arta ka vendosur ti b\u00ebj publike fotot e","robots":{"index":"index","follow":"follow","max-snippet":"max-snippet:-1","max-image-preview":"max-image-preview:large","max-video-preview":"max-video-preview:-1"},"canonical":"https:\/\/www.visit-ulcinj.com\/blog\/2011\/10\/28\/arta-bajrami-prezanton-te-bijen-viktoria\/","og_locale":"en_US","og_type":"article","og_title":"Arta Bajrami prezanton t\u00eb bij\u00ebn Viktoria - Lajme nga Ulqini","og_description":"P\u00ebr her\u00eb t\u00eb par\u00eb mbas 1 viti lindje k\u00ebng\u00ebtarja Arta Bajrami ka prezantuar p\u00ebr publikun vajz\u00ebn e saj Viktoria, Arta ka vendosur ti b\u00ebj publike fotot e","og_url":"https:\/\/www.visit-ulcinj.com\/blog\/2011\/10\/28\/arta-bajrami-prezanton-te-bijen-viktoria\/","og_site_name":"Lajme nga Ulqini","article_published_time":"2011-10-28T19:54:47+00:00","og_image":[{"url":"https:\/\/www.visit-ulcinj.com\/blog\/wp-content\/uploads\/2011\/10\/Arta-Bajrami-prezanton-t\u00eb-bij\u00ebn-Viktoria-150x150.jpg"}],"twitter_misc":{"Written by":"ulqini","Est. reading time":"1 minute"},"schema":{"@context":"https:\/\/schema.org","@graph":[{"@type":"WebSite","@id":"https:\/\/www.visit-ulcinj.com\/blog\/#website","url":"https:\/\/www.visit-ulcinj.com\/blog\/","name":"Lajme nga Ulqini","description":"Lajme,Vijesti,Ulqini,Ulqin,Crna Gora,Mali i Zi","potentialAction":[{"@type":"SearchAction","target":{"@type":"EntryPoint","urlTemplate":"https:\/\/www.visit-ulcinj.com\/blog\/?s={search_term_string}"},"query-input":"required name=search_term_string"}],"inLanguage":"en-US"},{"@type":"ImageObject","inLanguage":"en-US","@id":"https:\/\/www.visit-ulcinj.com\/blog\/2011\/10\/28\/arta-bajrami-prezanton-te-bijen-viktoria\/#primaryimage","url":"http:\/\/www.visit-ulcinj.com\/blog\/wp-content\/uploads\/2011\/10\/Arta-Bajrami-prezanton-t%C3%AB-bij%C3%ABn-Viktoria.jpg","contentUrl":"http:\/\/www.visit-ulcinj.com\/blog\/wp-content\/uploads\/2011\/10\/Arta-Bajrami-prezanton-t%C3%AB-bij%C3%ABn-Viktoria.jpg"},{"@type":"WebPage","@id":"https:\/\/www.visit-ulcinj.com\/blog\/2011\/10\/28\/arta-bajrami-prezanton-te-bijen-viktoria\/#webpage","url":"https:\/\/www.visit-ulcinj.com\/blog\/2011\/10\/28\/arta-bajrami-prezanton-te-bijen-viktoria\/","name":"Arta Bajrami prezanton t\u00eb bij\u00ebn Viktoria - Lajme nga Ulqini","isPartOf":{"@id":"https:\/\/www.visit-ulcinj.com\/blog\/#website"},"primaryImageOfPage":{"@id":"https:\/\/www.visit-ulcinj.com\/blog\/2011\/10\/28\/arta-bajrami-prezanton-te-bijen-viktoria\/#primaryimage"},"datePublished":"2011-10-28T19:54:47+00:00","dateModified":"2011-10-28T19:54:47+00:00","author":{"@id":"https:\/\/www.visit-ulcinj.com\/blog\/#\/schema\/person\/dcab619c614d3038751c63bc2aadc06d"},"description":"P\u00ebr her\u00eb t\u00eb par\u00eb mbas 1 viti lindje k\u00ebng\u00ebtarja Arta Bajrami ka prezantuar p\u00ebr publikun vajz\u00ebn e saj Viktoria, Arta ka vendosur ti b\u00ebj publike fotot e","breadcrumb":{"@id":"https:\/\/www.visit-ulcinj.com\/blog\/2011\/10\/28\/arta-bajrami-prezanton-te-bijen-viktoria\/#breadcrumb"},"inLanguage":"en-US","potentialAction":[{"@type":"ReadAction","target":["https:\/\/www.visit-ulcinj.com\/blog\/2011\/10\/28\/arta-bajrami-prezanton-te-bijen-viktoria\/"]}]},{"@type":"BreadcrumbList","@id":"https:\/\/www.visit-ulcinj.com\/blog\/2011\/10\/28\/arta-bajrami-prezanton-te-bijen-viktoria\/#breadcrumb","itemListElement":[{"@type":"ListItem","position":1,"name":"Arta Bajrami prezanton t\u00eb bij\u00ebn Viktoria"}]},{"@type":"Person","@id":"https:\/\/www.visit-ulcinj.com\/blog\/#\/schema\/person\/dcab619c614d3038751c63bc2aadc06d","name":"ulqini","sameAs":["http:\/\/www.visit-ulcinj.com"],"url":"https:\/\/www.visit-ulcinj.com\/blog\/author\/admin\/"}]}},"jetpack_featured_media_url":"","jetpack_sharing_enabled":true,"jetpack_shortlink":"https:\/\/wp.me\/pe6lTn-dEi","_links":{"self":[{"href":"https:\/\/www.visit-ulcinj.com\/blog\/wp-json\/wp\/v2\/posts\/52470"}],"collection":[{"href":"https:\/\/www.visit-ulcinj.com\/blog\/wp-json\/wp\/v2\/posts"}],"about":[{"href":"https:\/\/www.visit-ulcinj.com\/blog\/wp-json\/wp\/v2\/types\/post"}],"author":[{"embeddable":true,"href":"https:\/\/www.visit-ulcinj.com\/blog\/wp-json\/wp\/v2\/users\/1"}],"replies":[{"embeddable":true,"href":"https:\/\/www.visit-ulcinj.com\/blog\/wp-json\/wp\/v2\/comments?post=52470"}],"version-history":[{"count":1,"href":"https:\/\/www.visit-ulcinj.com\/blog\/wp-json\/wp\/v2\/posts\/52470\/revisions"}],"predecessor-version":[{"id":52474,"href":"https:\/\/www.visit-ulcinj.com\/blog\/wp-json\/wp\/v2\/posts\/52470\/revisions\/52474"}],"wp:attachment":[{"href":"https:\/\/www.visit-ulcinj.com\/blog\/wp-json\/wp\/v2\/media?parent=52470"}],"wp:term":[{"taxonomy":"category","embeddable":true,"href":"https:\/\/www.visit-ulcinj.com\/blog\/wp-json\/wp\/v2\/categories?post=52470"},{"taxonomy":"post_tag","embeddable":true,"href":"https:\/\/www.visit-ulcinj.com\/blog\/wp-json\/wp\/v2\/tags?post=52470"}],"curies":[{"name":"wp","href":"https:\/\/api.w.org\/{rel}","templated":true}]}}