{"id":52475,"date":"2011-10-29T11:08:41","date_gmt":"2011-10-29T10:08:41","guid":{"rendered":"http:\/\/www.visit-ulcinj.com\/blog\/?p=52475"},"modified":"2011-10-31T09:22:32","modified_gmt":"2011-10-31T08:22:32","slug":"leterisa-ure-lidhese-midis-popujve","status":"publish","type":"post","link":"https:\/\/www.visit-ulcinj.com\/blog\/2011\/10\/29\/leterisa-ure-lidhese-midis-popujve\/","title":{"rendered":"Leterisa ure lidhese midis popujve &#8211; Video"},"content":{"rendered":"<p><strong><a href=\"http:\/\/www.visit-ulcinj.com\/blog\/wp-content\/uploads\/2011\/10\/Vera-Katana_Ismail-Kadare_Zenel-Katana_Radio-Elita_Ulqin.jpg\"><img loading=\"lazy\" class=\"alignleft size-full wp-image-52476\" title=\"Vera Katana_Ismail Kadare_Zenel Katana_Radio Elita_Ulqin\" src=\"http:\/\/www.visit-ulcinj.com\/blog\/wp-content\/uploads\/2011\/10\/Vera-Katana_Ismail-Kadare_Zenel-Katana_Radio-Elita_Ulqin.jpg\" alt=\"\" width=\"508\" height=\"380\" \/><\/a>N\u00eb kuad\u00ebr t\u00eb projektit nd\u00ebrkomb\u00ebtar\u00eb \u201c Dy gjuh\u00eb nj\u00eb lib\u00ebr\u201d t\u00eb cilin s\u00ebbashku e realizojn\u00eb\u00a0 organizata joqeveritare \u201c Prostori\u201d nga Podgorica\u00a0 dhe Universiteti \u201c Luigj Gurakuqi \u201cnga Shkodra, n\u00eb Podgoric\u00eb u b\u00eb promovimi i librit\u00a0 \u201c Darka e Gabuar \u201d e Ismail Kadarese\u00a0 n\u00eb gjuh\u00ebn malazeze. Pas vepr\u00ebs\u00a0 \u201cGjenerali i\u00a0 Ushtrise s\u00eb Vdekur\u201d ky \u00ebshte romani\u00a0 i\u00a0 dyt\u00eb me rradh\u00eb i Kadares\u00eb q\u00eb vjen ne gjuh\u00ebn sllave. Interesimi\u00a0 per veprimtarine letrare t\u00eb\u00a0 \u00a0Ismail\u00a0 Kadarese n\u00eb qarqet intelektuale malazeze\u00a0 ishte shum\u00eb i madh .<\/strong><\/p>\n<p>Projekti\u00a0 \u201c Dy gjuh\u00eb nj\u00eb lib\u00ebr \u201d sipas koordinatores Varja Gjukiq\u00a0 \u00ebsh\u00eb mir\u00ebpritur n\u00eb te dy vendet fqinje si n\u00eb Mal t\u00eb Zi ashtu edhe n\u00eb Shqip\u00ebri\u00a0 dhe po jep rezultatet e\u00a0 n\u00eb njohjen reciproke te kulturave t\u00eb dy vendeve dhe forcimit t\u00eb raporteve t\u00eb mira midis tyre.<\/p>\n<p><strong>Varja Djukiq<\/strong><\/p>\n<p>\u201cUn\u00eb mendoj q\u00eb bashk\u00ebpunimi kulturor n\u00eb\u00a0 fush\u00ebn e p\u00ebrkthimit dhe bashk\u00ebpunimit me institucionet e ndryshme kulturore dhe arsimore\u00a0 \u00ebsht\u00eb m\u00eb se i\u00a0 nevojsh\u00ebm \u00a0jo vet\u00ebm\u00a0 p\u00ebr Shqip\u00ebrin\u00eb dhe Malin e Zi por edhe p\u00ebr mbar\u00eb rajonin \u201c<\/p>\n<p>Nd\u00ebrkaq shkrimtari\u00a0 Ismail Kadare\u00a0 vler\u00ebsoj lart\u00eb\u00a0\u00a0 mardh\u00ebniet e mira midis\u00a0 Shqip\u00ebris\u00eb dhe Malit t\u00eb Zi dhe tha se ky \u00ebsht\u00eb nj\u00eb lajm i mir\u00eb p\u00ebr Ballkanin<\/p>\n<p><strong>Ismail Kadare\u00a0 <\/strong><\/p>\n<p><strong>\u201cT\u00eb par\u00ebt vende q\u00eb jan\u00eb n\u00eb Ballkanin e ngusht\u00eb q\u00eb po shkojn\u00eb mir\u00eb tashti \u00ebsht\u00eb Shqip\u00ebria me Malin e Zi. Kjo \u00ebsht\u00eb nj\u00eb gj\u00eb e mir\u00eb jo vet\u00ebm nga ana politike dhe gjeostrategjike e Ballkanit por duket edhe prek\u00ebse nga ana njer\u00ebzore. \u00cbsht\u00eb i pari popull sllav q\u00eb po shkon normalisht me shqiptar\u00ebt . Ky \u00ebsht\u00eb nj\u00eb lajm i mir\u00eb n\u00eb Ballkanin, \u00ebsht\u00eb nj\u00eb lajm shpres\u00ebdh\u00ebn\u00ebs \u00ebsh\u00eb nj\u00eb lajm q\u00eb i nderon t\u00eb dy popujt dhe nderon Ballkanin n\u00eb p\u00ebrgjith\u00ebsi sepse Ballkani nuk \u00ebsht\u00eb mjaft i nderuar .\u201d <\/strong><\/p>\n<p>kadare nd\u00ebr t\u00eb tjera tha\u00a0 se autor\u00ebt m\u00eb t\u00eb njohur \u00a0malazez\u00a0 kan\u00eb qen\u00eb t\u00eb njohur n\u00eb Shqip\u00ebri q\u00eb nga koha e Monarkis\u00eb dhe \u00a0gjat\u00eb viteve t\u00eb \u00a0diktatur\u00ebs . N\u00eb k\u00ebt\u00eb aspekt \u00a0ai u ndal tek veprimtaria e shkrimatrit malazez Mark Milani i cili si\u00e7 dihet\u00a0 ka shkruajtur p\u00ebr doket dhe zakonet shiptare. Sipas tij k\u00ebta shembuj esht\u00eb dashur te shfrytezohen dhe te p\u00ebrmenden n\u00eb kohen\u00a0 kur\u00a0 Ballkani ka qen\u00eb\u00a0 aren\u00eb konfliktesh .<\/p>\n<p><strong>Ismail Kadare<\/strong><\/p>\n<p><strong>\u201c Mua m\u00eb vjen keq q\u00eb porosit\u00eb e tij nuk jan\u00eb kujtuar vitet e fundit kur Ballkani kishte kaq shum\u00eb nevoj p\u00ebr to .Mua m\u00eb vjen shum\u00eb mir\u00eb q\u00eb ky njeri nderohet n\u00eb Mal t\u00eb Zi . Kjo tregon q\u00eb porosit\u00eb e tij nuk hidhen posht\u00eb por\u00a0 me sa duket me vones\u00eb jan\u00eb rip\u00ebrtrir\u00eb.\u201d <\/strong><\/p>\n<p>Me mjaft vemendje nga publiku u p\u00ebrcoll\u00a0 intervista \u00a0q\u00eb me\u00a0\u00a0 z Kadare zhvilloi artisti dhe regjisori \u00a0i njohur boshnjak Dino Mustafiq . Mesazhet q\u00eb dha\u00a0 Kadare gjat\u00eb bised\u00ebs disa her\u00eb u nd\u00ebpren\u00eb me duartrokitje\u00a0 nga publiku . \u00a0K\u00ebsaj ngjarje\u00a0 sot po i kushtojne r\u00ebnd\u00ebsi t\u00eb vecante\u00a0 t\u00eb gjitha mediat n\u00eb Mal t\u00eb Zi\u00a0 si dhe takimit \u00a0q\u00eb ismail Kadare \u00a0pati me Kryeministrin e Malit t\u00eb Zi\u00a0 Igor Llukshiq .<\/p>\n<p><strong>Vera Katana<br \/>\n<!--YouTube Error: bad URL entered--><br \/>\n<\/strong><\/p>\n","protected":false},"excerpt":{"rendered":"<p>N\u00eb kuad\u00ebr t\u00eb projektit nd\u00ebrkomb\u00ebtar\u00eb \u201c Dy gjuh\u00eb nj\u00eb lib\u00ebr\u201d t\u00eb cilin s\u00ebbashku e realizojn\u00eb\u00a0 organizata joqeveritare \u201c Prostori\u201d nga Podgorica\u00a0 dhe Universiteti \u201c Luigj Gurakuqi \u201cnga Shkodra, n\u00eb Podgoric\u00eb u b\u00eb promovimi i librit\u00a0 \u201c Darka e Gabuar \u201d e Ismail Kadarese\u00a0 n\u00eb gjuh\u00ebn malazeze. Pas vepr\u00ebs\u00a0 \u201cGjenerali i\u00a0 Ushtrise s\u00eb Vdekur\u201d ky \u00ebshte [&hellip;]<\/p>\n","protected":false},"author":1,"featured_media":0,"comment_status":"open","ping_status":"closed","sticky":false,"template":"","format":"standard","meta":{"spay_email":"","jetpack_publicize_message":"","jetpack_is_tweetstorm":false,"jetpack_publicize_feature_enabled":true},"categories":[4,1],"tags":[4317,14906,200,18,12854,2843],"jetpack_publicize_connections":[],"yoast_head":"<!-- This site is optimized with the Yoast SEO plugin v19.1 - https:\/\/yoast.com\/wordpress\/plugins\/seo\/ -->\n<title>Leterisa ure lidhese midis popujve - Video - Lajme nga Ulqini<\/title>\n<meta name=\"description\" content=\"N\u00eb kuad\u00ebr t\u00eb projektit nd\u00ebrkomb\u00ebtar\u00eb \u201c Dy gjuh\u00eb nj\u00eb lib\u00ebr\u201d t\u00eb cilin s\u00ebbashku e realizojn\u00eb\u00a0 organizata joqeveritare \u201c Prostori\u201d nga Podgorica\u00a0 dhe\" \/>\n<meta name=\"robots\" content=\"index, follow, max-snippet:-1, max-image-preview:large, max-video-preview:-1\" \/>\n<link rel=\"canonical\" href=\"https:\/\/www.visit-ulcinj.com\/blog\/2011\/10\/29\/leterisa-ure-lidhese-midis-popujve\/\" \/>\n<meta property=\"og:locale\" content=\"en_US\" \/>\n<meta property=\"og:type\" content=\"article\" \/>\n<meta property=\"og:title\" content=\"Leterisa ure lidhese midis popujve - Video - Lajme nga Ulqini\" \/>\n<meta property=\"og:description\" content=\"N\u00eb kuad\u00ebr t\u00eb projektit nd\u00ebrkomb\u00ebtar\u00eb \u201c Dy gjuh\u00eb nj\u00eb lib\u00ebr\u201d t\u00eb cilin s\u00ebbashku e realizojn\u00eb\u00a0 organizata joqeveritare \u201c Prostori\u201d nga Podgorica\u00a0 dhe\" \/>\n<meta property=\"og:url\" content=\"https:\/\/www.visit-ulcinj.com\/blog\/2011\/10\/29\/leterisa-ure-lidhese-midis-popujve\/\" \/>\n<meta property=\"og:site_name\" content=\"Lajme nga Ulqini\" \/>\n<meta property=\"article:published_time\" content=\"2011-10-29T10:08:41+00:00\" \/>\n<meta property=\"article:modified_time\" content=\"2011-10-31T08:22:32+00:00\" \/>\n<meta property=\"og:image\" content=\"http:\/\/www.visit-ulcinj.com\/blog\/wp-content\/uploads\/2011\/10\/Vera-Katana_Ismail-Kadare_Zenel-Katana_Radio-Elita_Ulqin.jpg\" \/>\n<meta name=\"twitter:label1\" content=\"Written by\" \/>\n\t<meta name=\"twitter:data1\" content=\"ulqini\" \/>\n\t<meta name=\"twitter:label2\" content=\"Est. reading time\" \/>\n\t<meta name=\"twitter:data2\" content=\"3 minutes\" \/>\n<script type=\"application\/ld+json\" class=\"yoast-schema-graph\">{\"@context\":\"https:\/\/schema.org\",\"@graph\":[{\"@type\":\"WebSite\",\"@id\":\"https:\/\/www.visit-ulcinj.com\/blog\/#website\",\"url\":\"https:\/\/www.visit-ulcinj.com\/blog\/\",\"name\":\"Lajme nga Ulqini\",\"description\":\"Lajme,Vijesti,Ulqini,Ulqin,Crna Gora,Mali i Zi\",\"potentialAction\":[{\"@type\":\"SearchAction\",\"target\":{\"@type\":\"EntryPoint\",\"urlTemplate\":\"https:\/\/www.visit-ulcinj.com\/blog\/?s={search_term_string}\"},\"query-input\":\"required name=search_term_string\"}],\"inLanguage\":\"en-US\"},{\"@type\":\"ImageObject\",\"inLanguage\":\"en-US\",\"@id\":\"https:\/\/www.visit-ulcinj.com\/blog\/2011\/10\/29\/leterisa-ure-lidhese-midis-popujve\/#primaryimage\",\"url\":\"https:\/\/www.visit-ulcinj.com\/blog\/wp-content\/uploads\/2011\/10\/Vera-Katana_Ismail-Kadare_Zenel-Katana_Radio-Elita_Ulqin.jpg\",\"contentUrl\":\"https:\/\/www.visit-ulcinj.com\/blog\/wp-content\/uploads\/2011\/10\/Vera-Katana_Ismail-Kadare_Zenel-Katana_Radio-Elita_Ulqin.jpg\",\"width\":\"1021\",\"height\":\"681\"},{\"@type\":\"WebPage\",\"@id\":\"https:\/\/www.visit-ulcinj.com\/blog\/2011\/10\/29\/leterisa-ure-lidhese-midis-popujve\/#webpage\",\"url\":\"https:\/\/www.visit-ulcinj.com\/blog\/2011\/10\/29\/leterisa-ure-lidhese-midis-popujve\/\",\"name\":\"Leterisa ure lidhese midis popujve - Video - Lajme nga Ulqini\",\"isPartOf\":{\"@id\":\"https:\/\/www.visit-ulcinj.com\/blog\/#website\"},\"primaryImageOfPage\":{\"@id\":\"https:\/\/www.visit-ulcinj.com\/blog\/2011\/10\/29\/leterisa-ure-lidhese-midis-popujve\/#primaryimage\"},\"datePublished\":\"2011-10-29T10:08:41+00:00\",\"dateModified\":\"2011-10-31T08:22:32+00:00\",\"author\":{\"@id\":\"https:\/\/www.visit-ulcinj.com\/blog\/#\/schema\/person\/dcab619c614d3038751c63bc2aadc06d\"},\"description\":\"N\u00eb kuad\u00ebr t\u00eb projektit nd\u00ebrkomb\u00ebtar\u00eb \u201c Dy gjuh\u00eb nj\u00eb lib\u00ebr\u201d t\u00eb cilin s\u00ebbashku e realizojn\u00eb\u00a0 organizata joqeveritare \u201c Prostori\u201d nga Podgorica\u00a0 dhe\",\"breadcrumb\":{\"@id\":\"https:\/\/www.visit-ulcinj.com\/blog\/2011\/10\/29\/leterisa-ure-lidhese-midis-popujve\/#breadcrumb\"},\"inLanguage\":\"en-US\",\"potentialAction\":[{\"@type\":\"ReadAction\",\"target\":[\"https:\/\/www.visit-ulcinj.com\/blog\/2011\/10\/29\/leterisa-ure-lidhese-midis-popujve\/\"]}]},{\"@type\":\"BreadcrumbList\",\"@id\":\"https:\/\/www.visit-ulcinj.com\/blog\/2011\/10\/29\/leterisa-ure-lidhese-midis-popujve\/#breadcrumb\",\"itemListElement\":[{\"@type\":\"ListItem\",\"position\":1,\"name\":\"Leterisa ure lidhese midis popujve &#8211; Video\"}]},{\"@type\":\"Person\",\"@id\":\"https:\/\/www.visit-ulcinj.com\/blog\/#\/schema\/person\/dcab619c614d3038751c63bc2aadc06d\",\"name\":\"ulqini\",\"sameAs\":[\"http:\/\/www.visit-ulcinj.com\"],\"url\":\"https:\/\/www.visit-ulcinj.com\/blog\/author\/admin\/\"}]}<\/script>\n<!-- \/ Yoast SEO plugin. -->","yoast_head_json":{"title":"Leterisa ure lidhese midis popujve - Video - Lajme nga Ulqini","description":"N\u00eb kuad\u00ebr t\u00eb projektit nd\u00ebrkomb\u00ebtar\u00eb \u201c Dy gjuh\u00eb nj\u00eb lib\u00ebr\u201d t\u00eb cilin s\u00ebbashku e realizojn\u00eb\u00a0 organizata joqeveritare \u201c Prostori\u201d nga Podgorica\u00a0 dhe","robots":{"index":"index","follow":"follow","max-snippet":"max-snippet:-1","max-image-preview":"max-image-preview:large","max-video-preview":"max-video-preview:-1"},"canonical":"https:\/\/www.visit-ulcinj.com\/blog\/2011\/10\/29\/leterisa-ure-lidhese-midis-popujve\/","og_locale":"en_US","og_type":"article","og_title":"Leterisa ure lidhese midis popujve - Video - Lajme nga Ulqini","og_description":"N\u00eb kuad\u00ebr t\u00eb projektit nd\u00ebrkomb\u00ebtar\u00eb \u201c Dy gjuh\u00eb nj\u00eb lib\u00ebr\u201d t\u00eb cilin s\u00ebbashku e realizojn\u00eb\u00a0 organizata joqeveritare \u201c Prostori\u201d nga Podgorica\u00a0 dhe","og_url":"https:\/\/www.visit-ulcinj.com\/blog\/2011\/10\/29\/leterisa-ure-lidhese-midis-popujve\/","og_site_name":"Lajme nga Ulqini","article_published_time":"2011-10-29T10:08:41+00:00","article_modified_time":"2011-10-31T08:22:32+00:00","og_image":[{"url":"http:\/\/www.visit-ulcinj.com\/blog\/wp-content\/uploads\/2011\/10\/Vera-Katana_Ismail-Kadare_Zenel-Katana_Radio-Elita_Ulqin.jpg"}],"twitter_misc":{"Written by":"ulqini","Est. reading time":"3 minutes"},"schema":{"@context":"https:\/\/schema.org","@graph":[{"@type":"WebSite","@id":"https:\/\/www.visit-ulcinj.com\/blog\/#website","url":"https:\/\/www.visit-ulcinj.com\/blog\/","name":"Lajme nga Ulqini","description":"Lajme,Vijesti,Ulqini,Ulqin,Crna Gora,Mali i Zi","potentialAction":[{"@type":"SearchAction","target":{"@type":"EntryPoint","urlTemplate":"https:\/\/www.visit-ulcinj.com\/blog\/?s={search_term_string}"},"query-input":"required name=search_term_string"}],"inLanguage":"en-US"},{"@type":"ImageObject","inLanguage":"en-US","@id":"https:\/\/www.visit-ulcinj.com\/blog\/2011\/10\/29\/leterisa-ure-lidhese-midis-popujve\/#primaryimage","url":"https:\/\/www.visit-ulcinj.com\/blog\/wp-content\/uploads\/2011\/10\/Vera-Katana_Ismail-Kadare_Zenel-Katana_Radio-Elita_Ulqin.jpg","contentUrl":"https:\/\/www.visit-ulcinj.com\/blog\/wp-content\/uploads\/2011\/10\/Vera-Katana_Ismail-Kadare_Zenel-Katana_Radio-Elita_Ulqin.jpg","width":"1021","height":"681"},{"@type":"WebPage","@id":"https:\/\/www.visit-ulcinj.com\/blog\/2011\/10\/29\/leterisa-ure-lidhese-midis-popujve\/#webpage","url":"https:\/\/www.visit-ulcinj.com\/blog\/2011\/10\/29\/leterisa-ure-lidhese-midis-popujve\/","name":"Leterisa ure lidhese midis popujve - Video - Lajme nga Ulqini","isPartOf":{"@id":"https:\/\/www.visit-ulcinj.com\/blog\/#website"},"primaryImageOfPage":{"@id":"https:\/\/www.visit-ulcinj.com\/blog\/2011\/10\/29\/leterisa-ure-lidhese-midis-popujve\/#primaryimage"},"datePublished":"2011-10-29T10:08:41+00:00","dateModified":"2011-10-31T08:22:32+00:00","author":{"@id":"https:\/\/www.visit-ulcinj.com\/blog\/#\/schema\/person\/dcab619c614d3038751c63bc2aadc06d"},"description":"N\u00eb kuad\u00ebr t\u00eb projektit nd\u00ebrkomb\u00ebtar\u00eb \u201c Dy gjuh\u00eb nj\u00eb lib\u00ebr\u201d t\u00eb cilin s\u00ebbashku e realizojn\u00eb\u00a0 organizata joqeveritare \u201c Prostori\u201d nga Podgorica\u00a0 dhe","breadcrumb":{"@id":"https:\/\/www.visit-ulcinj.com\/blog\/2011\/10\/29\/leterisa-ure-lidhese-midis-popujve\/#breadcrumb"},"inLanguage":"en-US","potentialAction":[{"@type":"ReadAction","target":["https:\/\/www.visit-ulcinj.com\/blog\/2011\/10\/29\/leterisa-ure-lidhese-midis-popujve\/"]}]},{"@type":"BreadcrumbList","@id":"https:\/\/www.visit-ulcinj.com\/blog\/2011\/10\/29\/leterisa-ure-lidhese-midis-popujve\/#breadcrumb","itemListElement":[{"@type":"ListItem","position":1,"name":"Leterisa ure lidhese midis popujve &#8211; Video"}]},{"@type":"Person","@id":"https:\/\/www.visit-ulcinj.com\/blog\/#\/schema\/person\/dcab619c614d3038751c63bc2aadc06d","name":"ulqini","sameAs":["http:\/\/www.visit-ulcinj.com"],"url":"https:\/\/www.visit-ulcinj.com\/blog\/author\/admin\/"}]}},"jetpack_featured_media_url":"","jetpack_sharing_enabled":true,"jetpack_shortlink":"https:\/\/wp.me\/pe6lTn-dEn","_links":{"self":[{"href":"https:\/\/www.visit-ulcinj.com\/blog\/wp-json\/wp\/v2\/posts\/52475"}],"collection":[{"href":"https:\/\/www.visit-ulcinj.com\/blog\/wp-json\/wp\/v2\/posts"}],"about":[{"href":"https:\/\/www.visit-ulcinj.com\/blog\/wp-json\/wp\/v2\/types\/post"}],"author":[{"embeddable":true,"href":"https:\/\/www.visit-ulcinj.com\/blog\/wp-json\/wp\/v2\/users\/1"}],"replies":[{"embeddable":true,"href":"https:\/\/www.visit-ulcinj.com\/blog\/wp-json\/wp\/v2\/comments?post=52475"}],"version-history":[{"count":6,"href":"https:\/\/www.visit-ulcinj.com\/blog\/wp-json\/wp\/v2\/posts\/52475\/revisions"}],"predecessor-version":[{"id":52546,"href":"https:\/\/www.visit-ulcinj.com\/blog\/wp-json\/wp\/v2\/posts\/52475\/revisions\/52546"}],"wp:attachment":[{"href":"https:\/\/www.visit-ulcinj.com\/blog\/wp-json\/wp\/v2\/media?parent=52475"}],"wp:term":[{"taxonomy":"category","embeddable":true,"href":"https:\/\/www.visit-ulcinj.com\/blog\/wp-json\/wp\/v2\/categories?post=52475"},{"taxonomy":"post_tag","embeddable":true,"href":"https:\/\/www.visit-ulcinj.com\/blog\/wp-json\/wp\/v2\/tags?post=52475"}],"curies":[{"name":"wp","href":"https:\/\/api.w.org\/{rel}","templated":true}]}}