{"id":52478,"date":"2011-10-29T11:32:14","date_gmt":"2011-10-29T10:32:14","guid":{"rendered":"http:\/\/www.visit-ulcinj.com\/blog\/?p=52478"},"modified":"2011-10-29T11:32:14","modified_gmt":"2011-10-29T10:32:14","slug":"taekwondo-uqlini-ne-turneun-nderkombetare-%e2%80%9cgaleb-trophy-serbia-open-2011","status":"publish","type":"post","link":"https:\/\/www.visit-ulcinj.com\/blog\/2011\/10\/29\/taekwondo-uqlini-ne-turneun-nderkombetare-%e2%80%9cgaleb-trophy-serbia-open-2011\/","title":{"rendered":"Taekwondo Uqlini n\u00eb turneun nd\u00ebrkomb\u00ebtar\u00eb \u201cGaleb trophy Serbia open 2011&#8243;"},"content":{"rendered":"<p><a href=\"http:\/\/www.visit-ulcinj.com\/blog\/wp-content\/uploads\/2011\/10\/Taekwondo-Uqlini-n%C3%AB-turneun_Galeb-trophy-Serbia-open-2011.6.jpg\"><img loading=\"lazy\" class=\"alignleft size-full wp-image-52484\" title=\"Taekwondo Uqlini n\u00eb turneun_Galeb trophy Serbia open 2011.6\" src=\"http:\/\/www.visit-ulcinj.com\/blog\/wp-content\/uploads\/2011\/10\/Taekwondo-Uqlini-n%C3%AB-turneun_Galeb-trophy-Serbia-open-2011.6.jpg\" alt=\"\" width=\"508\" height=\"380\" \/><\/a>Me dat\u00eb 22-23.10.2011 n\u00eb Beograd u mbajt\u00eb turneu nd\u00ebrkomb\u00ebtar\u00eb \u201cGaleb trophy Serbia open 2011\u201d n\u00eb sportin olimpik t\u00eb Taekwondo-s\u00eb. Turneu ishte \u00a0i kvalitetit t\u00eb lart\u00eb i kategoris\u00eb superiore \u00a0turneu \u201cA class\u201d turne n\u00eb t\u00eb cilin marrin pjes\u00eb garuesit m\u00eb t\u00eb mir\u00eb dhe m\u00eb kvalitativ i cili \u00a0ishte i \u00a0organizuar nga federata e Taekwondo-s\u00eb s\u00eb Serbis\u00eb n\u00ebn mbikqyrjen e federates\u00eb \u00a0europiane t\u00eb Taekwondo-s\u00eb.<br \/>\nN\u00eb k\u00ebt\u00eb turne \u00a0u paraqit\u00ebn 146 klube 33 shtete me 930 garues.\u00a0 Klubi i Taekwondo-s\u00eb Ulqini p\u00ebr shkaqe finaciare u paraqit me vet\u00ebm nj\u00eb garues.<br \/>\nGaruesi q\u00eb e prezantoj\u00eb qytetin e Ulqinit ishte Mersudin Kurti nj\u00ebri nd\u00ebr garuesit m\u00eb t\u00eb suksesh\u00ebm t\u00eb k\u00ebtij klubi. Garuesi Mersudin Kurti u paraqit n\u00eb kategorin\u00eb e kadet\u00ebve -61 kg, ku n\u00eb at\u00eb kategori ishin plot\u00eb 47 garues\u00eb, dhe rruga ishte e gjat\u00eb deri te medalje. Mersudini pati nj\u00eb paraqitje t\u00eb mir\u00eb mirpo pa sukses\u00eb ku n\u00eb sekondat e fundit humb\u00eb nga p\u00ebrfaqsuesi kroat me rezultatin e ngusht 6:5.<\/p>\n<p>Kryetrajneri Fikret Dushku shprehet: Turneu ishte i nj\u00eb niveli t\u00eb lart\u00eb kategoria superiore apo klasa A e cila udh\u00ebhiqet nga federate europiane. Turneu zgjati p\u00ebr dy dit\u00eb rresht\u00eb konkurrenca ishte tejet e lart\u00eb. Ne u prezantuam me nj\u00eb garues\u00eb ku p\u00ebr shkaqe financiare nuk arrit\u00ebm q\u00eb t\u2019iu japim shanc\u00ebn edhe garuesve tjer\u00eb pasi k\u00ebto turne jan\u00eb me \u00e7mime shum\u00eb t\u00eb larta, sidoqoft\u00eb \u00a0ne n\u00eb k\u00ebto turne k\u00ebrkojm\u00eb p\u00ebrvoj\u00eb dhe eksperienc\u00eb nd\u00ebrkomb\u00ebtare dhe ishte nj\u00eb k\u00ebnaq\u00ebsi t\u00eb b\u00ebsh\u00eb gar\u00eb \u00a0n\u00eb mesin e medalist\u00ebve olimpik, bot\u00ebror\u00eb dhe europian. Ajo edhe \u00e7ka m\u00ebs\u00eb shumti na mungon \u00ebsht\u00eb eksperienca dhe karakteri nd\u00ebrkomb\u00ebtar\u00eb dhe pik\u00ebrisht kjo ishte edhe arsyeja e pjesmarrjes ton\u00eb. Poashtu jemi duke punuar\u00eb dhe synojm\u00eb q\u00eb edhe ne nj\u00eb dit\u00eb t\u00eb arrijme\u00a0 medalje t\u00eb k\u00ebtyre turneve pasi dihet se k\u00ebtu paraqiten garuesit m\u00eb t\u00eb mir\u00eb n\u00eb ranglist\u00ebn bot\u00ebrore ku nuk munguan q\u00eb t\u00eb paraqiten \u00a0edhe garuesit me medalje bot\u00ebrore e madje edhe olimpike nga 4 kontinentet e bot\u00ebs me nj\u00eb numur prej 33 shteteve.<br \/>\nNj\u00eb k\u00ebrkes\u00eb e kemi nga t\u00eb gjith\u00eb ata q\u00eb kan\u00eb mund\u00ebsi ta mb\u00ebshtesin klubin e Taekwondo-s\u00eb Ulqini financiarisht\u00eb si nga komuna e Ulqinit nga afarist\u00ebt tan\u00eb e poashtu edhe nga diaspora\u00a0 n\u00eb m\u00ebnyr\u00eb q\u00eb ta ndihmoj\u00eb klubin e Taekwondo-s\u00eb Ulqinit i cili \u00ebsht\u00eb nj\u00eb klub q\u00eb vazhdimisht sjell medalje dhe kupa nga vendi dhe jasht\u00eb vendit.<br \/>\nFalenderojm\u00eb sponsor\u00ebt t\u00eb cil\u00ebn na e mund\u00ebsuan pjesmarrjen n\u00eb k\u00ebt\u00eb turne si: Tapacir Kurti, Restaurant Alfa, Tula company, Dani company, Kallaba company, sporsorin mediatik Tv Teuta, webfaqet lajme nga Ulqini, Promul Ulqin si dhe t\u00eb gjith\u00eb ata q\u00eb na p\u00ebrkrahin n\u00eb sukseset tona.<\/p>\n<p><strong>Sherbimi\u00a0 informativ i TKD-s\u00eb Ulqini<br \/>\n\n\t\t<style type=\"text\/css\">\n\t\t\t#gallery-1 {\n\t\t\t\tmargin: auto;\n\t\t\t}\n\t\t\t#gallery-1 .gallery-item {\n\t\t\t\tfloat: left;\n\t\t\t\tmargin-top: 10px;\n\t\t\t\ttext-align: center;\n\t\t\t\twidth: 33%;\n\t\t\t}\n\t\t\t#gallery-1 img {\n\t\t\t\tborder: 2px solid #cfcfcf;\n\t\t\t}\n\t\t\t#gallery-1 .gallery-caption {\n\t\t\t\tmargin-left: 0;\n\t\t\t}\n\t\t\t\/* see gallery_shortcode() in wp-includes\/media.php *\/\n\t\t<\/style>\n\t\t<div id='gallery-1' class='gallery galleryid-52478 gallery-columns-3 gallery-size-thumbnail'><dl class='gallery-item'>\n\t\t\t<dt class='gallery-icon landscape'>\n\t\t\t\t<a href='https:\/\/www.visit-ulcinj.com\/blog\/wp-content\/uploads\/2011\/10\/Taekwondo-Uqlini-n\u00eb-turneun_Galeb-trophy-Serbia-open-2011.2.jpg'><img width=\"150\" height=\"150\" src=\"https:\/\/www.visit-ulcinj.com\/blog\/wp-content\/uploads\/2011\/10\/Taekwondo-Uqlini-n\u00eb-turneun_Galeb-trophy-Serbia-open-2011.2-150x150.jpg\" class=\"attachment-thumbnail size-thumbnail\" alt=\"\" loading=\"lazy\" \/><\/a>\n\t\t\t<\/dt><\/dl><dl class='gallery-item'>\n\t\t\t<dt class='gallery-icon landscape'>\n\t\t\t\t<a href='https:\/\/www.visit-ulcinj.com\/blog\/wp-content\/uploads\/2011\/10\/Taekwondo-Uqlini-n\u00eb-turneun_Galeb-trophy-Serbia-open-2011.3.jpg'><img width=\"150\" height=\"150\" src=\"https:\/\/www.visit-ulcinj.com\/blog\/wp-content\/uploads\/2011\/10\/Taekwondo-Uqlini-n\u00eb-turneun_Galeb-trophy-Serbia-open-2011.3-150x150.jpg\" class=\"attachment-thumbnail size-thumbnail\" alt=\"\" loading=\"lazy\" \/><\/a>\n\t\t\t<\/dt><\/dl><dl class='gallery-item'>\n\t\t\t<dt class='gallery-icon landscape'>\n\t\t\t\t<a href='https:\/\/www.visit-ulcinj.com\/blog\/wp-content\/uploads\/2011\/10\/Taekwondo-Uqlini-n\u00eb-turneun_Galeb-trophy-Serbia-open-2011.4.jpg'><img width=\"150\" height=\"150\" src=\"https:\/\/www.visit-ulcinj.com\/blog\/wp-content\/uploads\/2011\/10\/Taekwondo-Uqlini-n\u00eb-turneun_Galeb-trophy-Serbia-open-2011.4-150x150.jpg\" class=\"attachment-thumbnail size-thumbnail\" alt=\"\" loading=\"lazy\" \/><\/a>\n\t\t\t<\/dt><\/dl><br style=\"clear: both\" \/><dl class='gallery-item'>\n\t\t\t<dt class='gallery-icon landscape'>\n\t\t\t\t<a href='https:\/\/www.visit-ulcinj.com\/blog\/wp-content\/uploads\/2011\/10\/Taekwondo-Uqlini-n\u00eb-turneun_Galeb-trophy-Serbia-open-2011.5.jpg'><img width=\"150\" height=\"150\" src=\"https:\/\/www.visit-ulcinj.com\/blog\/wp-content\/uploads\/2011\/10\/Taekwondo-Uqlini-n\u00eb-turneun_Galeb-trophy-Serbia-open-2011.5-150x150.jpg\" class=\"attachment-thumbnail size-thumbnail\" alt=\"\" loading=\"lazy\" \/><\/a>\n\t\t\t<\/dt><\/dl><dl class='gallery-item'>\n\t\t\t<dt class='gallery-icon landscape'>\n\t\t\t\t<a href='https:\/\/www.visit-ulcinj.com\/blog\/wp-content\/uploads\/2011\/10\/Taekwondo-Uqlini-n\u00eb-turneun_Galeb-trophy-Serbia-open-2011.6.jpg'><img width=\"150\" height=\"150\" src=\"https:\/\/www.visit-ulcinj.com\/blog\/wp-content\/uploads\/2011\/10\/Taekwondo-Uqlini-n\u00eb-turneun_Galeb-trophy-Serbia-open-2011.6-150x150.jpg\" class=\"attachment-thumbnail size-thumbnail\" alt=\"\" loading=\"lazy\" \/><\/a>\n\t\t\t<\/dt><\/dl><dl class='gallery-item'>\n\t\t\t<dt class='gallery-icon landscape'>\n\t\t\t\t<a href='https:\/\/www.visit-ulcinj.com\/blog\/wp-content\/uploads\/2011\/10\/Taekwondo-Uqlini-n\u00eb-turneun_Galeb-trophy-Serbia-open-2011.jpg'><img width=\"150\" height=\"150\" src=\"https:\/\/www.visit-ulcinj.com\/blog\/wp-content\/uploads\/2011\/10\/Taekwondo-Uqlini-n\u00eb-turneun_Galeb-trophy-Serbia-open-2011-150x150.jpg\" class=\"attachment-thumbnail size-thumbnail\" alt=\"\" loading=\"lazy\" \/><\/a>\n\t\t\t<\/dt><\/dl><br style=\"clear: both\" \/>\n\t\t<\/div>\n<br \/>\n<!--YouTube Error: bad URL entered--><br \/>\n<\/strong><\/p>\n","protected":false},"excerpt":{"rendered":"<p>Me dat\u00eb 22-23.10.2011 n\u00eb Beograd u mbajt\u00eb turneu nd\u00ebrkomb\u00ebtar\u00eb \u201cGaleb trophy Serbia open 2011\u201d n\u00eb sportin olimpik t\u00eb Taekwondo-s\u00eb. Turneu ishte \u00a0i kvalitetit t\u00eb lart\u00eb i kategoris\u00eb superiore \u00a0turneu \u201cA class\u201d turne n\u00eb t\u00eb cilin marrin pjes\u00eb garuesit m\u00eb t\u00eb mir\u00eb dhe m\u00eb kvalitativ i cili \u00a0ishte i \u00a0organizuar nga federata e Taekwondo-s\u00eb s\u00eb Serbis\u00eb [&hellip;]<\/p>\n","protected":false},"author":1,"featured_media":0,"comment_status":"open","ping_status":"closed","sticky":false,"template":"","format":"standard","meta":{"spay_email":"","jetpack_publicize_message":"","jetpack_is_tweetstorm":false,"jetpack_publicize_feature_enabled":true},"categories":[3],"tags":[19256,19258,19257],"jetpack_publicize_connections":[],"yoast_head":"<!-- This site is optimized with the Yoast SEO plugin v19.1 - https:\/\/yoast.com\/wordpress\/plugins\/seo\/ -->\n<title>Taekwondo Uqlini n\u00eb turneun nd\u00ebrkomb\u00ebtar\u00eb \u201cGaleb trophy Serbia open 2011&quot; - Lajme nga Ulqini<\/title>\n<meta name=\"description\" content=\"Me dat\u00eb 22-23.10.2011 n\u00eb Beograd u mbajt\u00eb turneu nd\u00ebrkomb\u00ebtar\u00eb \u201cGaleb trophy Serbia open 2011\u201d n\u00eb sportin olimpik t\u00eb Taekwondo-s\u00eb. Turneu ishte \u00a0i\" \/>\n<meta name=\"robots\" content=\"index, follow, max-snippet:-1, max-image-preview:large, max-video-preview:-1\" \/>\n<link rel=\"canonical\" href=\"https:\/\/www.visit-ulcinj.com\/blog\/2011\/10\/29\/taekwondo-uqlini-ne-turneun-nderkombetare-\u201cgaleb-trophy-serbia-open-2011\/\" \/>\n<meta property=\"og:locale\" content=\"en_US\" \/>\n<meta property=\"og:type\" content=\"article\" \/>\n<meta property=\"og:title\" content=\"Taekwondo Uqlini n\u00eb turneun nd\u00ebrkomb\u00ebtar\u00eb \u201cGaleb trophy Serbia open 2011&quot; - Lajme nga Ulqini\" \/>\n<meta property=\"og:description\" content=\"Me dat\u00eb 22-23.10.2011 n\u00eb Beograd u mbajt\u00eb turneu nd\u00ebrkomb\u00ebtar\u00eb \u201cGaleb trophy Serbia open 2011\u201d n\u00eb sportin olimpik t\u00eb Taekwondo-s\u00eb. Turneu ishte \u00a0i\" \/>\n<meta property=\"og:url\" content=\"https:\/\/www.visit-ulcinj.com\/blog\/2011\/10\/29\/taekwondo-uqlini-ne-turneun-nderkombetare-\u201cgaleb-trophy-serbia-open-2011\/\" \/>\n<meta property=\"og:site_name\" content=\"Lajme nga Ulqini\" \/>\n<meta property=\"article:published_time\" content=\"2011-10-29T10:32:14+00:00\" \/>\n<meta property=\"og:image\" content=\"https:\/\/www.visit-ulcinj.com\/blog\/wp-content\/uploads\/2011\/10\/Taekwondo-Uqlini-n\u00eb-turneun_Galeb-trophy-Serbia-open-2011.2-150x150.jpg\" \/>\n<meta name=\"twitter:label1\" content=\"Written by\" \/>\n\t<meta name=\"twitter:data1\" content=\"ulqini\" \/>\n\t<meta name=\"twitter:label2\" content=\"Est. reading time\" \/>\n\t<meta name=\"twitter:data2\" content=\"2 minutes\" \/>\n<script type=\"application\/ld+json\" class=\"yoast-schema-graph\">{\"@context\":\"https:\/\/schema.org\",\"@graph\":[{\"@type\":\"WebSite\",\"@id\":\"https:\/\/www.visit-ulcinj.com\/blog\/#website\",\"url\":\"https:\/\/www.visit-ulcinj.com\/blog\/\",\"name\":\"Lajme nga Ulqini\",\"description\":\"Lajme,Vijesti,Ulqini,Ulqin,Crna Gora,Mali i Zi\",\"potentialAction\":[{\"@type\":\"SearchAction\",\"target\":{\"@type\":\"EntryPoint\",\"urlTemplate\":\"https:\/\/www.visit-ulcinj.com\/blog\/?s={search_term_string}\"},\"query-input\":\"required name=search_term_string\"}],\"inLanguage\":\"en-US\"},{\"@type\":\"ImageObject\",\"inLanguage\":\"en-US\",\"@id\":\"https:\/\/www.visit-ulcinj.com\/blog\/2011\/10\/29\/taekwondo-uqlini-ne-turneun-nderkombetare-%e2%80%9cgaleb-trophy-serbia-open-2011\/#primaryimage\",\"url\":\"http:\/\/www.visit-ulcinj.com\/blog\/wp-content\/uploads\/2011\/10\/Taekwondo-Uqlini-n%C3%AB-turneun_Galeb-trophy-Serbia-open-2011.6.jpg\",\"contentUrl\":\"http:\/\/www.visit-ulcinj.com\/blog\/wp-content\/uploads\/2011\/10\/Taekwondo-Uqlini-n%C3%AB-turneun_Galeb-trophy-Serbia-open-2011.6.jpg\"},{\"@type\":\"WebPage\",\"@id\":\"https:\/\/www.visit-ulcinj.com\/blog\/2011\/10\/29\/taekwondo-uqlini-ne-turneun-nderkombetare-%e2%80%9cgaleb-trophy-serbia-open-2011\/#webpage\",\"url\":\"https:\/\/www.visit-ulcinj.com\/blog\/2011\/10\/29\/taekwondo-uqlini-ne-turneun-nderkombetare-%e2%80%9cgaleb-trophy-serbia-open-2011\/\",\"name\":\"Taekwondo Uqlini n\u00eb turneun nd\u00ebrkomb\u00ebtar\u00eb \u201cGaleb trophy Serbia open 2011\\\" - Lajme nga Ulqini\",\"isPartOf\":{\"@id\":\"https:\/\/www.visit-ulcinj.com\/blog\/#website\"},\"primaryImageOfPage\":{\"@id\":\"https:\/\/www.visit-ulcinj.com\/blog\/2011\/10\/29\/taekwondo-uqlini-ne-turneun-nderkombetare-%e2%80%9cgaleb-trophy-serbia-open-2011\/#primaryimage\"},\"datePublished\":\"2011-10-29T10:32:14+00:00\",\"dateModified\":\"2011-10-29T10:32:14+00:00\",\"author\":{\"@id\":\"https:\/\/www.visit-ulcinj.com\/blog\/#\/schema\/person\/dcab619c614d3038751c63bc2aadc06d\"},\"description\":\"Me dat\u00eb 22-23.10.2011 n\u00eb Beograd u mbajt\u00eb turneu nd\u00ebrkomb\u00ebtar\u00eb \u201cGaleb trophy Serbia open 2011\u201d n\u00eb sportin olimpik t\u00eb Taekwondo-s\u00eb. Turneu ishte \u00a0i\",\"breadcrumb\":{\"@id\":\"https:\/\/www.visit-ulcinj.com\/blog\/2011\/10\/29\/taekwondo-uqlini-ne-turneun-nderkombetare-%e2%80%9cgaleb-trophy-serbia-open-2011\/#breadcrumb\"},\"inLanguage\":\"en-US\",\"potentialAction\":[{\"@type\":\"ReadAction\",\"target\":[\"https:\/\/www.visit-ulcinj.com\/blog\/2011\/10\/29\/taekwondo-uqlini-ne-turneun-nderkombetare-%e2%80%9cgaleb-trophy-serbia-open-2011\/\"]}]},{\"@type\":\"BreadcrumbList\",\"@id\":\"https:\/\/www.visit-ulcinj.com\/blog\/2011\/10\/29\/taekwondo-uqlini-ne-turneun-nderkombetare-%e2%80%9cgaleb-trophy-serbia-open-2011\/#breadcrumb\",\"itemListElement\":[{\"@type\":\"ListItem\",\"position\":1,\"name\":\"Taekwondo Uqlini n\u00eb turneun nd\u00ebrkomb\u00ebtar\u00eb \u201cGaleb trophy Serbia open 2011&#8243;\"}]},{\"@type\":\"Person\",\"@id\":\"https:\/\/www.visit-ulcinj.com\/blog\/#\/schema\/person\/dcab619c614d3038751c63bc2aadc06d\",\"name\":\"ulqini\",\"sameAs\":[\"http:\/\/www.visit-ulcinj.com\"],\"url\":\"https:\/\/www.visit-ulcinj.com\/blog\/author\/admin\/\"}]}<\/script>\n<!-- \/ Yoast SEO plugin. -->","yoast_head_json":{"title":"Taekwondo Uqlini n\u00eb turneun nd\u00ebrkomb\u00ebtar\u00eb \u201cGaleb trophy Serbia open 2011\" - Lajme nga Ulqini","description":"Me dat\u00eb 22-23.10.2011 n\u00eb Beograd u mbajt\u00eb turneu nd\u00ebrkomb\u00ebtar\u00eb \u201cGaleb trophy Serbia open 2011\u201d n\u00eb sportin olimpik t\u00eb Taekwondo-s\u00eb. Turneu ishte \u00a0i","robots":{"index":"index","follow":"follow","max-snippet":"max-snippet:-1","max-image-preview":"max-image-preview:large","max-video-preview":"max-video-preview:-1"},"canonical":"https:\/\/www.visit-ulcinj.com\/blog\/2011\/10\/29\/taekwondo-uqlini-ne-turneun-nderkombetare-\u201cgaleb-trophy-serbia-open-2011\/","og_locale":"en_US","og_type":"article","og_title":"Taekwondo Uqlini n\u00eb turneun nd\u00ebrkomb\u00ebtar\u00eb \u201cGaleb trophy Serbia open 2011\" - Lajme nga Ulqini","og_description":"Me dat\u00eb 22-23.10.2011 n\u00eb Beograd u mbajt\u00eb turneu nd\u00ebrkomb\u00ebtar\u00eb \u201cGaleb trophy Serbia open 2011\u201d n\u00eb sportin olimpik t\u00eb Taekwondo-s\u00eb. Turneu ishte \u00a0i","og_url":"https:\/\/www.visit-ulcinj.com\/blog\/2011\/10\/29\/taekwondo-uqlini-ne-turneun-nderkombetare-\u201cgaleb-trophy-serbia-open-2011\/","og_site_name":"Lajme nga Ulqini","article_published_time":"2011-10-29T10:32:14+00:00","og_image":[{"url":"https:\/\/www.visit-ulcinj.com\/blog\/wp-content\/uploads\/2011\/10\/Taekwondo-Uqlini-n\u00eb-turneun_Galeb-trophy-Serbia-open-2011.2-150x150.jpg"}],"twitter_misc":{"Written by":"ulqini","Est. reading time":"2 minutes"},"schema":{"@context":"https:\/\/schema.org","@graph":[{"@type":"WebSite","@id":"https:\/\/www.visit-ulcinj.com\/blog\/#website","url":"https:\/\/www.visit-ulcinj.com\/blog\/","name":"Lajme nga Ulqini","description":"Lajme,Vijesti,Ulqini,Ulqin,Crna Gora,Mali i Zi","potentialAction":[{"@type":"SearchAction","target":{"@type":"EntryPoint","urlTemplate":"https:\/\/www.visit-ulcinj.com\/blog\/?s={search_term_string}"},"query-input":"required name=search_term_string"}],"inLanguage":"en-US"},{"@type":"ImageObject","inLanguage":"en-US","@id":"https:\/\/www.visit-ulcinj.com\/blog\/2011\/10\/29\/taekwondo-uqlini-ne-turneun-nderkombetare-%e2%80%9cgaleb-trophy-serbia-open-2011\/#primaryimage","url":"http:\/\/www.visit-ulcinj.com\/blog\/wp-content\/uploads\/2011\/10\/Taekwondo-Uqlini-n%C3%AB-turneun_Galeb-trophy-Serbia-open-2011.6.jpg","contentUrl":"http:\/\/www.visit-ulcinj.com\/blog\/wp-content\/uploads\/2011\/10\/Taekwondo-Uqlini-n%C3%AB-turneun_Galeb-trophy-Serbia-open-2011.6.jpg"},{"@type":"WebPage","@id":"https:\/\/www.visit-ulcinj.com\/blog\/2011\/10\/29\/taekwondo-uqlini-ne-turneun-nderkombetare-%e2%80%9cgaleb-trophy-serbia-open-2011\/#webpage","url":"https:\/\/www.visit-ulcinj.com\/blog\/2011\/10\/29\/taekwondo-uqlini-ne-turneun-nderkombetare-%e2%80%9cgaleb-trophy-serbia-open-2011\/","name":"Taekwondo Uqlini n\u00eb turneun nd\u00ebrkomb\u00ebtar\u00eb \u201cGaleb trophy Serbia open 2011\" - Lajme nga Ulqini","isPartOf":{"@id":"https:\/\/www.visit-ulcinj.com\/blog\/#website"},"primaryImageOfPage":{"@id":"https:\/\/www.visit-ulcinj.com\/blog\/2011\/10\/29\/taekwondo-uqlini-ne-turneun-nderkombetare-%e2%80%9cgaleb-trophy-serbia-open-2011\/#primaryimage"},"datePublished":"2011-10-29T10:32:14+00:00","dateModified":"2011-10-29T10:32:14+00:00","author":{"@id":"https:\/\/www.visit-ulcinj.com\/blog\/#\/schema\/person\/dcab619c614d3038751c63bc2aadc06d"},"description":"Me dat\u00eb 22-23.10.2011 n\u00eb Beograd u mbajt\u00eb turneu nd\u00ebrkomb\u00ebtar\u00eb \u201cGaleb trophy Serbia open 2011\u201d n\u00eb sportin olimpik t\u00eb Taekwondo-s\u00eb. Turneu ishte \u00a0i","breadcrumb":{"@id":"https:\/\/www.visit-ulcinj.com\/blog\/2011\/10\/29\/taekwondo-uqlini-ne-turneun-nderkombetare-%e2%80%9cgaleb-trophy-serbia-open-2011\/#breadcrumb"},"inLanguage":"en-US","potentialAction":[{"@type":"ReadAction","target":["https:\/\/www.visit-ulcinj.com\/blog\/2011\/10\/29\/taekwondo-uqlini-ne-turneun-nderkombetare-%e2%80%9cgaleb-trophy-serbia-open-2011\/"]}]},{"@type":"BreadcrumbList","@id":"https:\/\/www.visit-ulcinj.com\/blog\/2011\/10\/29\/taekwondo-uqlini-ne-turneun-nderkombetare-%e2%80%9cgaleb-trophy-serbia-open-2011\/#breadcrumb","itemListElement":[{"@type":"ListItem","position":1,"name":"Taekwondo Uqlini n\u00eb turneun nd\u00ebrkomb\u00ebtar\u00eb \u201cGaleb trophy Serbia open 2011&#8243;"}]},{"@type":"Person","@id":"https:\/\/www.visit-ulcinj.com\/blog\/#\/schema\/person\/dcab619c614d3038751c63bc2aadc06d","name":"ulqini","sameAs":["http:\/\/www.visit-ulcinj.com"],"url":"https:\/\/www.visit-ulcinj.com\/blog\/author\/admin\/"}]}},"jetpack_featured_media_url":"","jetpack_sharing_enabled":true,"jetpack_shortlink":"https:\/\/wp.me\/pe6lTn-dEq","_links":{"self":[{"href":"https:\/\/www.visit-ulcinj.com\/blog\/wp-json\/wp\/v2\/posts\/52478"}],"collection":[{"href":"https:\/\/www.visit-ulcinj.com\/blog\/wp-json\/wp\/v2\/posts"}],"about":[{"href":"https:\/\/www.visit-ulcinj.com\/blog\/wp-json\/wp\/v2\/types\/post"}],"author":[{"embeddable":true,"href":"https:\/\/www.visit-ulcinj.com\/blog\/wp-json\/wp\/v2\/users\/1"}],"replies":[{"embeddable":true,"href":"https:\/\/www.visit-ulcinj.com\/blog\/wp-json\/wp\/v2\/comments?post=52478"}],"version-history":[{"count":1,"href":"https:\/\/www.visit-ulcinj.com\/blog\/wp-json\/wp\/v2\/posts\/52478\/revisions"}],"predecessor-version":[{"id":52486,"href":"https:\/\/www.visit-ulcinj.com\/blog\/wp-json\/wp\/v2\/posts\/52478\/revisions\/52486"}],"wp:attachment":[{"href":"https:\/\/www.visit-ulcinj.com\/blog\/wp-json\/wp\/v2\/media?parent=52478"}],"wp:term":[{"taxonomy":"category","embeddable":true,"href":"https:\/\/www.visit-ulcinj.com\/blog\/wp-json\/wp\/v2\/categories?post=52478"},{"taxonomy":"post_tag","embeddable":true,"href":"https:\/\/www.visit-ulcinj.com\/blog\/wp-json\/wp\/v2\/tags?post=52478"}],"curies":[{"name":"wp","href":"https:\/\/api.w.org\/{rel}","templated":true}]}}