{"id":52491,"date":"2011-10-29T12:10:50","date_gmt":"2011-10-29T11:10:50","guid":{"rendered":"http:\/\/www.visit-ulcinj.com\/blog\/?p=52491"},"modified":"2011-10-29T12:10:50","modified_gmt":"2011-10-29T11:10:50","slug":"ardian-bujupi-%e2%80%93-this-is-my-time-video","status":"publish","type":"post","link":"https:\/\/www.visit-ulcinj.com\/blog\/2011\/10\/29\/ardian-bujupi-%e2%80%93-this-is-my-time-video\/","title":{"rendered":"Ardian Bujupi \u2013 This Is My Time &#8211; Video"},"content":{"rendered":"<p><a href=\"http:\/\/www.visit-ulcinj.com\/blog\/wp-content\/uploads\/2011\/10\/Ardian-Bujupi.jpg\"><img loading=\"lazy\" class=\"alignleft size-full wp-image-52492\" title=\"Ardian Bujupi\" src=\"http:\/\/www.visit-ulcinj.com\/blog\/wp-content\/uploads\/2011\/10\/Ardian-Bujupi.jpg\" alt=\"\" width=\"508\" height=\"608\" \/><\/a>K\u00ebnga quhet \u201cThis is my time\u201d (\u00cbsht\u00eb koha ime), dhe do t\u00eb transmetohet n\u00eb MTV e Viva.<\/p>\n<p>K\u00ebnga flet p\u00ebr t\u00eb, p\u00ebr suksesin q\u00eb ka arritur dhe p\u00ebr at\u00eb se si ka dashur gjithmon\u00eb t\u00eb realizoj\u00eb \u00ebndrr\u00ebn e t\u00eb qenit nj\u00eb yll i muzik\u00ebs.<br \/>\nBujupi u b\u00eb i famsh\u00ebm n\u00eb Gjermani, Zvic\u00ebr e Austri me pjes\u00ebmarrjen n\u00eb Deutschland Sucht Den Superstar, ku shkoi deri n\u00eb gjysm\u00ebfinale.<\/p>\n<p><strong>Ekonomisti<\/strong><\/p>\n<!--YouTube Error: bad URL entered-->\n","protected":false},"excerpt":{"rendered":"<p>K\u00ebnga quhet \u201cThis is my time\u201d (\u00cbsht\u00eb koha ime), dhe do t\u00eb transmetohet n\u00eb MTV e Viva. K\u00ebnga flet p\u00ebr t\u00eb, p\u00ebr suksesin q\u00eb ka arritur dhe p\u00ebr at\u00eb se si ka dashur gjithmon\u00eb t\u00eb realizoj\u00eb \u00ebndrr\u00ebn e t\u00eb qenit nj\u00eb yll i muzik\u00ebs. Bujupi u b\u00eb i famsh\u00ebm n\u00eb Gjermani, Zvic\u00ebr e Austri me [&hellip;]<\/p>\n","protected":false},"author":1,"featured_media":0,"comment_status":"open","ping_status":"closed","sticky":false,"template":"","format":"standard","meta":{"spay_email":"","jetpack_publicize_message":"","jetpack_is_tweetstorm":false,"jetpack_publicize_feature_enabled":true},"categories":[1],"tags":[18114,19259,19260],"jetpack_publicize_connections":[],"yoast_head":"<!-- This site is optimized with the Yoast SEO plugin v19.1 - https:\/\/yoast.com\/wordpress\/plugins\/seo\/ -->\n<title>Ardian Bujupi \u2013 This Is My Time - Video - Lajme nga Ulqini<\/title>\n<meta name=\"description\" content=\"K\u00ebnga quhet \u201cThis is my time\u201d (\u00cbsht\u00eb koha ime), dhe do t\u00eb transmetohet n\u00eb MTV e Viva. K\u00ebnga flet p\u00ebr t\u00eb, p\u00ebr suksesin q\u00eb ka arritur dhe p\u00ebr at\u00eb se si ka\" \/>\n<meta name=\"robots\" content=\"index, follow, max-snippet:-1, max-image-preview:large, max-video-preview:-1\" \/>\n<link rel=\"canonical\" href=\"https:\/\/www.visit-ulcinj.com\/blog\/2011\/10\/29\/ardian-bujupi-\u2013-this-is-my-time-video\/\" \/>\n<meta property=\"og:locale\" content=\"en_US\" \/>\n<meta property=\"og:type\" content=\"article\" \/>\n<meta property=\"og:title\" content=\"Ardian Bujupi \u2013 This Is My Time - Video - Lajme nga Ulqini\" \/>\n<meta property=\"og:description\" content=\"K\u00ebnga quhet \u201cThis is my time\u201d (\u00cbsht\u00eb koha ime), dhe do t\u00eb transmetohet n\u00eb MTV e Viva. K\u00ebnga flet p\u00ebr t\u00eb, p\u00ebr suksesin q\u00eb ka arritur dhe p\u00ebr at\u00eb se si ka\" \/>\n<meta property=\"og:url\" content=\"https:\/\/www.visit-ulcinj.com\/blog\/2011\/10\/29\/ardian-bujupi-\u2013-this-is-my-time-video\/\" \/>\n<meta property=\"og:site_name\" content=\"Lajme nga Ulqini\" \/>\n<meta property=\"article:published_time\" content=\"2011-10-29T11:10:50+00:00\" \/>\n<meta property=\"og:image\" content=\"http:\/\/www.visit-ulcinj.com\/blog\/wp-content\/uploads\/2011\/10\/Ardian-Bujupi.jpg\" \/>\n<meta name=\"twitter:label1\" content=\"Written by\" \/>\n\t<meta name=\"twitter:data1\" content=\"ulqini\" \/>\n<script type=\"application\/ld+json\" class=\"yoast-schema-graph\">{\"@context\":\"https:\/\/schema.org\",\"@graph\":[{\"@type\":\"WebSite\",\"@id\":\"https:\/\/www.visit-ulcinj.com\/blog\/#website\",\"url\":\"https:\/\/www.visit-ulcinj.com\/blog\/\",\"name\":\"Lajme nga Ulqini\",\"description\":\"Lajme,Vijesti,Ulqini,Ulqin,Crna Gora,Mali i Zi\",\"potentialAction\":[{\"@type\":\"SearchAction\",\"target\":{\"@type\":\"EntryPoint\",\"urlTemplate\":\"https:\/\/www.visit-ulcinj.com\/blog\/?s={search_term_string}\"},\"query-input\":\"required name=search_term_string\"}],\"inLanguage\":\"en-US\"},{\"@type\":\"ImageObject\",\"inLanguage\":\"en-US\",\"@id\":\"https:\/\/www.visit-ulcinj.com\/blog\/2011\/10\/29\/ardian-bujupi-%e2%80%93-this-is-my-time-video\/#primaryimage\",\"url\":\"https:\/\/www.visit-ulcinj.com\/blog\/wp-content\/uploads\/2011\/10\/Ardian-Bujupi.jpg\",\"contentUrl\":\"https:\/\/www.visit-ulcinj.com\/blog\/wp-content\/uploads\/2011\/10\/Ardian-Bujupi.jpg\",\"width\":\"600\",\"height\":\"770\"},{\"@type\":\"WebPage\",\"@id\":\"https:\/\/www.visit-ulcinj.com\/blog\/2011\/10\/29\/ardian-bujupi-%e2%80%93-this-is-my-time-video\/#webpage\",\"url\":\"https:\/\/www.visit-ulcinj.com\/blog\/2011\/10\/29\/ardian-bujupi-%e2%80%93-this-is-my-time-video\/\",\"name\":\"Ardian Bujupi \u2013 This Is My Time - Video - Lajme nga Ulqini\",\"isPartOf\":{\"@id\":\"https:\/\/www.visit-ulcinj.com\/blog\/#website\"},\"primaryImageOfPage\":{\"@id\":\"https:\/\/www.visit-ulcinj.com\/blog\/2011\/10\/29\/ardian-bujupi-%e2%80%93-this-is-my-time-video\/#primaryimage\"},\"datePublished\":\"2011-10-29T11:10:50+00:00\",\"dateModified\":\"2011-10-29T11:10:50+00:00\",\"author\":{\"@id\":\"https:\/\/www.visit-ulcinj.com\/blog\/#\/schema\/person\/dcab619c614d3038751c63bc2aadc06d\"},\"description\":\"K\u00ebnga quhet \u201cThis is my time\u201d (\u00cbsht\u00eb koha ime), dhe do t\u00eb transmetohet n\u00eb MTV e Viva. K\u00ebnga flet p\u00ebr t\u00eb, p\u00ebr suksesin q\u00eb ka arritur dhe p\u00ebr at\u00eb se si ka\",\"breadcrumb\":{\"@id\":\"https:\/\/www.visit-ulcinj.com\/blog\/2011\/10\/29\/ardian-bujupi-%e2%80%93-this-is-my-time-video\/#breadcrumb\"},\"inLanguage\":\"en-US\",\"potentialAction\":[{\"@type\":\"ReadAction\",\"target\":[\"https:\/\/www.visit-ulcinj.com\/blog\/2011\/10\/29\/ardian-bujupi-%e2%80%93-this-is-my-time-video\/\"]}]},{\"@type\":\"BreadcrumbList\",\"@id\":\"https:\/\/www.visit-ulcinj.com\/blog\/2011\/10\/29\/ardian-bujupi-%e2%80%93-this-is-my-time-video\/#breadcrumb\",\"itemListElement\":[{\"@type\":\"ListItem\",\"position\":1,\"name\":\"Ardian Bujupi \u2013 This Is My Time &#8211; Video\"}]},{\"@type\":\"Person\",\"@id\":\"https:\/\/www.visit-ulcinj.com\/blog\/#\/schema\/person\/dcab619c614d3038751c63bc2aadc06d\",\"name\":\"ulqini\",\"sameAs\":[\"http:\/\/www.visit-ulcinj.com\"],\"url\":\"https:\/\/www.visit-ulcinj.com\/blog\/author\/admin\/\"}]}<\/script>\n<!-- \/ Yoast SEO plugin. -->","yoast_head_json":{"title":"Ardian Bujupi \u2013 This Is My Time - Video - Lajme nga Ulqini","description":"K\u00ebnga quhet \u201cThis is my time\u201d (\u00cbsht\u00eb koha ime), dhe do t\u00eb transmetohet n\u00eb MTV e Viva. K\u00ebnga flet p\u00ebr t\u00eb, p\u00ebr suksesin q\u00eb ka arritur dhe p\u00ebr at\u00eb se si ka","robots":{"index":"index","follow":"follow","max-snippet":"max-snippet:-1","max-image-preview":"max-image-preview:large","max-video-preview":"max-video-preview:-1"},"canonical":"https:\/\/www.visit-ulcinj.com\/blog\/2011\/10\/29\/ardian-bujupi-\u2013-this-is-my-time-video\/","og_locale":"en_US","og_type":"article","og_title":"Ardian Bujupi \u2013 This Is My Time - Video - Lajme nga Ulqini","og_description":"K\u00ebnga quhet \u201cThis is my time\u201d (\u00cbsht\u00eb koha ime), dhe do t\u00eb transmetohet n\u00eb MTV e Viva. K\u00ebnga flet p\u00ebr t\u00eb, p\u00ebr suksesin q\u00eb ka arritur dhe p\u00ebr at\u00eb se si ka","og_url":"https:\/\/www.visit-ulcinj.com\/blog\/2011\/10\/29\/ardian-bujupi-\u2013-this-is-my-time-video\/","og_site_name":"Lajme nga Ulqini","article_published_time":"2011-10-29T11:10:50+00:00","og_image":[{"url":"http:\/\/www.visit-ulcinj.com\/blog\/wp-content\/uploads\/2011\/10\/Ardian-Bujupi.jpg"}],"twitter_misc":{"Written by":"ulqini"},"schema":{"@context":"https:\/\/schema.org","@graph":[{"@type":"WebSite","@id":"https:\/\/www.visit-ulcinj.com\/blog\/#website","url":"https:\/\/www.visit-ulcinj.com\/blog\/","name":"Lajme nga Ulqini","description":"Lajme,Vijesti,Ulqini,Ulqin,Crna Gora,Mali i Zi","potentialAction":[{"@type":"SearchAction","target":{"@type":"EntryPoint","urlTemplate":"https:\/\/www.visit-ulcinj.com\/blog\/?s={search_term_string}"},"query-input":"required name=search_term_string"}],"inLanguage":"en-US"},{"@type":"ImageObject","inLanguage":"en-US","@id":"https:\/\/www.visit-ulcinj.com\/blog\/2011\/10\/29\/ardian-bujupi-%e2%80%93-this-is-my-time-video\/#primaryimage","url":"https:\/\/www.visit-ulcinj.com\/blog\/wp-content\/uploads\/2011\/10\/Ardian-Bujupi.jpg","contentUrl":"https:\/\/www.visit-ulcinj.com\/blog\/wp-content\/uploads\/2011\/10\/Ardian-Bujupi.jpg","width":"600","height":"770"},{"@type":"WebPage","@id":"https:\/\/www.visit-ulcinj.com\/blog\/2011\/10\/29\/ardian-bujupi-%e2%80%93-this-is-my-time-video\/#webpage","url":"https:\/\/www.visit-ulcinj.com\/blog\/2011\/10\/29\/ardian-bujupi-%e2%80%93-this-is-my-time-video\/","name":"Ardian Bujupi \u2013 This Is My Time - Video - Lajme nga Ulqini","isPartOf":{"@id":"https:\/\/www.visit-ulcinj.com\/blog\/#website"},"primaryImageOfPage":{"@id":"https:\/\/www.visit-ulcinj.com\/blog\/2011\/10\/29\/ardian-bujupi-%e2%80%93-this-is-my-time-video\/#primaryimage"},"datePublished":"2011-10-29T11:10:50+00:00","dateModified":"2011-10-29T11:10:50+00:00","author":{"@id":"https:\/\/www.visit-ulcinj.com\/blog\/#\/schema\/person\/dcab619c614d3038751c63bc2aadc06d"},"description":"K\u00ebnga quhet \u201cThis is my time\u201d (\u00cbsht\u00eb koha ime), dhe do t\u00eb transmetohet n\u00eb MTV e Viva. K\u00ebnga flet p\u00ebr t\u00eb, p\u00ebr suksesin q\u00eb ka arritur dhe p\u00ebr at\u00eb se si ka","breadcrumb":{"@id":"https:\/\/www.visit-ulcinj.com\/blog\/2011\/10\/29\/ardian-bujupi-%e2%80%93-this-is-my-time-video\/#breadcrumb"},"inLanguage":"en-US","potentialAction":[{"@type":"ReadAction","target":["https:\/\/www.visit-ulcinj.com\/blog\/2011\/10\/29\/ardian-bujupi-%e2%80%93-this-is-my-time-video\/"]}]},{"@type":"BreadcrumbList","@id":"https:\/\/www.visit-ulcinj.com\/blog\/2011\/10\/29\/ardian-bujupi-%e2%80%93-this-is-my-time-video\/#breadcrumb","itemListElement":[{"@type":"ListItem","position":1,"name":"Ardian Bujupi \u2013 This Is My Time &#8211; Video"}]},{"@type":"Person","@id":"https:\/\/www.visit-ulcinj.com\/blog\/#\/schema\/person\/dcab619c614d3038751c63bc2aadc06d","name":"ulqini","sameAs":["http:\/\/www.visit-ulcinj.com"],"url":"https:\/\/www.visit-ulcinj.com\/blog\/author\/admin\/"}]}},"jetpack_featured_media_url":"","jetpack_sharing_enabled":true,"jetpack_shortlink":"https:\/\/wp.me\/pe6lTn-dED","_links":{"self":[{"href":"https:\/\/www.visit-ulcinj.com\/blog\/wp-json\/wp\/v2\/posts\/52491"}],"collection":[{"href":"https:\/\/www.visit-ulcinj.com\/blog\/wp-json\/wp\/v2\/posts"}],"about":[{"href":"https:\/\/www.visit-ulcinj.com\/blog\/wp-json\/wp\/v2\/types\/post"}],"author":[{"embeddable":true,"href":"https:\/\/www.visit-ulcinj.com\/blog\/wp-json\/wp\/v2\/users\/1"}],"replies":[{"embeddable":true,"href":"https:\/\/www.visit-ulcinj.com\/blog\/wp-json\/wp\/v2\/comments?post=52491"}],"version-history":[{"count":1,"href":"https:\/\/www.visit-ulcinj.com\/blog\/wp-json\/wp\/v2\/posts\/52491\/revisions"}],"predecessor-version":[{"id":52493,"href":"https:\/\/www.visit-ulcinj.com\/blog\/wp-json\/wp\/v2\/posts\/52491\/revisions\/52493"}],"wp:attachment":[{"href":"https:\/\/www.visit-ulcinj.com\/blog\/wp-json\/wp\/v2\/media?parent=52491"}],"wp:term":[{"taxonomy":"category","embeddable":true,"href":"https:\/\/www.visit-ulcinj.com\/blog\/wp-json\/wp\/v2\/categories?post=52491"},{"taxonomy":"post_tag","embeddable":true,"href":"https:\/\/www.visit-ulcinj.com\/blog\/wp-json\/wp\/v2\/tags?post=52491"}],"curies":[{"name":"wp","href":"https:\/\/api.w.org\/{rel}","templated":true}]}}