{"id":52497,"date":"2011-10-29T14:24:05","date_gmt":"2011-10-29T13:24:05","guid":{"rendered":"http:\/\/www.visit-ulcinj.com\/blog\/?p=52497"},"modified":"2011-11-04T16:45:40","modified_gmt":"2011-11-04T15:45:40","slug":"konferenca-shkencore-%e2%80%9ckraja-me-vecantite-shestanase-ne-rrjedhen-e-shekujve%e2%80%9d","status":"publish","type":"post","link":"https:\/\/www.visit-ulcinj.com\/blog\/2011\/10\/29\/konferenca-shkencore-%e2%80%9ckraja-me-vecantite-shestanase-ne-rrjedhen-e-shekujve%e2%80%9d\/","title":{"rendered":"Konferenca shkencore \u201cKraja me ve\u00e7antit\u00eb shestanase n\u00eb rrjedh\u00ebn e shekujve\u201d- Video"},"content":{"rendered":"<p><a href=\"http:\/\/www.visit-ulcinj.com\/blog\/wp-content\/uploads\/2011\/10\/Kraja-me-ve%C3%A7antit%C3%AB-shestanase-n%C3%AB-rrjedh%C3%ABn-e-shekujve_GEZIM-URUCI.jpg\"><img loading=\"lazy\" class=\"alignleft size-full wp-image-52503\" title=\"Kraja me ve\u00e7antit\u00eb shestanase n\u00eb rrjedh\u00ebn e shekujve_GEZIM URUCI\" src=\"http:\/\/www.visit-ulcinj.com\/blog\/wp-content\/uploads\/2011\/10\/Kraja-me-ve%C3%A7antit%C3%AB-shestanase-n%C3%AB-rrjedh%C3%ABn-e-shekujve_GEZIM-URUCI.jpg\" alt=\"\" width=\"508\" height=\"380\" \/><\/a>Nj\u00eb tubim i suksessh\u00ebm gjith\u00ebkomb\u00ebtar\u00a0Konferenca shkencore \u201cKraja me ve\u00e7antit\u00eb\u00a0shestanase n\u00eb rrjedh\u00ebn e shekujve\u201d, e cila\u00a0u mbajt dit\u00eb m\u00eb par\u00eb n\u00eb Ulqin, ka qen\u00eb nj\u00eb\u00a0organizim i suksessh\u00ebm dhe ia ka arritur\u00a0q\u00ebllimit t\u00eb saj, vler\u00ebson an\u00ebtari i k\u00ebshillit organizues\u00a0t\u00eb k\u00ebsaj konference, prof. dr. Sim\u00eb\u00a0Dobreci.\u00a0Sipas tij, q\u00ebllimi i konferenc\u00ebs ishte q\u00eb t\u00eb\u00a0v\u00ebrtetoj\u00eb me dokumente dhe me fakte se s\u00eb\u00a0pari, kranjan\u00ebt dhe shestanasit jan\u00eb shqiptar\u00eb\u00a0dhe, s\u00eb dyti, q\u00eb ata jan\u00eb popull autokton\u00a0n\u00eb Mal t\u00eb Zi.\u00a0Konferenca \u00ebsht\u00eb organizuar nga Shoqata\u00a0\u201cDon Gjon Buzuku\u201d n\u00eb bashk\u00ebpunim me\u00a0Qendr\u00ebn e Studimeve Albanologjike nga\u00a0Tirana dhe Komun\u00ebn e Ulqinit. N\u00eb t\u00eb jan\u00eb\u00a0lexuar gjith\u00ebsej 28 kumtesa nga studiues\u00a0t\u00eb fushave t\u00eb ndryshme. N\u00eb kumtesat e\u00a0tyre studiuesit kan\u00eb trajtuar probleme t\u00eb\u00a0ndryshme q\u00eb lidhen me t\u00eb kaluar\u00ebn dhe t\u00eb\u00a0sotmen e Kraj\u00ebs dhe Shestanit.<br \/>\nNd\u00ebrkaq n\u00eb hapjen zyrtare t\u00eb konferenc\u00ebs \u00ebsht\u00eb shfaqur\u00a0filmi dokumentar \u201cShestani n\u00eb v\u00ebshtrim etnokulturor\u201d,\u00a0i realizuar nga studiuesit e Qendr\u00ebs\u00a0s\u00eb Studimeve Albanologjike n\u00eb Tiran\u00eb,\u00a0\u00ebsht\u00eb hapur ekspozita e fotografive si dhe\u00a0\u00ebsht\u00eb shfaqur nj\u00eb program artistik.\u00a0Dobreci thot\u00eb se konferenca ka nj\u00eb r\u00ebnd\u00ebsi\u00a0t\u00eb ve\u00e7ant\u00eb sepse ajo ka qen\u00eb nj\u00eb konferenc\u00eb\u00a0gjith\u00ebkomb\u00ebtare shqiptare ku kan\u00eb marr\u00eb\u00a0pjes\u00eb studiues nga Shqip\u00ebria, Kosova dhe\u00a0Mali i Zi. P\u00ebrve\u00e7 tyre n\u00eb konferenc\u00eb ka marr\u00eb\u00a0pjes\u00eb edhe nj\u00eb studiues malazez dhe ilirologu\u00a0i shquar arb\u00ebresh nga Kroacia, Aleksandar\u00a0Stip\u00e7eviq, i cili e ka d\u00ebrguar punimin e tij.\u00a0\u201cSecili studiues ka dh\u00ebn\u00eb kontributin e vet\u00a0n\u00eb fush\u00ebn me t\u00eb cil\u00ebn ai merret\u201d, thekson\u00a0Dobreci.\u00a0Konferenc\u00ebs shkencore i ka paraprir\u00eb\u00a0ekspedita k\u00ebrkimore nj\u00ebjavore e studiuesve\u00a0t\u00eb Qendr\u00ebs s\u00eb Studimeve Albanologjike nga\u00a0Tirana n\u00eb muajin qershor me q\u00ebllim hulumtimin\u00a0e ve\u00e7orive t\u00eb zon\u00ebs s\u00eb Shestanit dhe\u00a0Kraj\u00ebs, ku ata u njoh\u00ebn me trash\u00ebgimin\u00eb kulturore\u00a0t\u00eb k\u00ebsaj treve.\u00a0Punimet e prezantuara n\u00eb konferenc\u00ebn\u00a0shkencore s\u00eb bashku me p\u00ebrfundimet pritet\u00a0q\u00eb n\u00eb t\u00eb ardhmen t\u00eb publikohen n\u00eb nj\u00eb botim\u00a0t\u00eb ve\u00e7ant\u00eb.<\/p>\n<p><strong>i.k. <\/strong><br \/>\n<strong>Koha Javore<br \/>\n<a href=\"https:\/\/www.facebook.com\/media\/albums\/?id=100000945263952\" target=\"_blank\">M\u00cb TEPER FOTO NE\u00a0 KRONIKEN\u00a0 G\u00cbZIM URICIT FACEBOOK<\/a><br \/>\n\n\t\t<style type=\"text\/css\">\n\t\t\t#gallery-1 {\n\t\t\t\tmargin: auto;\n\t\t\t}\n\t\t\t#gallery-1 .gallery-item {\n\t\t\t\tfloat: left;\n\t\t\t\tmargin-top: 10px;\n\t\t\t\ttext-align: center;\n\t\t\t\twidth: 33%;\n\t\t\t}\n\t\t\t#gallery-1 img {\n\t\t\t\tborder: 2px solid #cfcfcf;\n\t\t\t}\n\t\t\t#gallery-1 .gallery-caption {\n\t\t\t\tmargin-left: 0;\n\t\t\t}\n\t\t\t\/* see gallery_shortcode() in wp-includes\/media.php *\/\n\t\t<\/style>\n\t\t<div id='gallery-1' class='gallery galleryid-52497 gallery-columns-3 gallery-size-thumbnail'><dl class='gallery-item'>\n\t\t\t<dt class='gallery-icon landscape'>\n\t\t\t\t<a href='https:\/\/www.visit-ulcinj.com\/blog\/wp-content\/uploads\/2011\/10\/Kraja-me-ve\u00e7antit\u00eb-shestanase-n\u00eb-rrjedh\u00ebn-e-shekujve_GEZIM-URUCI.1.jpg'><img width=\"150\" height=\"150\" src=\"https:\/\/www.visit-ulcinj.com\/blog\/wp-content\/uploads\/2011\/10\/Kraja-me-ve\u00e7antit\u00eb-shestanase-n\u00eb-rrjedh\u00ebn-e-shekujve_GEZIM-URUCI.1-150x150.jpg\" class=\"attachment-thumbnail size-thumbnail\" alt=\"\" loading=\"lazy\" \/><\/a>\n\t\t\t<\/dt><\/dl><dl class='gallery-item'>\n\t\t\t<dt class='gallery-icon landscape'>\n\t\t\t\t<a href='https:\/\/www.visit-ulcinj.com\/blog\/wp-content\/uploads\/2011\/10\/Kraja-me-ve\u00e7antit\u00eb-shestanase-n\u00eb-rrjedh\u00ebn-e-shekujve_GEZIM-URUCI.2.jpg'><img width=\"150\" height=\"150\" src=\"https:\/\/www.visit-ulcinj.com\/blog\/wp-content\/uploads\/2011\/10\/Kraja-me-ve\u00e7antit\u00eb-shestanase-n\u00eb-rrjedh\u00ebn-e-shekujve_GEZIM-URUCI.2-150x150.jpg\" class=\"attachment-thumbnail size-thumbnail\" alt=\"\" loading=\"lazy\" \/><\/a>\n\t\t\t<\/dt><\/dl><dl class='gallery-item'>\n\t\t\t<dt class='gallery-icon landscape'>\n\t\t\t\t<a href='https:\/\/www.visit-ulcinj.com\/blog\/wp-content\/uploads\/2011\/10\/Kraja-me-ve\u00e7antit\u00eb-shestanase-n\u00eb-rrjedh\u00ebn-e-shekujve_GEZIM-URUCI.3.jpg'><img width=\"150\" height=\"150\" src=\"https:\/\/www.visit-ulcinj.com\/blog\/wp-content\/uploads\/2011\/10\/Kraja-me-ve\u00e7antit\u00eb-shestanase-n\u00eb-rrjedh\u00ebn-e-shekujve_GEZIM-URUCI.3-150x150.jpg\" class=\"attachment-thumbnail size-thumbnail\" alt=\"\" loading=\"lazy\" \/><\/a>\n\t\t\t<\/dt><\/dl><br style=\"clear: both\" \/><dl class='gallery-item'>\n\t\t\t<dt class='gallery-icon landscape'>\n\t\t\t\t<a href='https:\/\/www.visit-ulcinj.com\/blog\/wp-content\/uploads\/2011\/10\/Kraja-me-ve\u00e7antit\u00eb-shestanase-n\u00eb-rrjedh\u00ebn-e-shekujve_GEZIM-URUCI.4.jpg'><img width=\"150\" height=\"150\" src=\"https:\/\/www.visit-ulcinj.com\/blog\/wp-content\/uploads\/2011\/10\/Kraja-me-ve\u00e7antit\u00eb-shestanase-n\u00eb-rrjedh\u00ebn-e-shekujve_GEZIM-URUCI.4-150x150.jpg\" class=\"attachment-thumbnail size-thumbnail\" alt=\"\" loading=\"lazy\" \/><\/a>\n\t\t\t<\/dt><\/dl><dl class='gallery-item'>\n\t\t\t<dt class='gallery-icon landscape'>\n\t\t\t\t<a href='https:\/\/www.visit-ulcinj.com\/blog\/wp-content\/uploads\/2011\/10\/Kraja-me-ve\u00e7antit\u00eb-shestanase-n\u00eb-rrjedh\u00ebn-e-shekujve_GEZIM-URUCI.5.jpg'><img width=\"150\" height=\"150\" src=\"https:\/\/www.visit-ulcinj.com\/blog\/wp-content\/uploads\/2011\/10\/Kraja-me-ve\u00e7antit\u00eb-shestanase-n\u00eb-rrjedh\u00ebn-e-shekujve_GEZIM-URUCI.5-150x150.jpg\" class=\"attachment-thumbnail size-thumbnail\" alt=\"\" loading=\"lazy\" \/><\/a>\n\t\t\t<\/dt><\/dl><dl class='gallery-item'>\n\t\t\t<dt class='gallery-icon landscape'>\n\t\t\t\t<a href='https:\/\/www.visit-ulcinj.com\/blog\/wp-content\/uploads\/2011\/10\/Kraja-me-ve\u00e7antit\u00eb-shestanase-n\u00eb-rrjedh\u00ebn-e-shekujve_GEZIM-URUCI.jpg'><img width=\"150\" height=\"150\" src=\"https:\/\/www.visit-ulcinj.com\/blog\/wp-content\/uploads\/2011\/10\/Kraja-me-ve\u00e7antit\u00eb-shestanase-n\u00eb-rrjedh\u00ebn-e-shekujve_GEZIM-URUCI-150x150.jpg\" class=\"attachment-thumbnail size-thumbnail\" alt=\"\" loading=\"lazy\" \/><\/a>\n\t\t\t<\/dt><\/dl><br style=\"clear: both\" \/><dl class='gallery-item'>\n\t\t\t<dt class='gallery-icon landscape'>\n\t\t\t\t<a href='https:\/\/www.visit-ulcinj.com\/blog\/wp-content\/uploads\/2011\/10\/Kraja-me-ve\u00e7antit\u00eb-shestanase-n\u00eb-rrjedh\u00ebn-e-shekujve_GEZIM-URUCI.6.jpg'><img width=\"150\" height=\"150\" src=\"https:\/\/www.visit-ulcinj.com\/blog\/wp-content\/uploads\/2011\/10\/Kraja-me-ve\u00e7antit\u00eb-shestanase-n\u00eb-rrjedh\u00ebn-e-shekujve_GEZIM-URUCI.6-150x150.jpg\" class=\"attachment-thumbnail size-thumbnail\" alt=\"\" loading=\"lazy\" \/><\/a>\n\t\t\t<\/dt><\/dl><dl class='gallery-item'>\n\t\t\t<dt class='gallery-icon landscape'>\n\t\t\t\t<a href='https:\/\/www.visit-ulcinj.com\/blog\/wp-content\/uploads\/2011\/10\/Kraja-me-ve\u00e7antit\u00eb-shestanase-n\u00eb-rrjedh\u00ebn-e-shekujve_GEZIM-URUCI.7.jpg'><img width=\"150\" height=\"150\" src=\"https:\/\/www.visit-ulcinj.com\/blog\/wp-content\/uploads\/2011\/10\/Kraja-me-ve\u00e7antit\u00eb-shestanase-n\u00eb-rrjedh\u00ebn-e-shekujve_GEZIM-URUCI.7-150x150.jpg\" class=\"attachment-thumbnail size-thumbnail\" alt=\"\" loading=\"lazy\" \/><\/a>\n\t\t\t<\/dt><\/dl><dl class='gallery-item'>\n\t\t\t<dt class='gallery-icon landscape'>\n\t\t\t\t<a href='https:\/\/www.visit-ulcinj.com\/blog\/wp-content\/uploads\/2011\/10\/Kraja-me-ve\u00e7antit\u00eb-shestanase-n\u00eb-rrjedh\u00ebn-e-shekujve_GEZIM-URUCI.9.jpg'><img width=\"150\" height=\"150\" src=\"https:\/\/www.visit-ulcinj.com\/blog\/wp-content\/uploads\/2011\/10\/Kraja-me-ve\u00e7antit\u00eb-shestanase-n\u00eb-rrjedh\u00ebn-e-shekujve_GEZIM-URUCI.9-150x150.jpg\" class=\"attachment-thumbnail size-thumbnail\" alt=\"\" loading=\"lazy\" \/><\/a>\n\t\t\t<\/dt><\/dl><br style=\"clear: both\" \/>\n\t\t<\/div>\n<br \/>\n<!--YouTube Error: bad URL entered--><\/strong><\/p>\n","protected":false},"excerpt":{"rendered":"<p>Nj\u00eb tubim i suksessh\u00ebm gjith\u00ebkomb\u00ebtar\u00a0Konferenca shkencore \u201cKraja me ve\u00e7antit\u00eb\u00a0shestanase n\u00eb rrjedh\u00ebn e shekujve\u201d, e cila\u00a0u mbajt dit\u00eb m\u00eb par\u00eb n\u00eb Ulqin, ka qen\u00eb nj\u00eb\u00a0organizim i suksessh\u00ebm dhe ia ka arritur\u00a0q\u00ebllimit t\u00eb saj, vler\u00ebson an\u00ebtari i k\u00ebshillit organizues\u00a0t\u00eb k\u00ebsaj konference, prof. dr. Sim\u00eb\u00a0Dobreci.\u00a0Sipas tij, q\u00ebllimi i konferenc\u00ebs ishte q\u00eb t\u00eb\u00a0v\u00ebrtetoj\u00eb me dokumente dhe me fakte se [&hellip;]<\/p>\n","protected":false},"author":1,"featured_media":0,"comment_status":"open","ping_status":"closed","sticky":false,"template":"","format":"standard","meta":{"spay_email":"","jetpack_publicize_message":"","jetpack_is_tweetstorm":false,"jetpack_publicize_feature_enabled":true},"categories":[4],"tags":[2158,12959,200,18],"jetpack_publicize_connections":[],"yoast_head":"<!-- This site is optimized with the Yoast SEO plugin v19.1 - https:\/\/yoast.com\/wordpress\/plugins\/seo\/ -->\n<title>Konferenca shkencore \u201cKraja me ve\u00e7antit\u00eb shestanase n\u00eb rrjedh\u00ebn e shekujve\u201d- Video - Lajme nga Ulqini<\/title>\n<meta name=\"description\" content=\"Nj\u00eb tubim i suksessh\u00ebm gjith\u00ebkomb\u00ebtar\u00a0Konferenca shkencore \u201cKraja me ve\u00e7antit\u00eb\u00a0shestanase n\u00eb rrjedh\u00ebn e shekujve\u201d, e cila\u00a0u mbajt dit\u00eb m\u00eb par\u00eb n\u00eb Ulqin,\" \/>\n<meta name=\"robots\" content=\"index, follow, max-snippet:-1, max-image-preview:large, max-video-preview:-1\" \/>\n<link rel=\"canonical\" href=\"https:\/\/www.visit-ulcinj.com\/blog\/2011\/10\/29\/konferenca-shkencore-\u201ckraja-me-vecantite-shestanase-ne-rrjedhen-e-shekujve\u201d\/\" \/>\n<meta property=\"og:locale\" content=\"en_US\" \/>\n<meta property=\"og:type\" content=\"article\" \/>\n<meta property=\"og:title\" content=\"Konferenca shkencore \u201cKraja me ve\u00e7antit\u00eb shestanase n\u00eb rrjedh\u00ebn e shekujve\u201d- Video - Lajme nga Ulqini\" \/>\n<meta property=\"og:description\" content=\"Nj\u00eb tubim i suksessh\u00ebm gjith\u00ebkomb\u00ebtar\u00a0Konferenca shkencore \u201cKraja me ve\u00e7antit\u00eb\u00a0shestanase n\u00eb rrjedh\u00ebn e shekujve\u201d, e cila\u00a0u mbajt dit\u00eb m\u00eb par\u00eb n\u00eb Ulqin,\" \/>\n<meta property=\"og:url\" content=\"https:\/\/www.visit-ulcinj.com\/blog\/2011\/10\/29\/konferenca-shkencore-\u201ckraja-me-vecantite-shestanase-ne-rrjedhen-e-shekujve\u201d\/\" \/>\n<meta property=\"og:site_name\" content=\"Lajme nga Ulqini\" \/>\n<meta property=\"article:published_time\" content=\"2011-10-29T13:24:05+00:00\" \/>\n<meta property=\"article:modified_time\" content=\"2011-11-04T15:45:40+00:00\" \/>\n<meta property=\"og:image\" content=\"https:\/\/www.visit-ulcinj.com\/blog\/wp-content\/uploads\/2011\/10\/Kraja-me-ve\u00e7antit\u00eb-shestanase-n\u00eb-rrjedh\u00ebn-e-shekujve_GEZIM-URUCI.1-150x150.jpg\" \/>\n<meta name=\"twitter:label1\" content=\"Written by\" \/>\n\t<meta name=\"twitter:data1\" content=\"ulqini\" \/>\n\t<meta name=\"twitter:label2\" content=\"Est. reading time\" \/>\n\t<meta name=\"twitter:data2\" content=\"2 minutes\" \/>\n<script type=\"application\/ld+json\" class=\"yoast-schema-graph\">{\"@context\":\"https:\/\/schema.org\",\"@graph\":[{\"@type\":\"WebSite\",\"@id\":\"https:\/\/www.visit-ulcinj.com\/blog\/#website\",\"url\":\"https:\/\/www.visit-ulcinj.com\/blog\/\",\"name\":\"Lajme nga Ulqini\",\"description\":\"Lajme,Vijesti,Ulqini,Ulqin,Crna Gora,Mali i Zi\",\"potentialAction\":[{\"@type\":\"SearchAction\",\"target\":{\"@type\":\"EntryPoint\",\"urlTemplate\":\"https:\/\/www.visit-ulcinj.com\/blog\/?s={search_term_string}\"},\"query-input\":\"required name=search_term_string\"}],\"inLanguage\":\"en-US\"},{\"@type\":\"ImageObject\",\"inLanguage\":\"en-US\",\"@id\":\"https:\/\/www.visit-ulcinj.com\/blog\/2011\/10\/29\/konferenca-shkencore-%e2%80%9ckraja-me-vecantite-shestanase-ne-rrjedhen-e-shekujve%e2%80%9d\/#primaryimage\",\"url\":\"http:\/\/www.visit-ulcinj.com\/blog\/wp-content\/uploads\/2011\/10\/Kraja-me-ve%C3%A7antit%C3%AB-shestanase-n%C3%AB-rrjedh%C3%ABn-e-shekujve_GEZIM-URUCI.jpg\",\"contentUrl\":\"http:\/\/www.visit-ulcinj.com\/blog\/wp-content\/uploads\/2011\/10\/Kraja-me-ve%C3%A7antit%C3%AB-shestanase-n%C3%AB-rrjedh%C3%ABn-e-shekujve_GEZIM-URUCI.jpg\"},{\"@type\":\"WebPage\",\"@id\":\"https:\/\/www.visit-ulcinj.com\/blog\/2011\/10\/29\/konferenca-shkencore-%e2%80%9ckraja-me-vecantite-shestanase-ne-rrjedhen-e-shekujve%e2%80%9d\/#webpage\",\"url\":\"https:\/\/www.visit-ulcinj.com\/blog\/2011\/10\/29\/konferenca-shkencore-%e2%80%9ckraja-me-vecantite-shestanase-ne-rrjedhen-e-shekujve%e2%80%9d\/\",\"name\":\"Konferenca shkencore \u201cKraja me ve\u00e7antit\u00eb shestanase n\u00eb rrjedh\u00ebn e shekujve\u201d- Video - Lajme nga Ulqini\",\"isPartOf\":{\"@id\":\"https:\/\/www.visit-ulcinj.com\/blog\/#website\"},\"primaryImageOfPage\":{\"@id\":\"https:\/\/www.visit-ulcinj.com\/blog\/2011\/10\/29\/konferenca-shkencore-%e2%80%9ckraja-me-vecantite-shestanase-ne-rrjedhen-e-shekujve%e2%80%9d\/#primaryimage\"},\"datePublished\":\"2011-10-29T13:24:05+00:00\",\"dateModified\":\"2011-11-04T15:45:40+00:00\",\"author\":{\"@id\":\"https:\/\/www.visit-ulcinj.com\/blog\/#\/schema\/person\/dcab619c614d3038751c63bc2aadc06d\"},\"description\":\"Nj\u00eb tubim i suksessh\u00ebm gjith\u00ebkomb\u00ebtar\u00a0Konferenca shkencore \u201cKraja me ve\u00e7antit\u00eb\u00a0shestanase n\u00eb rrjedh\u00ebn e shekujve\u201d, e cila\u00a0u mbajt dit\u00eb m\u00eb par\u00eb n\u00eb Ulqin,\",\"breadcrumb\":{\"@id\":\"https:\/\/www.visit-ulcinj.com\/blog\/2011\/10\/29\/konferenca-shkencore-%e2%80%9ckraja-me-vecantite-shestanase-ne-rrjedhen-e-shekujve%e2%80%9d\/#breadcrumb\"},\"inLanguage\":\"en-US\",\"potentialAction\":[{\"@type\":\"ReadAction\",\"target\":[\"https:\/\/www.visit-ulcinj.com\/blog\/2011\/10\/29\/konferenca-shkencore-%e2%80%9ckraja-me-vecantite-shestanase-ne-rrjedhen-e-shekujve%e2%80%9d\/\"]}]},{\"@type\":\"BreadcrumbList\",\"@id\":\"https:\/\/www.visit-ulcinj.com\/blog\/2011\/10\/29\/konferenca-shkencore-%e2%80%9ckraja-me-vecantite-shestanase-ne-rrjedhen-e-shekujve%e2%80%9d\/#breadcrumb\",\"itemListElement\":[{\"@type\":\"ListItem\",\"position\":1,\"name\":\"Konferenca shkencore \u201cKraja me ve\u00e7antit\u00eb shestanase n\u00eb rrjedh\u00ebn e shekujve\u201d- Video\"}]},{\"@type\":\"Person\",\"@id\":\"https:\/\/www.visit-ulcinj.com\/blog\/#\/schema\/person\/dcab619c614d3038751c63bc2aadc06d\",\"name\":\"ulqini\",\"sameAs\":[\"http:\/\/www.visit-ulcinj.com\"],\"url\":\"https:\/\/www.visit-ulcinj.com\/blog\/author\/admin\/\"}]}<\/script>\n<!-- \/ Yoast SEO plugin. -->","yoast_head_json":{"title":"Konferenca shkencore \u201cKraja me ve\u00e7antit\u00eb shestanase n\u00eb rrjedh\u00ebn e shekujve\u201d- Video - Lajme nga Ulqini","description":"Nj\u00eb tubim i suksessh\u00ebm gjith\u00ebkomb\u00ebtar\u00a0Konferenca shkencore \u201cKraja me ve\u00e7antit\u00eb\u00a0shestanase n\u00eb rrjedh\u00ebn e shekujve\u201d, e cila\u00a0u mbajt dit\u00eb m\u00eb par\u00eb n\u00eb Ulqin,","robots":{"index":"index","follow":"follow","max-snippet":"max-snippet:-1","max-image-preview":"max-image-preview:large","max-video-preview":"max-video-preview:-1"},"canonical":"https:\/\/www.visit-ulcinj.com\/blog\/2011\/10\/29\/konferenca-shkencore-\u201ckraja-me-vecantite-shestanase-ne-rrjedhen-e-shekujve\u201d\/","og_locale":"en_US","og_type":"article","og_title":"Konferenca shkencore \u201cKraja me ve\u00e7antit\u00eb shestanase n\u00eb rrjedh\u00ebn e shekujve\u201d- Video - Lajme nga Ulqini","og_description":"Nj\u00eb tubim i suksessh\u00ebm gjith\u00ebkomb\u00ebtar\u00a0Konferenca shkencore \u201cKraja me ve\u00e7antit\u00eb\u00a0shestanase n\u00eb rrjedh\u00ebn e shekujve\u201d, e cila\u00a0u mbajt dit\u00eb m\u00eb par\u00eb n\u00eb Ulqin,","og_url":"https:\/\/www.visit-ulcinj.com\/blog\/2011\/10\/29\/konferenca-shkencore-\u201ckraja-me-vecantite-shestanase-ne-rrjedhen-e-shekujve\u201d\/","og_site_name":"Lajme nga Ulqini","article_published_time":"2011-10-29T13:24:05+00:00","article_modified_time":"2011-11-04T15:45:40+00:00","og_image":[{"url":"https:\/\/www.visit-ulcinj.com\/blog\/wp-content\/uploads\/2011\/10\/Kraja-me-ve\u00e7antit\u00eb-shestanase-n\u00eb-rrjedh\u00ebn-e-shekujve_GEZIM-URUCI.1-150x150.jpg"}],"twitter_misc":{"Written by":"ulqini","Est. reading time":"2 minutes"},"schema":{"@context":"https:\/\/schema.org","@graph":[{"@type":"WebSite","@id":"https:\/\/www.visit-ulcinj.com\/blog\/#website","url":"https:\/\/www.visit-ulcinj.com\/blog\/","name":"Lajme nga Ulqini","description":"Lajme,Vijesti,Ulqini,Ulqin,Crna Gora,Mali i Zi","potentialAction":[{"@type":"SearchAction","target":{"@type":"EntryPoint","urlTemplate":"https:\/\/www.visit-ulcinj.com\/blog\/?s={search_term_string}"},"query-input":"required name=search_term_string"}],"inLanguage":"en-US"},{"@type":"ImageObject","inLanguage":"en-US","@id":"https:\/\/www.visit-ulcinj.com\/blog\/2011\/10\/29\/konferenca-shkencore-%e2%80%9ckraja-me-vecantite-shestanase-ne-rrjedhen-e-shekujve%e2%80%9d\/#primaryimage","url":"http:\/\/www.visit-ulcinj.com\/blog\/wp-content\/uploads\/2011\/10\/Kraja-me-ve%C3%A7antit%C3%AB-shestanase-n%C3%AB-rrjedh%C3%ABn-e-shekujve_GEZIM-URUCI.jpg","contentUrl":"http:\/\/www.visit-ulcinj.com\/blog\/wp-content\/uploads\/2011\/10\/Kraja-me-ve%C3%A7antit%C3%AB-shestanase-n%C3%AB-rrjedh%C3%ABn-e-shekujve_GEZIM-URUCI.jpg"},{"@type":"WebPage","@id":"https:\/\/www.visit-ulcinj.com\/blog\/2011\/10\/29\/konferenca-shkencore-%e2%80%9ckraja-me-vecantite-shestanase-ne-rrjedhen-e-shekujve%e2%80%9d\/#webpage","url":"https:\/\/www.visit-ulcinj.com\/blog\/2011\/10\/29\/konferenca-shkencore-%e2%80%9ckraja-me-vecantite-shestanase-ne-rrjedhen-e-shekujve%e2%80%9d\/","name":"Konferenca shkencore \u201cKraja me ve\u00e7antit\u00eb shestanase n\u00eb rrjedh\u00ebn e shekujve\u201d- Video - Lajme nga Ulqini","isPartOf":{"@id":"https:\/\/www.visit-ulcinj.com\/blog\/#website"},"primaryImageOfPage":{"@id":"https:\/\/www.visit-ulcinj.com\/blog\/2011\/10\/29\/konferenca-shkencore-%e2%80%9ckraja-me-vecantite-shestanase-ne-rrjedhen-e-shekujve%e2%80%9d\/#primaryimage"},"datePublished":"2011-10-29T13:24:05+00:00","dateModified":"2011-11-04T15:45:40+00:00","author":{"@id":"https:\/\/www.visit-ulcinj.com\/blog\/#\/schema\/person\/dcab619c614d3038751c63bc2aadc06d"},"description":"Nj\u00eb tubim i suksessh\u00ebm gjith\u00ebkomb\u00ebtar\u00a0Konferenca shkencore \u201cKraja me ve\u00e7antit\u00eb\u00a0shestanase n\u00eb rrjedh\u00ebn e shekujve\u201d, e cila\u00a0u mbajt dit\u00eb m\u00eb par\u00eb n\u00eb Ulqin,","breadcrumb":{"@id":"https:\/\/www.visit-ulcinj.com\/blog\/2011\/10\/29\/konferenca-shkencore-%e2%80%9ckraja-me-vecantite-shestanase-ne-rrjedhen-e-shekujve%e2%80%9d\/#breadcrumb"},"inLanguage":"en-US","potentialAction":[{"@type":"ReadAction","target":["https:\/\/www.visit-ulcinj.com\/blog\/2011\/10\/29\/konferenca-shkencore-%e2%80%9ckraja-me-vecantite-shestanase-ne-rrjedhen-e-shekujve%e2%80%9d\/"]}]},{"@type":"BreadcrumbList","@id":"https:\/\/www.visit-ulcinj.com\/blog\/2011\/10\/29\/konferenca-shkencore-%e2%80%9ckraja-me-vecantite-shestanase-ne-rrjedhen-e-shekujve%e2%80%9d\/#breadcrumb","itemListElement":[{"@type":"ListItem","position":1,"name":"Konferenca shkencore \u201cKraja me ve\u00e7antit\u00eb shestanase n\u00eb rrjedh\u00ebn e shekujve\u201d- Video"}]},{"@type":"Person","@id":"https:\/\/www.visit-ulcinj.com\/blog\/#\/schema\/person\/dcab619c614d3038751c63bc2aadc06d","name":"ulqini","sameAs":["http:\/\/www.visit-ulcinj.com"],"url":"https:\/\/www.visit-ulcinj.com\/blog\/author\/admin\/"}]}},"jetpack_featured_media_url":"","jetpack_sharing_enabled":true,"jetpack_shortlink":"https:\/\/wp.me\/pe6lTn-dEJ","_links":{"self":[{"href":"https:\/\/www.visit-ulcinj.com\/blog\/wp-json\/wp\/v2\/posts\/52497"}],"collection":[{"href":"https:\/\/www.visit-ulcinj.com\/blog\/wp-json\/wp\/v2\/posts"}],"about":[{"href":"https:\/\/www.visit-ulcinj.com\/blog\/wp-json\/wp\/v2\/types\/post"}],"author":[{"embeddable":true,"href":"https:\/\/www.visit-ulcinj.com\/blog\/wp-json\/wp\/v2\/users\/1"}],"replies":[{"embeddable":true,"href":"https:\/\/www.visit-ulcinj.com\/blog\/wp-json\/wp\/v2\/comments?post=52497"}],"version-history":[{"count":5,"href":"https:\/\/www.visit-ulcinj.com\/blog\/wp-json\/wp\/v2\/posts\/52497\/revisions"}],"predecessor-version":[{"id":52748,"href":"https:\/\/www.visit-ulcinj.com\/blog\/wp-json\/wp\/v2\/posts\/52497\/revisions\/52748"}],"wp:attachment":[{"href":"https:\/\/www.visit-ulcinj.com\/blog\/wp-json\/wp\/v2\/media?parent=52497"}],"wp:term":[{"taxonomy":"category","embeddable":true,"href":"https:\/\/www.visit-ulcinj.com\/blog\/wp-json\/wp\/v2\/categories?post=52497"},{"taxonomy":"post_tag","embeddable":true,"href":"https:\/\/www.visit-ulcinj.com\/blog\/wp-json\/wp\/v2\/tags?post=52497"}],"curies":[{"name":"wp","href":"https:\/\/api.w.org\/{rel}","templated":true}]}}