{"id":52511,"date":"2011-10-29T18:21:54","date_gmt":"2011-10-29T17:21:54","guid":{"rendered":"http:\/\/www.visit-ulcinj.com\/blog\/?p=52511"},"modified":"2011-10-29T18:21:54","modified_gmt":"2011-10-29T17:21:54","slug":"gjyste-vulaj-shfaqet-si-djall-tundohet-sinani-video","status":"publish","type":"post","link":"https:\/\/www.visit-ulcinj.com\/blog\/2011\/10\/29\/gjyste-vulaj-shfaqet-si-djall-tundohet-sinani-video\/","title":{"rendered":"Gjyste Vulaj shfaqet si djall, tundohet Sinani &#8211; Video"},"content":{"rendered":"<p><a href=\"http:\/\/www.visit-ulcinj.com\/blog\/2011\/10\/29\/gjyste-vulaj-shfaqet-si-djall-tundohet-sinani-video\/gjystevulja-sinanhoxha\/\" rel=\"attachment wp-att-52512\"><img loading=\"lazy\" class=\"alignleft size-full wp-image-52512\" title=\"gjystevulja-sinanhoxha\" src=\"http:\/\/www.visit-ulcinj.com\/blog\/wp-content\/uploads\/2011\/10\/gjystevulja-sinanhoxha.jpg\" alt=\"\" width=\"508\" height=\"620\" \/><\/a>Prishtin\u00eb, 29 tetor &#8211; Pas publikimit t\u00eb fotove t\u00eb nxehta t\u00eb Rozana Radit me Sinan Hoxh\u00ebn, numrin e kaluar t\u00eb \u201cPanorama Plus\u201d, ja ku na shfaqet ky i fundit n\u00eb nj\u00eb ngjarje t\u00eb organizuar nga \u201cZhurma Show\u201d, ku mor\u00ebn pjes\u00eb shum\u00eb k\u00ebng\u00ebtar\u00eb nga Shqip\u00ebria, Kosova dhe Maqedonia, nd\u00ebrkoh\u00eb q\u00eb u ndan\u00eb edhe disa \u00e7mime.<\/p>\n<p>Gjat\u00eb mbr\u00ebmjes t\u00eb gjith\u00eb t\u00eb pranishmit ishin kujdesur p\u00ebr t\u00eb pasur nj\u00eb pamje sa m\u00eb t\u00eb bukur meqen\u00ebse p\u00ebr ta ishte rezervuar edhe nj\u00eb tapet i kuq, duke i trajtuar ata si yje t\u00eb v\u00ebrtet\u00eb. Si gjithmon\u00eb, k\u00ebng\u00ebtarja shqiptare nga Mali i Zi, Gjyste Vulaj na befasoi edhe k\u00ebsaj here me pamjen e saj, me nj\u00eb fizik i cili \u00e7do vit b\u00ebhet dhe m\u00eb i bukur.<\/p>\n<p>Gjystja nuk kishte kursyer asgj\u00eb p\u00ebr t\u2019i dh\u00ebn\u00eb k\u00ebnaq\u00ebsi fansave t\u00eb saj. Nj\u00eb dekolte e bollshme q\u00eb nxirrte fare mir\u00eb n\u00eb pah gjoksin e saj e ku vendin e nj\u00eb bluze e kishin z\u00ebn\u00eb nj\u00eb pal\u00eb sytjena t\u00eb kuqe, e b\u00ebnin pamjen e k\u00ebng\u00ebtares shum\u00eb seksi.<\/p>\n<p>Por, nuk \u00ebsht\u00eb mjaftuar me kaq Gjystja, frizura q\u00eb ajo e kishte b\u00ebr\u00eb ka qen\u00eb n\u00eb harmoni me d\u00ebshir\u00ebn e saj djall\u00ebzore p\u00ebr t\u00eb provokuar sa m\u00eb shum\u00eb me pamjen e p\u00ebr t\u00eb r\u00ebn\u00eb n\u00eb sy. N\u00eb vend t\u00eb nj\u00eb krehjeje elegante q\u00eb p\u00ebrdoret zakonisht n\u00eb net t\u00eb tilla gala, Gjystja kishte sajuar dy brir\u00eb, duke u shnd\u00ebrruar n\u00eb nj\u00eb djall t\u00eb bukur. Dhe kush i afrohet p\u00ebr ta shijuar edhe m\u00eb nga af\u00ebr pamjen e saj? Sinan Hoxha, k\u00ebng\u00ebtari i muzik\u00ebs popullore i cili ka dh\u00ebn\u00eb jo pak shfaqje n\u00eb Ulqin, aty ku Gjystja k\u00ebndon sistematikisht. Ka qen\u00eb ky nj\u00eb moment i mir\u00eb p\u00ebr tu kapur nga aparatet e fotograf\u00ebve dhe, natyrisht, p\u00ebr t\u2019u komentuar m\u00eb pas nga Panorama plus.<\/p>\n<p><strong>KOHA NET<br \/>\n<!--YouTube Error: bad URL entered--><br \/>\n<\/strong><\/p>\n","protected":false},"excerpt":{"rendered":"<p>Prishtin\u00eb, 29 tetor &#8211; Pas publikimit t\u00eb fotove t\u00eb nxehta t\u00eb Rozana Radit me Sinan Hoxh\u00ebn, numrin e kaluar t\u00eb \u201cPanorama Plus\u201d, ja ku na shfaqet ky i fundit n\u00eb nj\u00eb ngjarje t\u00eb organizuar nga \u201cZhurma Show\u201d, ku mor\u00ebn pjes\u00eb shum\u00eb k\u00ebng\u00ebtar\u00eb nga Shqip\u00ebria, Kosova dhe Maqedonia, nd\u00ebrkoh\u00eb q\u00eb u ndan\u00eb edhe disa \u00e7mime. Gjat\u00eb [&hellip;]<\/p>\n","protected":false},"author":1,"featured_media":0,"comment_status":"open","ping_status":"closed","sticky":false,"template":"","format":"standard","meta":{"spay_email":"","jetpack_publicize_message":"","jetpack_is_tweetstorm":false,"jetpack_publicize_feature_enabled":true},"categories":[1],"tags":[4332],"jetpack_publicize_connections":[],"yoast_head":"<!-- This site is optimized with the Yoast SEO plugin v19.1 - https:\/\/yoast.com\/wordpress\/plugins\/seo\/ -->\n<title>Gjyste Vulaj shfaqet si djall, tundohet Sinani - Video - Lajme nga Ulqini<\/title>\n<meta name=\"description\" content=\"Prishtin\u00eb, 29 tetor - Pas publikimit t\u00eb fotove t\u00eb nxehta t\u00eb Rozana Radit me Sinan Hoxh\u00ebn, numrin e kaluar t\u00eb \u201cPanorama Plus\u201d, ja ku na shfaqet ky i fundit\" \/>\n<meta name=\"robots\" content=\"index, follow, max-snippet:-1, max-image-preview:large, max-video-preview:-1\" \/>\n<link rel=\"canonical\" href=\"https:\/\/www.visit-ulcinj.com\/blog\/2011\/10\/29\/gjyste-vulaj-shfaqet-si-djall-tundohet-sinani-video\/\" \/>\n<meta property=\"og:locale\" content=\"en_US\" \/>\n<meta property=\"og:type\" content=\"article\" \/>\n<meta property=\"og:title\" content=\"Gjyste Vulaj shfaqet si djall, tundohet Sinani - Video - Lajme nga Ulqini\" \/>\n<meta property=\"og:description\" content=\"Prishtin\u00eb, 29 tetor - Pas publikimit t\u00eb fotove t\u00eb nxehta t\u00eb Rozana Radit me Sinan Hoxh\u00ebn, numrin e kaluar t\u00eb \u201cPanorama Plus\u201d, ja ku na shfaqet ky i fundit\" \/>\n<meta property=\"og:url\" content=\"https:\/\/www.visit-ulcinj.com\/blog\/2011\/10\/29\/gjyste-vulaj-shfaqet-si-djall-tundohet-sinani-video\/\" \/>\n<meta property=\"og:site_name\" content=\"Lajme nga Ulqini\" \/>\n<meta property=\"article:published_time\" content=\"2011-10-29T17:21:54+00:00\" \/>\n<meta property=\"og:image\" content=\"http:\/\/www.visit-ulcinj.com\/blog\/wp-content\/uploads\/2011\/10\/gjystevulja-sinanhoxha.jpg\" \/>\n<meta name=\"twitter:label1\" content=\"Written by\" \/>\n\t<meta name=\"twitter:data1\" content=\"ulqini\" \/>\n\t<meta name=\"twitter:label2\" content=\"Est. reading time\" \/>\n\t<meta name=\"twitter:data2\" content=\"2 minutes\" \/>\n<script type=\"application\/ld+json\" class=\"yoast-schema-graph\">{\"@context\":\"https:\/\/schema.org\",\"@graph\":[{\"@type\":\"WebSite\",\"@id\":\"https:\/\/www.visit-ulcinj.com\/blog\/#website\",\"url\":\"https:\/\/www.visit-ulcinj.com\/blog\/\",\"name\":\"Lajme nga Ulqini\",\"description\":\"Lajme,Vijesti,Ulqini,Ulqin,Crna Gora,Mali i Zi\",\"potentialAction\":[{\"@type\":\"SearchAction\",\"target\":{\"@type\":\"EntryPoint\",\"urlTemplate\":\"https:\/\/www.visit-ulcinj.com\/blog\/?s={search_term_string}\"},\"query-input\":\"required name=search_term_string\"}],\"inLanguage\":\"en-US\"},{\"@type\":\"ImageObject\",\"inLanguage\":\"en-US\",\"@id\":\"https:\/\/www.visit-ulcinj.com\/blog\/2011\/10\/29\/gjyste-vulaj-shfaqet-si-djall-tundohet-sinani-video\/#primaryimage\",\"url\":\"http:\/\/www.visit-ulcinj.com\/blog\/wp-content\/uploads\/2011\/10\/gjystevulja-sinanhoxha.jpg\",\"contentUrl\":\"http:\/\/www.visit-ulcinj.com\/blog\/wp-content\/uploads\/2011\/10\/gjystevulja-sinanhoxha.jpg\"},{\"@type\":\"WebPage\",\"@id\":\"https:\/\/www.visit-ulcinj.com\/blog\/2011\/10\/29\/gjyste-vulaj-shfaqet-si-djall-tundohet-sinani-video\/#webpage\",\"url\":\"https:\/\/www.visit-ulcinj.com\/blog\/2011\/10\/29\/gjyste-vulaj-shfaqet-si-djall-tundohet-sinani-video\/\",\"name\":\"Gjyste Vulaj shfaqet si djall, tundohet Sinani - Video - Lajme nga Ulqini\",\"isPartOf\":{\"@id\":\"https:\/\/www.visit-ulcinj.com\/blog\/#website\"},\"primaryImageOfPage\":{\"@id\":\"https:\/\/www.visit-ulcinj.com\/blog\/2011\/10\/29\/gjyste-vulaj-shfaqet-si-djall-tundohet-sinani-video\/#primaryimage\"},\"datePublished\":\"2011-10-29T17:21:54+00:00\",\"dateModified\":\"2011-10-29T17:21:54+00:00\",\"author\":{\"@id\":\"https:\/\/www.visit-ulcinj.com\/blog\/#\/schema\/person\/dcab619c614d3038751c63bc2aadc06d\"},\"description\":\"Prishtin\u00eb, 29 tetor - Pas publikimit t\u00eb fotove t\u00eb nxehta t\u00eb Rozana Radit me Sinan Hoxh\u00ebn, numrin e kaluar t\u00eb \u201cPanorama Plus\u201d, ja ku na shfaqet ky i fundit\",\"breadcrumb\":{\"@id\":\"https:\/\/www.visit-ulcinj.com\/blog\/2011\/10\/29\/gjyste-vulaj-shfaqet-si-djall-tundohet-sinani-video\/#breadcrumb\"},\"inLanguage\":\"en-US\",\"potentialAction\":[{\"@type\":\"ReadAction\",\"target\":[\"https:\/\/www.visit-ulcinj.com\/blog\/2011\/10\/29\/gjyste-vulaj-shfaqet-si-djall-tundohet-sinani-video\/\"]}]},{\"@type\":\"BreadcrumbList\",\"@id\":\"https:\/\/www.visit-ulcinj.com\/blog\/2011\/10\/29\/gjyste-vulaj-shfaqet-si-djall-tundohet-sinani-video\/#breadcrumb\",\"itemListElement\":[{\"@type\":\"ListItem\",\"position\":1,\"name\":\"Gjyste Vulaj shfaqet si djall, tundohet Sinani &#8211; Video\"}]},{\"@type\":\"Person\",\"@id\":\"https:\/\/www.visit-ulcinj.com\/blog\/#\/schema\/person\/dcab619c614d3038751c63bc2aadc06d\",\"name\":\"ulqini\",\"sameAs\":[\"http:\/\/www.visit-ulcinj.com\"],\"url\":\"https:\/\/www.visit-ulcinj.com\/blog\/author\/admin\/\"}]}<\/script>\n<!-- \/ Yoast SEO plugin. -->","yoast_head_json":{"title":"Gjyste Vulaj shfaqet si djall, tundohet Sinani - Video - Lajme nga Ulqini","description":"Prishtin\u00eb, 29 tetor - Pas publikimit t\u00eb fotove t\u00eb nxehta t\u00eb Rozana Radit me Sinan Hoxh\u00ebn, numrin e kaluar t\u00eb \u201cPanorama Plus\u201d, ja ku na shfaqet ky i fundit","robots":{"index":"index","follow":"follow","max-snippet":"max-snippet:-1","max-image-preview":"max-image-preview:large","max-video-preview":"max-video-preview:-1"},"canonical":"https:\/\/www.visit-ulcinj.com\/blog\/2011\/10\/29\/gjyste-vulaj-shfaqet-si-djall-tundohet-sinani-video\/","og_locale":"en_US","og_type":"article","og_title":"Gjyste Vulaj shfaqet si djall, tundohet Sinani - Video - Lajme nga Ulqini","og_description":"Prishtin\u00eb, 29 tetor - Pas publikimit t\u00eb fotove t\u00eb nxehta t\u00eb Rozana Radit me Sinan Hoxh\u00ebn, numrin e kaluar t\u00eb \u201cPanorama Plus\u201d, ja ku na shfaqet ky i fundit","og_url":"https:\/\/www.visit-ulcinj.com\/blog\/2011\/10\/29\/gjyste-vulaj-shfaqet-si-djall-tundohet-sinani-video\/","og_site_name":"Lajme nga Ulqini","article_published_time":"2011-10-29T17:21:54+00:00","og_image":[{"url":"http:\/\/www.visit-ulcinj.com\/blog\/wp-content\/uploads\/2011\/10\/gjystevulja-sinanhoxha.jpg"}],"twitter_misc":{"Written by":"ulqini","Est. reading time":"2 minutes"},"schema":{"@context":"https:\/\/schema.org","@graph":[{"@type":"WebSite","@id":"https:\/\/www.visit-ulcinj.com\/blog\/#website","url":"https:\/\/www.visit-ulcinj.com\/blog\/","name":"Lajme nga Ulqini","description":"Lajme,Vijesti,Ulqini,Ulqin,Crna Gora,Mali i Zi","potentialAction":[{"@type":"SearchAction","target":{"@type":"EntryPoint","urlTemplate":"https:\/\/www.visit-ulcinj.com\/blog\/?s={search_term_string}"},"query-input":"required name=search_term_string"}],"inLanguage":"en-US"},{"@type":"ImageObject","inLanguage":"en-US","@id":"https:\/\/www.visit-ulcinj.com\/blog\/2011\/10\/29\/gjyste-vulaj-shfaqet-si-djall-tundohet-sinani-video\/#primaryimage","url":"http:\/\/www.visit-ulcinj.com\/blog\/wp-content\/uploads\/2011\/10\/gjystevulja-sinanhoxha.jpg","contentUrl":"http:\/\/www.visit-ulcinj.com\/blog\/wp-content\/uploads\/2011\/10\/gjystevulja-sinanhoxha.jpg"},{"@type":"WebPage","@id":"https:\/\/www.visit-ulcinj.com\/blog\/2011\/10\/29\/gjyste-vulaj-shfaqet-si-djall-tundohet-sinani-video\/#webpage","url":"https:\/\/www.visit-ulcinj.com\/blog\/2011\/10\/29\/gjyste-vulaj-shfaqet-si-djall-tundohet-sinani-video\/","name":"Gjyste Vulaj shfaqet si djall, tundohet Sinani - Video - Lajme nga Ulqini","isPartOf":{"@id":"https:\/\/www.visit-ulcinj.com\/blog\/#website"},"primaryImageOfPage":{"@id":"https:\/\/www.visit-ulcinj.com\/blog\/2011\/10\/29\/gjyste-vulaj-shfaqet-si-djall-tundohet-sinani-video\/#primaryimage"},"datePublished":"2011-10-29T17:21:54+00:00","dateModified":"2011-10-29T17:21:54+00:00","author":{"@id":"https:\/\/www.visit-ulcinj.com\/blog\/#\/schema\/person\/dcab619c614d3038751c63bc2aadc06d"},"description":"Prishtin\u00eb, 29 tetor - Pas publikimit t\u00eb fotove t\u00eb nxehta t\u00eb Rozana Radit me Sinan Hoxh\u00ebn, numrin e kaluar t\u00eb \u201cPanorama Plus\u201d, ja ku na shfaqet ky i fundit","breadcrumb":{"@id":"https:\/\/www.visit-ulcinj.com\/blog\/2011\/10\/29\/gjyste-vulaj-shfaqet-si-djall-tundohet-sinani-video\/#breadcrumb"},"inLanguage":"en-US","potentialAction":[{"@type":"ReadAction","target":["https:\/\/www.visit-ulcinj.com\/blog\/2011\/10\/29\/gjyste-vulaj-shfaqet-si-djall-tundohet-sinani-video\/"]}]},{"@type":"BreadcrumbList","@id":"https:\/\/www.visit-ulcinj.com\/blog\/2011\/10\/29\/gjyste-vulaj-shfaqet-si-djall-tundohet-sinani-video\/#breadcrumb","itemListElement":[{"@type":"ListItem","position":1,"name":"Gjyste Vulaj shfaqet si djall, tundohet Sinani &#8211; Video"}]},{"@type":"Person","@id":"https:\/\/www.visit-ulcinj.com\/blog\/#\/schema\/person\/dcab619c614d3038751c63bc2aadc06d","name":"ulqini","sameAs":["http:\/\/www.visit-ulcinj.com"],"url":"https:\/\/www.visit-ulcinj.com\/blog\/author\/admin\/"}]}},"jetpack_featured_media_url":"","jetpack_sharing_enabled":true,"jetpack_shortlink":"https:\/\/wp.me\/pe6lTn-dEX","_links":{"self":[{"href":"https:\/\/www.visit-ulcinj.com\/blog\/wp-json\/wp\/v2\/posts\/52511"}],"collection":[{"href":"https:\/\/www.visit-ulcinj.com\/blog\/wp-json\/wp\/v2\/posts"}],"about":[{"href":"https:\/\/www.visit-ulcinj.com\/blog\/wp-json\/wp\/v2\/types\/post"}],"author":[{"embeddable":true,"href":"https:\/\/www.visit-ulcinj.com\/blog\/wp-json\/wp\/v2\/users\/1"}],"replies":[{"embeddable":true,"href":"https:\/\/www.visit-ulcinj.com\/blog\/wp-json\/wp\/v2\/comments?post=52511"}],"version-history":[{"count":3,"href":"https:\/\/www.visit-ulcinj.com\/blog\/wp-json\/wp\/v2\/posts\/52511\/revisions"}],"predecessor-version":[{"id":52515,"href":"https:\/\/www.visit-ulcinj.com\/blog\/wp-json\/wp\/v2\/posts\/52511\/revisions\/52515"}],"wp:attachment":[{"href":"https:\/\/www.visit-ulcinj.com\/blog\/wp-json\/wp\/v2\/media?parent=52511"}],"wp:term":[{"taxonomy":"category","embeddable":true,"href":"https:\/\/www.visit-ulcinj.com\/blog\/wp-json\/wp\/v2\/categories?post=52511"},{"taxonomy":"post_tag","embeddable":true,"href":"https:\/\/www.visit-ulcinj.com\/blog\/wp-json\/wp\/v2\/tags?post=52511"}],"curies":[{"name":"wp","href":"https:\/\/api.w.org\/{rel}","templated":true}]}}