{"id":52547,"date":"2011-10-31T09:13:14","date_gmt":"2011-10-31T08:13:14","guid":{"rendered":"http:\/\/www.visit-ulcinj.com\/blog\/?p=52547"},"modified":"2011-10-31T20:02:03","modified_gmt":"2011-10-31T19:02:03","slug":"taekwondo-ulqini-triumfon-ne-podgorice","status":"publish","type":"post","link":"https:\/\/www.visit-ulcinj.com\/blog\/2011\/10\/31\/taekwondo-ulqini-triumfon-ne-podgorice\/","title":{"rendered":"Taekwondo Ulqini triumfon n\u00eb Podgoric\u00eb"},"content":{"rendered":"<p><strong><a href=\"http:\/\/www.visit-ulcinj.com\/blog\/wp-content\/uploads\/2011\/10\/Taekwondo-Ulqini-triumfon-n%C3%AB-Podgoric%C3%AB.2.jpg\"><img loading=\"lazy\" class=\"alignleft size-full wp-image-52549\" title=\"Taekwondo Ulqini triumfon n\u00eb Podgoric\u00eb.2\" src=\"http:\/\/www.visit-ulcinj.com\/blog\/wp-content\/uploads\/2011\/10\/Taekwondo-Ulqini-triumfon-n%C3%AB-Podgoric%C3%AB.2.jpg\" alt=\"\" width=\"508\" height=\"380\" \/><\/a>Taekwondo Kampionati i Malit t\u00eb Zi p\u00ebr kategorin\u00eb e pionir\u00ebve dhe junior\u00ebve si dhe kampionati p\u00ebr Forma (poomsae)<\/strong><\/p>\n<p>T\u00eb dielen me dat\u00eb 30.10.2011 n\u00eb Podgoric\u00eb u mbajt\u00eb kampionati i Malit t\u00eb Zi n\u00eb sportin olimpik t\u00eb Taekwondo-s\u00eb. Gj\u00ebgj\u00ebsisht kampionati p\u00ebr kategorin\u00eb e pionir\u00ebve dhe junior\u00ebve, si dhe kampionati i Malit t\u00eb Zi n\u00eb diciplin\u00ebn e Formave (poomsae). Nga TKD Ulqini shpallen 16 kampion t\u00eb Malit t\u00eb Zi n\u00eb t\u00eb dy diciplinat. N\u00eb diciplin\u00ebn e dyluftimit n\u00eb kategorin\u00eb e pionir\u00ebve u shpallen 4 garues kampion t\u00eb Malit t\u00eb Zi, nd\u00ebrsa n\u00eb kategorin\u00eb e junior\u00ebve 3 garuas shpallen kampion. N\u00eb diciplin\u00ebn e formave nga klubi i TKD-s\u00eb Ulqini u shpall\u00ebn 9 garues kampion t\u00eb Malit t\u00eb Zi.<\/p>\n<p>Klubi i Takwondo-s\u00eb Ulqini konkuroj n\u00eb t\u00eb dy diciplinat i cili u paraqit me 23 garues, 12 garues n\u00eb diciplin\u00ebn e dyluftimit, dhe 13 garues n\u00eb diciplin\u00ebn e formave. Suksesi i p\u00ebrgjithsh\u00ebm p\u00ebr klubin e Taekwondo-s\u00eb Ulqini ishte gjith\u00ebsejt 24 medalje, prej tyre 16 t\u00eb arta 3 t\u00eb argjend\u00ebta dhe 5 t\u00eb bronz\u00ebta.<br \/>\nShtat\u00eb garues shpallen kampion t\u00eb Malit t\u00eb Zi nga Tkd Ulqini n\u00eb diciplin\u00ebn e dyluftimit dhe n\u00ebnt\u00eb kampion t\u00eb Malit t\u00eb Zi nga Tkd Ulqini n\u00eb diciplin\u00ebn e formave.<br \/>\nGaruesit\u00a0 Esad Kraja dhe Edina Kraja ishin pionir\u00ebt m\u00eb t\u00eb suksesh\u00ebm t\u00eb kampionatit nd\u00ebrsa\u00a0 Mersudin Kurti juniori m\u00eb i suksesh\u00ebm\u00a0\u00a0 t\u00eb cil\u00ebt u shp\u00ebrblyem me nga dy medalje t\u00eb arta n\u00eb diciplin\u00ebn e dyluftimit dhe at\u00eb t\u00eb formave, poashtu edhe Rinor Jahja\u00a0 u shp\u00ebrblye me dy medalje t\u00eb arta. Me nga dy medalje u shb\u00ebrblyen edhe k\u00ebto garues:\u00a0 Edina Kraja , Rrezarta Hysa, Artan Fici dhe Ardiana karamanaga.<br \/>\n<a href=\"http:\/\/www.visit-ulcinj.com\/blog\/wp-content\/uploads\/2011\/10\/Taekwondo-Ulqini-triumfon-n%C3%AB-Podgoric%C3%AB.6.jpg\"><img loading=\"lazy\" class=\"alignleft size-full wp-image-52553\" title=\"Taekwondo Ulqini triumfon n\u00eb Podgoric\u00eb.6\" src=\"http:\/\/www.visit-ulcinj.com\/blog\/wp-content\/uploads\/2011\/10\/Taekwondo-Ulqini-triumfon-n%C3%AB-Podgoric%C3%AB.6.jpg\" alt=\"\" width=\"508\" height=\"330\" \/><\/a><\/p>\n<p>Medalje t\u00eb arta n\u00eb diciplin\u00ebn e dyluftimit fituan:<\/p>\n<ul>\n<li>1.\u00a0\u00a0\u00a0\u00a0\u00a0\u00a0 Mersudin Kurti<\/li>\n<li>2.\u00a0\u00a0\u00a0\u00a0\u00a0\u00a0 Esad Kraja<\/li>\n<li>3.\u00a0\u00a0\u00a0\u00a0\u00a0\u00a0 Rreazarta Hysa<\/li>\n<li>4.\u00a0\u00a0\u00a0\u00a0\u00a0\u00a0 Rinor Jahja<\/li>\n<li>5.\u00a0\u00a0\u00a0\u00a0\u00a0\u00a0 Edina Kraja<\/li>\n<li>6.\u00a0\u00a0\u00a0\u00a0\u00a0\u00a0 Artan Fici<\/li>\n<li>7.\u00a0\u00a0\u00a0\u00a0\u00a0\u00a0 Ardianana Karamanaga<\/li>\n<\/ul>\n<p>Me medalje t\u00eb argjend\u00eb u shp\u00ebrblye:<\/p>\n<ul>\n<li>1.\u00a0\u00a0\u00a0\u00a0\u00a0\u00a0 Florijan Efendija<\/li>\n<\/ul>\n<p>Me medalje t\u00eb bronzit u shp\u00ebrblyen:<\/p>\n<ul>\n<li>1.\u00a0\u00a0\u00a0\u00a0\u00a0\u00a0 Sabri Kapllanbegu<\/li>\n<li>2.\u00a0\u00a0\u00a0\u00a0\u00a0\u00a0 Xhenis Tula<\/li>\n<li>3.\u00a0\u00a0\u00a0\u00a0\u00a0\u00a0 Amir Sukaliq<\/li>\n<\/ul>\n<p>Nd\u00ebrsa n\u00eb diciplin\u00ebn e formave me medalje t\u00eb argj\u00ebnd\u00eb gjegj\u00ebsisht kampion t\u00eb Malit t\u00eb Zi jan\u00eb:<\/p>\n<ul>\n<li>1.\u00a0\u00a0\u00a0\u00a0\u00a0\u00a0 Esad Kraja<\/li>\n<li>2.\u00a0\u00a0\u00a0\u00a0\u00a0\u00a0 Sulejman Murati<\/li>\n<li>3.\u00a0\u00a0\u00a0\u00a0\u00a0\u00a0 Amina Kanaqi<\/li>\n<li>4.\u00a0\u00a0\u00a0\u00a0\u00a0\u00a0 Artan Fici<\/li>\n<li>5.\u00a0\u00a0\u00a0\u00a0\u00a0\u00a0 Rinor Jahja<\/li>\n<li>6.\u00a0\u00a0\u00a0\u00a0\u00a0\u00a0 Bojan Vladisavljevic<\/li>\n<li>7.\u00a0\u00a0\u00a0\u00a0\u00a0\u00a0 Nuri kanaqi<\/li>\n<li>8.\u00a0\u00a0\u00a0\u00a0\u00a0\u00a0 Mersudin Kurti<\/li>\n<li>9.\u00a0\u00a0\u00a0\u00a0\u00a0\u00a0 Medina Kanaqi<\/li>\n<\/ul>\n<p>Me medalje t\u00eb argjend\u00eb u shp\u00ebrblyen:<\/p>\n<p>&nbsp;<\/p>\n<ul>\n<li>1.\u00a0\u00a0\u00a0\u00a0\u00a0\u00a0 Ardiana Karamanag<\/li>\n<li>2.\u00a0\u00a0\u00a0\u00a0\u00a0\u00a0 Rrezarta Hysa<\/li>\n<\/ul>\n<p>&nbsp;<\/p>\n<p>Me medalje t\u00eb bronzit u shp\u00ebrblyen:<\/p>\n<ul>\n<li>1.\u00a0\u00a0\u00a0\u00a0\u00a0\u00a0 Edina Kraja<\/li>\n<li>2.\u00a0\u00a0\u00a0\u00a0\u00a0\u00a0 Izedin Kurti<\/li>\n<\/ul>\n<p><a href=\"http:\/\/www.visit-ulcinj.com\/blog\/wp-content\/uploads\/2011\/10\/Taekwondo-Ulqini-triumfon-n%C3%AB-Podgoric%C3%AB.5.jpg\"><img loading=\"lazy\" class=\"alignleft size-full wp-image-52552\" title=\"Taekwondo Ulqini triumfon n\u00eb Podgoric\u00eb.5\" src=\"http:\/\/www.visit-ulcinj.com\/blog\/wp-content\/uploads\/2011\/10\/Taekwondo-Ulqini-triumfon-n%C3%AB-Podgoric%C3%AB.5.jpg\" alt=\"\" width=\"508\" height=\"330\" \/><\/a><\/p>\n<p>N\u00eb diciplin\u00ebn e formave klubi i taekwondo-s\u00eb Ulqini u rendi n\u00eb vendin e par\u00eb.<br \/>\nKy ishte edhe nj\u00eb sukses i klubit t\u00eb taekwondo-s\u00eb Ulqini n\u00eb kampionatitn shtet\u00ebror , iu uroj suksese garuesve tan\u00eb t\u00eb cil\u00ebt dhan\u00eb kontributin e tyre n\u00eb k\u00ebt\u00eb kampionat dhe pat\u00ebn nj\u00eb paraqitje jashtzakonisht t\u00eb mir\u00eb ku me dinjitet p\u00ebrfaqsuan qytetin e Ulqinit. Falenderoj prind\u00ebrit e garuesve tan\u00eb t\u00eb cil\u00ebt na mund\u00ebsuan pjesmarrjen ton\u00eb, ishin ata q\u00eb finaciarisht kontribuan p\u00ebr nx\u00ebn\u00ebsit tan\u00eb.<\/p>\n<p>&nbsp;<\/p>\n<p><strong>M\u00cb SHUM FATOGRAFI NE <a href=\"https:\/\/www.facebook.com\/pages\/Taekwondo-ULQINI-Club\/57847213136\">Taekwondo &#8221;ULQINI&#8221; Club<\/a> Facebook<\/strong><\/p>\n<p>\n\t\t<style type=\"text\/css\">\n\t\t\t#gallery-1 {\n\t\t\t\tmargin: auto;\n\t\t\t}\n\t\t\t#gallery-1 .gallery-item {\n\t\t\t\tfloat: left;\n\t\t\t\tmargin-top: 10px;\n\t\t\t\ttext-align: center;\n\t\t\t\twidth: 33%;\n\t\t\t}\n\t\t\t#gallery-1 img {\n\t\t\t\tborder: 2px solid #cfcfcf;\n\t\t\t}\n\t\t\t#gallery-1 .gallery-caption {\n\t\t\t\tmargin-left: 0;\n\t\t\t}\n\t\t\t\/* see gallery_shortcode() in wp-includes\/media.php *\/\n\t\t<\/style>\n\t\t<div id='gallery-1' class='gallery galleryid-52547 gallery-columns-3 gallery-size-thumbnail'><dl class='gallery-item'>\n\t\t\t<dt class='gallery-icon landscape'>\n\t\t\t\t<a href='https:\/\/www.visit-ulcinj.com\/blog\/wp-content\/uploads\/2011\/10\/Taekwondo-Ulqini-triumfon-n\u00eb-Podgoric\u00eb.1.jpg'><img width=\"150\" height=\"150\" src=\"https:\/\/www.visit-ulcinj.com\/blog\/wp-content\/uploads\/2011\/10\/Taekwondo-Ulqini-triumfon-n\u00eb-Podgoric\u00eb.1-150x150.jpg\" class=\"attachment-thumbnail size-thumbnail\" alt=\"\" loading=\"lazy\" \/><\/a>\n\t\t\t<\/dt><\/dl><dl class='gallery-item'>\n\t\t\t<dt class='gallery-icon landscape'>\n\t\t\t\t<a href='https:\/\/www.visit-ulcinj.com\/blog\/wp-content\/uploads\/2011\/10\/Taekwondo-Ulqini-triumfon-n\u00eb-Podgoric\u00eb.2.jpg'><img width=\"150\" height=\"150\" src=\"https:\/\/www.visit-ulcinj.com\/blog\/wp-content\/uploads\/2011\/10\/Taekwondo-Ulqini-triumfon-n\u00eb-Podgoric\u00eb.2-150x150.jpg\" class=\"attachment-thumbnail size-thumbnail\" alt=\"\" loading=\"lazy\" \/><\/a>\n\t\t\t<\/dt><\/dl><dl class='gallery-item'>\n\t\t\t<dt class='gallery-icon landscape'>\n\t\t\t\t<a href='https:\/\/www.visit-ulcinj.com\/blog\/wp-content\/uploads\/2011\/10\/Taekwondo-Ulqini-triumfon-n\u00eb-Podgoric\u00eb.3.jpg'><img width=\"150\" height=\"150\" src=\"https:\/\/www.visit-ulcinj.com\/blog\/wp-content\/uploads\/2011\/10\/Taekwondo-Ulqini-triumfon-n\u00eb-Podgoric\u00eb.3-150x150.jpg\" class=\"attachment-thumbnail size-thumbnail\" alt=\"\" loading=\"lazy\" \/><\/a>\n\t\t\t<\/dt><\/dl><br style=\"clear: both\" \/><dl class='gallery-item'>\n\t\t\t<dt class='gallery-icon landscape'>\n\t\t\t\t<a href='https:\/\/www.visit-ulcinj.com\/blog\/wp-content\/uploads\/2011\/10\/Taekwondo-Ulqini-triumfon-n\u00eb-Podgoric\u00eb.4.jpg'><img width=\"150\" height=\"150\" src=\"https:\/\/www.visit-ulcinj.com\/blog\/wp-content\/uploads\/2011\/10\/Taekwondo-Ulqini-triumfon-n\u00eb-Podgoric\u00eb.4-150x150.jpg\" class=\"attachment-thumbnail size-thumbnail\" alt=\"\" loading=\"lazy\" \/><\/a>\n\t\t\t<\/dt><\/dl><dl class='gallery-item'>\n\t\t\t<dt class='gallery-icon landscape'>\n\t\t\t\t<a href='https:\/\/www.visit-ulcinj.com\/blog\/wp-content\/uploads\/2011\/10\/Taekwondo-Ulqini-triumfon-n\u00eb-Podgoric\u00eb.5.jpg'><img width=\"150\" height=\"150\" src=\"https:\/\/www.visit-ulcinj.com\/blog\/wp-content\/uploads\/2011\/10\/Taekwondo-Ulqini-triumfon-n\u00eb-Podgoric\u00eb.5-150x150.jpg\" class=\"attachment-thumbnail size-thumbnail\" alt=\"\" loading=\"lazy\" \/><\/a>\n\t\t\t<\/dt><\/dl><dl class='gallery-item'>\n\t\t\t<dt class='gallery-icon landscape'>\n\t\t\t\t<a href='https:\/\/www.visit-ulcinj.com\/blog\/wp-content\/uploads\/2011\/10\/Taekwondo-Ulqini-triumfon-n\u00eb-Podgoric\u00eb.6.jpg'><img width=\"150\" height=\"150\" src=\"https:\/\/www.visit-ulcinj.com\/blog\/wp-content\/uploads\/2011\/10\/Taekwondo-Ulqini-triumfon-n\u00eb-Podgoric\u00eb.6-150x150.jpg\" class=\"attachment-thumbnail size-thumbnail\" alt=\"\" loading=\"lazy\" \/><\/a>\n\t\t\t<\/dt><\/dl><br style=\"clear: both\" \/><dl class='gallery-item'>\n\t\t\t<dt class='gallery-icon landscape'>\n\t\t\t\t<a href='https:\/\/www.visit-ulcinj.com\/blog\/wp-content\/uploads\/2011\/10\/Taekwondo-Ulqini-triumfon-n\u00eb-Podgoric\u00eb.jpg'><img width=\"150\" height=\"150\" src=\"https:\/\/www.visit-ulcinj.com\/blog\/wp-content\/uploads\/2011\/10\/Taekwondo-Ulqini-triumfon-n\u00eb-Podgoric\u00eb-150x150.jpg\" class=\"attachment-thumbnail size-thumbnail\" alt=\"\" loading=\"lazy\" \/><\/a>\n\t\t\t<\/dt><\/dl>\n\t\t\t<br style='clear: both' \/>\n\t\t<\/div>\n<br \/>\n<!--YouTube Error: bad URL entered--><\/p>\n","protected":false},"excerpt":{"rendered":"<p>Taekwondo Kampionati i Malit t\u00eb Zi p\u00ebr kategorin\u00eb e pionir\u00ebve dhe junior\u00ebve si dhe kampionati p\u00ebr Forma (poomsae) T\u00eb dielen me dat\u00eb 30.10.2011 n\u00eb Podgoric\u00eb u mbajt\u00eb kampionati i Malit t\u00eb Zi n\u00eb sportin olimpik t\u00eb Taekwondo-s\u00eb. Gj\u00ebgj\u00ebsisht kampionati p\u00ebr kategorin\u00eb e pionir\u00ebve dhe junior\u00ebve, si dhe kampionati i Malit t\u00eb Zi n\u00eb diciplin\u00ebn e [&hellip;]<\/p>\n","protected":false},"author":1,"featured_media":0,"comment_status":"open","ping_status":"closed","sticky":false,"template":"","format":"standard","meta":{"spay_email":"","jetpack_publicize_message":"","jetpack_is_tweetstorm":false,"jetpack_publicize_feature_enabled":true},"categories":[1,3],"tags":[13141],"jetpack_publicize_connections":[],"yoast_head":"<!-- This site is optimized with the Yoast SEO plugin v19.1 - https:\/\/yoast.com\/wordpress\/plugins\/seo\/ -->\n<title>Taekwondo Ulqini triumfon n\u00eb Podgoric\u00eb   - Lajme nga Ulqini<\/title>\n<meta name=\"description\" content=\"Taekwondo Kampionati i Malit t\u00eb Zi p\u00ebr kategorin\u00eb e pionir\u00ebve dhe junior\u00ebve si dhe kampionati p\u00ebr Forma (poomsae) T\u00eb dielen me dat\u00eb 30.10.2011 n\u00eb\" \/>\n<meta name=\"robots\" content=\"index, follow, max-snippet:-1, max-image-preview:large, max-video-preview:-1\" \/>\n<link rel=\"canonical\" href=\"https:\/\/www.visit-ulcinj.com\/blog\/2011\/10\/31\/taekwondo-ulqini-triumfon-ne-podgorice\/\" \/>\n<meta property=\"og:locale\" content=\"en_US\" \/>\n<meta property=\"og:type\" content=\"article\" \/>\n<meta property=\"og:title\" content=\"Taekwondo Ulqini triumfon n\u00eb Podgoric\u00eb   - Lajme nga Ulqini\" \/>\n<meta property=\"og:description\" content=\"Taekwondo Kampionati i Malit t\u00eb Zi p\u00ebr kategorin\u00eb e pionir\u00ebve dhe junior\u00ebve si dhe kampionati p\u00ebr Forma (poomsae) T\u00eb dielen me dat\u00eb 30.10.2011 n\u00eb\" \/>\n<meta property=\"og:url\" content=\"https:\/\/www.visit-ulcinj.com\/blog\/2011\/10\/31\/taekwondo-ulqini-triumfon-ne-podgorice\/\" \/>\n<meta property=\"og:site_name\" content=\"Lajme nga Ulqini\" \/>\n<meta property=\"article:published_time\" content=\"2011-10-31T08:13:14+00:00\" \/>\n<meta property=\"article:modified_time\" content=\"2011-10-31T19:02:03+00:00\" \/>\n<meta property=\"og:image\" content=\"https:\/\/www.visit-ulcinj.com\/blog\/wp-content\/uploads\/2011\/10\/Taekwondo-Ulqini-triumfon-n\u00eb-Podgoric\u00eb.1-150x150.jpg\" \/>\n<meta name=\"twitter:label1\" content=\"Written by\" \/>\n\t<meta name=\"twitter:data1\" content=\"ulqini\" \/>\n\t<meta name=\"twitter:label2\" content=\"Est. reading time\" \/>\n\t<meta name=\"twitter:data2\" content=\"3 minutes\" \/>\n<script type=\"application\/ld+json\" class=\"yoast-schema-graph\">{\"@context\":\"https:\/\/schema.org\",\"@graph\":[{\"@type\":\"WebSite\",\"@id\":\"https:\/\/www.visit-ulcinj.com\/blog\/#website\",\"url\":\"https:\/\/www.visit-ulcinj.com\/blog\/\",\"name\":\"Lajme nga Ulqini\",\"description\":\"Lajme,Vijesti,Ulqini,Ulqin,Crna Gora,Mali i Zi\",\"potentialAction\":[{\"@type\":\"SearchAction\",\"target\":{\"@type\":\"EntryPoint\",\"urlTemplate\":\"https:\/\/www.visit-ulcinj.com\/blog\/?s={search_term_string}\"},\"query-input\":\"required name=search_term_string\"}],\"inLanguage\":\"en-US\"},{\"@type\":\"ImageObject\",\"inLanguage\":\"en-US\",\"@id\":\"https:\/\/www.visit-ulcinj.com\/blog\/2011\/10\/31\/taekwondo-ulqini-triumfon-ne-podgorice\/#primaryimage\",\"url\":\"http:\/\/www.visit-ulcinj.com\/blog\/wp-content\/uploads\/2011\/10\/Taekwondo-Ulqini-triumfon-n%C3%AB-Podgoric%C3%AB.2.jpg\",\"contentUrl\":\"http:\/\/www.visit-ulcinj.com\/blog\/wp-content\/uploads\/2011\/10\/Taekwondo-Ulqini-triumfon-n%C3%AB-Podgoric%C3%AB.2.jpg\"},{\"@type\":\"WebPage\",\"@id\":\"https:\/\/www.visit-ulcinj.com\/blog\/2011\/10\/31\/taekwondo-ulqini-triumfon-ne-podgorice\/#webpage\",\"url\":\"https:\/\/www.visit-ulcinj.com\/blog\/2011\/10\/31\/taekwondo-ulqini-triumfon-ne-podgorice\/\",\"name\":\"Taekwondo Ulqini triumfon n\u00eb Podgoric\u00eb - Lajme nga Ulqini\",\"isPartOf\":{\"@id\":\"https:\/\/www.visit-ulcinj.com\/blog\/#website\"},\"primaryImageOfPage\":{\"@id\":\"https:\/\/www.visit-ulcinj.com\/blog\/2011\/10\/31\/taekwondo-ulqini-triumfon-ne-podgorice\/#primaryimage\"},\"datePublished\":\"2011-10-31T08:13:14+00:00\",\"dateModified\":\"2011-10-31T19:02:03+00:00\",\"author\":{\"@id\":\"https:\/\/www.visit-ulcinj.com\/blog\/#\/schema\/person\/dcab619c614d3038751c63bc2aadc06d\"},\"description\":\"Taekwondo Kampionati i Malit t\u00eb Zi p\u00ebr kategorin\u00eb e pionir\u00ebve dhe junior\u00ebve si dhe kampionati p\u00ebr Forma (poomsae) T\u00eb dielen me dat\u00eb 30.10.2011 n\u00eb\",\"breadcrumb\":{\"@id\":\"https:\/\/www.visit-ulcinj.com\/blog\/2011\/10\/31\/taekwondo-ulqini-triumfon-ne-podgorice\/#breadcrumb\"},\"inLanguage\":\"en-US\",\"potentialAction\":[{\"@type\":\"ReadAction\",\"target\":[\"https:\/\/www.visit-ulcinj.com\/blog\/2011\/10\/31\/taekwondo-ulqini-triumfon-ne-podgorice\/\"]}]},{\"@type\":\"BreadcrumbList\",\"@id\":\"https:\/\/www.visit-ulcinj.com\/blog\/2011\/10\/31\/taekwondo-ulqini-triumfon-ne-podgorice\/#breadcrumb\",\"itemListElement\":[{\"@type\":\"ListItem\",\"position\":1,\"name\":\"Taekwondo Ulqini triumfon n\u00eb Podgoric\u00eb\"}]},{\"@type\":\"Person\",\"@id\":\"https:\/\/www.visit-ulcinj.com\/blog\/#\/schema\/person\/dcab619c614d3038751c63bc2aadc06d\",\"name\":\"ulqini\",\"sameAs\":[\"http:\/\/www.visit-ulcinj.com\"],\"url\":\"https:\/\/www.visit-ulcinj.com\/blog\/author\/admin\/\"}]}<\/script>\n<!-- \/ Yoast SEO plugin. -->","yoast_head_json":{"title":"Taekwondo Ulqini triumfon n\u00eb Podgoric\u00eb   - Lajme nga Ulqini","description":"Taekwondo Kampionati i Malit t\u00eb Zi p\u00ebr kategorin\u00eb e pionir\u00ebve dhe junior\u00ebve si dhe kampionati p\u00ebr Forma (poomsae) T\u00eb dielen me dat\u00eb 30.10.2011 n\u00eb","robots":{"index":"index","follow":"follow","max-snippet":"max-snippet:-1","max-image-preview":"max-image-preview:large","max-video-preview":"max-video-preview:-1"},"canonical":"https:\/\/www.visit-ulcinj.com\/blog\/2011\/10\/31\/taekwondo-ulqini-triumfon-ne-podgorice\/","og_locale":"en_US","og_type":"article","og_title":"Taekwondo Ulqini triumfon n\u00eb Podgoric\u00eb   - Lajme nga Ulqini","og_description":"Taekwondo Kampionati i Malit t\u00eb Zi p\u00ebr kategorin\u00eb e pionir\u00ebve dhe junior\u00ebve si dhe kampionati p\u00ebr Forma (poomsae) T\u00eb dielen me dat\u00eb 30.10.2011 n\u00eb","og_url":"https:\/\/www.visit-ulcinj.com\/blog\/2011\/10\/31\/taekwondo-ulqini-triumfon-ne-podgorice\/","og_site_name":"Lajme nga Ulqini","article_published_time":"2011-10-31T08:13:14+00:00","article_modified_time":"2011-10-31T19:02:03+00:00","og_image":[{"url":"https:\/\/www.visit-ulcinj.com\/blog\/wp-content\/uploads\/2011\/10\/Taekwondo-Ulqini-triumfon-n\u00eb-Podgoric\u00eb.1-150x150.jpg"}],"twitter_misc":{"Written by":"ulqini","Est. reading time":"3 minutes"},"schema":{"@context":"https:\/\/schema.org","@graph":[{"@type":"WebSite","@id":"https:\/\/www.visit-ulcinj.com\/blog\/#website","url":"https:\/\/www.visit-ulcinj.com\/blog\/","name":"Lajme nga Ulqini","description":"Lajme,Vijesti,Ulqini,Ulqin,Crna Gora,Mali i Zi","potentialAction":[{"@type":"SearchAction","target":{"@type":"EntryPoint","urlTemplate":"https:\/\/www.visit-ulcinj.com\/blog\/?s={search_term_string}"},"query-input":"required name=search_term_string"}],"inLanguage":"en-US"},{"@type":"ImageObject","inLanguage":"en-US","@id":"https:\/\/www.visit-ulcinj.com\/blog\/2011\/10\/31\/taekwondo-ulqini-triumfon-ne-podgorice\/#primaryimage","url":"http:\/\/www.visit-ulcinj.com\/blog\/wp-content\/uploads\/2011\/10\/Taekwondo-Ulqini-triumfon-n%C3%AB-Podgoric%C3%AB.2.jpg","contentUrl":"http:\/\/www.visit-ulcinj.com\/blog\/wp-content\/uploads\/2011\/10\/Taekwondo-Ulqini-triumfon-n%C3%AB-Podgoric%C3%AB.2.jpg"},{"@type":"WebPage","@id":"https:\/\/www.visit-ulcinj.com\/blog\/2011\/10\/31\/taekwondo-ulqini-triumfon-ne-podgorice\/#webpage","url":"https:\/\/www.visit-ulcinj.com\/blog\/2011\/10\/31\/taekwondo-ulqini-triumfon-ne-podgorice\/","name":"Taekwondo Ulqini triumfon n\u00eb Podgoric\u00eb - Lajme nga Ulqini","isPartOf":{"@id":"https:\/\/www.visit-ulcinj.com\/blog\/#website"},"primaryImageOfPage":{"@id":"https:\/\/www.visit-ulcinj.com\/blog\/2011\/10\/31\/taekwondo-ulqini-triumfon-ne-podgorice\/#primaryimage"},"datePublished":"2011-10-31T08:13:14+00:00","dateModified":"2011-10-31T19:02:03+00:00","author":{"@id":"https:\/\/www.visit-ulcinj.com\/blog\/#\/schema\/person\/dcab619c614d3038751c63bc2aadc06d"},"description":"Taekwondo Kampionati i Malit t\u00eb Zi p\u00ebr kategorin\u00eb e pionir\u00ebve dhe junior\u00ebve si dhe kampionati p\u00ebr Forma (poomsae) T\u00eb dielen me dat\u00eb 30.10.2011 n\u00eb","breadcrumb":{"@id":"https:\/\/www.visit-ulcinj.com\/blog\/2011\/10\/31\/taekwondo-ulqini-triumfon-ne-podgorice\/#breadcrumb"},"inLanguage":"en-US","potentialAction":[{"@type":"ReadAction","target":["https:\/\/www.visit-ulcinj.com\/blog\/2011\/10\/31\/taekwondo-ulqini-triumfon-ne-podgorice\/"]}]},{"@type":"BreadcrumbList","@id":"https:\/\/www.visit-ulcinj.com\/blog\/2011\/10\/31\/taekwondo-ulqini-triumfon-ne-podgorice\/#breadcrumb","itemListElement":[{"@type":"ListItem","position":1,"name":"Taekwondo Ulqini triumfon n\u00eb Podgoric\u00eb"}]},{"@type":"Person","@id":"https:\/\/www.visit-ulcinj.com\/blog\/#\/schema\/person\/dcab619c614d3038751c63bc2aadc06d","name":"ulqini","sameAs":["http:\/\/www.visit-ulcinj.com"],"url":"https:\/\/www.visit-ulcinj.com\/blog\/author\/admin\/"}]}},"jetpack_featured_media_url":"","jetpack_sharing_enabled":true,"jetpack_shortlink":"https:\/\/wp.me\/pe6lTn-dFx","_links":{"self":[{"href":"https:\/\/www.visit-ulcinj.com\/blog\/wp-json\/wp\/v2\/posts\/52547"}],"collection":[{"href":"https:\/\/www.visit-ulcinj.com\/blog\/wp-json\/wp\/v2\/posts"}],"about":[{"href":"https:\/\/www.visit-ulcinj.com\/blog\/wp-json\/wp\/v2\/types\/post"}],"author":[{"embeddable":true,"href":"https:\/\/www.visit-ulcinj.com\/blog\/wp-json\/wp\/v2\/users\/1"}],"replies":[{"embeddable":true,"href":"https:\/\/www.visit-ulcinj.com\/blog\/wp-json\/wp\/v2\/comments?post=52547"}],"version-history":[{"count":6,"href":"https:\/\/www.visit-ulcinj.com\/blog\/wp-json\/wp\/v2\/posts\/52547\/revisions"}],"predecessor-version":[{"id":52606,"href":"https:\/\/www.visit-ulcinj.com\/blog\/wp-json\/wp\/v2\/posts\/52547\/revisions\/52606"}],"wp:attachment":[{"href":"https:\/\/www.visit-ulcinj.com\/blog\/wp-json\/wp\/v2\/media?parent=52547"}],"wp:term":[{"taxonomy":"category","embeddable":true,"href":"https:\/\/www.visit-ulcinj.com\/blog\/wp-json\/wp\/v2\/categories?post=52547"},{"taxonomy":"post_tag","embeddable":true,"href":"https:\/\/www.visit-ulcinj.com\/blog\/wp-json\/wp\/v2\/tags?post=52547"}],"curies":[{"name":"wp","href":"https:\/\/api.w.org\/{rel}","templated":true}]}}