{"id":52562,"date":"2011-10-31T17:43:05","date_gmt":"2011-10-31T16:43:05","guid":{"rendered":"http:\/\/www.visit-ulcinj.com\/blog\/?p=52562"},"modified":"2011-10-31T17:43:57","modified_gmt":"2011-10-31T16:43:57","slug":"met-doni-treci-potpredsjednik","status":"publish","type":"post","link":"https:\/\/www.visit-ulcinj.com\/blog\/2011\/10\/31\/met-doni-treci-potpredsjednik\/","title":{"rendered":"Met \u0110oni tre\u0107i potpredsjednik"},"content":{"rendered":"<p><strong><a href=\"http:\/\/www.visit-ulcinj.com\/blog\/wp-content\/uploads\/2011\/10\/met-gjoni.jpg\"><img loading=\"lazy\" class=\"alignleft size-full wp-image-52564\" title=\"met-gjoni\" src=\"http:\/\/www.visit-ulcinj.com\/blog\/wp-content\/uploads\/2011\/10\/met-gjoni.jpg\" alt=\"\" width=\"300\" height=\"387\" srcset=\"https:\/\/www.visit-ulcinj.com\/blog\/wp-content\/uploads\/2011\/10\/met-gjoni.jpg 300w, https:\/\/www.visit-ulcinj.com\/blog\/wp-content\/uploads\/2011\/10\/met-gjoni-232x300.jpg 232w\" sizes=\"(max-width: 300px) 100vw, 300px\" \/><\/a>U novoj izvr\u0161noj vlasti Ulcinja funkcija \u010deka prvog sekretara ambasade u Tirani<\/strong><\/p>\n<p>ULCINj \u2013 Op\u0161tina Ulcinj do kraja godine dobi\u0107e i tre\u0107eg potpredsjednika, a najozbiljniji kandidat za tu funkciju je biv\u0161i funkcioner DUA Met \u0110oni, saznaje \u201eDan\u201c. Prema dobro obavije\u0161tenim izvorima \u0110oni, koji se trenutno nalazi na funkciji prvog sekretara Ambasade u Tirani, podr\u017eao je otcijepljeno krilo DUA, koje je nedavno sa Forcom i Perspektivom formiralo novu vlast u Ulcinju. S obzirom na to da \u0107e najvjerovatnije od Nove godine ambasadorsku funkciju u Tirani preuzeti sada\u0161nji lider Demokratske unije Albanaca Ferhat Dino\u0161a jasno je da \u0107e \u0110oniju, nekada\u0161njem poslaniku te partije u republi\u010dkom parlamentu i biv\u0161em direktoru Informativnog centra, prestati slu\u017eba u diplomatiji. Lokalni parlament je, podsjetimo, nedavno izabrao dva nova potpredsjednika, Selima Resulbegovi\u0107a iz SDP-a i D\u017eaudeta Cakulija iz Force.<br \/>\nPotpredsjedni\u010dku funkciju zadr\u017eao je do kraja godine i Muhamed Nika, funkcioner PDP-a, odnosno njenog otcijepljenog dijela.<br \/>\nIna\u010de, u lokalnoj samoupravi u toku su kadrovske promjene koje diktira nova politi\u010dka ve\u0107ina. Predsjednik op\u0161tine Nazif Cungu razrije\u0161io je skoro sve sekretare sekretarijata koje na funkcije postavila biv\u0161a koalicija DPS\u2013DUA\u2013 PDP i na njihova mjesta imenovao kadrove nove vladaju\u0107e koalicije. Na \u010delo Sekretarijata za privredu i ekonomski razvoj imenovan je Valdet Ad\u017eemovi\u0107 iz Force.<br \/>\nNovi sekretar za komunalne djelatnosti i za\u0161titu \u017eivotne sredine je Abdulah Dervi\u0161i, tako\u0111e iz Force, a toj partiji pripali su i Sekretarijat za za\u0161titu imovine i Sekretarijat za upravu, propise, kadrove i dru\u0161tvene djelatnosti, koje \u0107e ubudu\u0107e voditi Gzim Had\u017eibeti, odnosno \u0110ina \u0110onovi\u0107. Sektor urbanizma pripao je SDP-u pa \u0107e na \u010delu tog sekretarijata biti Valjon Buzuku. Na \u010delu komunalne policije osta\u0107e Kaplan Mu\u010daj iz otcijepljenog krila PDP-a.<br \/>\nNovi sekretar za bud\u017eet i finansije bi\u0107e Agron Ibrahimi, kadar otcijepljenog krila DUA, \u010diji \u0107e funkcioneri Manu\u0161 Haljilji i Ned\u017eedin Avdiu pokrivati funkcije sekretara za stambene djelatnosti i menad\u017eera op\u0161tine. Podsjetimo, za glavnog administraora ranije je imenovan Jakup Murati iz Force.<br \/>\nLideri stranka koje od nedavno vr\u0161e vlast u Ulcinju dogovorili su da na mjesto direktora Centra za kulturu do\u0111e funkcioner Force Nail Draga, a da sektor \u010disto\u0107e u JKP, u kome je u toku podjela na dva preduze\u0107a, preuzme Zana Sarvan iz Perspektive.<br \/>\n<a href=\"http:\/\/www.dan.co.me\/?nivo=3&amp;rubrika=Regioni&amp;datum=2011-10-31&amp;clanak=304138\" target=\"_blank\"><strong>M.K.<\/strong><br \/>\n<strong> Izvor: DAN<\/strong><\/a><\/p>\n","protected":false},"excerpt":{"rendered":"<p>U novoj izvr\u0161noj vlasti Ulcinja funkcija \u010deka prvog sekretara ambasade u Tirani ULCINj \u2013 Op\u0161tina Ulcinj do kraja godine dobi\u0107e i tre\u0107eg potpredsjednika, a najozbiljniji kandidat za tu funkciju je biv\u0161i funkcioner DUA Met \u0110oni, saznaje \u201eDan\u201c. Prema dobro obavije\u0161tenim izvorima \u0110oni, koji se trenutno nalazi na funkciji prvog sekretara Ambasade u Tirani, podr\u017eao je [&hellip;]<\/p>\n","protected":false},"author":1,"featured_media":0,"comment_status":"open","ping_status":"closed","sticky":false,"template":"","format":"standard","meta":{"spay_email":"","jetpack_publicize_message":"","jetpack_is_tweetstorm":false,"jetpack_publicize_feature_enabled":true},"categories":[8337],"tags":[19264,19],"jetpack_publicize_connections":[],"yoast_head":"<!-- This site is optimized with the Yoast SEO plugin v19.1 - https:\/\/yoast.com\/wordpress\/plugins\/seo\/ -->\n<title>Met \u0110oni tre\u0107i potpredsjednik - Lajme nga Ulqini<\/title>\n<meta name=\"description\" content=\"U novoj izvr\u0161noj vlasti Ulcinja funkcija \u010deka prvog sekretara ambasade u Tirani ULCINj \u2013 Op\u0161tina Ulcinj do kraja godine dobi\u0107e i tre\u0107eg potpredsjednika, a\" \/>\n<meta name=\"robots\" content=\"index, follow, max-snippet:-1, max-image-preview:large, max-video-preview:-1\" \/>\n<link rel=\"canonical\" href=\"https:\/\/www.visit-ulcinj.com\/blog\/2011\/10\/31\/met-doni-treci-potpredsjednik\/\" \/>\n<meta property=\"og:locale\" content=\"en_US\" \/>\n<meta property=\"og:type\" content=\"article\" \/>\n<meta property=\"og:title\" content=\"Met \u0110oni tre\u0107i potpredsjednik - Lajme nga Ulqini\" \/>\n<meta property=\"og:description\" content=\"U novoj izvr\u0161noj vlasti Ulcinja funkcija \u010deka prvog sekretara ambasade u Tirani ULCINj \u2013 Op\u0161tina Ulcinj do kraja godine dobi\u0107e i tre\u0107eg potpredsjednika, a\" \/>\n<meta property=\"og:url\" content=\"https:\/\/www.visit-ulcinj.com\/blog\/2011\/10\/31\/met-doni-treci-potpredsjednik\/\" \/>\n<meta property=\"og:site_name\" content=\"Lajme nga Ulqini\" \/>\n<meta property=\"article:published_time\" content=\"2011-10-31T16:43:05+00:00\" \/>\n<meta property=\"article:modified_time\" content=\"2011-10-31T16:43:57+00:00\" \/>\n<meta property=\"og:image\" content=\"http:\/\/www.visit-ulcinj.com\/blog\/wp-content\/uploads\/2011\/10\/met-gjoni.jpg\" \/>\n<meta name=\"twitter:label1\" content=\"Written by\" \/>\n\t<meta name=\"twitter:data1\" content=\"ulqini\" \/>\n\t<meta name=\"twitter:label2\" content=\"Est. reading time\" \/>\n\t<meta name=\"twitter:data2\" content=\"2 minutes\" \/>\n<script type=\"application\/ld+json\" class=\"yoast-schema-graph\">{\"@context\":\"https:\/\/schema.org\",\"@graph\":[{\"@type\":\"WebSite\",\"@id\":\"https:\/\/www.visit-ulcinj.com\/blog\/#website\",\"url\":\"https:\/\/www.visit-ulcinj.com\/blog\/\",\"name\":\"Lajme nga Ulqini\",\"description\":\"Lajme,Vijesti,Ulqini,Ulqin,Crna Gora,Mali i Zi\",\"potentialAction\":[{\"@type\":\"SearchAction\",\"target\":{\"@type\":\"EntryPoint\",\"urlTemplate\":\"https:\/\/www.visit-ulcinj.com\/blog\/?s={search_term_string}\"},\"query-input\":\"required name=search_term_string\"}],\"inLanguage\":\"en-US\"},{\"@type\":\"ImageObject\",\"inLanguage\":\"en-US\",\"@id\":\"https:\/\/www.visit-ulcinj.com\/blog\/2011\/10\/31\/met-doni-treci-potpredsjednik\/#primaryimage\",\"url\":\"https:\/\/www.visit-ulcinj.com\/blog\/wp-content\/uploads\/2011\/10\/met-gjoni.jpg\",\"contentUrl\":\"https:\/\/www.visit-ulcinj.com\/blog\/wp-content\/uploads\/2011\/10\/met-gjoni.jpg\",\"width\":\"300\",\"height\":\"387\"},{\"@type\":\"WebPage\",\"@id\":\"https:\/\/www.visit-ulcinj.com\/blog\/2011\/10\/31\/met-doni-treci-potpredsjednik\/#webpage\",\"url\":\"https:\/\/www.visit-ulcinj.com\/blog\/2011\/10\/31\/met-doni-treci-potpredsjednik\/\",\"name\":\"Met \u0110oni tre\u0107i potpredsjednik - Lajme nga Ulqini\",\"isPartOf\":{\"@id\":\"https:\/\/www.visit-ulcinj.com\/blog\/#website\"},\"primaryImageOfPage\":{\"@id\":\"https:\/\/www.visit-ulcinj.com\/blog\/2011\/10\/31\/met-doni-treci-potpredsjednik\/#primaryimage\"},\"datePublished\":\"2011-10-31T16:43:05+00:00\",\"dateModified\":\"2011-10-31T16:43:57+00:00\",\"author\":{\"@id\":\"https:\/\/www.visit-ulcinj.com\/blog\/#\/schema\/person\/dcab619c614d3038751c63bc2aadc06d\"},\"description\":\"U novoj izvr\u0161noj vlasti Ulcinja funkcija \u010deka prvog sekretara ambasade u Tirani ULCINj \u2013 Op\u0161tina Ulcinj do kraja godine dobi\u0107e i tre\u0107eg potpredsjednika, a\",\"breadcrumb\":{\"@id\":\"https:\/\/www.visit-ulcinj.com\/blog\/2011\/10\/31\/met-doni-treci-potpredsjednik\/#breadcrumb\"},\"inLanguage\":\"en-US\",\"potentialAction\":[{\"@type\":\"ReadAction\",\"target\":[\"https:\/\/www.visit-ulcinj.com\/blog\/2011\/10\/31\/met-doni-treci-potpredsjednik\/\"]}]},{\"@type\":\"BreadcrumbList\",\"@id\":\"https:\/\/www.visit-ulcinj.com\/blog\/2011\/10\/31\/met-doni-treci-potpredsjednik\/#breadcrumb\",\"itemListElement\":[{\"@type\":\"ListItem\",\"position\":1,\"name\":\"Met \u0110oni tre\u0107i potpredsjednik\"}]},{\"@type\":\"Person\",\"@id\":\"https:\/\/www.visit-ulcinj.com\/blog\/#\/schema\/person\/dcab619c614d3038751c63bc2aadc06d\",\"name\":\"ulqini\",\"sameAs\":[\"http:\/\/www.visit-ulcinj.com\"],\"url\":\"https:\/\/www.visit-ulcinj.com\/blog\/author\/admin\/\"}]}<\/script>\n<!-- \/ Yoast SEO plugin. -->","yoast_head_json":{"title":"Met \u0110oni tre\u0107i potpredsjednik - Lajme nga Ulqini","description":"U novoj izvr\u0161noj vlasti Ulcinja funkcija \u010deka prvog sekretara ambasade u Tirani ULCINj \u2013 Op\u0161tina Ulcinj do kraja godine dobi\u0107e i tre\u0107eg potpredsjednika, a","robots":{"index":"index","follow":"follow","max-snippet":"max-snippet:-1","max-image-preview":"max-image-preview:large","max-video-preview":"max-video-preview:-1"},"canonical":"https:\/\/www.visit-ulcinj.com\/blog\/2011\/10\/31\/met-doni-treci-potpredsjednik\/","og_locale":"en_US","og_type":"article","og_title":"Met \u0110oni tre\u0107i potpredsjednik - Lajme nga Ulqini","og_description":"U novoj izvr\u0161noj vlasti Ulcinja funkcija \u010deka prvog sekretara ambasade u Tirani ULCINj \u2013 Op\u0161tina Ulcinj do kraja godine dobi\u0107e i tre\u0107eg potpredsjednika, a","og_url":"https:\/\/www.visit-ulcinj.com\/blog\/2011\/10\/31\/met-doni-treci-potpredsjednik\/","og_site_name":"Lajme nga Ulqini","article_published_time":"2011-10-31T16:43:05+00:00","article_modified_time":"2011-10-31T16:43:57+00:00","og_image":[{"url":"http:\/\/www.visit-ulcinj.com\/blog\/wp-content\/uploads\/2011\/10\/met-gjoni.jpg"}],"twitter_misc":{"Written by":"ulqini","Est. reading time":"2 minutes"},"schema":{"@context":"https:\/\/schema.org","@graph":[{"@type":"WebSite","@id":"https:\/\/www.visit-ulcinj.com\/blog\/#website","url":"https:\/\/www.visit-ulcinj.com\/blog\/","name":"Lajme nga Ulqini","description":"Lajme,Vijesti,Ulqini,Ulqin,Crna Gora,Mali i Zi","potentialAction":[{"@type":"SearchAction","target":{"@type":"EntryPoint","urlTemplate":"https:\/\/www.visit-ulcinj.com\/blog\/?s={search_term_string}"},"query-input":"required name=search_term_string"}],"inLanguage":"en-US"},{"@type":"ImageObject","inLanguage":"en-US","@id":"https:\/\/www.visit-ulcinj.com\/blog\/2011\/10\/31\/met-doni-treci-potpredsjednik\/#primaryimage","url":"https:\/\/www.visit-ulcinj.com\/blog\/wp-content\/uploads\/2011\/10\/met-gjoni.jpg","contentUrl":"https:\/\/www.visit-ulcinj.com\/blog\/wp-content\/uploads\/2011\/10\/met-gjoni.jpg","width":"300","height":"387"},{"@type":"WebPage","@id":"https:\/\/www.visit-ulcinj.com\/blog\/2011\/10\/31\/met-doni-treci-potpredsjednik\/#webpage","url":"https:\/\/www.visit-ulcinj.com\/blog\/2011\/10\/31\/met-doni-treci-potpredsjednik\/","name":"Met \u0110oni tre\u0107i potpredsjednik - Lajme nga Ulqini","isPartOf":{"@id":"https:\/\/www.visit-ulcinj.com\/blog\/#website"},"primaryImageOfPage":{"@id":"https:\/\/www.visit-ulcinj.com\/blog\/2011\/10\/31\/met-doni-treci-potpredsjednik\/#primaryimage"},"datePublished":"2011-10-31T16:43:05+00:00","dateModified":"2011-10-31T16:43:57+00:00","author":{"@id":"https:\/\/www.visit-ulcinj.com\/blog\/#\/schema\/person\/dcab619c614d3038751c63bc2aadc06d"},"description":"U novoj izvr\u0161noj vlasti Ulcinja funkcija \u010deka prvog sekretara ambasade u Tirani ULCINj \u2013 Op\u0161tina Ulcinj do kraja godine dobi\u0107e i tre\u0107eg potpredsjednika, a","breadcrumb":{"@id":"https:\/\/www.visit-ulcinj.com\/blog\/2011\/10\/31\/met-doni-treci-potpredsjednik\/#breadcrumb"},"inLanguage":"en-US","potentialAction":[{"@type":"ReadAction","target":["https:\/\/www.visit-ulcinj.com\/blog\/2011\/10\/31\/met-doni-treci-potpredsjednik\/"]}]},{"@type":"BreadcrumbList","@id":"https:\/\/www.visit-ulcinj.com\/blog\/2011\/10\/31\/met-doni-treci-potpredsjednik\/#breadcrumb","itemListElement":[{"@type":"ListItem","position":1,"name":"Met \u0110oni tre\u0107i potpredsjednik"}]},{"@type":"Person","@id":"https:\/\/www.visit-ulcinj.com\/blog\/#\/schema\/person\/dcab619c614d3038751c63bc2aadc06d","name":"ulqini","sameAs":["http:\/\/www.visit-ulcinj.com"],"url":"https:\/\/www.visit-ulcinj.com\/blog\/author\/admin\/"}]}},"jetpack_featured_media_url":"","jetpack_sharing_enabled":true,"jetpack_shortlink":"https:\/\/wp.me\/pe6lTn-dFM","_links":{"self":[{"href":"https:\/\/www.visit-ulcinj.com\/blog\/wp-json\/wp\/v2\/posts\/52562"}],"collection":[{"href":"https:\/\/www.visit-ulcinj.com\/blog\/wp-json\/wp\/v2\/posts"}],"about":[{"href":"https:\/\/www.visit-ulcinj.com\/blog\/wp-json\/wp\/v2\/types\/post"}],"author":[{"embeddable":true,"href":"https:\/\/www.visit-ulcinj.com\/blog\/wp-json\/wp\/v2\/users\/1"}],"replies":[{"embeddable":true,"href":"https:\/\/www.visit-ulcinj.com\/blog\/wp-json\/wp\/v2\/comments?post=52562"}],"version-history":[{"count":3,"href":"https:\/\/www.visit-ulcinj.com\/blog\/wp-json\/wp\/v2\/posts\/52562\/revisions"}],"predecessor-version":[{"id":52567,"href":"https:\/\/www.visit-ulcinj.com\/blog\/wp-json\/wp\/v2\/posts\/52562\/revisions\/52567"}],"wp:attachment":[{"href":"https:\/\/www.visit-ulcinj.com\/blog\/wp-json\/wp\/v2\/media?parent=52562"}],"wp:term":[{"taxonomy":"category","embeddable":true,"href":"https:\/\/www.visit-ulcinj.com\/blog\/wp-json\/wp\/v2\/categories?post=52562"},{"taxonomy":"post_tag","embeddable":true,"href":"https:\/\/www.visit-ulcinj.com\/blog\/wp-json\/wp\/v2\/tags?post=52562"}],"curies":[{"name":"wp","href":"https:\/\/api.w.org\/{rel}","templated":true}]}}