{"id":52568,"date":"2011-10-31T18:16:35","date_gmt":"2011-10-31T17:16:35","guid":{"rendered":"http:\/\/www.visit-ulcinj.com\/blog\/?p=52568"},"modified":"2011-11-02T18:49:22","modified_gmt":"2011-11-02T17:49:22","slug":"nazi-cungu-emeroi-udheheqesin-e-re-ne-komunen-e-ulqinit","status":"publish","type":"post","link":"https:\/\/www.visit-ulcinj.com\/blog\/2011\/10\/31\/nazi-cungu-emeroi-udheheqesin-e-re-ne-komunen-e-ulqinit\/","title":{"rendered":"Nazif Cungu em\u00ebroi udh\u00ebheq\u00ebsin e re n\u00eb komun\u00ebn e Ulqinit"},"content":{"rendered":"<p><a href=\"http:\/\/www.visit-ulcinj.com\/blog\/wp-content\/uploads\/2011\/10\/Nazi-Cungu-em%C3%ABroi-udh%C3%ABheq%C3%ABsin-e-re-n%C3%AB-komun%C3%ABn-e-Ulqinit.jpg\"><img loading=\"lazy\" class=\"alignleft size-full wp-image-52569\" title=\"Nazi Cungu em\u00ebroi udh\u00ebheq\u00ebsin e re n\u00eb komun\u00ebn e Ulqinit\" src=\"http:\/\/www.visit-ulcinj.com\/blog\/wp-content\/uploads\/2011\/10\/Nazi-Cungu-em%C3%ABroi-udh%C3%ABheq%C3%ABsin-e-re-n%C3%AB-komun%C3%ABn-e-Ulqinit.jpg\" alt=\"\" width=\"508\" height=\"380\" \/><\/a>Kryetari i komun\u00ebs s\u00eb Ulqinit Nazif Cungu ka shkarkuar t\u00eb gjith\u00eb sekretar\u00ebt e sekretarijateve nga funksionet e tyre p\u00ebr t\u00eb em\u00ebruar t\u00eb rinjt\u00eb n\u00eb p\u00ebrputhje me shumic\u00ebn e re t\u00eb krijuar.<\/p>\n<p>K\u00ebshtu, n\u00eb krye t\u00eb Sekretariatit p\u00ebr Ekonomi dhe Zhvillim Ekonomik \u00ebsht\u00eb em\u00ebruar Valdet Axhemoviq nga Forca. Sekretari i ri i Sekretariatit p\u00ebr veprimtari komunale dhe mbrojtjes s\u00eb mjedisit \u00ebsht\u00eb\u00a0 Abdullah Dervishi, po nga Forca.<\/p>\n<p>Pashtu nga Forca e Re Demokratike jan\u00eb edhesekretari i\u00a0 Sekretariatit p\u00ebr mbrojtjen e pron\u00ebs s\u00eb komun\u00ebs dhe Sekretariati p\u00ebr administrat\u00eb, dispozita, kuadro dhe veprimtari shoq\u00ebrore, t\u00ebcil\u00ebt n\u00eb mandatin e ardhsh\u00ebm do t\u00eb udh\u00ebhiqen nga G\u00ebzim Haxhibeti dhe Gjon Gjonoviq.<\/p>\n<p>Sekretarijati p\u00ebr urbanizem dhe rregullim te territorit i takon PSD-s\u00eb dhe do t\u00eb udh\u00ebhiqet nga Valon Buzuku.<\/p>\n<p>N\u00eb krye t\u00eb policis\u00eb komunale do t\u00eb mbetet Kapllan Mu\u00e7aj i krahut t\u00eb shk\u00ebputur t\u00eb PPD-s\u00eb.<\/p>\n<p>Sekretari i ri p\u00ebr Buxhet dhe Financa do t\u00eb jet\u00eb Agron Ibrahimi, nga dega e UDSH-s\u00eb s\u00eb An\u00ebs s\u00eb Malit tashm\u00eb e shk\u00ebputur nga partia. Zyrtar\u00ebt e po k\u00ebtij krahu\u00a0 Manush Halili dhe Nexhedin Avdiu do mbulojn\u00eb funksionet e sekretarit t\u00eb Sekretarijatit per veprimtari banesore dhe menaxher i komun\u00ebs.<\/p>\n<p>Lider\u00ebt e partive t\u00eb cil\u00ebt d\u00eb t\u00eb qeverisin komun\u00ebn e Ulqinit n\u00eb mandatin e ardhsh\u00ebm kan\u00eb r\u00ebn\u00eb dakord q\u00eb drejtor i Qendr\u00ebs p\u00ebr kultur\u00eb t\u00eb jet\u00eb Nail Draga nga Forca kurse Zana Sarvan nga Perspektiva t\u00eb udh\u00ebheq me sektorin e past\u00ebrtis\u00eb s\u00eb Nd\u00ebrmarrjes t\u00eb Komunale Publike e cila tani ndahet n\u00eb dy pjes\u00eb.<\/p>\n<p><strong>Ulqini-Online<\/strong><\/p>\n","protected":false},"excerpt":{"rendered":"<p>Kryetari i komun\u00ebs s\u00eb Ulqinit Nazif Cungu ka shkarkuar t\u00eb gjith\u00eb sekretar\u00ebt e sekretarijateve nga funksionet e tyre p\u00ebr t\u00eb em\u00ebruar t\u00eb rinjt\u00eb n\u00eb p\u00ebrputhje me shumic\u00ebn e re t\u00eb krijuar. K\u00ebshtu, n\u00eb krye t\u00eb Sekretariatit p\u00ebr Ekonomi dhe Zhvillim Ekonomik \u00ebsht\u00eb em\u00ebruar Valdet Axhemoviq nga Forca. Sekretari i ri i Sekretariatit p\u00ebr veprimtari komunale [&hellip;]<\/p>\n","protected":false},"author":1,"featured_media":0,"comment_status":"open","ping_status":"closed","sticky":false,"template":"","format":"standard","meta":{"spay_email":"","jetpack_publicize_message":"","jetpack_is_tweetstorm":false,"jetpack_publicize_feature_enabled":true},"categories":[6,12],"tags":[297,229,118],"jetpack_publicize_connections":[],"yoast_head":"<!-- This site is optimized with the Yoast SEO plugin v19.1 - https:\/\/yoast.com\/wordpress\/plugins\/seo\/ -->\n<title>Nazif Cungu em\u00ebroi udh\u00ebheq\u00ebsin e re n\u00eb komun\u00ebn e Ulqinit - Lajme nga Ulqini<\/title>\n<meta name=\"description\" content=\"Kryetari i komun\u00ebs s\u00eb Ulqinit Nazif Cungu ka shkarkuar t\u00eb gjith\u00eb sekretar\u00ebt e sekretarijateve nga funksionet e tyre p\u00ebr t\u00eb em\u00ebruar t\u00eb rinjt\u00eb n\u00eb p\u00ebrputhje\" \/>\n<meta name=\"robots\" content=\"index, follow, max-snippet:-1, max-image-preview:large, max-video-preview:-1\" \/>\n<link rel=\"canonical\" href=\"https:\/\/www.visit-ulcinj.com\/blog\/2011\/10\/31\/nazi-cungu-emeroi-udheheqesin-e-re-ne-komunen-e-ulqinit\/\" \/>\n<meta property=\"og:locale\" content=\"en_US\" \/>\n<meta property=\"og:type\" content=\"article\" \/>\n<meta property=\"og:title\" content=\"Nazif Cungu em\u00ebroi udh\u00ebheq\u00ebsin e re n\u00eb komun\u00ebn e Ulqinit - Lajme nga Ulqini\" \/>\n<meta property=\"og:description\" content=\"Kryetari i komun\u00ebs s\u00eb Ulqinit Nazif Cungu ka shkarkuar t\u00eb gjith\u00eb sekretar\u00ebt e sekretarijateve nga funksionet e tyre p\u00ebr t\u00eb em\u00ebruar t\u00eb rinjt\u00eb n\u00eb p\u00ebrputhje\" \/>\n<meta property=\"og:url\" content=\"https:\/\/www.visit-ulcinj.com\/blog\/2011\/10\/31\/nazi-cungu-emeroi-udheheqesin-e-re-ne-komunen-e-ulqinit\/\" \/>\n<meta property=\"og:site_name\" content=\"Lajme nga Ulqini\" \/>\n<meta property=\"article:published_time\" content=\"2011-10-31T17:16:35+00:00\" \/>\n<meta property=\"article:modified_time\" content=\"2011-11-02T17:49:22+00:00\" \/>\n<meta property=\"og:image\" content=\"http:\/\/www.visit-ulcinj.com\/blog\/wp-content\/uploads\/2011\/10\/Nazi-Cungu-em%C3%ABroi-udh%C3%ABheq%C3%ABsin-e-re-n%C3%AB-komun%C3%ABn-e-Ulqinit.jpg\" \/>\n<meta name=\"twitter:label1\" content=\"Written by\" \/>\n\t<meta name=\"twitter:data1\" content=\"ulqini\" \/>\n\t<meta name=\"twitter:label2\" content=\"Est. reading time\" \/>\n\t<meta name=\"twitter:data2\" content=\"1 minute\" \/>\n<script type=\"application\/ld+json\" class=\"yoast-schema-graph\">{\"@context\":\"https:\/\/schema.org\",\"@graph\":[{\"@type\":\"WebSite\",\"@id\":\"https:\/\/www.visit-ulcinj.com\/blog\/#website\",\"url\":\"https:\/\/www.visit-ulcinj.com\/blog\/\",\"name\":\"Lajme nga Ulqini\",\"description\":\"Lajme,Vijesti,Ulqini,Ulqin,Crna Gora,Mali i Zi\",\"potentialAction\":[{\"@type\":\"SearchAction\",\"target\":{\"@type\":\"EntryPoint\",\"urlTemplate\":\"https:\/\/www.visit-ulcinj.com\/blog\/?s={search_term_string}\"},\"query-input\":\"required name=search_term_string\"}],\"inLanguage\":\"en-US\"},{\"@type\":\"ImageObject\",\"inLanguage\":\"en-US\",\"@id\":\"https:\/\/www.visit-ulcinj.com\/blog\/2011\/10\/31\/nazi-cungu-emeroi-udheheqesin-e-re-ne-komunen-e-ulqinit\/#primaryimage\",\"url\":\"http:\/\/www.visit-ulcinj.com\/blog\/wp-content\/uploads\/2011\/10\/Nazi-Cungu-em%C3%ABroi-udh%C3%ABheq%C3%ABsin-e-re-n%C3%AB-komun%C3%ABn-e-Ulqinit.jpg\",\"contentUrl\":\"http:\/\/www.visit-ulcinj.com\/blog\/wp-content\/uploads\/2011\/10\/Nazi-Cungu-em%C3%ABroi-udh%C3%ABheq%C3%ABsin-e-re-n%C3%AB-komun%C3%ABn-e-Ulqinit.jpg\"},{\"@type\":\"WebPage\",\"@id\":\"https:\/\/www.visit-ulcinj.com\/blog\/2011\/10\/31\/nazi-cungu-emeroi-udheheqesin-e-re-ne-komunen-e-ulqinit\/#webpage\",\"url\":\"https:\/\/www.visit-ulcinj.com\/blog\/2011\/10\/31\/nazi-cungu-emeroi-udheheqesin-e-re-ne-komunen-e-ulqinit\/\",\"name\":\"Nazif Cungu em\u00ebroi udh\u00ebheq\u00ebsin e re n\u00eb komun\u00ebn e Ulqinit - Lajme nga Ulqini\",\"isPartOf\":{\"@id\":\"https:\/\/www.visit-ulcinj.com\/blog\/#website\"},\"primaryImageOfPage\":{\"@id\":\"https:\/\/www.visit-ulcinj.com\/blog\/2011\/10\/31\/nazi-cungu-emeroi-udheheqesin-e-re-ne-komunen-e-ulqinit\/#primaryimage\"},\"datePublished\":\"2011-10-31T17:16:35+00:00\",\"dateModified\":\"2011-11-02T17:49:22+00:00\",\"author\":{\"@id\":\"https:\/\/www.visit-ulcinj.com\/blog\/#\/schema\/person\/dcab619c614d3038751c63bc2aadc06d\"},\"description\":\"Kryetari i komun\u00ebs s\u00eb Ulqinit Nazif Cungu ka shkarkuar t\u00eb gjith\u00eb sekretar\u00ebt e sekretarijateve nga funksionet e tyre p\u00ebr t\u00eb em\u00ebruar t\u00eb rinjt\u00eb n\u00eb p\u00ebrputhje\",\"breadcrumb\":{\"@id\":\"https:\/\/www.visit-ulcinj.com\/blog\/2011\/10\/31\/nazi-cungu-emeroi-udheheqesin-e-re-ne-komunen-e-ulqinit\/#breadcrumb\"},\"inLanguage\":\"en-US\",\"potentialAction\":[{\"@type\":\"ReadAction\",\"target\":[\"https:\/\/www.visit-ulcinj.com\/blog\/2011\/10\/31\/nazi-cungu-emeroi-udheheqesin-e-re-ne-komunen-e-ulqinit\/\"]}]},{\"@type\":\"BreadcrumbList\",\"@id\":\"https:\/\/www.visit-ulcinj.com\/blog\/2011\/10\/31\/nazi-cungu-emeroi-udheheqesin-e-re-ne-komunen-e-ulqinit\/#breadcrumb\",\"itemListElement\":[{\"@type\":\"ListItem\",\"position\":1,\"name\":\"Nazif Cungu em\u00ebroi udh\u00ebheq\u00ebsin e re n\u00eb komun\u00ebn e Ulqinit\"}]},{\"@type\":\"Person\",\"@id\":\"https:\/\/www.visit-ulcinj.com\/blog\/#\/schema\/person\/dcab619c614d3038751c63bc2aadc06d\",\"name\":\"ulqini\",\"sameAs\":[\"http:\/\/www.visit-ulcinj.com\"],\"url\":\"https:\/\/www.visit-ulcinj.com\/blog\/author\/admin\/\"}]}<\/script>\n<!-- \/ Yoast SEO plugin. -->","yoast_head_json":{"title":"Nazif Cungu em\u00ebroi udh\u00ebheq\u00ebsin e re n\u00eb komun\u00ebn e Ulqinit - Lajme nga Ulqini","description":"Kryetari i komun\u00ebs s\u00eb Ulqinit Nazif Cungu ka shkarkuar t\u00eb gjith\u00eb sekretar\u00ebt e sekretarijateve nga funksionet e tyre p\u00ebr t\u00eb em\u00ebruar t\u00eb rinjt\u00eb n\u00eb p\u00ebrputhje","robots":{"index":"index","follow":"follow","max-snippet":"max-snippet:-1","max-image-preview":"max-image-preview:large","max-video-preview":"max-video-preview:-1"},"canonical":"https:\/\/www.visit-ulcinj.com\/blog\/2011\/10\/31\/nazi-cungu-emeroi-udheheqesin-e-re-ne-komunen-e-ulqinit\/","og_locale":"en_US","og_type":"article","og_title":"Nazif Cungu em\u00ebroi udh\u00ebheq\u00ebsin e re n\u00eb komun\u00ebn e Ulqinit - Lajme nga Ulqini","og_description":"Kryetari i komun\u00ebs s\u00eb Ulqinit Nazif Cungu ka shkarkuar t\u00eb gjith\u00eb sekretar\u00ebt e sekretarijateve nga funksionet e tyre p\u00ebr t\u00eb em\u00ebruar t\u00eb rinjt\u00eb n\u00eb p\u00ebrputhje","og_url":"https:\/\/www.visit-ulcinj.com\/blog\/2011\/10\/31\/nazi-cungu-emeroi-udheheqesin-e-re-ne-komunen-e-ulqinit\/","og_site_name":"Lajme nga Ulqini","article_published_time":"2011-10-31T17:16:35+00:00","article_modified_time":"2011-11-02T17:49:22+00:00","og_image":[{"url":"http:\/\/www.visit-ulcinj.com\/blog\/wp-content\/uploads\/2011\/10\/Nazi-Cungu-em%C3%ABroi-udh%C3%ABheq%C3%ABsin-e-re-n%C3%AB-komun%C3%ABn-e-Ulqinit.jpg"}],"twitter_misc":{"Written by":"ulqini","Est. reading time":"1 minute"},"schema":{"@context":"https:\/\/schema.org","@graph":[{"@type":"WebSite","@id":"https:\/\/www.visit-ulcinj.com\/blog\/#website","url":"https:\/\/www.visit-ulcinj.com\/blog\/","name":"Lajme nga Ulqini","description":"Lajme,Vijesti,Ulqini,Ulqin,Crna Gora,Mali i Zi","potentialAction":[{"@type":"SearchAction","target":{"@type":"EntryPoint","urlTemplate":"https:\/\/www.visit-ulcinj.com\/blog\/?s={search_term_string}"},"query-input":"required name=search_term_string"}],"inLanguage":"en-US"},{"@type":"ImageObject","inLanguage":"en-US","@id":"https:\/\/www.visit-ulcinj.com\/blog\/2011\/10\/31\/nazi-cungu-emeroi-udheheqesin-e-re-ne-komunen-e-ulqinit\/#primaryimage","url":"http:\/\/www.visit-ulcinj.com\/blog\/wp-content\/uploads\/2011\/10\/Nazi-Cungu-em%C3%ABroi-udh%C3%ABheq%C3%ABsin-e-re-n%C3%AB-komun%C3%ABn-e-Ulqinit.jpg","contentUrl":"http:\/\/www.visit-ulcinj.com\/blog\/wp-content\/uploads\/2011\/10\/Nazi-Cungu-em%C3%ABroi-udh%C3%ABheq%C3%ABsin-e-re-n%C3%AB-komun%C3%ABn-e-Ulqinit.jpg"},{"@type":"WebPage","@id":"https:\/\/www.visit-ulcinj.com\/blog\/2011\/10\/31\/nazi-cungu-emeroi-udheheqesin-e-re-ne-komunen-e-ulqinit\/#webpage","url":"https:\/\/www.visit-ulcinj.com\/blog\/2011\/10\/31\/nazi-cungu-emeroi-udheheqesin-e-re-ne-komunen-e-ulqinit\/","name":"Nazif Cungu em\u00ebroi udh\u00ebheq\u00ebsin e re n\u00eb komun\u00ebn e Ulqinit - Lajme nga Ulqini","isPartOf":{"@id":"https:\/\/www.visit-ulcinj.com\/blog\/#website"},"primaryImageOfPage":{"@id":"https:\/\/www.visit-ulcinj.com\/blog\/2011\/10\/31\/nazi-cungu-emeroi-udheheqesin-e-re-ne-komunen-e-ulqinit\/#primaryimage"},"datePublished":"2011-10-31T17:16:35+00:00","dateModified":"2011-11-02T17:49:22+00:00","author":{"@id":"https:\/\/www.visit-ulcinj.com\/blog\/#\/schema\/person\/dcab619c614d3038751c63bc2aadc06d"},"description":"Kryetari i komun\u00ebs s\u00eb Ulqinit Nazif Cungu ka shkarkuar t\u00eb gjith\u00eb sekretar\u00ebt e sekretarijateve nga funksionet e tyre p\u00ebr t\u00eb em\u00ebruar t\u00eb rinjt\u00eb n\u00eb p\u00ebrputhje","breadcrumb":{"@id":"https:\/\/www.visit-ulcinj.com\/blog\/2011\/10\/31\/nazi-cungu-emeroi-udheheqesin-e-re-ne-komunen-e-ulqinit\/#breadcrumb"},"inLanguage":"en-US","potentialAction":[{"@type":"ReadAction","target":["https:\/\/www.visit-ulcinj.com\/blog\/2011\/10\/31\/nazi-cungu-emeroi-udheheqesin-e-re-ne-komunen-e-ulqinit\/"]}]},{"@type":"BreadcrumbList","@id":"https:\/\/www.visit-ulcinj.com\/blog\/2011\/10\/31\/nazi-cungu-emeroi-udheheqesin-e-re-ne-komunen-e-ulqinit\/#breadcrumb","itemListElement":[{"@type":"ListItem","position":1,"name":"Nazif Cungu em\u00ebroi udh\u00ebheq\u00ebsin e re n\u00eb komun\u00ebn e Ulqinit"}]},{"@type":"Person","@id":"https:\/\/www.visit-ulcinj.com\/blog\/#\/schema\/person\/dcab619c614d3038751c63bc2aadc06d","name":"ulqini","sameAs":["http:\/\/www.visit-ulcinj.com"],"url":"https:\/\/www.visit-ulcinj.com\/blog\/author\/admin\/"}]}},"jetpack_featured_media_url":"","jetpack_sharing_enabled":true,"jetpack_shortlink":"https:\/\/wp.me\/pe6lTn-dFS","_links":{"self":[{"href":"https:\/\/www.visit-ulcinj.com\/blog\/wp-json\/wp\/v2\/posts\/52568"}],"collection":[{"href":"https:\/\/www.visit-ulcinj.com\/blog\/wp-json\/wp\/v2\/posts"}],"about":[{"href":"https:\/\/www.visit-ulcinj.com\/blog\/wp-json\/wp\/v2\/types\/post"}],"author":[{"embeddable":true,"href":"https:\/\/www.visit-ulcinj.com\/blog\/wp-json\/wp\/v2\/users\/1"}],"replies":[{"embeddable":true,"href":"https:\/\/www.visit-ulcinj.com\/blog\/wp-json\/wp\/v2\/comments?post=52568"}],"version-history":[{"count":4,"href":"https:\/\/www.visit-ulcinj.com\/blog\/wp-json\/wp\/v2\/posts\/52568\/revisions"}],"predecessor-version":[{"id":52697,"href":"https:\/\/www.visit-ulcinj.com\/blog\/wp-json\/wp\/v2\/posts\/52568\/revisions\/52697"}],"wp:attachment":[{"href":"https:\/\/www.visit-ulcinj.com\/blog\/wp-json\/wp\/v2\/media?parent=52568"}],"wp:term":[{"taxonomy":"category","embeddable":true,"href":"https:\/\/www.visit-ulcinj.com\/blog\/wp-json\/wp\/v2\/categories?post=52568"},{"taxonomy":"post_tag","embeddable":true,"href":"https:\/\/www.visit-ulcinj.com\/blog\/wp-json\/wp\/v2\/tags?post=52568"}],"curies":[{"name":"wp","href":"https:\/\/api.w.org\/{rel}","templated":true}]}}