{"id":52584,"date":"2011-10-31T19:26:08","date_gmt":"2011-10-31T18:26:08","guid":{"rendered":"http:\/\/www.visit-ulcinj.com\/blog\/?p=52584"},"modified":"2011-10-31T19:26:08","modified_gmt":"2011-10-31T18:26:08","slug":"i-ulcinj-ce-imati-svoj-splendid","status":"publish","type":"post","link":"https:\/\/www.visit-ulcinj.com\/blog\/2011\/10\/31\/i-ulcinj-ce-imati-svoj-splendid\/","title":{"rendered":"I Ulcinj \u0107e imati svoj Splendid"},"content":{"rendered":"<p><a href=\"http:\/\/www.visit-ulcinj.com\/blog\/wp-content\/uploads\/2011\/10\/Hotel-Jadran-Ulcinj_Star-of-Montenegro.jpg\"><img loading=\"lazy\" class=\"alignleft size-full wp-image-52585\" title=\"Hotel Jadran Ulcinj_Star of Montenegro\" src=\"http:\/\/www.visit-ulcinj.com\/blog\/wp-content\/uploads\/2011\/10\/Hotel-Jadran-Ulcinj_Star-of-Montenegro.jpg\" alt=\"\" width=\"490\" height=\"377\" srcset=\"https:\/\/www.visit-ulcinj.com\/blog\/wp-content\/uploads\/2011\/10\/Hotel-Jadran-Ulcinj_Star-of-Montenegro.jpg 490w, https:\/\/www.visit-ulcinj.com\/blog\/wp-content\/uploads\/2011\/10\/Hotel-Jadran-Ulcinj_Star-of-Montenegro-300x230.jpg 300w\" sizes=\"(max-width: 490px) 100vw, 490px\" \/><\/a>Gradnja grandioznog hotela sa pet zvjezdica po\u010de\u0107e ve\u0107 na prolje\u0107e, a bi\u0107e zavr\u0161en do 2014. Kako je najavljeno, 90 odsto zaposlenih bi\u0107e iz Ulcinja.<br \/>\nDo kraja 2014. godine Ulcinj \u0107e na poluostrvu Suka, na mjestu biv\u0161eg hotela \u201cJadran\u201d, dobiti novo grandiozno zdanje od pet zvjezdica, vrijedno 50 miliona eura.<\/p>\n<p>Pripremni radovi na izgradnji novog hotela mogli bi po\u010deti ve\u0107 na prolje\u0107e, nakon dobijanja potrebnih dozvola. Izvr\u0161ni direktor firme \u201cStar of Montenegro\u201d, koja \u0107e gazdovati hotelom, Novak Durutovi\u0107 kazao je da je u toku izrada projektne dokumentacije, odnosno idejnog projekta koji \u0107e omogu\u0107iti dobijanje dozvole za pripremne radove.<\/p>\n<p>\u201cPlanirano je da u decembru, eventualno u januaru dobijemo neophodnu dozvolu za po\u010detak radova, koji bi prema utvr\u0111enoj dinamici, mogli uslijediti ve\u0107 na prolje\u0107e. Istovremeno \u0107e se raditi na izradi glavnog projekta, \u010diju finalizaciju o\u010dekujemo u aprilu, tako da \u0107emo svu potrebnu dokumentaciju imati prije sezone, kazao je Durutovi\u0107 u razgovoru za \u201cVijesti\u201d naglasiv\u0161i da bi grubi radovi na hotelu mogli biti zavr\u0161eni godinu i po od usvajanja kompletne planske dokumentacije.<\/p>\n<p>\u201cU svakom slu\u010daju, prema utvr\u0111enoj dinamici, hotel \u0107e biti zavr\u0161en do kraja 2014. godine&#8221;, kazao je Durutovi\u0107.<\/p>\n<p>Projekte radi beogradska firma \u201cArt projekt\u201d, koja je na nedavno zavr\u0161enom konkursu osvojila prvo mjesto za idejno rje\u0161enje novog hotela na mjestu biv\u0161eg \u201cJadrana\u201d i osvojila 15.000 eura.<\/p>\n<p>Hotel \u0107e imati oko 150 le\u017eajeva u 114 soba ra\u010dunaju\u0107i i one u pet rezidencijalnih vila. Na prostoru od 26.000 metara kvadratnih, turisti \u0107e u ponudi imati restorane, kongresne sale, bazene, kazino, fitnes centar i sve ono \u0161to podrazumijevaju prate\u0107i sadr\u017eaji za hotel od pet zvjezdica.<br \/>\n<a href=\"http:\/\/www.visit-ulcinj.com\/blog\/wp-content\/uploads\/2011\/10\/Hotel-Jadran-Ulcinj_Star-of-Montenegro.1.jpg\"><img loading=\"lazy\" class=\"alignleft size-full wp-image-52586\" title=\"Hotel Jadran Ulcinj_Star of Montenegro.1\" src=\"http:\/\/www.visit-ulcinj.com\/blog\/wp-content\/uploads\/2011\/10\/Hotel-Jadran-Ulcinj_Star-of-Montenegro.1.jpg\" alt=\"\" width=\"490\" height=\"377\" srcset=\"https:\/\/www.visit-ulcinj.com\/blog\/wp-content\/uploads\/2011\/10\/Hotel-Jadran-Ulcinj_Star-of-Montenegro.1.jpg 490w, https:\/\/www.visit-ulcinj.com\/blog\/wp-content\/uploads\/2011\/10\/Hotel-Jadran-Ulcinj_Star-of-Montenegro.1-300x230.jpg 300w\" sizes=\"(max-width: 490px) 100vw, 490px\" \/><\/a><\/p>\n<p>Durutovi\u0107 je naglasio da \u0107e se koristiti prirodni resursi za grijanje i hla\u0111enje na principu razmjene temperature sa morskom vodom, dok \u0107e struju proizvoditi foto naponske \u0107elije. On je najavio da \u0107e hotel zapo\u0161ljavati 180 radnika, mahom iz Ulcinja.<\/p>\n<p>\u201cDevedeset odsto zaposlenih, bi\u0107e iz Ulcinja\u201d, kazao je on.<\/p>\n<p>\u201cStar of Montenegro\u201d je \u0107erka kompanije \u201cMontenegro 2000\u201d, koja ima njema\u010dko-crnogorski kapital.<\/p>\n<p>Izvr\u0161ni direktor te kompanije je Novakov brat Branislav koji ve\u0107 42 godine radi u Njema\u010dkoj i \u010diji je udio u njoj 95 odsto. Preostalih pet odsto u vlasni\u0161tvu su Javnog preduze\u0107a za upravljanje morskim dobrom koje je Durutovi\u0107u ustupilo u zakup zemlji\u0161te na atraktivnoj lokaciji.<\/p>\n<p><a href=\"http:\/\/www.vijesti.me\/vijesti\/i-ulcinj-ce-imati-svoj-splendid-clanak-44702\" target=\"_blank\"><strong>Samir Adrovi\u0107<\/strong><br \/>\n<strong> Vijesti<\/strong><\/a><\/p>\n<!--YouTube Error: bad URL entered-->\n","protected":false},"excerpt":{"rendered":"<p>Gradnja grandioznog hotela sa pet zvjezdica po\u010de\u0107e ve\u0107 na prolje\u0107e, a bi\u0107e zavr\u0161en do 2014. Kako je najavljeno, 90 odsto zaposlenih bi\u0107e iz Ulcinja. Do kraja 2014. godine Ulcinj \u0107e na poluostrvu Suka, na mjestu biv\u0161eg hotela \u201cJadran\u201d, dobiti novo grandiozno zdanje od pet zvjezdica, vrijedno 50 miliona eura. Pripremni radovi na izgradnji novog hotela [&hellip;]<\/p>\n","protected":false},"author":1,"featured_media":0,"comment_status":"open","ping_status":"closed","sticky":false,"template":"","format":"standard","meta":{"spay_email":"","jetpack_publicize_message":"","jetpack_is_tweetstorm":false,"jetpack_publicize_feature_enabled":true},"categories":[8337],"tags":[19266,13981,432,19265,19],"jetpack_publicize_connections":[],"yoast_head":"<!-- This site is optimized with the Yoast SEO plugin v19.1 - https:\/\/yoast.com\/wordpress\/plugins\/seo\/ -->\n<title>I Ulcinj \u0107e imati svoj Splendid - Lajme nga Ulqini<\/title>\n<meta name=\"description\" content=\"Gradnja grandioznog hotela sa pet zvjezdica po\u010de\u0107e ve\u0107 na prolje\u0107e, a bi\u0107e zavr\u0161en do 2014. Kako je najavljeno, 90 odsto zaposlenih bi\u0107e iz Ulcinja. Do\" \/>\n<meta name=\"robots\" content=\"index, follow, max-snippet:-1, max-image-preview:large, max-video-preview:-1\" \/>\n<link rel=\"canonical\" href=\"https:\/\/www.visit-ulcinj.com\/blog\/2011\/10\/31\/i-ulcinj-ce-imati-svoj-splendid\/\" \/>\n<meta property=\"og:locale\" content=\"en_US\" \/>\n<meta property=\"og:type\" content=\"article\" \/>\n<meta property=\"og:title\" content=\"I Ulcinj \u0107e imati svoj Splendid - Lajme nga Ulqini\" \/>\n<meta property=\"og:description\" content=\"Gradnja grandioznog hotela sa pet zvjezdica po\u010de\u0107e ve\u0107 na prolje\u0107e, a bi\u0107e zavr\u0161en do 2014. Kako je najavljeno, 90 odsto zaposlenih bi\u0107e iz Ulcinja. Do\" \/>\n<meta property=\"og:url\" content=\"https:\/\/www.visit-ulcinj.com\/blog\/2011\/10\/31\/i-ulcinj-ce-imati-svoj-splendid\/\" \/>\n<meta property=\"og:site_name\" content=\"Lajme nga Ulqini\" \/>\n<meta property=\"article:published_time\" content=\"2011-10-31T18:26:08+00:00\" \/>\n<meta property=\"og:image\" content=\"http:\/\/www.visit-ulcinj.com\/blog\/wp-content\/uploads\/2011\/10\/Hotel-Jadran-Ulcinj_Star-of-Montenegro.jpg\" \/>\n<meta name=\"twitter:label1\" content=\"Written by\" \/>\n\t<meta name=\"twitter:data1\" content=\"ulqini\" \/>\n\t<meta name=\"twitter:label2\" content=\"Est. reading time\" \/>\n\t<meta name=\"twitter:data2\" content=\"2 minutes\" \/>\n<script type=\"application\/ld+json\" class=\"yoast-schema-graph\">{\"@context\":\"https:\/\/schema.org\",\"@graph\":[{\"@type\":\"WebSite\",\"@id\":\"https:\/\/www.visit-ulcinj.com\/blog\/#website\",\"url\":\"https:\/\/www.visit-ulcinj.com\/blog\/\",\"name\":\"Lajme nga Ulqini\",\"description\":\"Lajme,Vijesti,Ulqini,Ulqin,Crna Gora,Mali i Zi\",\"potentialAction\":[{\"@type\":\"SearchAction\",\"target\":{\"@type\":\"EntryPoint\",\"urlTemplate\":\"https:\/\/www.visit-ulcinj.com\/blog\/?s={search_term_string}\"},\"query-input\":\"required name=search_term_string\"}],\"inLanguage\":\"en-US\"},{\"@type\":\"ImageObject\",\"inLanguage\":\"en-US\",\"@id\":\"https:\/\/www.visit-ulcinj.com\/blog\/2011\/10\/31\/i-ulcinj-ce-imati-svoj-splendid\/#primaryimage\",\"url\":\"https:\/\/www.visit-ulcinj.com\/blog\/wp-content\/uploads\/2011\/10\/Hotel-Jadran-Ulcinj_Star-of-Montenegro.jpg\",\"contentUrl\":\"https:\/\/www.visit-ulcinj.com\/blog\/wp-content\/uploads\/2011\/10\/Hotel-Jadran-Ulcinj_Star-of-Montenegro.jpg\",\"width\":\"490\",\"height\":\"377\"},{\"@type\":\"WebPage\",\"@id\":\"https:\/\/www.visit-ulcinj.com\/blog\/2011\/10\/31\/i-ulcinj-ce-imati-svoj-splendid\/#webpage\",\"url\":\"https:\/\/www.visit-ulcinj.com\/blog\/2011\/10\/31\/i-ulcinj-ce-imati-svoj-splendid\/\",\"name\":\"I Ulcinj \u0107e imati svoj Splendid - Lajme nga Ulqini\",\"isPartOf\":{\"@id\":\"https:\/\/www.visit-ulcinj.com\/blog\/#website\"},\"primaryImageOfPage\":{\"@id\":\"https:\/\/www.visit-ulcinj.com\/blog\/2011\/10\/31\/i-ulcinj-ce-imati-svoj-splendid\/#primaryimage\"},\"datePublished\":\"2011-10-31T18:26:08+00:00\",\"dateModified\":\"2011-10-31T18:26:08+00:00\",\"author\":{\"@id\":\"https:\/\/www.visit-ulcinj.com\/blog\/#\/schema\/person\/dcab619c614d3038751c63bc2aadc06d\"},\"description\":\"Gradnja grandioznog hotela sa pet zvjezdica po\u010de\u0107e ve\u0107 na prolje\u0107e, a bi\u0107e zavr\u0161en do 2014. Kako je najavljeno, 90 odsto zaposlenih bi\u0107e iz Ulcinja. Do\",\"breadcrumb\":{\"@id\":\"https:\/\/www.visit-ulcinj.com\/blog\/2011\/10\/31\/i-ulcinj-ce-imati-svoj-splendid\/#breadcrumb\"},\"inLanguage\":\"en-US\",\"potentialAction\":[{\"@type\":\"ReadAction\",\"target\":[\"https:\/\/www.visit-ulcinj.com\/blog\/2011\/10\/31\/i-ulcinj-ce-imati-svoj-splendid\/\"]}]},{\"@type\":\"BreadcrumbList\",\"@id\":\"https:\/\/www.visit-ulcinj.com\/blog\/2011\/10\/31\/i-ulcinj-ce-imati-svoj-splendid\/#breadcrumb\",\"itemListElement\":[{\"@type\":\"ListItem\",\"position\":1,\"name\":\"I Ulcinj \u0107e imati svoj Splendid\"}]},{\"@type\":\"Person\",\"@id\":\"https:\/\/www.visit-ulcinj.com\/blog\/#\/schema\/person\/dcab619c614d3038751c63bc2aadc06d\",\"name\":\"ulqini\",\"sameAs\":[\"http:\/\/www.visit-ulcinj.com\"],\"url\":\"https:\/\/www.visit-ulcinj.com\/blog\/author\/admin\/\"}]}<\/script>\n<!-- \/ Yoast SEO plugin. -->","yoast_head_json":{"title":"I Ulcinj \u0107e imati svoj Splendid - Lajme nga Ulqini","description":"Gradnja grandioznog hotela sa pet zvjezdica po\u010de\u0107e ve\u0107 na prolje\u0107e, a bi\u0107e zavr\u0161en do 2014. Kako je najavljeno, 90 odsto zaposlenih bi\u0107e iz Ulcinja. Do","robots":{"index":"index","follow":"follow","max-snippet":"max-snippet:-1","max-image-preview":"max-image-preview:large","max-video-preview":"max-video-preview:-1"},"canonical":"https:\/\/www.visit-ulcinj.com\/blog\/2011\/10\/31\/i-ulcinj-ce-imati-svoj-splendid\/","og_locale":"en_US","og_type":"article","og_title":"I Ulcinj \u0107e imati svoj Splendid - Lajme nga Ulqini","og_description":"Gradnja grandioznog hotela sa pet zvjezdica po\u010de\u0107e ve\u0107 na prolje\u0107e, a bi\u0107e zavr\u0161en do 2014. Kako je najavljeno, 90 odsto zaposlenih bi\u0107e iz Ulcinja. Do","og_url":"https:\/\/www.visit-ulcinj.com\/blog\/2011\/10\/31\/i-ulcinj-ce-imati-svoj-splendid\/","og_site_name":"Lajme nga Ulqini","article_published_time":"2011-10-31T18:26:08+00:00","og_image":[{"url":"http:\/\/www.visit-ulcinj.com\/blog\/wp-content\/uploads\/2011\/10\/Hotel-Jadran-Ulcinj_Star-of-Montenegro.jpg"}],"twitter_misc":{"Written by":"ulqini","Est. reading time":"2 minutes"},"schema":{"@context":"https:\/\/schema.org","@graph":[{"@type":"WebSite","@id":"https:\/\/www.visit-ulcinj.com\/blog\/#website","url":"https:\/\/www.visit-ulcinj.com\/blog\/","name":"Lajme nga Ulqini","description":"Lajme,Vijesti,Ulqini,Ulqin,Crna Gora,Mali i Zi","potentialAction":[{"@type":"SearchAction","target":{"@type":"EntryPoint","urlTemplate":"https:\/\/www.visit-ulcinj.com\/blog\/?s={search_term_string}"},"query-input":"required name=search_term_string"}],"inLanguage":"en-US"},{"@type":"ImageObject","inLanguage":"en-US","@id":"https:\/\/www.visit-ulcinj.com\/blog\/2011\/10\/31\/i-ulcinj-ce-imati-svoj-splendid\/#primaryimage","url":"https:\/\/www.visit-ulcinj.com\/blog\/wp-content\/uploads\/2011\/10\/Hotel-Jadran-Ulcinj_Star-of-Montenegro.jpg","contentUrl":"https:\/\/www.visit-ulcinj.com\/blog\/wp-content\/uploads\/2011\/10\/Hotel-Jadran-Ulcinj_Star-of-Montenegro.jpg","width":"490","height":"377"},{"@type":"WebPage","@id":"https:\/\/www.visit-ulcinj.com\/blog\/2011\/10\/31\/i-ulcinj-ce-imati-svoj-splendid\/#webpage","url":"https:\/\/www.visit-ulcinj.com\/blog\/2011\/10\/31\/i-ulcinj-ce-imati-svoj-splendid\/","name":"I Ulcinj \u0107e imati svoj Splendid - Lajme nga Ulqini","isPartOf":{"@id":"https:\/\/www.visit-ulcinj.com\/blog\/#website"},"primaryImageOfPage":{"@id":"https:\/\/www.visit-ulcinj.com\/blog\/2011\/10\/31\/i-ulcinj-ce-imati-svoj-splendid\/#primaryimage"},"datePublished":"2011-10-31T18:26:08+00:00","dateModified":"2011-10-31T18:26:08+00:00","author":{"@id":"https:\/\/www.visit-ulcinj.com\/blog\/#\/schema\/person\/dcab619c614d3038751c63bc2aadc06d"},"description":"Gradnja grandioznog hotela sa pet zvjezdica po\u010de\u0107e ve\u0107 na prolje\u0107e, a bi\u0107e zavr\u0161en do 2014. Kako je najavljeno, 90 odsto zaposlenih bi\u0107e iz Ulcinja. Do","breadcrumb":{"@id":"https:\/\/www.visit-ulcinj.com\/blog\/2011\/10\/31\/i-ulcinj-ce-imati-svoj-splendid\/#breadcrumb"},"inLanguage":"en-US","potentialAction":[{"@type":"ReadAction","target":["https:\/\/www.visit-ulcinj.com\/blog\/2011\/10\/31\/i-ulcinj-ce-imati-svoj-splendid\/"]}]},{"@type":"BreadcrumbList","@id":"https:\/\/www.visit-ulcinj.com\/blog\/2011\/10\/31\/i-ulcinj-ce-imati-svoj-splendid\/#breadcrumb","itemListElement":[{"@type":"ListItem","position":1,"name":"I Ulcinj \u0107e imati svoj Splendid"}]},{"@type":"Person","@id":"https:\/\/www.visit-ulcinj.com\/blog\/#\/schema\/person\/dcab619c614d3038751c63bc2aadc06d","name":"ulqini","sameAs":["http:\/\/www.visit-ulcinj.com"],"url":"https:\/\/www.visit-ulcinj.com\/blog\/author\/admin\/"}]}},"jetpack_featured_media_url":"","jetpack_sharing_enabled":true,"jetpack_shortlink":"https:\/\/wp.me\/pe6lTn-dG8","_links":{"self":[{"href":"https:\/\/www.visit-ulcinj.com\/blog\/wp-json\/wp\/v2\/posts\/52584"}],"collection":[{"href":"https:\/\/www.visit-ulcinj.com\/blog\/wp-json\/wp\/v2\/posts"}],"about":[{"href":"https:\/\/www.visit-ulcinj.com\/blog\/wp-json\/wp\/v2\/types\/post"}],"author":[{"embeddable":true,"href":"https:\/\/www.visit-ulcinj.com\/blog\/wp-json\/wp\/v2\/users\/1"}],"replies":[{"embeddable":true,"href":"https:\/\/www.visit-ulcinj.com\/blog\/wp-json\/wp\/v2\/comments?post=52584"}],"version-history":[{"count":2,"href":"https:\/\/www.visit-ulcinj.com\/blog\/wp-json\/wp\/v2\/posts\/52584\/revisions"}],"predecessor-version":[{"id":52592,"href":"https:\/\/www.visit-ulcinj.com\/blog\/wp-json\/wp\/v2\/posts\/52584\/revisions\/52592"}],"wp:attachment":[{"href":"https:\/\/www.visit-ulcinj.com\/blog\/wp-json\/wp\/v2\/media?parent=52584"}],"wp:term":[{"taxonomy":"category","embeddable":true,"href":"https:\/\/www.visit-ulcinj.com\/blog\/wp-json\/wp\/v2\/categories?post=52584"},{"taxonomy":"post_tag","embeddable":true,"href":"https:\/\/www.visit-ulcinj.com\/blog\/wp-json\/wp\/v2\/tags?post=52584"}],"curies":[{"name":"wp","href":"https:\/\/api.w.org\/{rel}","templated":true}]}}