{"id":52617,"date":"2011-11-01T18:27:49","date_gmt":"2011-11-01T17:27:49","guid":{"rendered":"http:\/\/www.visit-ulcinj.com\/blog\/?p=52617"},"modified":"2011-11-01T18:27:49","modified_gmt":"2011-11-01T17:27:49","slug":"vargjet-e-ndergjegjes-kombetare-kenget-epike-popullore-ii","status":"publish","type":"post","link":"https:\/\/www.visit-ulcinj.com\/blog\/2011\/11\/01\/vargjet-e-ndergjegjes-kombetare-kenget-epike-popullore-ii\/","title":{"rendered":"Vargjet e nd\u00ebrgjegjes komb\u00ebtare &#8211; K\u00ebng\u00ebt epike popullore (II)"},"content":{"rendered":"<p><strong><a href=\"http:\/\/www.visit-ulcinj.com\/blog\/2011\/11\/01\/vargjet-e-ndergjegjes-kombetare-kenget-epike-popullore-ii\/bahri-brisku_gjurmime-shqiptare\/\" rel=\"attachment wp-att-52618\"><img loading=\"lazy\" class=\"alignleft size-full wp-image-52618\" title=\"bahri brisku_gjurmime shqiptare\" src=\"http:\/\/www.visit-ulcinj.com\/blog\/wp-content\/uploads\/2011\/11\/bahri-brisku_gjurmime-shqiptare.jpg\" alt=\"\" width=\"250\" height=\"368\" srcset=\"https:\/\/www.visit-ulcinj.com\/blog\/wp-content\/uploads\/2011\/11\/bahri-brisku_gjurmime-shqiptare.jpg 250w, https:\/\/www.visit-ulcinj.com\/blog\/wp-content\/uploads\/2011\/11\/bahri-brisku_gjurmime-shqiptare-203x300.jpg 203w\" sizes=\"(max-width: 250px) 100vw, 250px\" \/><\/a>Prof. Dr. Bahri Brisku<\/strong><\/p>\n<p>N\u00eb nj\u00eb krijim epik tek Arb\u00ebresh\u00ebt n\u00eb Itali, k\u00ebndohen trim\u00ebrit\u00eb e patriotit Pjet\u00ebr Shinit i cili n\u00eb ato krijime simbolizon figur\u00ebn e luft\u00ebtarit popullor, i cili n\u00eb asnj\u00eb m\u00ebnyr\u00eb nuk i dor\u00ebzoi arm\u00ebt. Luftonte me nj\u00eb guxim shum\u00eb t\u00eb dalluar, prandaj si i till\u00eb Pjetri kualifikohet si tmerr p\u00ebr armiqt\u00eb e shqiptar\u00ebve.<\/p>\n<p>Lidhur me rezistenc\u00ebn e gj\u00ebr\u00eb q\u00eb ua b\u00ebri osmanllinjve Ali Pash\u00eb Tepelena, populli i ka ngrehur disa vlera artistike duke d\u00ebshmuar q\u00eb Ali Pashai ngriti lart\u00eb identitetin e kombit t\u00eb vet:<\/p>\n<p><em>Moj Kalaja n\u00eb breg t\u00eb detit,<\/em><em><br \/>\n<em>Karshillyk po i hjek dovletit<\/em><br \/>\n<em>Moj kalaja n\u00eb breg t\u00eb gjolit,<\/em><br \/>\n<em>Karshi po naj ban Stambollit.<\/em><\/em><\/p>\n<p>Pastaj k\u00ebndohet p\u00ebr rezistenc\u00ebn e popullit n\u00ebp\u00ebr kulla dhe sht\u00ebpi. N\u00eb k\u00ebng\u00ebn Plot me gjak dirgjet Valbona, komentohet rezistenca aktive kund\u00ebr Maxhar Pash\u00ebs i cili iu ishte v\u00ebrsulur p\u00ebr me e marr\u00eb Krasniqen:<\/p>\n<p><em>Maxhar Pasha del n\u00eb kod\u00ebr,<\/em><em><br \/>\n<em>Pyet: &#8211; Ku je moj Krasniqja e vog\u00ebl?!<\/em><br \/>\n<\/em><br \/>\nKrasniqja menj\u00ebher\u00eb iu p\u00ebrgjigj Maxhar Pash\u00ebs:<br \/>\n<em><br \/>\n<em>S\u2019jam e vog\u00ebl, por jam sa deti,<\/em><br \/>\n<em>T\u00eb kisha pas\u00eb Gashin me veti,<\/em><br \/>\n<em>S\u2019kishte \u00e7\u2019bante as krajl as mreti!<\/em><\/em><\/p>\n<p>Gjeniu popullor me an\u00eb t\u00eb k\u00ebtyre vargjeve i fton popullin q\u00eb t\u00eb bashkohen sa m\u00eb par\u00eb se ashtu t\u00eb bashkuar nuk ka fuqi q\u00eb do t\u2019i thyente. K\u00ebng\u00ebtari popullor me t\u00eb madhe derdh\u00ebn helm kundra spiun\u00ebve dhe tradhtar\u00ebve t\u00eb kombit t\u00eb vet q\u00eb p\u00ebr interesa t\u00eb ngushta personale shesin idealet duke bashk\u00ebpunuar ngusht me Qeverin\u00eb Osmane.<\/p>\n<p>Kreshnik\u00ebt si Bec Patani, \u00c7un Mula, Oso Kuka, Sinan Brisku etj., jan\u00eb heronj komb\u00ebtar\u00eb q\u00eb vazhdimisht mbrojt\u00ebn me dinjitet identitetin komb\u00ebtar duke u flijuar p\u00ebr interesa t\u00eb larta komb\u00ebtare. N\u00eb Shestan t\u00eb Kraj\u00ebs k\u00ebndohen shum\u00eb k\u00ebng\u00eb q\u00eb shtjellojn\u00eb guximin e krajan\u00ebve n\u00eb mbrojtjen e tokave at\u00ebrore:<\/p>\n<p><em>O, kush e zuni luft\u00ebn maj par\u00eb,<\/em><em><br \/>\n<em>Sinan Brisku dhe Ali Hajdar.<\/em><br \/>\n<em>O, del Sinani more Babaj vet<\/em><br \/>\n<em>Po, Idrizi ku na ka mbet?!<\/em><br \/>\n<\/em><br \/>\nT\u00eb influencuar n\u00eb filozofin\u00eb islame, t\u00eb bindur p\u00ebr vazhdim\u00ebsin\u00eb e jet\u00ebs edhe pas vdekjes \u2013 n\u00eb parajs\u00eb, k\u00ebng\u00ebtari i p\u00ebrgjigjet prindit:<\/p>\n<p><em>O, n\u00ebn nji shkam more n\u00ebn nji gur\u00eb<\/em><em><br \/>\n<em>Gjaku i Idrizit more digjet nur!<\/em><\/em><\/p>\n<p>D\u00ebshmia e identitetit shqiptar qartas pasqyrohet n\u00eb shum\u00eb krijime si A ka Puka hyqymet; Binak Alija n\u00eb streh t\u00eb k\u00ebrrshit; Nj\u00ebqind turq i kam coptu; Na u nis Pushka n\u00eb Ka\u00e7anik. Gjithashtu p\u00ebr rezistenc\u00ebn komb\u00ebtare t\u00eb Idriz Seferit, jan\u00eb krijuar nj\u00eb sasi e gj\u00ebr\u00eb k\u00ebng\u00ebsh epike. Kryengritjet e shqiptar\u00ebve kishin v\u00ebrshuar n\u00eb nj\u00eb hap\u00ebsir\u00eb t\u00eb gj\u00ebr\u00eb. Jehon\u00eb t\u00eb madhe b\u00ebti kryengritja n\u00eb Mal\u00ebsi t\u00eb Madhe n\u00eb vitin 1911 (mars \u2013 qershor) si brenda ashtu edhe jasht\u00eb vendit. Kjo qe nj\u00eb hap vendimtar p\u00ebr \u00e7lirimin definitiv t\u00eb vendit ton\u00eb. Kryengritja e till\u00eb ia t\u00ebrhjek v\u00ebmendjen fuqive t\u00eb m\u00ebdha t\u00eb asaj kohe. Deri at\u00ebher\u00eb kisht shtete q\u00eb nuk donin ta njihnin popullin shqiptar si komb t\u00eb formuar. N\u00eb Stamboll shkruanin gazetat:<\/p>\n<p><em>K\u00ebndon gazeta n\u00eb Stamboll,<\/em><em><br \/>\n<em>Nuk po bjen Kelmendi n\u00eb dor\u00eb.<\/em><\/em><\/p>\n<p>Vlera kundra shtypjes dhe shfryt\u00ebzimit v\u00ebrshuan an\u00eb e mban\u00eb Shqip\u00ebris\u00eb. Vargjet e tilla ngritnin imazhin dhe nd\u00ebrgjegjen komb\u00ebtare si n\u00eb vargjet n\u00eb vijim:<\/p>\n<p><em>Hot e Grud\u00eb o rod prej trimit,<\/em><em><br \/>\n<em>Nuk jan topat e Ulqinit,<\/em><br \/>\n<em>Por jan djelmt e Traboinit<\/em><br \/>\n<em>Ku jan\u00eb trimat kallxohet haku,<\/em><br \/>\n<em>N\u00eb rrasa t\u00eb fikut u derdh gjaku.<\/em><\/em><br \/>\n<strong><a href=\"http:\/\/www.visit-ulcinj.com\/blog\/2011\/11\/01\/vargjet-e-ndergjegjes-kombetare-kenget-epike-popullore-ii\/bahri-brisku_gjurmime-shqiptare-1\/\" rel=\"attachment wp-att-52619\"><img loading=\"lazy\" class=\"alignleft size-full wp-image-52619\" title=\"bahri brisku_gjurmime shqiptare.1\" src=\"http:\/\/www.visit-ulcinj.com\/blog\/wp-content\/uploads\/2011\/11\/bahri-brisku_gjurmime-shqiptare.1.jpg\" alt=\"\" width=\"340\" height=\"400\" \/><\/a>HISTORIA E LET\u00cbRSIS\u00cb SHQIPE FILLON ME VLERAT LIDHUR ME DETARI E KUSARI<\/strong><br \/>\nK\u00ebrkimet e studiuesve tan\u00eb kan\u00eb v\u00ebrtetuar q\u00eb krijimet e para t\u00eb vlerave shpirt\u00ebrore artistike fillojn\u00eb me k\u00ebng\u00ebt epike q\u00eb lidhen ngusht me jet\u00ebn e bujshme t\u00eb kusar\u00ebve tan\u00eb. Ky fakt me pesh\u00eb t\u00eb madhe v\u00ebrtetohet n\u00eb vepr\u00ebn \u201cHistoria e let\u00ebrsis\u00eb shqipe\u201d ku studiuesi i njohur Zihni Sako pohon se me krijimin epik lidhur me kusarin Haxhi Ali Ulqinakun , fillon epika jon\u00eb popullore. Ekzistojn\u00eb t\u00eb dh\u00ebna q\u00eb Haxhi Aliu ishte pronar i disa mjeteve lundruese dhe q\u00eb kishte probleme me kusar\u00ebt grek\u00eb, t\u00eb cil\u00ebt me t\u00eb madhe pla\u00e7kitnin detar\u00ebt, por klani i kusar\u00ebve t\u00eb k\u00ebtij ujku t\u00eb detit ia pat dale n\u00eb krye q\u00eb t`I shtrojn\u00eb pirat\u00ebt grek\u00eb. P\u00ebr merita t\u00eb posa\u00e7me q\u00eb i atribuoheshin k\u00ebtij kusari, Sulltan Selimi e gradon pasha (admiral) q\u00eb \u00ebsht\u00eb grada m\u00eb e lart\u00eb n\u00eb veprimtarin\u00eb e detaris\u00eb. Pas sukseseve t\u00eb m\u00ebdha q\u00eb Haxhi Aliu pati n\u00eb zhdukjen e pirater is\u00eb venedikase, greke, malteze etj. Porta e Lart\u00eb e em\u00ebroi mbret n\u00eb Algjeri. T\u00eb dh\u00ebnat d\u00ebshmojn\u00eb q\u00eb ky bashk\u00ebpunonte ngusht me klanin detar t\u00eb kusarit m\u00eb t\u00eb madh q\u00eb njeh historia bot\u00ebrore nga radh\u00ebt e shqiptar\u00ebve q\u00eb \u00ebsht\u00eb Ali Uru\u00e7i (Ullu\u00e7), i vetmi admiral nga koalicioni i Port\u00ebs i cili n\u00eb Luft\u00ebn e Lepandos (1571) doli fitues.<\/p>\n<p>Haxhi Ali Ulqinaku e kishte nj\u00eb skele af\u00ebr Sazanit (ishull af\u00ebr Vlor\u00ebs) . Ndaj rapsodi vlonjat n\u00eb kujtes\u00ebn e tij ka ruajtur kujtimet lidhur me veprimtarin\u00eb e k\u00ebtij kusari. \u201cKush e njeh Haxhi Alin\u00eb\/ Ky n\u00eb det kishte kufin\u00eb\/ Haxhi Alia, ka\u00e7ak i detit\/ I doli zot t\u00ebr\u00eb miletit\/ Midis detit t\u00eb Sezanit\/ Luftoi Haxhi kapidani\/ (O, vdiq Haxhija kapidani).\/ N\u00eb shpell\u00eb xhind u ba Limani\u2026\u201d<\/p>\n<p><strong>Koha Javore<\/strong><\/p>\n","protected":false},"excerpt":{"rendered":"<p>Prof. Dr. Bahri Brisku N\u00eb nj\u00eb krijim epik tek Arb\u00ebresh\u00ebt n\u00eb Itali, k\u00ebndohen trim\u00ebrit\u00eb e patriotit Pjet\u00ebr Shinit i cili n\u00eb ato krijime simbolizon figur\u00ebn e luft\u00ebtarit popullor, i cili n\u00eb asnj\u00eb m\u00ebnyr\u00eb nuk i dor\u00ebzoi arm\u00ebt. Luftonte me nj\u00eb guxim shum\u00eb t\u00eb dalluar, prandaj si i till\u00eb Pjetri kualifikohet si tmerr p\u00ebr armiqt\u00eb e [&hellip;]<\/p>\n","protected":false},"author":1,"featured_media":0,"comment_status":"closed","ping_status":"closed","sticky":false,"template":"","format":"standard","meta":{"spay_email":"","jetpack_publicize_message":"","jetpack_is_tweetstorm":false,"jetpack_publicize_feature_enabled":true},"categories":[14249],"tags":[1004,19268],"jetpack_publicize_connections":[],"yoast_head":"<!-- This site is optimized with the Yoast SEO plugin v19.1 - https:\/\/yoast.com\/wordpress\/plugins\/seo\/ -->\n<title>Vargjet e nd\u00ebrgjegjes komb\u00ebtare - K\u00ebng\u00ebt epike popullore (II) - Lajme nga Ulqini<\/title>\n<meta name=\"description\" content=\"Prof. Dr. Bahri Brisku N\u00eb nj\u00eb krijim epik tek Arb\u00ebresh\u00ebt n\u00eb Itali, k\u00ebndohen trim\u00ebrit\u00eb e patriotit Pjet\u00ebr Shinit i cili n\u00eb ato krijime simbolizon figur\u00ebn e\" \/>\n<meta name=\"robots\" content=\"index, follow, max-snippet:-1, max-image-preview:large, max-video-preview:-1\" \/>\n<link rel=\"canonical\" href=\"https:\/\/www.visit-ulcinj.com\/blog\/2011\/11\/01\/vargjet-e-ndergjegjes-kombetare-kenget-epike-popullore-ii\/\" \/>\n<meta property=\"og:locale\" content=\"en_US\" \/>\n<meta property=\"og:type\" content=\"article\" \/>\n<meta property=\"og:title\" content=\"Vargjet e nd\u00ebrgjegjes komb\u00ebtare - K\u00ebng\u00ebt epike popullore (II) - Lajme nga Ulqini\" \/>\n<meta property=\"og:description\" content=\"Prof. Dr. Bahri Brisku N\u00eb nj\u00eb krijim epik tek Arb\u00ebresh\u00ebt n\u00eb Itali, k\u00ebndohen trim\u00ebrit\u00eb e patriotit Pjet\u00ebr Shinit i cili n\u00eb ato krijime simbolizon figur\u00ebn e\" \/>\n<meta property=\"og:url\" content=\"https:\/\/www.visit-ulcinj.com\/blog\/2011\/11\/01\/vargjet-e-ndergjegjes-kombetare-kenget-epike-popullore-ii\/\" \/>\n<meta property=\"og:site_name\" content=\"Lajme nga Ulqini\" \/>\n<meta property=\"article:published_time\" content=\"2011-11-01T17:27:49+00:00\" \/>\n<meta property=\"og:image\" content=\"http:\/\/www.visit-ulcinj.com\/blog\/wp-content\/uploads\/2011\/11\/bahri-brisku_gjurmime-shqiptare.jpg\" \/>\n<meta name=\"twitter:label1\" content=\"Written by\" \/>\n\t<meta name=\"twitter:data1\" content=\"ulqini\" \/>\n\t<meta name=\"twitter:label2\" content=\"Est. reading time\" \/>\n\t<meta name=\"twitter:data2\" content=\"5 minutes\" \/>\n<script type=\"application\/ld+json\" class=\"yoast-schema-graph\">{\"@context\":\"https:\/\/schema.org\",\"@graph\":[{\"@type\":\"WebSite\",\"@id\":\"https:\/\/www.visit-ulcinj.com\/blog\/#website\",\"url\":\"https:\/\/www.visit-ulcinj.com\/blog\/\",\"name\":\"Lajme nga Ulqini\",\"description\":\"Lajme,Vijesti,Ulqini,Ulqin,Crna Gora,Mali i Zi\",\"potentialAction\":[{\"@type\":\"SearchAction\",\"target\":{\"@type\":\"EntryPoint\",\"urlTemplate\":\"https:\/\/www.visit-ulcinj.com\/blog\/?s={search_term_string}\"},\"query-input\":\"required name=search_term_string\"}],\"inLanguage\":\"en-US\"},{\"@type\":\"ImageObject\",\"inLanguage\":\"en-US\",\"@id\":\"https:\/\/www.visit-ulcinj.com\/blog\/2011\/11\/01\/vargjet-e-ndergjegjes-kombetare-kenget-epike-popullore-ii\/#primaryimage\",\"url\":\"https:\/\/www.visit-ulcinj.com\/blog\/wp-content\/uploads\/2011\/11\/bahri-brisku_gjurmime-shqiptare.jpg\",\"contentUrl\":\"https:\/\/www.visit-ulcinj.com\/blog\/wp-content\/uploads\/2011\/11\/bahri-brisku_gjurmime-shqiptare.jpg\",\"width\":\"250\",\"height\":\"368\"},{\"@type\":\"WebPage\",\"@id\":\"https:\/\/www.visit-ulcinj.com\/blog\/2011\/11\/01\/vargjet-e-ndergjegjes-kombetare-kenget-epike-popullore-ii\/#webpage\",\"url\":\"https:\/\/www.visit-ulcinj.com\/blog\/2011\/11\/01\/vargjet-e-ndergjegjes-kombetare-kenget-epike-popullore-ii\/\",\"name\":\"Vargjet e nd\u00ebrgjegjes komb\u00ebtare - K\u00ebng\u00ebt epike popullore (II) - Lajme nga Ulqini\",\"isPartOf\":{\"@id\":\"https:\/\/www.visit-ulcinj.com\/blog\/#website\"},\"primaryImageOfPage\":{\"@id\":\"https:\/\/www.visit-ulcinj.com\/blog\/2011\/11\/01\/vargjet-e-ndergjegjes-kombetare-kenget-epike-popullore-ii\/#primaryimage\"},\"datePublished\":\"2011-11-01T17:27:49+00:00\",\"dateModified\":\"2011-11-01T17:27:49+00:00\",\"author\":{\"@id\":\"https:\/\/www.visit-ulcinj.com\/blog\/#\/schema\/person\/dcab619c614d3038751c63bc2aadc06d\"},\"description\":\"Prof. Dr. Bahri Brisku N\u00eb nj\u00eb krijim epik tek Arb\u00ebresh\u00ebt n\u00eb Itali, k\u00ebndohen trim\u00ebrit\u00eb e patriotit Pjet\u00ebr Shinit i cili n\u00eb ato krijime simbolizon figur\u00ebn e\",\"breadcrumb\":{\"@id\":\"https:\/\/www.visit-ulcinj.com\/blog\/2011\/11\/01\/vargjet-e-ndergjegjes-kombetare-kenget-epike-popullore-ii\/#breadcrumb\"},\"inLanguage\":\"en-US\",\"potentialAction\":[{\"@type\":\"ReadAction\",\"target\":[\"https:\/\/www.visit-ulcinj.com\/blog\/2011\/11\/01\/vargjet-e-ndergjegjes-kombetare-kenget-epike-popullore-ii\/\"]}]},{\"@type\":\"BreadcrumbList\",\"@id\":\"https:\/\/www.visit-ulcinj.com\/blog\/2011\/11\/01\/vargjet-e-ndergjegjes-kombetare-kenget-epike-popullore-ii\/#breadcrumb\",\"itemListElement\":[{\"@type\":\"ListItem\",\"position\":1,\"name\":\"Vargjet e nd\u00ebrgjegjes komb\u00ebtare &#8211; K\u00ebng\u00ebt epike popullore (II)\"}]},{\"@type\":\"Person\",\"@id\":\"https:\/\/www.visit-ulcinj.com\/blog\/#\/schema\/person\/dcab619c614d3038751c63bc2aadc06d\",\"name\":\"ulqini\",\"sameAs\":[\"http:\/\/www.visit-ulcinj.com\"],\"url\":\"https:\/\/www.visit-ulcinj.com\/blog\/author\/admin\/\"}]}<\/script>\n<!-- \/ Yoast SEO plugin. -->","yoast_head_json":{"title":"Vargjet e nd\u00ebrgjegjes komb\u00ebtare - K\u00ebng\u00ebt epike popullore (II) - Lajme nga Ulqini","description":"Prof. Dr. Bahri Brisku N\u00eb nj\u00eb krijim epik tek Arb\u00ebresh\u00ebt n\u00eb Itali, k\u00ebndohen trim\u00ebrit\u00eb e patriotit Pjet\u00ebr Shinit i cili n\u00eb ato krijime simbolizon figur\u00ebn e","robots":{"index":"index","follow":"follow","max-snippet":"max-snippet:-1","max-image-preview":"max-image-preview:large","max-video-preview":"max-video-preview:-1"},"canonical":"https:\/\/www.visit-ulcinj.com\/blog\/2011\/11\/01\/vargjet-e-ndergjegjes-kombetare-kenget-epike-popullore-ii\/","og_locale":"en_US","og_type":"article","og_title":"Vargjet e nd\u00ebrgjegjes komb\u00ebtare - K\u00ebng\u00ebt epike popullore (II) - Lajme nga Ulqini","og_description":"Prof. Dr. Bahri Brisku N\u00eb nj\u00eb krijim epik tek Arb\u00ebresh\u00ebt n\u00eb Itali, k\u00ebndohen trim\u00ebrit\u00eb e patriotit Pjet\u00ebr Shinit i cili n\u00eb ato krijime simbolizon figur\u00ebn e","og_url":"https:\/\/www.visit-ulcinj.com\/blog\/2011\/11\/01\/vargjet-e-ndergjegjes-kombetare-kenget-epike-popullore-ii\/","og_site_name":"Lajme nga Ulqini","article_published_time":"2011-11-01T17:27:49+00:00","og_image":[{"url":"http:\/\/www.visit-ulcinj.com\/blog\/wp-content\/uploads\/2011\/11\/bahri-brisku_gjurmime-shqiptare.jpg"}],"twitter_misc":{"Written by":"ulqini","Est. reading time":"5 minutes"},"schema":{"@context":"https:\/\/schema.org","@graph":[{"@type":"WebSite","@id":"https:\/\/www.visit-ulcinj.com\/blog\/#website","url":"https:\/\/www.visit-ulcinj.com\/blog\/","name":"Lajme nga Ulqini","description":"Lajme,Vijesti,Ulqini,Ulqin,Crna Gora,Mali i Zi","potentialAction":[{"@type":"SearchAction","target":{"@type":"EntryPoint","urlTemplate":"https:\/\/www.visit-ulcinj.com\/blog\/?s={search_term_string}"},"query-input":"required name=search_term_string"}],"inLanguage":"en-US"},{"@type":"ImageObject","inLanguage":"en-US","@id":"https:\/\/www.visit-ulcinj.com\/blog\/2011\/11\/01\/vargjet-e-ndergjegjes-kombetare-kenget-epike-popullore-ii\/#primaryimage","url":"https:\/\/www.visit-ulcinj.com\/blog\/wp-content\/uploads\/2011\/11\/bahri-brisku_gjurmime-shqiptare.jpg","contentUrl":"https:\/\/www.visit-ulcinj.com\/blog\/wp-content\/uploads\/2011\/11\/bahri-brisku_gjurmime-shqiptare.jpg","width":"250","height":"368"},{"@type":"WebPage","@id":"https:\/\/www.visit-ulcinj.com\/blog\/2011\/11\/01\/vargjet-e-ndergjegjes-kombetare-kenget-epike-popullore-ii\/#webpage","url":"https:\/\/www.visit-ulcinj.com\/blog\/2011\/11\/01\/vargjet-e-ndergjegjes-kombetare-kenget-epike-popullore-ii\/","name":"Vargjet e nd\u00ebrgjegjes komb\u00ebtare - K\u00ebng\u00ebt epike popullore (II) - Lajme nga Ulqini","isPartOf":{"@id":"https:\/\/www.visit-ulcinj.com\/blog\/#website"},"primaryImageOfPage":{"@id":"https:\/\/www.visit-ulcinj.com\/blog\/2011\/11\/01\/vargjet-e-ndergjegjes-kombetare-kenget-epike-popullore-ii\/#primaryimage"},"datePublished":"2011-11-01T17:27:49+00:00","dateModified":"2011-11-01T17:27:49+00:00","author":{"@id":"https:\/\/www.visit-ulcinj.com\/blog\/#\/schema\/person\/dcab619c614d3038751c63bc2aadc06d"},"description":"Prof. Dr. Bahri Brisku N\u00eb nj\u00eb krijim epik tek Arb\u00ebresh\u00ebt n\u00eb Itali, k\u00ebndohen trim\u00ebrit\u00eb e patriotit Pjet\u00ebr Shinit i cili n\u00eb ato krijime simbolizon figur\u00ebn e","breadcrumb":{"@id":"https:\/\/www.visit-ulcinj.com\/blog\/2011\/11\/01\/vargjet-e-ndergjegjes-kombetare-kenget-epike-popullore-ii\/#breadcrumb"},"inLanguage":"en-US","potentialAction":[{"@type":"ReadAction","target":["https:\/\/www.visit-ulcinj.com\/blog\/2011\/11\/01\/vargjet-e-ndergjegjes-kombetare-kenget-epike-popullore-ii\/"]}]},{"@type":"BreadcrumbList","@id":"https:\/\/www.visit-ulcinj.com\/blog\/2011\/11\/01\/vargjet-e-ndergjegjes-kombetare-kenget-epike-popullore-ii\/#breadcrumb","itemListElement":[{"@type":"ListItem","position":1,"name":"Vargjet e nd\u00ebrgjegjes komb\u00ebtare &#8211; K\u00ebng\u00ebt epike popullore (II)"}]},{"@type":"Person","@id":"https:\/\/www.visit-ulcinj.com\/blog\/#\/schema\/person\/dcab619c614d3038751c63bc2aadc06d","name":"ulqini","sameAs":["http:\/\/www.visit-ulcinj.com"],"url":"https:\/\/www.visit-ulcinj.com\/blog\/author\/admin\/"}]}},"jetpack_featured_media_url":"","jetpack_sharing_enabled":true,"jetpack_shortlink":"https:\/\/wp.me\/pe6lTn-dGF","_links":{"self":[{"href":"https:\/\/www.visit-ulcinj.com\/blog\/wp-json\/wp\/v2\/posts\/52617"}],"collection":[{"href":"https:\/\/www.visit-ulcinj.com\/blog\/wp-json\/wp\/v2\/posts"}],"about":[{"href":"https:\/\/www.visit-ulcinj.com\/blog\/wp-json\/wp\/v2\/types\/post"}],"author":[{"embeddable":true,"href":"https:\/\/www.visit-ulcinj.com\/blog\/wp-json\/wp\/v2\/users\/1"}],"replies":[{"embeddable":true,"href":"https:\/\/www.visit-ulcinj.com\/blog\/wp-json\/wp\/v2\/comments?post=52617"}],"version-history":[{"count":4,"href":"https:\/\/www.visit-ulcinj.com\/blog\/wp-json\/wp\/v2\/posts\/52617\/revisions"}],"predecessor-version":[{"id":52630,"href":"https:\/\/www.visit-ulcinj.com\/blog\/wp-json\/wp\/v2\/posts\/52617\/revisions\/52630"}],"wp:attachment":[{"href":"https:\/\/www.visit-ulcinj.com\/blog\/wp-json\/wp\/v2\/media?parent=52617"}],"wp:term":[{"taxonomy":"category","embeddable":true,"href":"https:\/\/www.visit-ulcinj.com\/blog\/wp-json\/wp\/v2\/categories?post=52617"},{"taxonomy":"post_tag","embeddable":true,"href":"https:\/\/www.visit-ulcinj.com\/blog\/wp-json\/wp\/v2\/tags?post=52617"}],"curies":[{"name":"wp","href":"https:\/\/api.w.org\/{rel}","templated":true}]}}