{"id":52631,"date":"2011-11-01T18:30:01","date_gmt":"2011-11-01T17:30:01","guid":{"rendered":"http:\/\/www.visit-ulcinj.com\/blog\/?p=52631"},"modified":"2011-11-01T18:30:38","modified_gmt":"2011-11-01T17:30:38","slug":"lufta-ne-det-kenget-epike-popullore-iii-2","status":"publish","type":"post","link":"https:\/\/www.visit-ulcinj.com\/blog\/2011\/11\/01\/lufta-ne-det-kenget-epike-popullore-iii-2\/","title":{"rendered":"Lufta n\u00eb det &#8211; K\u00ebng\u00ebt epike popullore (III)"},"content":{"rendered":"<p><strong><a href=\"http:\/\/www.visit-ulcinj.com\/blog\/2011\/11\/01\/lufta-ne-det-kenget-epike-popullore-iii\/lufta-ne-det_bahri-brisku\/\" rel=\"attachment wp-att-52624\"><img loading=\"lazy\" class=\"alignleft size-full wp-image-52624\" title=\"Lufta n\u00eb det_BAHRI BRISKU\" src=\"http:\/\/www.visit-ulcinj.com\/blog\/wp-content\/uploads\/2011\/11\/Lufta-n%C3%AB-det_BAHRI-BRISKU.jpg\" alt=\"\" width=\"508\" height=\"380\" \/><\/a>Prof. Dr. Bahri Brisku<\/strong><\/p>\n<p>D\u00ebshmit\u00eb historike t\u00eb traditave kulturore t\u00eb rajoneve etnike t\u00eb bregdetit hedhin drit\u00eb t\u00eb bollshme q\u00eb tregojn\u00eb dendur se ishin vazhdimisht t\u00eb sulmuara dhe q\u00eb gjendeshin n\u00ebn zot\u00ebrimin e pushtuesve t\u00eb ndrysh\u00ebm, por nd\u00ebrkoh\u00eb popullata vendase ruajti nj\u00eb autonomi t\u00eb theksuar, duke u organizuar sipas situatave vetjake t\u00eb tyre. K\u00ebto norma ligjore t\u00eb ligjeve t\u00eb vjetra popullore t\u00eb mbajtura me k\u00ebmb\u00ebngulje dhe me forc\u00eb u siguronin nj\u00ebfar\u00eb vet\u00ebqeverisjeje t\u00eb lir\u00eb.<\/p>\n<p>T\u00eb gjitha k\u00ebto attribute me pesh\u00eb t\u00eb madhe historike, shqiptar\u00ebt bregdetar i g\u00ebzonin duke iu fal\u00ebnderuar detaris\u00eb dhe kusaris\u00eb s\u00eb tyre, t\u00eb cil\u00ebt ishin kalitur duke u p\u00ebrplasur me armiq t\u00eb ndrysh\u00ebm t\u00eb kusaris\u00eb.<\/p>\n<p>Normat zakonore t\u00eb k\u00ebsaj popullate bregdetare, trim\u00ebria dhe mjeshtria e p\u00ebrsosur e detaris\u00eb e kan\u00eb t\u00ebrhequr shpesh v\u00ebmendjen e udh\u00ebtar\u00ebve t\u00eb huaj, si edhe t\u00eb studiuesve t\u00eb ndrysh\u00ebm. K\u00ebshtu, me interes t\u00eb posa\u00e7\u00ebm shkencor jan\u00eb shkrimet e A.Pertuzit e t\u00eb Z. Valentinit, t\u00eb cil\u00ebt botuan studime t\u00eb ve\u00e7anta p\u00ebr doket dhe statuet ligjore t\u00eb shqiptar\u00ebve n\u00eb hap\u00ebsir\u00ebn bregdetare (XIV-XV). Ulqini ka pasur statutin e tij, i cili ishte nj\u00eb lloj kushtetute e qytetit t\u00eb pavarur, duke farkuar edhe paran\u00eb e vet DULCINO\u2026 K\u00ebtu p\u00ebrmendet statuti q\u00eb n\u00eb vitin 1376. Popullata jet\u00ebn e t\u00eb mirat e p\u00ebrgjithshme materiale i siguronte nga detaria tregtare dhe ka\u00e7ak\u00ebt e detit &#8211; kusar\u00ebt, t\u00eb cil\u00ebt ishin lob i ve\u00e7ant\u00eb i lundrimeve. Kusaria n\u00eb qarqet shqiptare bregdetare kuptohet si grup detar\u00ebsh trima, b\u00ebmir\u00ebsa dhe pasanik. K\u00ebto atribute i g\u00ebzonin p\u00ebr faktin q\u00eb k\u00ebto ishin pararoj\u00eb n\u00eb kufirin detar, se p\u00ebrve\u00e7 q\u00eb sulmonin hajnat kusar\u00eb t\u00eb vendeve tjera, vazhdimisht i rezistonin \u00e7do armikut q\u00eb synonte grabitjen e trojeve Arb\u00ebrore. N\u00eb an\u00ebn tjet\u00ebr, pirateria dhe kusaria detare n\u00eb vendet fqinje dhe m\u00eb gjer\u00eb, konsiderohet si band\u00eb dhe hajna q\u00eb grabisin me dhun\u00eb. Ka edhe terma t\u00eb tjera q\u00eb var\u00ebsisht nga vendi, kusaria detare kuptohet si l\u00ebvizje q\u00eb n\u00eb det b\u00ebn \u00e7udira mbinatyrore dhe magjike.<br \/>\n<a href=\"http:\/\/www.visit-ulcinj.com\/blog\/2011\/11\/01\/lufta-ne-det-kenget-epike-popullore-iii\/bahri-brisku_gjurmime-shqiptare-2\/\" rel=\"attachment wp-att-52625\"><img loading=\"lazy\" class=\"alignleft size-full wp-image-52625\" title=\"bahri brisku_gjurmime shqiptare.2\" src=\"http:\/\/www.visit-ulcinj.com\/blog\/wp-content\/uploads\/2011\/11\/bahri-brisku_gjurmime-shqiptare.2.jpg\" alt=\"\" width=\"508\" height=\"330\" \/><\/a><\/p>\n<p><strong>KONTRIBUTI I KUSAR\u00cbVE P\u00cbR MBROJTJEN E T\u00cbR\u00cbSIS\u00cb TERRITORIAL<\/strong><br \/>\nGjat\u00eb zhvillimeve historike p\u00ebr mbrojtjen e integritetit territorial nga hordhit\u00eb e huaja okupuese, ndihma dhe sakrifica vet\u00ebmohuese e detar\u00ebve dhe kusar\u00ebve shqiptar (gjat\u00eb shekujsh) ka qen\u00eb mjaft e madhe. Kontributi i tyre n\u00eb mbrojtjen dhe ruajtjen e qen\u00ebsis\u00eb komb\u00ebtare ka l\u00ebn\u00eb gjurm\u00eb t\u00eb thella jo vet\u00ebm n\u00eb histori, por n\u00eb t\u00eb gjitha aspektet e krijimeve t\u00eb vlerave artistike. Lufta e tyre e vazhdueshme q\u00eb n\u00eb koh\u00ebrat e mug\u00ebta kund\u00ebr romak\u00ebve, grek\u00ebve, bizantit, kryq\u00ebzatave, turqve, venedikasve, pansllavist\u00ebve etj., ka krijuar nj\u00eb imazh, ku kondensohen t\u00eb gjitha vetit\u00eb njer\u00ebzore, duke i lart\u00ebsuar n\u00eb piedestalin m\u00eb t\u00eb lart\u00eb q\u00eb i ngreh detar\u00ebt n\u00eb idol mbar\u00ebkomb\u00ebtar shqiptar.<\/p>\n<p>Pjetro Orseolo, mbreti (Dozhdi) i Venedikut (991-1008) qe i pari q\u00eb donte ta imponoj\u00eb dominimin detar t\u00eb Venedikut. Q\u00ebllimisht krijoi fest\u00ebn simbolike \u201cMartesa e Venedikut me detin\u201d, e cila festohej n\u00eb m\u00ebnyr\u00eb pompoze. Me k\u00ebt\u00eb ritual, d\u00ebshironin q\u00eb t\u00eb forcoj\u00eb mitin e dominimit t\u00eb tyre n\u00eb regjionet detare, si dhunti e dh\u00ebn\u00eb nga Zoti! Po p\u00ebr k\u00ebt\u00eb bamuni ata sulmonin t\u00eb gjith\u00eb detar\u00ebt e kombeve t\u00eb tjera p\u00ebrve\u00e7 kusar\u00ebve shqiptar\u00eb, t\u00eb cil\u00ebt p\u00ebr venedikasit ishin \u201c\u00c7erdhe t\u00eb pathyera\u201d. Pas vdekjes s\u00eb Sk\u00ebnderbeut (1468), p\u00ebrkund\u00ebr faktit q\u00eb osman\u00ebt n\u00eb luft\u00ebrat disavje\u00e7are, arrit\u00ebn t\u00eb pushtojn\u00eb shum\u00eb k\u00ebshtjella shqiptare, por n\u00eb rajonet bregdetare, sidomos atje ku kusaria (bashk\u00ebsit\u00eb e detaris\u00eb) ishin organizuar, pra fal\u00eb kusar\u00ebve dhe detar\u00ebve shqiptar\u00eb, turqit nuk arrit\u00ebn q\u00eb t`i okupojn\u00eb ato as pas 100 vjet\u00ebsh (Ulqinin, Tivarin, Budv\u00ebn etj.). K\u00ebto qytete shqiptare ishin edhe vendstrehime p\u00ebr detar\u00ebt vendeve tjera. Kur turqit okupuan Durr\u00ebsin, Ishmin dhe ndonj\u00eb kala tjet\u00ebr, detar\u00ebt e tyre d\u00ebrguan shum\u00eb vendas t\u00eb tyre n\u00eb Ulqin e gjetiu. Kusar\u00ebt shqiptar\u00eb romak\u00ebt i quanin dominuesit e Adriatikut (princat detar\u00eb), valkier\u00ebt e Adriatikut, t\u00eb cil\u00ebt pengonin politik\u00ebn ekspansioniste t\u00eb Rom\u00ebs dhe armiqve t\u00eb tjer\u00eb t\u00eb koh\u00ebs. N\u00eb k\u00ebt\u00eb m\u00ebnyr\u00eb ruajt\u00ebn gjuh\u00ebn dhe t\u00ebr\u00ebsin\u00eb etnike.<\/p>\n<p>Kusar\u00ebt tan\u00eb, m\u00eb 20 korrik 1699, n\u00eb nj\u00eb p\u00ebrleshje zun\u00eb rob kusarin e njohur francez Danjel Initin s\u00eb bashku me ekupazhin dhe anijet e tij. P\u00ebr k\u00ebt\u00eb fatkeq\u00ebsi konsulli francez i Durr\u00ebsit, lajm\u00ebron Luigjin XIV t\u00eb Franc\u00ebs p\u00ebr k\u00ebt\u00eb fatkeq\u00ebsi, i cili pastaj intervenon te Porta p\u00ebr lirimin e kusarit t\u00eb tyre, t\u00eb cilin e kishin z\u00ebn\u00eb rob kusar\u00ebt ulqinak\u00eb pran\u00eb gjirit t\u00eb Vlor\u00ebs.<\/p>\n<p>N\u00eb fund t\u00eb prillit t\u00eb vitit 1706, n\u00eb Gryk\u00ebn e lumit Vjosa, \u00ebsht\u00eb zhvilluar nj\u00eb luft\u00eb e ashp\u00ebr n\u00eb mes t\u00eb kat\u00ebr anijeve t\u00eb Perastit, q\u00eb kishin ardhur t\u00eb pla\u00e7kisin bregdetar\u00ebt tan\u00eb. Detar\u00ebt shqiptar\u00eb n\u00eb k\u00ebt\u00eb p\u00ebrleshje triumfojn\u00eb, duke z\u00ebn\u00eb rob tri anije perastjane s\u00eb bashku me kusar\u00ebt e tyre n\u00eb krye me kapiten\u00ebt: Zana Mandiq, Kristofor Boloviq dhe Gjakomo Perlica me anijet e tyre. Me q\u00ebllim t\u00eb revanshimit, nga Perasti niset me nj\u00eb anije kusar\u00ebsh nj\u00eb grup n\u00ebn komand\u00ebn e Gjakovo Danijellit vjen n\u00eb Ish\u00ebm, por n\u00eb p\u00ebrleshjen te Porti i Durr\u00ebsit zihet rob nga kusar\u00ebt tan\u00eb. Kjo luft\u00eb \u00ebsht\u00eb e sh\u00ebnuar n\u00eb procesin e raportit mbajtur n\u00eb Herceg Novi nj\u00eb muaj pas p\u00ebrleshjes t\u00eb Gryk\u00ebs s\u00eb Vjos\u00ebs &#8211; pra m\u00eb 19 maj 1706.<\/p>\n<p><strong>Koha Javore<\/strong><\/p>\n","protected":false},"excerpt":{"rendered":"<p>Prof. Dr. Bahri Brisku D\u00ebshmit\u00eb historike t\u00eb traditave kulturore t\u00eb rajoneve etnike t\u00eb bregdetit hedhin drit\u00eb t\u00eb bollshme q\u00eb tregojn\u00eb dendur se ishin vazhdimisht t\u00eb sulmuara dhe q\u00eb gjendeshin n\u00ebn zot\u00ebrimin e pushtuesve t\u00eb ndrysh\u00ebm, por nd\u00ebrkoh\u00eb popullata vendase ruajti nj\u00eb autonomi t\u00eb theksuar, duke u organizuar sipas situatave vetjake t\u00eb tyre. K\u00ebto norma ligjore [&hellip;]<\/p>\n","protected":false},"author":1,"featured_media":0,"comment_status":"open","ping_status":"closed","sticky":false,"template":"","format":"standard","meta":{"spay_email":"","jetpack_publicize_message":"","jetpack_is_tweetstorm":false,"jetpack_publicize_feature_enabled":true},"categories":[14249],"tags":[1004],"jetpack_publicize_connections":[],"yoast_head":"<!-- This site is optimized with the Yoast SEO plugin v19.1 - https:\/\/yoast.com\/wordpress\/plugins\/seo\/ -->\n<title>Lufta n\u00eb det - K\u00ebng\u00ebt epike popullore (III) - Lajme nga Ulqini<\/title>\n<meta name=\"description\" content=\"Prof. Dr. Bahri Brisku D\u00ebshmit\u00eb historike t\u00eb traditave kulturore t\u00eb rajoneve etnike t\u00eb bregdetit hedhin drit\u00eb t\u00eb bollshme q\u00eb tregojn\u00eb dendur se ishin\" \/>\n<meta name=\"robots\" content=\"index, follow, max-snippet:-1, max-image-preview:large, max-video-preview:-1\" \/>\n<link rel=\"canonical\" href=\"https:\/\/www.visit-ulcinj.com\/blog\/2011\/11\/01\/lufta-ne-det-kenget-epike-popullore-iii-2\/\" \/>\n<meta property=\"og:locale\" content=\"en_US\" \/>\n<meta property=\"og:type\" content=\"article\" \/>\n<meta property=\"og:title\" content=\"Lufta n\u00eb det - K\u00ebng\u00ebt epike popullore (III) - Lajme nga Ulqini\" \/>\n<meta property=\"og:description\" content=\"Prof. Dr. Bahri Brisku D\u00ebshmit\u00eb historike t\u00eb traditave kulturore t\u00eb rajoneve etnike t\u00eb bregdetit hedhin drit\u00eb t\u00eb bollshme q\u00eb tregojn\u00eb dendur se ishin\" \/>\n<meta property=\"og:url\" content=\"https:\/\/www.visit-ulcinj.com\/blog\/2011\/11\/01\/lufta-ne-det-kenget-epike-popullore-iii-2\/\" \/>\n<meta property=\"og:site_name\" content=\"Lajme nga Ulqini\" \/>\n<meta property=\"article:published_time\" content=\"2011-11-01T17:30:01+00:00\" \/>\n<meta property=\"article:modified_time\" content=\"2011-11-01T17:30:38+00:00\" \/>\n<meta property=\"og:image\" content=\"http:\/\/www.visit-ulcinj.com\/blog\/wp-content\/uploads\/2011\/11\/Lufta-n%C3%AB-det_BAHRI-BRISKU.jpg\" \/>\n<meta name=\"twitter:label1\" content=\"Written by\" \/>\n\t<meta name=\"twitter:data1\" content=\"ulqini\" \/>\n\t<meta name=\"twitter:label2\" content=\"Est. reading time\" \/>\n\t<meta name=\"twitter:data2\" content=\"5 minutes\" \/>\n<script type=\"application\/ld+json\" class=\"yoast-schema-graph\">{\"@context\":\"https:\/\/schema.org\",\"@graph\":[{\"@type\":\"WebSite\",\"@id\":\"https:\/\/www.visit-ulcinj.com\/blog\/#website\",\"url\":\"https:\/\/www.visit-ulcinj.com\/blog\/\",\"name\":\"Lajme nga Ulqini\",\"description\":\"Lajme,Vijesti,Ulqini,Ulqin,Crna Gora,Mali i Zi\",\"potentialAction\":[{\"@type\":\"SearchAction\",\"target\":{\"@type\":\"EntryPoint\",\"urlTemplate\":\"https:\/\/www.visit-ulcinj.com\/blog\/?s={search_term_string}\"},\"query-input\":\"required name=search_term_string\"}],\"inLanguage\":\"en-US\"},{\"@type\":\"ImageObject\",\"inLanguage\":\"en-US\",\"@id\":\"https:\/\/www.visit-ulcinj.com\/blog\/2011\/11\/01\/lufta-ne-det-kenget-epike-popullore-iii-2\/#primaryimage\",\"url\":\"http:\/\/www.visit-ulcinj.com\/blog\/wp-content\/uploads\/2011\/11\/Lufta-n%C3%AB-det_BAHRI-BRISKU.jpg\",\"contentUrl\":\"http:\/\/www.visit-ulcinj.com\/blog\/wp-content\/uploads\/2011\/11\/Lufta-n%C3%AB-det_BAHRI-BRISKU.jpg\"},{\"@type\":\"WebPage\",\"@id\":\"https:\/\/www.visit-ulcinj.com\/blog\/2011\/11\/01\/lufta-ne-det-kenget-epike-popullore-iii-2\/#webpage\",\"url\":\"https:\/\/www.visit-ulcinj.com\/blog\/2011\/11\/01\/lufta-ne-det-kenget-epike-popullore-iii-2\/\",\"name\":\"Lufta n\u00eb det - K\u00ebng\u00ebt epike popullore (III) - Lajme nga Ulqini\",\"isPartOf\":{\"@id\":\"https:\/\/www.visit-ulcinj.com\/blog\/#website\"},\"primaryImageOfPage\":{\"@id\":\"https:\/\/www.visit-ulcinj.com\/blog\/2011\/11\/01\/lufta-ne-det-kenget-epike-popullore-iii-2\/#primaryimage\"},\"datePublished\":\"2011-11-01T17:30:01+00:00\",\"dateModified\":\"2011-11-01T17:30:38+00:00\",\"author\":{\"@id\":\"https:\/\/www.visit-ulcinj.com\/blog\/#\/schema\/person\/dcab619c614d3038751c63bc2aadc06d\"},\"description\":\"Prof. Dr. Bahri Brisku D\u00ebshmit\u00eb historike t\u00eb traditave kulturore t\u00eb rajoneve etnike t\u00eb bregdetit hedhin drit\u00eb t\u00eb bollshme q\u00eb tregojn\u00eb dendur se ishin\",\"breadcrumb\":{\"@id\":\"https:\/\/www.visit-ulcinj.com\/blog\/2011\/11\/01\/lufta-ne-det-kenget-epike-popullore-iii-2\/#breadcrumb\"},\"inLanguage\":\"en-US\",\"potentialAction\":[{\"@type\":\"ReadAction\",\"target\":[\"https:\/\/www.visit-ulcinj.com\/blog\/2011\/11\/01\/lufta-ne-det-kenget-epike-popullore-iii-2\/\"]}]},{\"@type\":\"BreadcrumbList\",\"@id\":\"https:\/\/www.visit-ulcinj.com\/blog\/2011\/11\/01\/lufta-ne-det-kenget-epike-popullore-iii-2\/#breadcrumb\",\"itemListElement\":[{\"@type\":\"ListItem\",\"position\":1,\"name\":\"Lufta n\u00eb det &#8211; K\u00ebng\u00ebt epike popullore (III)\"}]},{\"@type\":\"Person\",\"@id\":\"https:\/\/www.visit-ulcinj.com\/blog\/#\/schema\/person\/dcab619c614d3038751c63bc2aadc06d\",\"name\":\"ulqini\",\"sameAs\":[\"http:\/\/www.visit-ulcinj.com\"],\"url\":\"https:\/\/www.visit-ulcinj.com\/blog\/author\/admin\/\"}]}<\/script>\n<!-- \/ Yoast SEO plugin. -->","yoast_head_json":{"title":"Lufta n\u00eb det - K\u00ebng\u00ebt epike popullore (III) - Lajme nga Ulqini","description":"Prof. Dr. Bahri Brisku D\u00ebshmit\u00eb historike t\u00eb traditave kulturore t\u00eb rajoneve etnike t\u00eb bregdetit hedhin drit\u00eb t\u00eb bollshme q\u00eb tregojn\u00eb dendur se ishin","robots":{"index":"index","follow":"follow","max-snippet":"max-snippet:-1","max-image-preview":"max-image-preview:large","max-video-preview":"max-video-preview:-1"},"canonical":"https:\/\/www.visit-ulcinj.com\/blog\/2011\/11\/01\/lufta-ne-det-kenget-epike-popullore-iii-2\/","og_locale":"en_US","og_type":"article","og_title":"Lufta n\u00eb det - K\u00ebng\u00ebt epike popullore (III) - Lajme nga Ulqini","og_description":"Prof. Dr. Bahri Brisku D\u00ebshmit\u00eb historike t\u00eb traditave kulturore t\u00eb rajoneve etnike t\u00eb bregdetit hedhin drit\u00eb t\u00eb bollshme q\u00eb tregojn\u00eb dendur se ishin","og_url":"https:\/\/www.visit-ulcinj.com\/blog\/2011\/11\/01\/lufta-ne-det-kenget-epike-popullore-iii-2\/","og_site_name":"Lajme nga Ulqini","article_published_time":"2011-11-01T17:30:01+00:00","article_modified_time":"2011-11-01T17:30:38+00:00","og_image":[{"url":"http:\/\/www.visit-ulcinj.com\/blog\/wp-content\/uploads\/2011\/11\/Lufta-n%C3%AB-det_BAHRI-BRISKU.jpg"}],"twitter_misc":{"Written by":"ulqini","Est. reading time":"5 minutes"},"schema":{"@context":"https:\/\/schema.org","@graph":[{"@type":"WebSite","@id":"https:\/\/www.visit-ulcinj.com\/blog\/#website","url":"https:\/\/www.visit-ulcinj.com\/blog\/","name":"Lajme nga Ulqini","description":"Lajme,Vijesti,Ulqini,Ulqin,Crna Gora,Mali i Zi","potentialAction":[{"@type":"SearchAction","target":{"@type":"EntryPoint","urlTemplate":"https:\/\/www.visit-ulcinj.com\/blog\/?s={search_term_string}"},"query-input":"required name=search_term_string"}],"inLanguage":"en-US"},{"@type":"ImageObject","inLanguage":"en-US","@id":"https:\/\/www.visit-ulcinj.com\/blog\/2011\/11\/01\/lufta-ne-det-kenget-epike-popullore-iii-2\/#primaryimage","url":"http:\/\/www.visit-ulcinj.com\/blog\/wp-content\/uploads\/2011\/11\/Lufta-n%C3%AB-det_BAHRI-BRISKU.jpg","contentUrl":"http:\/\/www.visit-ulcinj.com\/blog\/wp-content\/uploads\/2011\/11\/Lufta-n%C3%AB-det_BAHRI-BRISKU.jpg"},{"@type":"WebPage","@id":"https:\/\/www.visit-ulcinj.com\/blog\/2011\/11\/01\/lufta-ne-det-kenget-epike-popullore-iii-2\/#webpage","url":"https:\/\/www.visit-ulcinj.com\/blog\/2011\/11\/01\/lufta-ne-det-kenget-epike-popullore-iii-2\/","name":"Lufta n\u00eb det - K\u00ebng\u00ebt epike popullore (III) - Lajme nga Ulqini","isPartOf":{"@id":"https:\/\/www.visit-ulcinj.com\/blog\/#website"},"primaryImageOfPage":{"@id":"https:\/\/www.visit-ulcinj.com\/blog\/2011\/11\/01\/lufta-ne-det-kenget-epike-popullore-iii-2\/#primaryimage"},"datePublished":"2011-11-01T17:30:01+00:00","dateModified":"2011-11-01T17:30:38+00:00","author":{"@id":"https:\/\/www.visit-ulcinj.com\/blog\/#\/schema\/person\/dcab619c614d3038751c63bc2aadc06d"},"description":"Prof. Dr. Bahri Brisku D\u00ebshmit\u00eb historike t\u00eb traditave kulturore t\u00eb rajoneve etnike t\u00eb bregdetit hedhin drit\u00eb t\u00eb bollshme q\u00eb tregojn\u00eb dendur se ishin","breadcrumb":{"@id":"https:\/\/www.visit-ulcinj.com\/blog\/2011\/11\/01\/lufta-ne-det-kenget-epike-popullore-iii-2\/#breadcrumb"},"inLanguage":"en-US","potentialAction":[{"@type":"ReadAction","target":["https:\/\/www.visit-ulcinj.com\/blog\/2011\/11\/01\/lufta-ne-det-kenget-epike-popullore-iii-2\/"]}]},{"@type":"BreadcrumbList","@id":"https:\/\/www.visit-ulcinj.com\/blog\/2011\/11\/01\/lufta-ne-det-kenget-epike-popullore-iii-2\/#breadcrumb","itemListElement":[{"@type":"ListItem","position":1,"name":"Lufta n\u00eb det &#8211; K\u00ebng\u00ebt epike popullore (III)"}]},{"@type":"Person","@id":"https:\/\/www.visit-ulcinj.com\/blog\/#\/schema\/person\/dcab619c614d3038751c63bc2aadc06d","name":"ulqini","sameAs":["http:\/\/www.visit-ulcinj.com"],"url":"https:\/\/www.visit-ulcinj.com\/blog\/author\/admin\/"}]}},"jetpack_featured_media_url":"","jetpack_sharing_enabled":true,"jetpack_shortlink":"https:\/\/wp.me\/pe6lTn-dGT","_links":{"self":[{"href":"https:\/\/www.visit-ulcinj.com\/blog\/wp-json\/wp\/v2\/posts\/52631"}],"collection":[{"href":"https:\/\/www.visit-ulcinj.com\/blog\/wp-json\/wp\/v2\/posts"}],"about":[{"href":"https:\/\/www.visit-ulcinj.com\/blog\/wp-json\/wp\/v2\/types\/post"}],"author":[{"embeddable":true,"href":"https:\/\/www.visit-ulcinj.com\/blog\/wp-json\/wp\/v2\/users\/1"}],"replies":[{"embeddable":true,"href":"https:\/\/www.visit-ulcinj.com\/blog\/wp-json\/wp\/v2\/comments?post=52631"}],"version-history":[{"count":4,"href":"https:\/\/www.visit-ulcinj.com\/blog\/wp-json\/wp\/v2\/posts\/52631\/revisions"}],"predecessor-version":[{"id":52636,"href":"https:\/\/www.visit-ulcinj.com\/blog\/wp-json\/wp\/v2\/posts\/52631\/revisions\/52636"}],"wp:attachment":[{"href":"https:\/\/www.visit-ulcinj.com\/blog\/wp-json\/wp\/v2\/media?parent=52631"}],"wp:term":[{"taxonomy":"category","embeddable":true,"href":"https:\/\/www.visit-ulcinj.com\/blog\/wp-json\/wp\/v2\/categories?post=52631"},{"taxonomy":"post_tag","embeddable":true,"href":"https:\/\/www.visit-ulcinj.com\/blog\/wp-json\/wp\/v2\/tags?post=52631"}],"curies":[{"name":"wp","href":"https:\/\/api.w.org\/{rel}","templated":true}]}}