{"id":52639,"date":"2011-11-02T09:05:15","date_gmt":"2011-11-02T08:05:15","guid":{"rendered":"http:\/\/www.visit-ulcinj.com\/blog\/?p=52639"},"modified":"2011-11-05T14:15:17","modified_gmt":"2011-11-05T13:15:17","slug":"zgjedhet-keshilli-komunal-i-pds-se-ulqin","status":"publish","type":"post","link":"https:\/\/www.visit-ulcinj.com\/blog\/2011\/11\/02\/zgjedhet-keshilli-komunal-i-pds-se-ulqin\/","title":{"rendered":"Zgjedh\u00ebt k\u00ebshilli komunal i PDS-s\u00eb Ulqin"},"content":{"rendered":"<p><a href=\"http:\/\/www.visit-ulcinj.com\/blog\/wp-content\/uploads\/2011\/11\/Zgjedh%C3%ABt-k%C3%ABshilli-komunal-i-PDS-Ulqin.jpg\"><img loading=\"lazy\" class=\"alignleft size-full wp-image-52640\" title=\"Zgjedh\u00ebt k\u00ebshilli komunal i PDS Ulqin\" src=\"http:\/\/www.visit-ulcinj.com\/blog\/wp-content\/uploads\/2011\/11\/Zgjedh%C3%ABt-k%C3%ABshilli-komunal-i-PDS-Ulqin.jpg\" alt=\"\" width=\"508\" height=\"380\" \/><\/a>Luigj Shkreli, deputet i PDS n\u00eb parlamentin e Malit t\u00eb Zi, n\u00eb Konferenc\u00ebn e gjasht\u00eb zgjedhore komunale, t\u00eb mbajtur mbr\u00ebm\u00eb n\u00eb Ulqin, i tha kryetarit dhe deputetit t\u00eb Partis\u00eb Demokratike t\u00eb Socialist\u00ebve \/PDS\/ Milo Gjukanoviqit se \u201cpublikisht i themi qytetar\u00ebve t\u00eb Ulqinit se pa PDS nuk ka zhvillim as p\u00ebrparim t\u00eb qytetit as t\u00eb Komun\u00ebs s\u00eb Ulqinit n\u00eb p\u00ebrgjith\u00ebsi\u201d, njofton KosovaLive.<\/p>\n<p>Partia Demokratike e Socialist\u00ebve zgjodhi k\u00ebshillin komunal t\u00eb ri t\u00eb k\u00ebsaj partie p\u00ebr qytetin e Ulqinit. K\u00ebshilli p\u00ebrb\u00ebhet prej 72 an\u00ebtar\u00ebve.<\/p>\n<p>An\u00ebtar\u00ebt e KK t\u00eb PDS\u00a0 n\u00eb Ulqin jan\u00eb:<\/p>\n<p>Rajko Hajdukoviq, Pavle Marnikoviq, Marija Stanoviq, Gjevalin Shkrela, Muhamed Spuzha, Danijela Ivanoviq, Danilo Stojanoviq, Ilmi Dervishi, Zorka Neneziq, Almira Sukaliq, Arijeta Leskovac, Ana Bundalo, Majlinda Kurt, Halil Bajroviq, Ruli Filipoviq, Radoslav Nishaviq, Shefki Ljamoviq, Anton Kastrati, Nail Rexha, Muhamrem Beqoviq, Albert Ljuljgjuraj, Gani Rexha, Arjan Ljamoviq, Xhevdet \u00c7apriq, Ljiljana Sredojeviq, Besiana Taganoviq, Elez Osmanoviq, Muzafer Hoxhiq, Arben Tagani, Nika Shkre\u00e7lja, Lubo Gazivoda, Hasan Osmanoviq, Samanta Gjekaj, Slobodan Gjakonoviq, Martin Ko\u00e7oviq, Skender Shata, Nikola Marnikoviq, Nora Ljuljgjuraj, Tihomir Rako\u00e7eviq, Mirsad Lesheviq, LuiGj Noc Martini, Viktor Gazivoda, Martin Zadrima, Almira Ishmakoviq, Vjekoslav Rudoviq, Enisa Martinoviq, Anto Daboviq, Mehmet Duraku, Alija Asoviq, Drane Jacoviq, Aleksandra \u00c7agjenoviq, Gjuro Daboviq, Jozefina Nrekiq, Zoran Vu\u00e7etiq, Lena Lukiq, Sandra Daboviq, Ljiljana \u00c7oviq, Xhavahire Lazoriq, Zharko Vujosheviq, Anto Gjeljosheviq, Vaso Radoviq, Pranvera Suliq, Gjorgje Daboviq, Sead Osmanoviq, Borislav Bashoviq, Xhemal Vukoviq, Hysen Katana, Loro Nrekiq, Nikoleta Nrekiq, Rexhep Taganoviq, Mark Shkrela dhe Luigj Shkrela.<\/p>\n\n\t\t<style type=\"text\/css\">\n\t\t\t#gallery-1 {\n\t\t\t\tmargin: auto;\n\t\t\t}\n\t\t\t#gallery-1 .gallery-item {\n\t\t\t\tfloat: left;\n\t\t\t\tmargin-top: 10px;\n\t\t\t\ttext-align: center;\n\t\t\t\twidth: 33%;\n\t\t\t}\n\t\t\t#gallery-1 img {\n\t\t\t\tborder: 2px solid #cfcfcf;\n\t\t\t}\n\t\t\t#gallery-1 .gallery-caption {\n\t\t\t\tmargin-left: 0;\n\t\t\t}\n\t\t\t\/* see gallery_shortcode() in wp-includes\/media.php *\/\n\t\t<\/style>\n\t\t<div id='gallery-1' class='gallery galleryid-52639 gallery-columns-3 gallery-size-thumbnail'><dl class='gallery-item'>\n\t\t\t<dt class='gallery-icon landscape'>\n\t\t\t\t<a href='https:\/\/www.visit-ulcinj.com\/blog\/wp-content\/uploads\/2011\/11\/Zgjedh\u00ebt-k\u00ebshilli-komunal-i-PDS-Ulqin.jpg'><img width=\"150\" height=\"150\" src=\"https:\/\/www.visit-ulcinj.com\/blog\/wp-content\/uploads\/2011\/11\/Zgjedh\u00ebt-k\u00ebshilli-komunal-i-PDS-Ulqin-150x150.jpg\" class=\"attachment-thumbnail size-thumbnail\" alt=\"\" loading=\"lazy\" \/><\/a>\n\t\t\t<\/dt><\/dl><dl class='gallery-item'>\n\t\t\t<dt class='gallery-icon landscape'>\n\t\t\t\t<a href='https:\/\/www.visit-ulcinj.com\/blog\/wp-content\/uploads\/2011\/11\/Zgjedh\u00ebt-k\u00ebshilli-komunal-i-PDS-Ulqin.1.jpg'><img width=\"150\" height=\"150\" src=\"https:\/\/www.visit-ulcinj.com\/blog\/wp-content\/uploads\/2011\/11\/Zgjedh\u00ebt-k\u00ebshilli-komunal-i-PDS-Ulqin.1-150x150.jpg\" class=\"attachment-thumbnail size-thumbnail\" alt=\"\" loading=\"lazy\" \/><\/a>\n\t\t\t<\/dt><\/dl><dl class='gallery-item'>\n\t\t\t<dt class='gallery-icon landscape'>\n\t\t\t\t<a href='https:\/\/www.visit-ulcinj.com\/blog\/wp-content\/uploads\/2011\/11\/Zgjedh\u00ebt-k\u00ebshilli-komunal-i-PDS-Ulqin.2.jpg'><img width=\"150\" height=\"150\" src=\"https:\/\/www.visit-ulcinj.com\/blog\/wp-content\/uploads\/2011\/11\/Zgjedh\u00ebt-k\u00ebshilli-komunal-i-PDS-Ulqin.2-150x150.jpg\" class=\"attachment-thumbnail size-thumbnail\" alt=\"\" loading=\"lazy\" \/><\/a>\n\t\t\t<\/dt><\/dl><br style=\"clear: both\" \/><dl class='gallery-item'>\n\t\t\t<dt class='gallery-icon landscape'>\n\t\t\t\t<a href='https:\/\/www.visit-ulcinj.com\/blog\/wp-content\/uploads\/2011\/11\/Zgjedh\u00ebt-k\u00ebshilli-komunal-i-PDS-Ulqin.3.jpg'><img width=\"150\" height=\"150\" src=\"https:\/\/www.visit-ulcinj.com\/blog\/wp-content\/uploads\/2011\/11\/Zgjedh\u00ebt-k\u00ebshilli-komunal-i-PDS-Ulqin.3-150x150.jpg\" class=\"attachment-thumbnail size-thumbnail\" alt=\"\" loading=\"lazy\" \/><\/a>\n\t\t\t<\/dt><\/dl><dl class='gallery-item'>\n\t\t\t<dt class='gallery-icon landscape'>\n\t\t\t\t<a href='https:\/\/www.visit-ulcinj.com\/blog\/wp-content\/uploads\/2011\/11\/Zgjedh\u00ebt-k\u00ebshilli-komunal-i-PDS-Ulqin.4.jpg'><img width=\"150\" height=\"150\" src=\"https:\/\/www.visit-ulcinj.com\/blog\/wp-content\/uploads\/2011\/11\/Zgjedh\u00ebt-k\u00ebshilli-komunal-i-PDS-Ulqin.4-150x150.jpg\" class=\"attachment-thumbnail size-thumbnail\" alt=\"\" loading=\"lazy\" \/><\/a>\n\t\t\t<\/dt><\/dl><dl class='gallery-item'>\n\t\t\t<dt class='gallery-icon landscape'>\n\t\t\t\t<a href='https:\/\/www.visit-ulcinj.com\/blog\/wp-content\/uploads\/2011\/11\/Zgjedh\u00ebt-k\u00ebshilli-komunal-i-PDS-Ulqin.5.jpg'><img width=\"150\" height=\"150\" src=\"https:\/\/www.visit-ulcinj.com\/blog\/wp-content\/uploads\/2011\/11\/Zgjedh\u00ebt-k\u00ebshilli-komunal-i-PDS-Ulqin.5-150x150.jpg\" class=\"attachment-thumbnail size-thumbnail\" alt=\"\" loading=\"lazy\" \/><\/a>\n\t\t\t<\/dt><\/dl><br style=\"clear: both\" \/><dl class='gallery-item'>\n\t\t\t<dt class='gallery-icon landscape'>\n\t\t\t\t<a href='https:\/\/www.visit-ulcinj.com\/blog\/wp-content\/uploads\/2011\/11\/Zgjedh\u00ebt-k\u00ebshilli-komunal-i-PDS-Ulqin.6.jpg'><img width=\"150\" height=\"150\" src=\"https:\/\/www.visit-ulcinj.com\/blog\/wp-content\/uploads\/2011\/11\/Zgjedh\u00ebt-k\u00ebshilli-komunal-i-PDS-Ulqin.6-150x150.jpg\" class=\"attachment-thumbnail size-thumbnail\" alt=\"\" loading=\"lazy\" \/><\/a>\n\t\t\t<\/dt><\/dl><dl class='gallery-item'>\n\t\t\t<dt class='gallery-icon landscape'>\n\t\t\t\t<a href='https:\/\/www.visit-ulcinj.com\/blog\/wp-content\/uploads\/2011\/11\/Zgjedh\u00ebt-k\u00ebshilli-komunal-i-PDS-Ulqin.7.jpg'><img width=\"150\" height=\"150\" src=\"https:\/\/www.visit-ulcinj.com\/blog\/wp-content\/uploads\/2011\/11\/Zgjedh\u00ebt-k\u00ebshilli-komunal-i-PDS-Ulqin.7-150x150.jpg\" class=\"attachment-thumbnail size-thumbnail\" alt=\"\" loading=\"lazy\" \/><\/a>\n\t\t\t<\/dt><\/dl><dl class='gallery-item'>\n\t\t\t<dt class='gallery-icon landscape'>\n\t\t\t\t<a href='https:\/\/www.visit-ulcinj.com\/blog\/wp-content\/uploads\/2011\/11\/Zgjedh\u00ebt-k\u00ebshilli-komunal-i-PDS-Ulqin.8.jpg'><img width=\"150\" height=\"150\" src=\"https:\/\/www.visit-ulcinj.com\/blog\/wp-content\/uploads\/2011\/11\/Zgjedh\u00ebt-k\u00ebshilli-komunal-i-PDS-Ulqin.8-150x150.jpg\" class=\"attachment-thumbnail size-thumbnail\" alt=\"\" loading=\"lazy\" \/><\/a>\n\t\t\t<\/dt><\/dl><br style=\"clear: both\" \/><dl class='gallery-item'>\n\t\t\t<dt class='gallery-icon landscape'>\n\t\t\t\t<a href='https:\/\/www.visit-ulcinj.com\/blog\/wp-content\/uploads\/2011\/11\/Zgjedh\u00ebt-k\u00ebshilli-komunal-i-PDS-Ulqin.9.jpg'><img width=\"150\" height=\"150\" src=\"https:\/\/www.visit-ulcinj.com\/blog\/wp-content\/uploads\/2011\/11\/Zgjedh\u00ebt-k\u00ebshilli-komunal-i-PDS-Ulqin.9-150x150.jpg\" class=\"attachment-thumbnail size-thumbnail\" alt=\"\" loading=\"lazy\" \/><\/a>\n\t\t\t<\/dt><\/dl><dl class='gallery-item'>\n\t\t\t<dt class='gallery-icon landscape'>\n\t\t\t\t<a href='https:\/\/www.visit-ulcinj.com\/blog\/wp-content\/uploads\/2011\/11\/Zgjedh\u00ebt-k\u00ebshilli-komunal-i-PDS-Ulqin.10.jpg'><img width=\"150\" height=\"150\" src=\"https:\/\/www.visit-ulcinj.com\/blog\/wp-content\/uploads\/2011\/11\/Zgjedh\u00ebt-k\u00ebshilli-komunal-i-PDS-Ulqin.10-150x150.jpg\" class=\"attachment-thumbnail size-thumbnail\" alt=\"\" loading=\"lazy\" \/><\/a>\n\t\t\t<\/dt><\/dl><dl class='gallery-item'>\n\t\t\t<dt class='gallery-icon landscape'>\n\t\t\t\t<a href='https:\/\/www.visit-ulcinj.com\/blog\/wp-content\/uploads\/2011\/11\/Zgjedh\u00ebt-k\u00ebshilli-komunal-i-PDS-Ulqin.11.jpg'><img width=\"150\" height=\"150\" src=\"https:\/\/www.visit-ulcinj.com\/blog\/wp-content\/uploads\/2011\/11\/Zgjedh\u00ebt-k\u00ebshilli-komunal-i-PDS-Ulqin.11-150x150.jpg\" class=\"attachment-thumbnail size-thumbnail\" alt=\"\" loading=\"lazy\" \/><\/a>\n\t\t\t<\/dt><\/dl><br style=\"clear: both\" \/><dl class='gallery-item'>\n\t\t\t<dt class='gallery-icon landscape'>\n\t\t\t\t<a href='https:\/\/www.visit-ulcinj.com\/blog\/wp-content\/uploads\/2011\/11\/Zgjedh\u00ebt-k\u00ebshilli-komunal-i-PDS-Ulqin.12.jpg'><img width=\"150\" height=\"150\" src=\"https:\/\/www.visit-ulcinj.com\/blog\/wp-content\/uploads\/2011\/11\/Zgjedh\u00ebt-k\u00ebshilli-komunal-i-PDS-Ulqin.12-150x150.jpg\" class=\"attachment-thumbnail size-thumbnail\" alt=\"\" loading=\"lazy\" \/><\/a>\n\t\t\t<\/dt><\/dl><dl class='gallery-item'>\n\t\t\t<dt class='gallery-icon landscape'>\n\t\t\t\t<a href='https:\/\/www.visit-ulcinj.com\/blog\/wp-content\/uploads\/2011\/11\/Zgjedh\u00ebt-k\u00ebshilli-komunal-i-PDS-Ulqin.13.jpg'><img width=\"150\" height=\"150\" src=\"https:\/\/www.visit-ulcinj.com\/blog\/wp-content\/uploads\/2011\/11\/Zgjedh\u00ebt-k\u00ebshilli-komunal-i-PDS-Ulqin.13-150x150.jpg\" class=\"attachment-thumbnail size-thumbnail\" alt=\"\" loading=\"lazy\" \/><\/a>\n\t\t\t<\/dt><\/dl><dl class='gallery-item'>\n\t\t\t<dt class='gallery-icon landscape'>\n\t\t\t\t<a href='https:\/\/www.visit-ulcinj.com\/blog\/wp-content\/uploads\/2011\/11\/Zgjedh\u00ebt-k\u00ebshilli-komunal-i-PDS-Ulqin.14.jpg'><img width=\"150\" height=\"150\" src=\"https:\/\/www.visit-ulcinj.com\/blog\/wp-content\/uploads\/2011\/11\/Zgjedh\u00ebt-k\u00ebshilli-komunal-i-PDS-Ulqin.14-150x150.jpg\" class=\"attachment-thumbnail size-thumbnail\" alt=\"\" loading=\"lazy\" \/><\/a>\n\t\t\t<\/dt><\/dl><br style=\"clear: both\" \/><dl class='gallery-item'>\n\t\t\t<dt class='gallery-icon landscape'>\n\t\t\t\t<a href='https:\/\/www.visit-ulcinj.com\/blog\/wp-content\/uploads\/2011\/11\/Zgjedh\u00ebt-k\u00ebshilli-komunal-i-PDS-Ulqin.15.jpg'><img width=\"150\" height=\"150\" src=\"https:\/\/www.visit-ulcinj.com\/blog\/wp-content\/uploads\/2011\/11\/Zgjedh\u00ebt-k\u00ebshilli-komunal-i-PDS-Ulqin.15-150x150.jpg\" class=\"attachment-thumbnail size-thumbnail\" alt=\"\" loading=\"lazy\" \/><\/a>\n\t\t\t<\/dt><\/dl><dl class='gallery-item'>\n\t\t\t<dt class='gallery-icon landscape'>\n\t\t\t\t<a href='https:\/\/www.visit-ulcinj.com\/blog\/wp-content\/uploads\/2011\/11\/Zgjedh\u00ebt-k\u00ebshilli-komunal-i-PDS-Ulqin.16.jpg'><img width=\"150\" height=\"150\" src=\"https:\/\/www.visit-ulcinj.com\/blog\/wp-content\/uploads\/2011\/11\/Zgjedh\u00ebt-k\u00ebshilli-komunal-i-PDS-Ulqin.16-150x150.jpg\" class=\"attachment-thumbnail size-thumbnail\" alt=\"\" loading=\"lazy\" \/><\/a>\n\t\t\t<\/dt><\/dl><dl class='gallery-item'>\n\t\t\t<dt class='gallery-icon landscape'>\n\t\t\t\t<a href='https:\/\/www.visit-ulcinj.com\/blog\/wp-content\/uploads\/2011\/11\/Zgjedh\u00ebt-k\u00ebshilli-komunal-i-PDS-Ulqin.17.jpg'><img width=\"150\" height=\"150\" src=\"https:\/\/www.visit-ulcinj.com\/blog\/wp-content\/uploads\/2011\/11\/Zgjedh\u00ebt-k\u00ebshilli-komunal-i-PDS-Ulqin.17-150x150.jpg\" class=\"attachment-thumbnail size-thumbnail\" alt=\"\" loading=\"lazy\" \/><\/a>\n\t\t\t<\/dt><\/dl><br style=\"clear: both\" \/>\n\t\t<\/div>\n\n","protected":false},"excerpt":{"rendered":"<p>Luigj Shkreli, deputet i PDS n\u00eb parlamentin e Malit t\u00eb Zi, n\u00eb Konferenc\u00ebn e gjasht\u00eb zgjedhore komunale, t\u00eb mbajtur mbr\u00ebm\u00eb n\u00eb Ulqin, i tha kryetarit dhe deputetit t\u00eb Partis\u00eb Demokratike t\u00eb Socialist\u00ebve \/PDS\/ Milo Gjukanoviqit se \u201cpublikisht i themi qytetar\u00ebve t\u00eb Ulqinit se pa PDS nuk ka zhvillim as p\u00ebrparim t\u00eb qytetit as t\u00eb Komun\u00ebs [&hellip;]<\/p>\n","protected":false},"author":1,"featured_media":0,"comment_status":"closed","ping_status":"closed","sticky":false,"template":"","format":"standard","meta":{"spay_email":"","jetpack_publicize_message":"","jetpack_is_tweetstorm":false,"jetpack_publicize_feature_enabled":true},"categories":[1,6950,6],"tags":[19281,19302,19300,19296,15824,19276,19299,15829,15825,15830,19275,15820,19282,15813,19272,19273,19301,15827,19298,2042,19271,9555,19303,19278,19286,19312,17864,19304,19306,19308,15826,19313,19285,19294,13573,19277,19270,19314,19289,2527,13509,19293,15823,19280,19283,5805,19284,15822,15818,19291,19269,19311,15819,15831,15811,15835,19287,19307,19231,19279,19290,19288,19292,200,18,2782,19295,19297,19309,15815,15821,19310,19305,19274],"jetpack_publicize_connections":[],"yoast_head":"<!-- This site is optimized with the Yoast SEO plugin v19.1 - https:\/\/yoast.com\/wordpress\/plugins\/seo\/ -->\n<title>Zgjedh\u00ebt k\u00ebshilli komunal i PDS-s\u00eb Ulqin - Lajme nga Ulqini<\/title>\n<meta name=\"description\" content=\"Luigj Shkreli, deputet i PDS n\u00eb parlamentin e Malit t\u00eb Zi, n\u00eb Konferenc\u00ebn e gjasht\u00eb zgjedhore komunale, t\u00eb mbajtur mbr\u00ebm\u00eb n\u00eb Ulqin, i tha kryetarit dhe\" \/>\n<meta name=\"robots\" content=\"index, follow, max-snippet:-1, max-image-preview:large, max-video-preview:-1\" \/>\n<link rel=\"canonical\" href=\"https:\/\/www.visit-ulcinj.com\/blog\/2011\/11\/02\/zgjedhet-keshilli-komunal-i-pds-se-ulqin\/\" \/>\n<meta property=\"og:locale\" content=\"en_US\" \/>\n<meta property=\"og:type\" content=\"article\" \/>\n<meta property=\"og:title\" content=\"Zgjedh\u00ebt k\u00ebshilli komunal i PDS-s\u00eb Ulqin - Lajme nga Ulqini\" \/>\n<meta property=\"og:description\" content=\"Luigj Shkreli, deputet i PDS n\u00eb parlamentin e Malit t\u00eb Zi, n\u00eb Konferenc\u00ebn e gjasht\u00eb zgjedhore komunale, t\u00eb mbajtur mbr\u00ebm\u00eb n\u00eb Ulqin, i tha kryetarit dhe\" \/>\n<meta property=\"og:url\" content=\"https:\/\/www.visit-ulcinj.com\/blog\/2011\/11\/02\/zgjedhet-keshilli-komunal-i-pds-se-ulqin\/\" \/>\n<meta property=\"og:site_name\" content=\"Lajme nga Ulqini\" \/>\n<meta property=\"article:published_time\" content=\"2011-11-02T08:05:15+00:00\" \/>\n<meta property=\"article:modified_time\" content=\"2011-11-05T13:15:17+00:00\" \/>\n<meta property=\"og:image\" content=\"https:\/\/www.visit-ulcinj.com\/blog\/wp-content\/uploads\/2011\/11\/Zgjedh\u00ebt-k\u00ebshilli-komunal-i-PDS-Ulqin-150x150.jpg\" \/>\n<meta name=\"twitter:label1\" content=\"Written by\" \/>\n\t<meta name=\"twitter:data1\" content=\"ulqini\" \/>\n\t<meta name=\"twitter:label2\" content=\"Est. reading time\" \/>\n\t<meta name=\"twitter:data2\" content=\"1 minute\" \/>\n<script type=\"application\/ld+json\" class=\"yoast-schema-graph\">{\"@context\":\"https:\/\/schema.org\",\"@graph\":[{\"@type\":\"WebSite\",\"@id\":\"https:\/\/www.visit-ulcinj.com\/blog\/#website\",\"url\":\"https:\/\/www.visit-ulcinj.com\/blog\/\",\"name\":\"Lajme nga Ulqini\",\"description\":\"Lajme,Vijesti,Ulqini,Ulqin,Crna Gora,Mali i Zi\",\"potentialAction\":[{\"@type\":\"SearchAction\",\"target\":{\"@type\":\"EntryPoint\",\"urlTemplate\":\"https:\/\/www.visit-ulcinj.com\/blog\/?s={search_term_string}\"},\"query-input\":\"required name=search_term_string\"}],\"inLanguage\":\"en-US\"},{\"@type\":\"ImageObject\",\"inLanguage\":\"en-US\",\"@id\":\"https:\/\/www.visit-ulcinj.com\/blog\/2011\/11\/02\/zgjedhet-keshilli-komunal-i-pds-se-ulqin\/#primaryimage\",\"url\":\"http:\/\/www.visit-ulcinj.com\/blog\/wp-content\/uploads\/2011\/11\/Zgjedh%C3%ABt-k%C3%ABshilli-komunal-i-PDS-Ulqin.jpg\",\"contentUrl\":\"http:\/\/www.visit-ulcinj.com\/blog\/wp-content\/uploads\/2011\/11\/Zgjedh%C3%ABt-k%C3%ABshilli-komunal-i-PDS-Ulqin.jpg\"},{\"@type\":\"WebPage\",\"@id\":\"https:\/\/www.visit-ulcinj.com\/blog\/2011\/11\/02\/zgjedhet-keshilli-komunal-i-pds-se-ulqin\/#webpage\",\"url\":\"https:\/\/www.visit-ulcinj.com\/blog\/2011\/11\/02\/zgjedhet-keshilli-komunal-i-pds-se-ulqin\/\",\"name\":\"Zgjedh\u00ebt k\u00ebshilli komunal i PDS-s\u00eb Ulqin - Lajme nga Ulqini\",\"isPartOf\":{\"@id\":\"https:\/\/www.visit-ulcinj.com\/blog\/#website\"},\"primaryImageOfPage\":{\"@id\":\"https:\/\/www.visit-ulcinj.com\/blog\/2011\/11\/02\/zgjedhet-keshilli-komunal-i-pds-se-ulqin\/#primaryimage\"},\"datePublished\":\"2011-11-02T08:05:15+00:00\",\"dateModified\":\"2011-11-05T13:15:17+00:00\",\"author\":{\"@id\":\"https:\/\/www.visit-ulcinj.com\/blog\/#\/schema\/person\/dcab619c614d3038751c63bc2aadc06d\"},\"description\":\"Luigj Shkreli, deputet i PDS n\u00eb parlamentin e Malit t\u00eb Zi, n\u00eb Konferenc\u00ebn e gjasht\u00eb zgjedhore komunale, t\u00eb mbajtur mbr\u00ebm\u00eb n\u00eb Ulqin, i tha kryetarit dhe\",\"breadcrumb\":{\"@id\":\"https:\/\/www.visit-ulcinj.com\/blog\/2011\/11\/02\/zgjedhet-keshilli-komunal-i-pds-se-ulqin\/#breadcrumb\"},\"inLanguage\":\"en-US\",\"potentialAction\":[{\"@type\":\"ReadAction\",\"target\":[\"https:\/\/www.visit-ulcinj.com\/blog\/2011\/11\/02\/zgjedhet-keshilli-komunal-i-pds-se-ulqin\/\"]}]},{\"@type\":\"BreadcrumbList\",\"@id\":\"https:\/\/www.visit-ulcinj.com\/blog\/2011\/11\/02\/zgjedhet-keshilli-komunal-i-pds-se-ulqin\/#breadcrumb\",\"itemListElement\":[{\"@type\":\"ListItem\",\"position\":1,\"name\":\"Zgjedh\u00ebt k\u00ebshilli komunal i PDS-s\u00eb Ulqin\"}]},{\"@type\":\"Person\",\"@id\":\"https:\/\/www.visit-ulcinj.com\/blog\/#\/schema\/person\/dcab619c614d3038751c63bc2aadc06d\",\"name\":\"ulqini\",\"sameAs\":[\"http:\/\/www.visit-ulcinj.com\"],\"url\":\"https:\/\/www.visit-ulcinj.com\/blog\/author\/admin\/\"}]}<\/script>\n<!-- \/ Yoast SEO plugin. -->","yoast_head_json":{"title":"Zgjedh\u00ebt k\u00ebshilli komunal i PDS-s\u00eb Ulqin - Lajme nga Ulqini","description":"Luigj Shkreli, deputet i PDS n\u00eb parlamentin e Malit t\u00eb Zi, n\u00eb Konferenc\u00ebn e gjasht\u00eb zgjedhore komunale, t\u00eb mbajtur mbr\u00ebm\u00eb n\u00eb Ulqin, i tha kryetarit dhe","robots":{"index":"index","follow":"follow","max-snippet":"max-snippet:-1","max-image-preview":"max-image-preview:large","max-video-preview":"max-video-preview:-1"},"canonical":"https:\/\/www.visit-ulcinj.com\/blog\/2011\/11\/02\/zgjedhet-keshilli-komunal-i-pds-se-ulqin\/","og_locale":"en_US","og_type":"article","og_title":"Zgjedh\u00ebt k\u00ebshilli komunal i PDS-s\u00eb Ulqin - Lajme nga Ulqini","og_description":"Luigj Shkreli, deputet i PDS n\u00eb parlamentin e Malit t\u00eb Zi, n\u00eb Konferenc\u00ebn e gjasht\u00eb zgjedhore komunale, t\u00eb mbajtur mbr\u00ebm\u00eb n\u00eb Ulqin, i tha kryetarit dhe","og_url":"https:\/\/www.visit-ulcinj.com\/blog\/2011\/11\/02\/zgjedhet-keshilli-komunal-i-pds-se-ulqin\/","og_site_name":"Lajme nga Ulqini","article_published_time":"2011-11-02T08:05:15+00:00","article_modified_time":"2011-11-05T13:15:17+00:00","og_image":[{"url":"https:\/\/www.visit-ulcinj.com\/blog\/wp-content\/uploads\/2011\/11\/Zgjedh\u00ebt-k\u00ebshilli-komunal-i-PDS-Ulqin-150x150.jpg"}],"twitter_misc":{"Written by":"ulqini","Est. reading time":"1 minute"},"schema":{"@context":"https:\/\/schema.org","@graph":[{"@type":"WebSite","@id":"https:\/\/www.visit-ulcinj.com\/blog\/#website","url":"https:\/\/www.visit-ulcinj.com\/blog\/","name":"Lajme nga Ulqini","description":"Lajme,Vijesti,Ulqini,Ulqin,Crna Gora,Mali i Zi","potentialAction":[{"@type":"SearchAction","target":{"@type":"EntryPoint","urlTemplate":"https:\/\/www.visit-ulcinj.com\/blog\/?s={search_term_string}"},"query-input":"required name=search_term_string"}],"inLanguage":"en-US"},{"@type":"ImageObject","inLanguage":"en-US","@id":"https:\/\/www.visit-ulcinj.com\/blog\/2011\/11\/02\/zgjedhet-keshilli-komunal-i-pds-se-ulqin\/#primaryimage","url":"http:\/\/www.visit-ulcinj.com\/blog\/wp-content\/uploads\/2011\/11\/Zgjedh%C3%ABt-k%C3%ABshilli-komunal-i-PDS-Ulqin.jpg","contentUrl":"http:\/\/www.visit-ulcinj.com\/blog\/wp-content\/uploads\/2011\/11\/Zgjedh%C3%ABt-k%C3%ABshilli-komunal-i-PDS-Ulqin.jpg"},{"@type":"WebPage","@id":"https:\/\/www.visit-ulcinj.com\/blog\/2011\/11\/02\/zgjedhet-keshilli-komunal-i-pds-se-ulqin\/#webpage","url":"https:\/\/www.visit-ulcinj.com\/blog\/2011\/11\/02\/zgjedhet-keshilli-komunal-i-pds-se-ulqin\/","name":"Zgjedh\u00ebt k\u00ebshilli komunal i PDS-s\u00eb Ulqin - Lajme nga Ulqini","isPartOf":{"@id":"https:\/\/www.visit-ulcinj.com\/blog\/#website"},"primaryImageOfPage":{"@id":"https:\/\/www.visit-ulcinj.com\/blog\/2011\/11\/02\/zgjedhet-keshilli-komunal-i-pds-se-ulqin\/#primaryimage"},"datePublished":"2011-11-02T08:05:15+00:00","dateModified":"2011-11-05T13:15:17+00:00","author":{"@id":"https:\/\/www.visit-ulcinj.com\/blog\/#\/schema\/person\/dcab619c614d3038751c63bc2aadc06d"},"description":"Luigj Shkreli, deputet i PDS n\u00eb parlamentin e Malit t\u00eb Zi, n\u00eb Konferenc\u00ebn e gjasht\u00eb zgjedhore komunale, t\u00eb mbajtur mbr\u00ebm\u00eb n\u00eb Ulqin, i tha kryetarit dhe","breadcrumb":{"@id":"https:\/\/www.visit-ulcinj.com\/blog\/2011\/11\/02\/zgjedhet-keshilli-komunal-i-pds-se-ulqin\/#breadcrumb"},"inLanguage":"en-US","potentialAction":[{"@type":"ReadAction","target":["https:\/\/www.visit-ulcinj.com\/blog\/2011\/11\/02\/zgjedhet-keshilli-komunal-i-pds-se-ulqin\/"]}]},{"@type":"BreadcrumbList","@id":"https:\/\/www.visit-ulcinj.com\/blog\/2011\/11\/02\/zgjedhet-keshilli-komunal-i-pds-se-ulqin\/#breadcrumb","itemListElement":[{"@type":"ListItem","position":1,"name":"Zgjedh\u00ebt k\u00ebshilli komunal i PDS-s\u00eb Ulqin"}]},{"@type":"Person","@id":"https:\/\/www.visit-ulcinj.com\/blog\/#\/schema\/person\/dcab619c614d3038751c63bc2aadc06d","name":"ulqini","sameAs":["http:\/\/www.visit-ulcinj.com"],"url":"https:\/\/www.visit-ulcinj.com\/blog\/author\/admin\/"}]}},"jetpack_featured_media_url":"","jetpack_sharing_enabled":true,"jetpack_shortlink":"https:\/\/wp.me\/pe6lTn-dH1","_links":{"self":[{"href":"https:\/\/www.visit-ulcinj.com\/blog\/wp-json\/wp\/v2\/posts\/52639"}],"collection":[{"href":"https:\/\/www.visit-ulcinj.com\/blog\/wp-json\/wp\/v2\/posts"}],"about":[{"href":"https:\/\/www.visit-ulcinj.com\/blog\/wp-json\/wp\/v2\/types\/post"}],"author":[{"embeddable":true,"href":"https:\/\/www.visit-ulcinj.com\/blog\/wp-json\/wp\/v2\/users\/1"}],"replies":[{"embeddable":true,"href":"https:\/\/www.visit-ulcinj.com\/blog\/wp-json\/wp\/v2\/comments?post=52639"}],"version-history":[{"count":6,"href":"https:\/\/www.visit-ulcinj.com\/blog\/wp-json\/wp\/v2\/posts\/52639\/revisions"}],"predecessor-version":[{"id":52845,"href":"https:\/\/www.visit-ulcinj.com\/blog\/wp-json\/wp\/v2\/posts\/52639\/revisions\/52845"}],"wp:attachment":[{"href":"https:\/\/www.visit-ulcinj.com\/blog\/wp-json\/wp\/v2\/media?parent=52639"}],"wp:term":[{"taxonomy":"category","embeddable":true,"href":"https:\/\/www.visit-ulcinj.com\/blog\/wp-json\/wp\/v2\/categories?post=52639"},{"taxonomy":"post_tag","embeddable":true,"href":"https:\/\/www.visit-ulcinj.com\/blog\/wp-json\/wp\/v2\/tags?post=52639"}],"curies":[{"name":"wp","href":"https:\/\/api.w.org\/{rel}","templated":true}]}}