{"id":52662,"date":"2011-11-02T09:12:14","date_gmt":"2011-11-02T08:12:14","guid":{"rendered":"http:\/\/www.visit-ulcinj.com\/blog\/?p=52662"},"modified":"2011-11-02T09:13:00","modified_gmt":"2011-11-02T08:13:00","slug":"izabran-opstinski-odbor-dps-ulcinj","status":"publish","type":"post","link":"https:\/\/www.visit-ulcinj.com\/blog\/2011\/11\/02\/izabran-opstinski-odbor-dps-ulcinj\/","title":{"rendered":"Izabran Op\u0161tinski odbor DPS Ulcinj"},"content":{"rendered":"<p><a href=\"http:\/\/www.visit-ulcinj.com\/blog\/wp-content\/uploads\/2011\/11\/Izabran-Opstinski-odbor-DPS-Ulcinj.jpg\"><img loading=\"lazy\" class=\"alignleft size-full wp-image-52663\" title=\"Izabran Opstinski odbor DPS Ulcinj\" src=\"http:\/\/www.visit-ulcinj.com\/blog\/wp-content\/uploads\/2011\/11\/Izabran-Opstinski-odbor-DPS-Ulcinj.jpg\" alt=\"\" width=\"508\" height=\"380\" \/><\/a>ULCINJ &#8211; Na sino\u0107njoj izbornoj konferenciji izabran je novi saziv Op\u0161tinskog odbora Demokratske partije socijalista u Ulcinju. U ovom partijskom tijelu od ju\u010de je 71 \u010dlan, od \u010dega je njih osam u odboru po funkciji.<\/p>\n<p><strong>\u010clanovi OO DPS Ulcinj su:<\/strong><\/p>\n<p>Birsana Ba\u0161i\u0107, Sabro Buzukovi\u0107, Basrija Dervi\u0161i, Fadilj Dodi\u0107, \u0110eka Elezovi\u0107, Andrija Jankovi\u0107, Jako Ko\u010dovi\u0107, Skender Kolari, Slavka Kova\u010devi\u0107, Sutki Malohod\u017ei\u0107, Viktor Rudovi\u0107, Hamdi Saeferovi\u0107, Hamdija Had\u017eiad\u017eemi, Murat Mani\u0107, Hod\u017ea Miralem, Halit Isljamovi\u0107, Mirsad \u0160abovi\u0107, Alija \u010capri\u0107, Nikola Elezovi\u0107, Zefa Hota, Haris Ramusovi\u0107, Nikola Ba\u010dlija, Driton Lunji\u0107, Slavica Rudovi\u0107, Predrag Klikovac, Isuf Osmanovi\u0107, Luka \u0110. Marnikovi\u0107, Pavle Vu\u010deti\u0107, Zefa Dabovi\u0107, Sima Stanovi\u0107, \u0110er\u0111 Noc Martini, Vaso \u0110akonovi\u0107, Imer Zenelovi\u0107, Luka Marnikovi\u0107, Petar Junkovi\u0107, Ana Nreki\u0107 \u017divkovi\u0107, Dilja \u0160krelja, Eleonora Rudovi\u0107, Bo\u017eidar Nik\u010devi\u0107, Deda \u0160krelja, Toma Nikolaj, Robert Sel\u010danin, Ljubo Lui\u0111i Luki\u0107, Nikola Rudovi\u0107, Martina Zadrima, Donika \u0160krelja,<\/p>\n<p>Nikola Hota, Mara\u0161 Rudovi\u0107, Kanton Elezovi\u0107, \u0110er\u0111a \u0110eljo\u0161evi\u0107, Kujtim Ismajilaga, Luan Vuka, Sadik \u010coti\u0107, Fran Antoni, Veprim Nimanbegu, Zaime \u010capri\u0107, Alim Jahaj, Deniza Hod\u017ei\u0107, \u017deljko Mihailovi\u0107, Bi\u0161a \u0160keljzen, Mehdi Molabe\u0107irovi\u0107, Nikola Dabovi\u0107, Izet Alovi\u0107, Dijela Dedi\u0107, Biljaj Ljamovi\u0107, Veselin Vuk\u010devi\u0107, Mahmut Metanovi\u0107, \u0110ona Duka\u0111in, Ranko Kne\u017eevi\u0107, Nikola Duka\u0111in, Ibrahim Lolovi\u0107.<\/p>\n<p><a href=\"http:\/\/www.pobjeda.co.me\/citanje.php?datum=2011-11-01&amp;id=222477\" target=\"_blank\"><strong>Pobjeda<\/strong><\/a><\/p>\n","protected":false},"excerpt":{"rendered":"<p>ULCINJ &#8211; Na sino\u0107njoj izbornoj konferenciji izabran je novi saziv Op\u0161tinskog odbora Demokratske partije socijalista u Ulcinju. U ovom partijskom tijelu od ju\u010de je 71 \u010dlan, od \u010dega je njih osam u odboru po funkciji. \u010clanovi OO DPS Ulcinj su: Birsana Ba\u0161i\u0107, Sabro Buzukovi\u0107, Basrija Dervi\u0161i, Fadilj Dodi\u0107, \u0110eka Elezovi\u0107, Andrija Jankovi\u0107, Jako Ko\u010dovi\u0107, Skender [&hellip;]<\/p>\n","protected":false},"author":1,"featured_media":0,"comment_status":"open","ping_status":"closed","sticky":false,"template":"","format":"standard","meta":{"spay_email":"","jetpack_publicize_message":"","jetpack_is_tweetstorm":false,"jetpack_publicize_feature_enabled":true},"categories":[8337],"tags":[19318,166,19361,19379,19331,19368,19347,19319,19316,19376,19315,19371,19350,19351,19369,19375,19348,19357,9221,19349,19317,19365,19329,19325,19326,19334,19328,19382,19344,19338,19374,19320,19360,19362,19354,19363,19339,19345,19378,19359,19356,19372,19330,19327,19335,19373,19381,19332,19358,19355,19383,19340,19346,19337,19380,19353,4661,19364,19342,19321,19336,19322,19323,19352,19,19343,19366,19377,19324,19367,19341,19333,19370],"jetpack_publicize_connections":[],"yoast_head":"<!-- This site is optimized with the Yoast SEO plugin v19.1 - https:\/\/yoast.com\/wordpress\/plugins\/seo\/ -->\n<title>Izabran Op\u0161tinski odbor DPS Ulcinj - Lajme nga Ulqini<\/title>\n<meta name=\"description\" content=\"ULCINJ - Na sino\u0107njoj izbornoj konferenciji izabran je novi saziv Op\u0161tinskog odbora Demokratske partije socijalista u Ulcinju. U ovom partijskom tijelu od\" \/>\n<meta name=\"robots\" content=\"index, follow, max-snippet:-1, max-image-preview:large, max-video-preview:-1\" \/>\n<link rel=\"canonical\" href=\"https:\/\/www.visit-ulcinj.com\/blog\/2011\/11\/02\/izabran-opstinski-odbor-dps-ulcinj\/\" \/>\n<meta property=\"og:locale\" content=\"en_US\" \/>\n<meta property=\"og:type\" content=\"article\" \/>\n<meta property=\"og:title\" content=\"Izabran Op\u0161tinski odbor DPS Ulcinj - Lajme nga Ulqini\" \/>\n<meta property=\"og:description\" content=\"ULCINJ - Na sino\u0107njoj izbornoj konferenciji izabran je novi saziv Op\u0161tinskog odbora Demokratske partije socijalista u Ulcinju. U ovom partijskom tijelu od\" \/>\n<meta property=\"og:url\" content=\"https:\/\/www.visit-ulcinj.com\/blog\/2011\/11\/02\/izabran-opstinski-odbor-dps-ulcinj\/\" \/>\n<meta property=\"og:site_name\" content=\"Lajme nga Ulqini\" \/>\n<meta property=\"article:published_time\" content=\"2011-11-02T08:12:14+00:00\" \/>\n<meta property=\"article:modified_time\" content=\"2011-11-02T08:13:00+00:00\" \/>\n<meta property=\"og:image\" content=\"http:\/\/www.visit-ulcinj.com\/blog\/wp-content\/uploads\/2011\/11\/Izabran-Opstinski-odbor-DPS-Ulcinj.jpg\" \/>\n<meta name=\"twitter:label1\" content=\"Written by\" \/>\n\t<meta name=\"twitter:data1\" content=\"ulqini\" \/>\n\t<meta name=\"twitter:label2\" content=\"Est. reading time\" \/>\n\t<meta name=\"twitter:data2\" content=\"1 minute\" \/>\n<script type=\"application\/ld+json\" class=\"yoast-schema-graph\">{\"@context\":\"https:\/\/schema.org\",\"@graph\":[{\"@type\":\"WebSite\",\"@id\":\"https:\/\/www.visit-ulcinj.com\/blog\/#website\",\"url\":\"https:\/\/www.visit-ulcinj.com\/blog\/\",\"name\":\"Lajme nga Ulqini\",\"description\":\"Lajme,Vijesti,Ulqini,Ulqin,Crna Gora,Mali i Zi\",\"potentialAction\":[{\"@type\":\"SearchAction\",\"target\":{\"@type\":\"EntryPoint\",\"urlTemplate\":\"https:\/\/www.visit-ulcinj.com\/blog\/?s={search_term_string}\"},\"query-input\":\"required name=search_term_string\"}],\"inLanguage\":\"en-US\"},{\"@type\":\"ImageObject\",\"inLanguage\":\"en-US\",\"@id\":\"https:\/\/www.visit-ulcinj.com\/blog\/2011\/11\/02\/izabran-opstinski-odbor-dps-ulcinj\/#primaryimage\",\"url\":\"https:\/\/www.visit-ulcinj.com\/blog\/wp-content\/uploads\/2011\/11\/Izabran-Opstinski-odbor-DPS-Ulcinj.jpg\",\"contentUrl\":\"https:\/\/www.visit-ulcinj.com\/blog\/wp-content\/uploads\/2011\/11\/Izabran-Opstinski-odbor-DPS-Ulcinj.jpg\",\"width\":\"960\",\"height\":\"640\"},{\"@type\":\"WebPage\",\"@id\":\"https:\/\/www.visit-ulcinj.com\/blog\/2011\/11\/02\/izabran-opstinski-odbor-dps-ulcinj\/#webpage\",\"url\":\"https:\/\/www.visit-ulcinj.com\/blog\/2011\/11\/02\/izabran-opstinski-odbor-dps-ulcinj\/\",\"name\":\"Izabran Op\u0161tinski odbor DPS Ulcinj - Lajme nga Ulqini\",\"isPartOf\":{\"@id\":\"https:\/\/www.visit-ulcinj.com\/blog\/#website\"},\"primaryImageOfPage\":{\"@id\":\"https:\/\/www.visit-ulcinj.com\/blog\/2011\/11\/02\/izabran-opstinski-odbor-dps-ulcinj\/#primaryimage\"},\"datePublished\":\"2011-11-02T08:12:14+00:00\",\"dateModified\":\"2011-11-02T08:13:00+00:00\",\"author\":{\"@id\":\"https:\/\/www.visit-ulcinj.com\/blog\/#\/schema\/person\/dcab619c614d3038751c63bc2aadc06d\"},\"description\":\"ULCINJ - Na sino\u0107njoj izbornoj konferenciji izabran je novi saziv Op\u0161tinskog odbora Demokratske partije socijalista u Ulcinju. U ovom partijskom tijelu od\",\"breadcrumb\":{\"@id\":\"https:\/\/www.visit-ulcinj.com\/blog\/2011\/11\/02\/izabran-opstinski-odbor-dps-ulcinj\/#breadcrumb\"},\"inLanguage\":\"en-US\",\"potentialAction\":[{\"@type\":\"ReadAction\",\"target\":[\"https:\/\/www.visit-ulcinj.com\/blog\/2011\/11\/02\/izabran-opstinski-odbor-dps-ulcinj\/\"]}]},{\"@type\":\"BreadcrumbList\",\"@id\":\"https:\/\/www.visit-ulcinj.com\/blog\/2011\/11\/02\/izabran-opstinski-odbor-dps-ulcinj\/#breadcrumb\",\"itemListElement\":[{\"@type\":\"ListItem\",\"position\":1,\"name\":\"Izabran Op\u0161tinski odbor DPS Ulcinj\"}]},{\"@type\":\"Person\",\"@id\":\"https:\/\/www.visit-ulcinj.com\/blog\/#\/schema\/person\/dcab619c614d3038751c63bc2aadc06d\",\"name\":\"ulqini\",\"sameAs\":[\"http:\/\/www.visit-ulcinj.com\"],\"url\":\"https:\/\/www.visit-ulcinj.com\/blog\/author\/admin\/\"}]}<\/script>\n<!-- \/ Yoast SEO plugin. -->","yoast_head_json":{"title":"Izabran Op\u0161tinski odbor DPS Ulcinj - Lajme nga Ulqini","description":"ULCINJ - Na sino\u0107njoj izbornoj konferenciji izabran je novi saziv Op\u0161tinskog odbora Demokratske partije socijalista u Ulcinju. U ovom partijskom tijelu od","robots":{"index":"index","follow":"follow","max-snippet":"max-snippet:-1","max-image-preview":"max-image-preview:large","max-video-preview":"max-video-preview:-1"},"canonical":"https:\/\/www.visit-ulcinj.com\/blog\/2011\/11\/02\/izabran-opstinski-odbor-dps-ulcinj\/","og_locale":"en_US","og_type":"article","og_title":"Izabran Op\u0161tinski odbor DPS Ulcinj - Lajme nga Ulqini","og_description":"ULCINJ - Na sino\u0107njoj izbornoj konferenciji izabran je novi saziv Op\u0161tinskog odbora Demokratske partije socijalista u Ulcinju. U ovom partijskom tijelu od","og_url":"https:\/\/www.visit-ulcinj.com\/blog\/2011\/11\/02\/izabran-opstinski-odbor-dps-ulcinj\/","og_site_name":"Lajme nga Ulqini","article_published_time":"2011-11-02T08:12:14+00:00","article_modified_time":"2011-11-02T08:13:00+00:00","og_image":[{"url":"http:\/\/www.visit-ulcinj.com\/blog\/wp-content\/uploads\/2011\/11\/Izabran-Opstinski-odbor-DPS-Ulcinj.jpg"}],"twitter_misc":{"Written by":"ulqini","Est. reading time":"1 minute"},"schema":{"@context":"https:\/\/schema.org","@graph":[{"@type":"WebSite","@id":"https:\/\/www.visit-ulcinj.com\/blog\/#website","url":"https:\/\/www.visit-ulcinj.com\/blog\/","name":"Lajme nga Ulqini","description":"Lajme,Vijesti,Ulqini,Ulqin,Crna Gora,Mali i Zi","potentialAction":[{"@type":"SearchAction","target":{"@type":"EntryPoint","urlTemplate":"https:\/\/www.visit-ulcinj.com\/blog\/?s={search_term_string}"},"query-input":"required name=search_term_string"}],"inLanguage":"en-US"},{"@type":"ImageObject","inLanguage":"en-US","@id":"https:\/\/www.visit-ulcinj.com\/blog\/2011\/11\/02\/izabran-opstinski-odbor-dps-ulcinj\/#primaryimage","url":"https:\/\/www.visit-ulcinj.com\/blog\/wp-content\/uploads\/2011\/11\/Izabran-Opstinski-odbor-DPS-Ulcinj.jpg","contentUrl":"https:\/\/www.visit-ulcinj.com\/blog\/wp-content\/uploads\/2011\/11\/Izabran-Opstinski-odbor-DPS-Ulcinj.jpg","width":"960","height":"640"},{"@type":"WebPage","@id":"https:\/\/www.visit-ulcinj.com\/blog\/2011\/11\/02\/izabran-opstinski-odbor-dps-ulcinj\/#webpage","url":"https:\/\/www.visit-ulcinj.com\/blog\/2011\/11\/02\/izabran-opstinski-odbor-dps-ulcinj\/","name":"Izabran Op\u0161tinski odbor DPS Ulcinj - Lajme nga Ulqini","isPartOf":{"@id":"https:\/\/www.visit-ulcinj.com\/blog\/#website"},"primaryImageOfPage":{"@id":"https:\/\/www.visit-ulcinj.com\/blog\/2011\/11\/02\/izabran-opstinski-odbor-dps-ulcinj\/#primaryimage"},"datePublished":"2011-11-02T08:12:14+00:00","dateModified":"2011-11-02T08:13:00+00:00","author":{"@id":"https:\/\/www.visit-ulcinj.com\/blog\/#\/schema\/person\/dcab619c614d3038751c63bc2aadc06d"},"description":"ULCINJ - Na sino\u0107njoj izbornoj konferenciji izabran je novi saziv Op\u0161tinskog odbora Demokratske partije socijalista u Ulcinju. U ovom partijskom tijelu od","breadcrumb":{"@id":"https:\/\/www.visit-ulcinj.com\/blog\/2011\/11\/02\/izabran-opstinski-odbor-dps-ulcinj\/#breadcrumb"},"inLanguage":"en-US","potentialAction":[{"@type":"ReadAction","target":["https:\/\/www.visit-ulcinj.com\/blog\/2011\/11\/02\/izabran-opstinski-odbor-dps-ulcinj\/"]}]},{"@type":"BreadcrumbList","@id":"https:\/\/www.visit-ulcinj.com\/blog\/2011\/11\/02\/izabran-opstinski-odbor-dps-ulcinj\/#breadcrumb","itemListElement":[{"@type":"ListItem","position":1,"name":"Izabran Op\u0161tinski odbor DPS Ulcinj"}]},{"@type":"Person","@id":"https:\/\/www.visit-ulcinj.com\/blog\/#\/schema\/person\/dcab619c614d3038751c63bc2aadc06d","name":"ulqini","sameAs":["http:\/\/www.visit-ulcinj.com"],"url":"https:\/\/www.visit-ulcinj.com\/blog\/author\/admin\/"}]}},"jetpack_featured_media_url":"","jetpack_sharing_enabled":true,"jetpack_shortlink":"https:\/\/wp.me\/pe6lTn-dHo","_links":{"self":[{"href":"https:\/\/www.visit-ulcinj.com\/blog\/wp-json\/wp\/v2\/posts\/52662"}],"collection":[{"href":"https:\/\/www.visit-ulcinj.com\/blog\/wp-json\/wp\/v2\/posts"}],"about":[{"href":"https:\/\/www.visit-ulcinj.com\/blog\/wp-json\/wp\/v2\/types\/post"}],"author":[{"embeddable":true,"href":"https:\/\/www.visit-ulcinj.com\/blog\/wp-json\/wp\/v2\/users\/1"}],"replies":[{"embeddable":true,"href":"https:\/\/www.visit-ulcinj.com\/blog\/wp-json\/wp\/v2\/comments?post=52662"}],"version-history":[{"count":2,"href":"https:\/\/www.visit-ulcinj.com\/blog\/wp-json\/wp\/v2\/posts\/52662\/revisions"}],"predecessor-version":[{"id":52665,"href":"https:\/\/www.visit-ulcinj.com\/blog\/wp-json\/wp\/v2\/posts\/52662\/revisions\/52665"}],"wp:attachment":[{"href":"https:\/\/www.visit-ulcinj.com\/blog\/wp-json\/wp\/v2\/media?parent=52662"}],"wp:term":[{"taxonomy":"category","embeddable":true,"href":"https:\/\/www.visit-ulcinj.com\/blog\/wp-json\/wp\/v2\/categories?post=52662"},{"taxonomy":"post_tag","embeddable":true,"href":"https:\/\/www.visit-ulcinj.com\/blog\/wp-json\/wp\/v2\/tags?post=52662"}],"curies":[{"name":"wp","href":"https:\/\/api.w.org\/{rel}","templated":true}]}}