{"id":52670,"date":"2011-11-02T18:19:31","date_gmt":"2011-11-02T17:19:31","guid":{"rendered":"http:\/\/www.visit-ulcinj.com\/blog\/?p=52670"},"modified":"2011-11-02T18:19:31","modified_gmt":"2011-11-02T17:19:31","slug":"kesoglu-se-sastala-sa-predsjednikom-ulcinja-nazifom-cunguom","status":"publish","type":"post","link":"https:\/\/www.visit-ulcinj.com\/blog\/2011\/11\/02\/kesoglu-se-sastala-sa-predsjednikom-ulcinja-nazifom-cunguom\/","title":{"rendered":"Kesoglu se sastala sa predsjednikom Ulcinja Nazifom Cunguom"},"content":{"rendered":"<p><a href=\"http:\/\/www.visit-ulcinj.com\/blog\/2011\/11\/02\/kesoglu-se-sastala-sa-predsjednikom-ulcinja-nazifom-cunguom\/ambasadorka-kesoglu-se-sastala-sa-predsjednikom-ulcinja-nazifom-cunguom\/\" rel=\"attachment wp-att-52671\"><img loading=\"lazy\" class=\"alignleft size-full wp-image-52671\" title=\"Ambasadorka Kesoglu se sastala sa predsjednikom Ulcinja Nazifom Cunguom\" src=\"http:\/\/www.visit-ulcinj.com\/blog\/wp-content\/uploads\/2011\/11\/Ambasadorka-Kesoglu-se-sastala-sa-predsjednikom-Ulcinja-Nazifom-Cunguom.jpg\" alt=\"\" width=\"508\" height=\"380\" srcset=\"https:\/\/www.visit-ulcinj.com\/blog\/wp-content\/uploads\/2011\/11\/Ambasadorka-Kesoglu-se-sastala-sa-predsjednikom-Ulcinja-Nazifom-Cunguom.jpg 960w, https:\/\/www.visit-ulcinj.com\/blog\/wp-content\/uploads\/2011\/11\/Ambasadorka-Kesoglu-se-sastala-sa-predsjednikom-Ulcinja-Nazifom-Cunguom-300x225.jpg 300w\" sizes=\"(max-width: 508px) 100vw, 508px\" \/><\/a>Izgradnja turskog koled\u017ea u Podgorici po\u010de\u0107e slede\u0107e godine, rekla je ambasador Turske Birgen Kesoglu, navode\u0107i da \u0107e nakon toga biti razmotrena mogu\u0107nost da i Ulcinj dobije takvu obrazovnu instituciju.<\/p>\n<p>Kesoglu se u Ulcinju sastala sa predsjednikom te op\u0161tine Nazifom Cunguom, koji je ocijenio da je potrebno dalje unaprijediti saradnju dviju dr\u017eava.<\/p>\n<p>\u201cTokom sastanka bilo je rije\u010di i o potrebi izgradnje specijalisti\u010dke srednje turisti\u010dke \u0161kole u Ulcinju, u kojoj bi se \u0161kolovali kadrovi u turizmu za kojima postoji izra\u017eena potrebna u ulcinjskoj op\u0161tini i na crnogorskom primorju\u201d, ka\u017ee se u saop\u0161tenju iz Cunguovog kabineta.<\/p>\n<p>Kako se navodi, razmotrena je i mogu\u0107nost razmjene maturanata koji bi pripravni\u010dki sta\u017e zavr\u0161ili u nekoj od kompanija u Turskoj.<\/p>\n<p><strong>MINA<\/strong><\/p>\n","protected":false},"excerpt":{"rendered":"<p>Izgradnja turskog koled\u017ea u Podgorici po\u010de\u0107e slede\u0107e godine, rekla je ambasador Turske Birgen Kesoglu, navode\u0107i da \u0107e nakon toga biti razmotrena mogu\u0107nost da i Ulcinj dobije takvu obrazovnu instituciju. Kesoglu se u Ulcinju sastala sa predsjednikom te op\u0161tine Nazifom Cunguom, koji je ocijenio da je potrebno dalje unaprijediti saradnju dviju dr\u017eava. \u201cTokom sastanka bilo je [&hellip;]<\/p>\n","protected":false},"author":1,"featured_media":0,"comment_status":"open","ping_status":"closed","sticky":false,"template":"","format":"standard","meta":{"spay_email":"","jetpack_publicize_message":"","jetpack_is_tweetstorm":false,"jetpack_publicize_feature_enabled":true},"categories":[8337],"tags":[118,19],"jetpack_publicize_connections":[],"yoast_head":"<!-- This site is optimized with the Yoast SEO plugin v19.1 - https:\/\/yoast.com\/wordpress\/plugins\/seo\/ -->\n<title>Kesoglu se sastala sa predsjednikom Ulcinja Nazifom Cunguom - Lajme nga Ulqini<\/title>\n<meta name=\"description\" content=\"Izgradnja turskog koled\u017ea u Podgorici po\u010de\u0107e slede\u0107e godine, rekla je ambasador Turske Birgen Kesoglu, navode\u0107i da \u0107e nakon toga biti razmotrena mogu\u0107nost\" \/>\n<meta name=\"robots\" content=\"index, follow, max-snippet:-1, max-image-preview:large, max-video-preview:-1\" \/>\n<link rel=\"canonical\" href=\"https:\/\/www.visit-ulcinj.com\/blog\/2011\/11\/02\/kesoglu-se-sastala-sa-predsjednikom-ulcinja-nazifom-cunguom\/\" \/>\n<meta property=\"og:locale\" content=\"en_US\" \/>\n<meta property=\"og:type\" content=\"article\" \/>\n<meta property=\"og:title\" content=\"Kesoglu se sastala sa predsjednikom Ulcinja Nazifom Cunguom - Lajme nga Ulqini\" \/>\n<meta property=\"og:description\" content=\"Izgradnja turskog koled\u017ea u Podgorici po\u010de\u0107e slede\u0107e godine, rekla je ambasador Turske Birgen Kesoglu, navode\u0107i da \u0107e nakon toga biti razmotrena mogu\u0107nost\" \/>\n<meta property=\"og:url\" content=\"https:\/\/www.visit-ulcinj.com\/blog\/2011\/11\/02\/kesoglu-se-sastala-sa-predsjednikom-ulcinja-nazifom-cunguom\/\" \/>\n<meta property=\"og:site_name\" content=\"Lajme nga Ulqini\" \/>\n<meta property=\"article:published_time\" content=\"2011-11-02T17:19:31+00:00\" \/>\n<meta property=\"og:image\" content=\"http:\/\/www.visit-ulcinj.com\/blog\/wp-content\/uploads\/2011\/11\/Ambasadorka-Kesoglu-se-sastala-sa-predsjednikom-Ulcinja-Nazifom-Cunguom.jpg\" \/>\n<meta name=\"twitter:label1\" content=\"Written by\" \/>\n\t<meta name=\"twitter:data1\" content=\"ulqini\" \/>\n\t<meta name=\"twitter:label2\" content=\"Est. reading time\" \/>\n\t<meta name=\"twitter:data2\" content=\"1 minute\" \/>\n<script type=\"application\/ld+json\" class=\"yoast-schema-graph\">{\"@context\":\"https:\/\/schema.org\",\"@graph\":[{\"@type\":\"WebSite\",\"@id\":\"https:\/\/www.visit-ulcinj.com\/blog\/#website\",\"url\":\"https:\/\/www.visit-ulcinj.com\/blog\/\",\"name\":\"Lajme nga Ulqini\",\"description\":\"Lajme,Vijesti,Ulqini,Ulqin,Crna Gora,Mali i Zi\",\"potentialAction\":[{\"@type\":\"SearchAction\",\"target\":{\"@type\":\"EntryPoint\",\"urlTemplate\":\"https:\/\/www.visit-ulcinj.com\/blog\/?s={search_term_string}\"},\"query-input\":\"required name=search_term_string\"}],\"inLanguage\":\"en-US\"},{\"@type\":\"ImageObject\",\"inLanguage\":\"en-US\",\"@id\":\"https:\/\/www.visit-ulcinj.com\/blog\/2011\/11\/02\/kesoglu-se-sastala-sa-predsjednikom-ulcinja-nazifom-cunguom\/#primaryimage\",\"url\":\"https:\/\/www.visit-ulcinj.com\/blog\/wp-content\/uploads\/2011\/11\/Ambasadorka-Kesoglu-se-sastala-sa-predsjednikom-Ulcinja-Nazifom-Cunguom.jpg\",\"contentUrl\":\"https:\/\/www.visit-ulcinj.com\/blog\/wp-content\/uploads\/2011\/11\/Ambasadorka-Kesoglu-se-sastala-sa-predsjednikom-Ulcinja-Nazifom-Cunguom.jpg\",\"width\":\"960\",\"height\":\"720\"},{\"@type\":\"WebPage\",\"@id\":\"https:\/\/www.visit-ulcinj.com\/blog\/2011\/11\/02\/kesoglu-se-sastala-sa-predsjednikom-ulcinja-nazifom-cunguom\/#webpage\",\"url\":\"https:\/\/www.visit-ulcinj.com\/blog\/2011\/11\/02\/kesoglu-se-sastala-sa-predsjednikom-ulcinja-nazifom-cunguom\/\",\"name\":\"Kesoglu se sastala sa predsjednikom Ulcinja Nazifom Cunguom - Lajme nga Ulqini\",\"isPartOf\":{\"@id\":\"https:\/\/www.visit-ulcinj.com\/blog\/#website\"},\"primaryImageOfPage\":{\"@id\":\"https:\/\/www.visit-ulcinj.com\/blog\/2011\/11\/02\/kesoglu-se-sastala-sa-predsjednikom-ulcinja-nazifom-cunguom\/#primaryimage\"},\"datePublished\":\"2011-11-02T17:19:31+00:00\",\"dateModified\":\"2011-11-02T17:19:31+00:00\",\"author\":{\"@id\":\"https:\/\/www.visit-ulcinj.com\/blog\/#\/schema\/person\/dcab619c614d3038751c63bc2aadc06d\"},\"description\":\"Izgradnja turskog koled\u017ea u Podgorici po\u010de\u0107e slede\u0107e godine, rekla je ambasador Turske Birgen Kesoglu, navode\u0107i da \u0107e nakon toga biti razmotrena mogu\u0107nost\",\"breadcrumb\":{\"@id\":\"https:\/\/www.visit-ulcinj.com\/blog\/2011\/11\/02\/kesoglu-se-sastala-sa-predsjednikom-ulcinja-nazifom-cunguom\/#breadcrumb\"},\"inLanguage\":\"en-US\",\"potentialAction\":[{\"@type\":\"ReadAction\",\"target\":[\"https:\/\/www.visit-ulcinj.com\/blog\/2011\/11\/02\/kesoglu-se-sastala-sa-predsjednikom-ulcinja-nazifom-cunguom\/\"]}]},{\"@type\":\"BreadcrumbList\",\"@id\":\"https:\/\/www.visit-ulcinj.com\/blog\/2011\/11\/02\/kesoglu-se-sastala-sa-predsjednikom-ulcinja-nazifom-cunguom\/#breadcrumb\",\"itemListElement\":[{\"@type\":\"ListItem\",\"position\":1,\"name\":\"Kesoglu se sastala sa predsjednikom Ulcinja Nazifom Cunguom\"}]},{\"@type\":\"Person\",\"@id\":\"https:\/\/www.visit-ulcinj.com\/blog\/#\/schema\/person\/dcab619c614d3038751c63bc2aadc06d\",\"name\":\"ulqini\",\"sameAs\":[\"http:\/\/www.visit-ulcinj.com\"],\"url\":\"https:\/\/www.visit-ulcinj.com\/blog\/author\/admin\/\"}]}<\/script>\n<!-- \/ Yoast SEO plugin. -->","yoast_head_json":{"title":"Kesoglu se sastala sa predsjednikom Ulcinja Nazifom Cunguom - Lajme nga Ulqini","description":"Izgradnja turskog koled\u017ea u Podgorici po\u010de\u0107e slede\u0107e godine, rekla je ambasador Turske Birgen Kesoglu, navode\u0107i da \u0107e nakon toga biti razmotrena mogu\u0107nost","robots":{"index":"index","follow":"follow","max-snippet":"max-snippet:-1","max-image-preview":"max-image-preview:large","max-video-preview":"max-video-preview:-1"},"canonical":"https:\/\/www.visit-ulcinj.com\/blog\/2011\/11\/02\/kesoglu-se-sastala-sa-predsjednikom-ulcinja-nazifom-cunguom\/","og_locale":"en_US","og_type":"article","og_title":"Kesoglu se sastala sa predsjednikom Ulcinja Nazifom Cunguom - Lajme nga Ulqini","og_description":"Izgradnja turskog koled\u017ea u Podgorici po\u010de\u0107e slede\u0107e godine, rekla je ambasador Turske Birgen Kesoglu, navode\u0107i da \u0107e nakon toga biti razmotrena mogu\u0107nost","og_url":"https:\/\/www.visit-ulcinj.com\/blog\/2011\/11\/02\/kesoglu-se-sastala-sa-predsjednikom-ulcinja-nazifom-cunguom\/","og_site_name":"Lajme nga Ulqini","article_published_time":"2011-11-02T17:19:31+00:00","og_image":[{"url":"http:\/\/www.visit-ulcinj.com\/blog\/wp-content\/uploads\/2011\/11\/Ambasadorka-Kesoglu-se-sastala-sa-predsjednikom-Ulcinja-Nazifom-Cunguom.jpg"}],"twitter_misc":{"Written by":"ulqini","Est. reading time":"1 minute"},"schema":{"@context":"https:\/\/schema.org","@graph":[{"@type":"WebSite","@id":"https:\/\/www.visit-ulcinj.com\/blog\/#website","url":"https:\/\/www.visit-ulcinj.com\/blog\/","name":"Lajme nga Ulqini","description":"Lajme,Vijesti,Ulqini,Ulqin,Crna Gora,Mali i Zi","potentialAction":[{"@type":"SearchAction","target":{"@type":"EntryPoint","urlTemplate":"https:\/\/www.visit-ulcinj.com\/blog\/?s={search_term_string}"},"query-input":"required name=search_term_string"}],"inLanguage":"en-US"},{"@type":"ImageObject","inLanguage":"en-US","@id":"https:\/\/www.visit-ulcinj.com\/blog\/2011\/11\/02\/kesoglu-se-sastala-sa-predsjednikom-ulcinja-nazifom-cunguom\/#primaryimage","url":"https:\/\/www.visit-ulcinj.com\/blog\/wp-content\/uploads\/2011\/11\/Ambasadorka-Kesoglu-se-sastala-sa-predsjednikom-Ulcinja-Nazifom-Cunguom.jpg","contentUrl":"https:\/\/www.visit-ulcinj.com\/blog\/wp-content\/uploads\/2011\/11\/Ambasadorka-Kesoglu-se-sastala-sa-predsjednikom-Ulcinja-Nazifom-Cunguom.jpg","width":"960","height":"720"},{"@type":"WebPage","@id":"https:\/\/www.visit-ulcinj.com\/blog\/2011\/11\/02\/kesoglu-se-sastala-sa-predsjednikom-ulcinja-nazifom-cunguom\/#webpage","url":"https:\/\/www.visit-ulcinj.com\/blog\/2011\/11\/02\/kesoglu-se-sastala-sa-predsjednikom-ulcinja-nazifom-cunguom\/","name":"Kesoglu se sastala sa predsjednikom Ulcinja Nazifom Cunguom - Lajme nga Ulqini","isPartOf":{"@id":"https:\/\/www.visit-ulcinj.com\/blog\/#website"},"primaryImageOfPage":{"@id":"https:\/\/www.visit-ulcinj.com\/blog\/2011\/11\/02\/kesoglu-se-sastala-sa-predsjednikom-ulcinja-nazifom-cunguom\/#primaryimage"},"datePublished":"2011-11-02T17:19:31+00:00","dateModified":"2011-11-02T17:19:31+00:00","author":{"@id":"https:\/\/www.visit-ulcinj.com\/blog\/#\/schema\/person\/dcab619c614d3038751c63bc2aadc06d"},"description":"Izgradnja turskog koled\u017ea u Podgorici po\u010de\u0107e slede\u0107e godine, rekla je ambasador Turske Birgen Kesoglu, navode\u0107i da \u0107e nakon toga biti razmotrena mogu\u0107nost","breadcrumb":{"@id":"https:\/\/www.visit-ulcinj.com\/blog\/2011\/11\/02\/kesoglu-se-sastala-sa-predsjednikom-ulcinja-nazifom-cunguom\/#breadcrumb"},"inLanguage":"en-US","potentialAction":[{"@type":"ReadAction","target":["https:\/\/www.visit-ulcinj.com\/blog\/2011\/11\/02\/kesoglu-se-sastala-sa-predsjednikom-ulcinja-nazifom-cunguom\/"]}]},{"@type":"BreadcrumbList","@id":"https:\/\/www.visit-ulcinj.com\/blog\/2011\/11\/02\/kesoglu-se-sastala-sa-predsjednikom-ulcinja-nazifom-cunguom\/#breadcrumb","itemListElement":[{"@type":"ListItem","position":1,"name":"Kesoglu se sastala sa predsjednikom Ulcinja Nazifom Cunguom"}]},{"@type":"Person","@id":"https:\/\/www.visit-ulcinj.com\/blog\/#\/schema\/person\/dcab619c614d3038751c63bc2aadc06d","name":"ulqini","sameAs":["http:\/\/www.visit-ulcinj.com"],"url":"https:\/\/www.visit-ulcinj.com\/blog\/author\/admin\/"}]}},"jetpack_featured_media_url":"","jetpack_sharing_enabled":true,"jetpack_shortlink":"https:\/\/wp.me\/pe6lTn-dHw","_links":{"self":[{"href":"https:\/\/www.visit-ulcinj.com\/blog\/wp-json\/wp\/v2\/posts\/52670"}],"collection":[{"href":"https:\/\/www.visit-ulcinj.com\/blog\/wp-json\/wp\/v2\/posts"}],"about":[{"href":"https:\/\/www.visit-ulcinj.com\/blog\/wp-json\/wp\/v2\/types\/post"}],"author":[{"embeddable":true,"href":"https:\/\/www.visit-ulcinj.com\/blog\/wp-json\/wp\/v2\/users\/1"}],"replies":[{"embeddable":true,"href":"https:\/\/www.visit-ulcinj.com\/blog\/wp-json\/wp\/v2\/comments?post=52670"}],"version-history":[{"count":2,"href":"https:\/\/www.visit-ulcinj.com\/blog\/wp-json\/wp\/v2\/posts\/52670\/revisions"}],"predecessor-version":[{"id":52673,"href":"https:\/\/www.visit-ulcinj.com\/blog\/wp-json\/wp\/v2\/posts\/52670\/revisions\/52673"}],"wp:attachment":[{"href":"https:\/\/www.visit-ulcinj.com\/blog\/wp-json\/wp\/v2\/media?parent=52670"}],"wp:term":[{"taxonomy":"category","embeddable":true,"href":"https:\/\/www.visit-ulcinj.com\/blog\/wp-json\/wp\/v2\/categories?post=52670"},{"taxonomy":"post_tag","embeddable":true,"href":"https:\/\/www.visit-ulcinj.com\/blog\/wp-json\/wp\/v2\/tags?post=52670"}],"curies":[{"name":"wp","href":"https:\/\/api.w.org\/{rel}","templated":true}]}}