{"id":5268,"date":"2008-11-02T08:43:28","date_gmt":"2008-11-02T13:43:28","guid":{"rendered":"http:\/\/www.visit-ulcinj.com\/blog\/?p=5268"},"modified":"2008-11-02T09:02:10","modified_gmt":"2008-11-02T14:02:10","slug":"garuesit-e-kkalbulena-vazhdojne-me-paraqitje-te-mire-ne-garat-e-ketij-sezoni","status":"publish","type":"post","link":"https:\/\/www.visit-ulcinj.com\/blog\/2008\/11\/02\/garuesit-e-kkalbulena-vazhdojne-me-paraqitje-te-mire-ne-garat-e-ketij-sezoni\/","title":{"rendered":"Garuesit e KK&#8221;Albulena&#8221; vazhdojn\u00eb me paraqitje t\u00eb mir\u00eb n\u00eb garat e k\u00ebtij sezoni"},"content":{"rendered":"<p><a href=\"http:\/\/www.visit-ulcinj.com\/blog\/wp-content\/uploads\/2008\/11\/agron-ujkashi.jpg\"><img loading=\"lazy\" class=\"alignleft size-medium wp-image-5269\" title=\"agron-ujkashi\" src=\"http:\/\/www.visit-ulcinj.com\/blog\/wp-content\/uploads\/2008\/11\/agron-ujkashi-250x300.jpg\" alt=\"\" width=\"250\" height=\"300\" srcset=\"https:\/\/www.visit-ulcinj.com\/blog\/wp-content\/uploads\/2008\/11\/agron-ujkashi-250x300.jpg 250w, https:\/\/www.visit-ulcinj.com\/blog\/wp-content\/uploads\/2008\/11\/agron-ujkashi.jpg 260w\" sizes=\"(max-width: 250px) 100vw, 250px\" \/><\/a><strong>Ekipi i shpresave d\u00ebshmon kualitetin<\/strong><br \/>\nMedalje t\u00eb art\u00eb p\u00ebr KK &#8220;Albulena&#8221; fitoi ekipi i shpresave n\u00eb lufta, n\u00eb p\u00ebrb\u00ebrje Ardit Astafa, Driton Bajrami dhe Emir Mustafiq. Medalje t\u00eb arta n\u00eb disiplin\u00ebn individuale n\u00eb lufta fituan edhe Nikolla Hot n\u00eb kategorin\u00eb -57kg dhe Besnik Adoviq n\u00eb kategorin\u00eb +75 kg.<br \/>\nGaruesit e Klubit t\u00eb Karates\u00eb &#8220;Albulena&#8221; vazhduan me paraqitje t\u00eb mir\u00eb edhe n\u00eb Turneun &#8220;Kollashinski Pobjednik 2008&#8221; i cili u mbajt t\u00eb shtun\u00ebn n\u00eb Kollashin n\u00eb organizim t\u00eb klubit vendas &#8220;Gorshtak&#8221;. N\u00eb Turne mor\u00ebn pjes\u00eb m\u00eb shum\u00eb se 700 garues nga mbi 30 klube.<br \/>\n&#8220;Albulena&#8221; mori pjes\u00eb n\u00eb k\u00ebt\u00eb turne me 15 karateist\u00eb dhe arriti t\u00eb fitoj\u00eb pes\u00eb medalje t\u00eb arta, nj\u00eb medalje t\u00eb argjendt\u00eb dhe gjasht\u00eb medalje t\u00eb bronzta.<br \/>\nMedalje t\u00eb art\u00eb p\u00ebr KK &#8220;Albulena&#8221; fitoi ekipi i shpresave n\u00eb lufta n\u00eb p\u00ebrb\u00ebrje Ardit Astafa, Driton Bajrami dhe Emir Mustafiq. Medalje t\u00eb arta n\u00eb disiplin\u00ebn individuale n\u00eb lufta fituan edhe Nikolla Hot n\u00eb kategorin\u00eb -57kg dhe Besnik Adoviq n\u00eb kategorin\u00eb +75 kg.<br \/>\nMedaljen e vetme t\u00eb argjendt\u00eb p\u00ebr &#8220;Albulena&#8221;-n n\u00eb k\u00ebt\u00eb turne e fitoi Xhevat Hoxhiq, n\u00eb disiplin\u00ebn kata individuale, nd\u00ebrsa me medalje t\u00eb bronzta u kuror\u00ebzuan Menton Lika dhe Sretena Gjuriq n\u00eb lufta individuale, si dhe Albulena Ujkashi, Hakile Resulbegoviq, Esat Nimanbegoviq dhe Ardit Astafa n\u00eb kata individuale.<br \/>\nParaqitjen m\u00eb t\u00eb mir\u00eb p\u00ebr &#8220;Albulena&#8221;-n n\u00eb k\u00ebt\u00eb turne e b\u00ebri ekipi i shpresave i cili \u00ebsht\u00eb kampion i Malit t\u00eb Zi n\u00eb lufta, nd\u00ebrsa zhg\u00ebnjyen n\u00eb disiplin\u00ebn e katave ku po ashtu jan\u00eb kampion\u00eb t\u00eb Malit t\u00eb Zi.<br \/>\n<strong>i.k.<br \/>\nKoha Javore<\/strong><\/p>\n<!--YouTube Error: bad URL entered-->\n<p><strong>Kampioni n\u00eb Novi Sad<\/strong><\/p>\n<p>[googlevideo]http:\/\/video.google.com\/videoplay?docid=-2670019765443457464[\/googlevideo]<\/p>\n","protected":false},"excerpt":{"rendered":"<p>Ekipi i shpresave d\u00ebshmon kualitetin Medalje t\u00eb art\u00eb p\u00ebr KK &#8220;Albulena&#8221; fitoi ekipi i shpresave n\u00eb lufta, n\u00eb p\u00ebrb\u00ebrje Ardit Astafa, Driton Bajrami dhe Emir Mustafiq. Medalje t\u00eb arta n\u00eb disiplin\u00ebn individuale n\u00eb lufta fituan edhe Nikolla Hot n\u00eb kategorin\u00eb -57kg dhe Besnik Adoviq n\u00eb kategorin\u00eb +75 kg. Garuesit e Klubit t\u00eb Karates\u00eb &#8220;Albulena&#8221; vazhduan [&hellip;]<\/p>\n","protected":false},"author":1,"featured_media":0,"comment_status":"open","ping_status":"closed","sticky":false,"template":"","format":"standard","meta":{"spay_email":"","jetpack_publicize_message":"","jetpack_is_tweetstorm":false,"jetpack_publicize_feature_enabled":true},"categories":[3],"tags":[772,4861],"jetpack_publicize_connections":[],"yoast_head":"<!-- This site is optimized with the Yoast SEO plugin v19.1 - https:\/\/yoast.com\/wordpress\/plugins\/seo\/ -->\n<title>Garuesit e KK&quot;Albulena&quot; vazhdojn\u00eb me paraqitje t\u00eb mir\u00eb n\u00eb garat e k\u00ebtij sezoni - Lajme nga Ulqini<\/title>\n<meta name=\"description\" content=\"Ekipi i shpresave d\u00ebshmon kualitetin Medalje t\u00eb art\u00eb p\u00ebr KK &quot;Albulena&quot; fitoi ekipi i shpresave n\u00eb lufta, n\u00eb p\u00ebrb\u00ebrje Ardit Astafa, Driton Bajrami dhe Emir\" \/>\n<meta name=\"robots\" content=\"index, follow, max-snippet:-1, max-image-preview:large, max-video-preview:-1\" \/>\n<link rel=\"canonical\" href=\"https:\/\/www.visit-ulcinj.com\/blog\/2008\/11\/02\/garuesit-e-kkalbulena-vazhdojne-me-paraqitje-te-mire-ne-garat-e-ketij-sezoni\/\" \/>\n<meta property=\"og:locale\" content=\"en_US\" \/>\n<meta property=\"og:type\" content=\"article\" \/>\n<meta property=\"og:title\" content=\"Garuesit e KK&quot;Albulena&quot; vazhdojn\u00eb me paraqitje t\u00eb mir\u00eb n\u00eb garat e k\u00ebtij sezoni - Lajme nga Ulqini\" \/>\n<meta property=\"og:description\" content=\"Ekipi i shpresave d\u00ebshmon kualitetin Medalje t\u00eb art\u00eb p\u00ebr KK &quot;Albulena&quot; fitoi ekipi i shpresave n\u00eb lufta, n\u00eb p\u00ebrb\u00ebrje Ardit Astafa, Driton Bajrami dhe Emir\" \/>\n<meta property=\"og:url\" content=\"https:\/\/www.visit-ulcinj.com\/blog\/2008\/11\/02\/garuesit-e-kkalbulena-vazhdojne-me-paraqitje-te-mire-ne-garat-e-ketij-sezoni\/\" \/>\n<meta property=\"og:site_name\" content=\"Lajme nga Ulqini\" \/>\n<meta property=\"article:published_time\" content=\"2008-11-02T13:43:28+00:00\" \/>\n<meta property=\"article:modified_time\" content=\"2008-11-02T14:02:10+00:00\" \/>\n<meta property=\"og:image\" content=\"http:\/\/www.visit-ulcinj.com\/blog\/wp-content\/uploads\/2008\/11\/agron-ujkashi-250x300.jpg\" \/>\n<meta name=\"twitter:label1\" content=\"Written by\" \/>\n\t<meta name=\"twitter:data1\" content=\"ulqini\" \/>\n\t<meta name=\"twitter:label2\" content=\"Est. reading time\" \/>\n\t<meta name=\"twitter:data2\" content=\"1 minute\" \/>\n<script type=\"application\/ld+json\" class=\"yoast-schema-graph\">{\"@context\":\"https:\/\/schema.org\",\"@graph\":[{\"@type\":\"WebSite\",\"@id\":\"https:\/\/www.visit-ulcinj.com\/blog\/#website\",\"url\":\"https:\/\/www.visit-ulcinj.com\/blog\/\",\"name\":\"Lajme nga Ulqini\",\"description\":\"Lajme,Vijesti,Ulqini,Ulqin,Crna Gora,Mali i Zi\",\"potentialAction\":[{\"@type\":\"SearchAction\",\"target\":{\"@type\":\"EntryPoint\",\"urlTemplate\":\"https:\/\/www.visit-ulcinj.com\/blog\/?s={search_term_string}\"},\"query-input\":\"required name=search_term_string\"}],\"inLanguage\":\"en-US\"},{\"@type\":\"ImageObject\",\"inLanguage\":\"en-US\",\"@id\":\"https:\/\/www.visit-ulcinj.com\/blog\/2008\/11\/02\/garuesit-e-kkalbulena-vazhdojne-me-paraqitje-te-mire-ne-garat-e-ketij-sezoni\/#primaryimage\",\"url\":\"http:\/\/www.visit-ulcinj.com\/blog\/wp-content\/uploads\/2008\/11\/agron-ujkashi-250x300.jpg\",\"contentUrl\":\"http:\/\/www.visit-ulcinj.com\/blog\/wp-content\/uploads\/2008\/11\/agron-ujkashi-250x300.jpg\"},{\"@type\":\"WebPage\",\"@id\":\"https:\/\/www.visit-ulcinj.com\/blog\/2008\/11\/02\/garuesit-e-kkalbulena-vazhdojne-me-paraqitje-te-mire-ne-garat-e-ketij-sezoni\/#webpage\",\"url\":\"https:\/\/www.visit-ulcinj.com\/blog\/2008\/11\/02\/garuesit-e-kkalbulena-vazhdojne-me-paraqitje-te-mire-ne-garat-e-ketij-sezoni\/\",\"name\":\"Garuesit e KK\\\"Albulena\\\" vazhdojn\u00eb me paraqitje t\u00eb mir\u00eb n\u00eb garat e k\u00ebtij sezoni - Lajme nga Ulqini\",\"isPartOf\":{\"@id\":\"https:\/\/www.visit-ulcinj.com\/blog\/#website\"},\"primaryImageOfPage\":{\"@id\":\"https:\/\/www.visit-ulcinj.com\/blog\/2008\/11\/02\/garuesit-e-kkalbulena-vazhdojne-me-paraqitje-te-mire-ne-garat-e-ketij-sezoni\/#primaryimage\"},\"datePublished\":\"2008-11-02T13:43:28+00:00\",\"dateModified\":\"2008-11-02T14:02:10+00:00\",\"author\":{\"@id\":\"https:\/\/www.visit-ulcinj.com\/blog\/#\/schema\/person\/dcab619c614d3038751c63bc2aadc06d\"},\"description\":\"Ekipi i shpresave d\u00ebshmon kualitetin Medalje t\u00eb art\u00eb p\u00ebr KK \\\"Albulena\\\" fitoi ekipi i shpresave n\u00eb lufta, n\u00eb p\u00ebrb\u00ebrje Ardit Astafa, Driton Bajrami dhe Emir\",\"breadcrumb\":{\"@id\":\"https:\/\/www.visit-ulcinj.com\/blog\/2008\/11\/02\/garuesit-e-kkalbulena-vazhdojne-me-paraqitje-te-mire-ne-garat-e-ketij-sezoni\/#breadcrumb\"},\"inLanguage\":\"en-US\",\"potentialAction\":[{\"@type\":\"ReadAction\",\"target\":[\"https:\/\/www.visit-ulcinj.com\/blog\/2008\/11\/02\/garuesit-e-kkalbulena-vazhdojne-me-paraqitje-te-mire-ne-garat-e-ketij-sezoni\/\"]}]},{\"@type\":\"BreadcrumbList\",\"@id\":\"https:\/\/www.visit-ulcinj.com\/blog\/2008\/11\/02\/garuesit-e-kkalbulena-vazhdojne-me-paraqitje-te-mire-ne-garat-e-ketij-sezoni\/#breadcrumb\",\"itemListElement\":[{\"@type\":\"ListItem\",\"position\":1,\"name\":\"Garuesit e KK&#8221;Albulena&#8221; vazhdojn\u00eb me paraqitje t\u00eb mir\u00eb n\u00eb garat e k\u00ebtij sezoni\"}]},{\"@type\":\"Person\",\"@id\":\"https:\/\/www.visit-ulcinj.com\/blog\/#\/schema\/person\/dcab619c614d3038751c63bc2aadc06d\",\"name\":\"ulqini\",\"sameAs\":[\"http:\/\/www.visit-ulcinj.com\"],\"url\":\"https:\/\/www.visit-ulcinj.com\/blog\/author\/admin\/\"}]}<\/script>\n<!-- \/ Yoast SEO plugin. -->","yoast_head_json":{"title":"Garuesit e KK\"Albulena\" vazhdojn\u00eb me paraqitje t\u00eb mir\u00eb n\u00eb garat e k\u00ebtij sezoni - Lajme nga Ulqini","description":"Ekipi i shpresave d\u00ebshmon kualitetin Medalje t\u00eb art\u00eb p\u00ebr KK \"Albulena\" fitoi ekipi i shpresave n\u00eb lufta, n\u00eb p\u00ebrb\u00ebrje Ardit Astafa, Driton Bajrami dhe Emir","robots":{"index":"index","follow":"follow","max-snippet":"max-snippet:-1","max-image-preview":"max-image-preview:large","max-video-preview":"max-video-preview:-1"},"canonical":"https:\/\/www.visit-ulcinj.com\/blog\/2008\/11\/02\/garuesit-e-kkalbulena-vazhdojne-me-paraqitje-te-mire-ne-garat-e-ketij-sezoni\/","og_locale":"en_US","og_type":"article","og_title":"Garuesit e KK\"Albulena\" vazhdojn\u00eb me paraqitje t\u00eb mir\u00eb n\u00eb garat e k\u00ebtij sezoni - Lajme nga Ulqini","og_description":"Ekipi i shpresave d\u00ebshmon kualitetin Medalje t\u00eb art\u00eb p\u00ebr KK \"Albulena\" fitoi ekipi i shpresave n\u00eb lufta, n\u00eb p\u00ebrb\u00ebrje Ardit Astafa, Driton Bajrami dhe Emir","og_url":"https:\/\/www.visit-ulcinj.com\/blog\/2008\/11\/02\/garuesit-e-kkalbulena-vazhdojne-me-paraqitje-te-mire-ne-garat-e-ketij-sezoni\/","og_site_name":"Lajme nga Ulqini","article_published_time":"2008-11-02T13:43:28+00:00","article_modified_time":"2008-11-02T14:02:10+00:00","og_image":[{"url":"http:\/\/www.visit-ulcinj.com\/blog\/wp-content\/uploads\/2008\/11\/agron-ujkashi-250x300.jpg"}],"twitter_misc":{"Written by":"ulqini","Est. reading time":"1 minute"},"schema":{"@context":"https:\/\/schema.org","@graph":[{"@type":"WebSite","@id":"https:\/\/www.visit-ulcinj.com\/blog\/#website","url":"https:\/\/www.visit-ulcinj.com\/blog\/","name":"Lajme nga Ulqini","description":"Lajme,Vijesti,Ulqini,Ulqin,Crna Gora,Mali i Zi","potentialAction":[{"@type":"SearchAction","target":{"@type":"EntryPoint","urlTemplate":"https:\/\/www.visit-ulcinj.com\/blog\/?s={search_term_string}"},"query-input":"required name=search_term_string"}],"inLanguage":"en-US"},{"@type":"ImageObject","inLanguage":"en-US","@id":"https:\/\/www.visit-ulcinj.com\/blog\/2008\/11\/02\/garuesit-e-kkalbulena-vazhdojne-me-paraqitje-te-mire-ne-garat-e-ketij-sezoni\/#primaryimage","url":"http:\/\/www.visit-ulcinj.com\/blog\/wp-content\/uploads\/2008\/11\/agron-ujkashi-250x300.jpg","contentUrl":"http:\/\/www.visit-ulcinj.com\/blog\/wp-content\/uploads\/2008\/11\/agron-ujkashi-250x300.jpg"},{"@type":"WebPage","@id":"https:\/\/www.visit-ulcinj.com\/blog\/2008\/11\/02\/garuesit-e-kkalbulena-vazhdojne-me-paraqitje-te-mire-ne-garat-e-ketij-sezoni\/#webpage","url":"https:\/\/www.visit-ulcinj.com\/blog\/2008\/11\/02\/garuesit-e-kkalbulena-vazhdojne-me-paraqitje-te-mire-ne-garat-e-ketij-sezoni\/","name":"Garuesit e KK\"Albulena\" vazhdojn\u00eb me paraqitje t\u00eb mir\u00eb n\u00eb garat e k\u00ebtij sezoni - Lajme nga Ulqini","isPartOf":{"@id":"https:\/\/www.visit-ulcinj.com\/blog\/#website"},"primaryImageOfPage":{"@id":"https:\/\/www.visit-ulcinj.com\/blog\/2008\/11\/02\/garuesit-e-kkalbulena-vazhdojne-me-paraqitje-te-mire-ne-garat-e-ketij-sezoni\/#primaryimage"},"datePublished":"2008-11-02T13:43:28+00:00","dateModified":"2008-11-02T14:02:10+00:00","author":{"@id":"https:\/\/www.visit-ulcinj.com\/blog\/#\/schema\/person\/dcab619c614d3038751c63bc2aadc06d"},"description":"Ekipi i shpresave d\u00ebshmon kualitetin Medalje t\u00eb art\u00eb p\u00ebr KK \"Albulena\" fitoi ekipi i shpresave n\u00eb lufta, n\u00eb p\u00ebrb\u00ebrje Ardit Astafa, Driton Bajrami dhe Emir","breadcrumb":{"@id":"https:\/\/www.visit-ulcinj.com\/blog\/2008\/11\/02\/garuesit-e-kkalbulena-vazhdojne-me-paraqitje-te-mire-ne-garat-e-ketij-sezoni\/#breadcrumb"},"inLanguage":"en-US","potentialAction":[{"@type":"ReadAction","target":["https:\/\/www.visit-ulcinj.com\/blog\/2008\/11\/02\/garuesit-e-kkalbulena-vazhdojne-me-paraqitje-te-mire-ne-garat-e-ketij-sezoni\/"]}]},{"@type":"BreadcrumbList","@id":"https:\/\/www.visit-ulcinj.com\/blog\/2008\/11\/02\/garuesit-e-kkalbulena-vazhdojne-me-paraqitje-te-mire-ne-garat-e-ketij-sezoni\/#breadcrumb","itemListElement":[{"@type":"ListItem","position":1,"name":"Garuesit e KK&#8221;Albulena&#8221; vazhdojn\u00eb me paraqitje t\u00eb mir\u00eb n\u00eb garat e k\u00ebtij sezoni"}]},{"@type":"Person","@id":"https:\/\/www.visit-ulcinj.com\/blog\/#\/schema\/person\/dcab619c614d3038751c63bc2aadc06d","name":"ulqini","sameAs":["http:\/\/www.visit-ulcinj.com"],"url":"https:\/\/www.visit-ulcinj.com\/blog\/author\/admin\/"}]}},"jetpack_featured_media_url":"","jetpack_sharing_enabled":true,"jetpack_shortlink":"https:\/\/wp.me\/pe6lTn-1mY","_links":{"self":[{"href":"https:\/\/www.visit-ulcinj.com\/blog\/wp-json\/wp\/v2\/posts\/5268"}],"collection":[{"href":"https:\/\/www.visit-ulcinj.com\/blog\/wp-json\/wp\/v2\/posts"}],"about":[{"href":"https:\/\/www.visit-ulcinj.com\/blog\/wp-json\/wp\/v2\/types\/post"}],"author":[{"embeddable":true,"href":"https:\/\/www.visit-ulcinj.com\/blog\/wp-json\/wp\/v2\/users\/1"}],"replies":[{"embeddable":true,"href":"https:\/\/www.visit-ulcinj.com\/blog\/wp-json\/wp\/v2\/comments?post=5268"}],"version-history":[{"count":0,"href":"https:\/\/www.visit-ulcinj.com\/blog\/wp-json\/wp\/v2\/posts\/5268\/revisions"}],"wp:attachment":[{"href":"https:\/\/www.visit-ulcinj.com\/blog\/wp-json\/wp\/v2\/media?parent=5268"}],"wp:term":[{"taxonomy":"category","embeddable":true,"href":"https:\/\/www.visit-ulcinj.com\/blog\/wp-json\/wp\/v2\/categories?post=5268"},{"taxonomy":"post_tag","embeddable":true,"href":"https:\/\/www.visit-ulcinj.com\/blog\/wp-json\/wp\/v2\/tags?post=5268"}],"curies":[{"name":"wp","href":"https:\/\/api.w.org\/{rel}","templated":true}]}}