{"id":527,"date":"2008-02-15T12:17:35","date_gmt":"2008-02-15T17:17:35","guid":{"rendered":"http:\/\/www.visit-ulcinj.com\/blog\/2008\/02\/15\/stize-vrela-sezona-u-crnu-goru\/"},"modified":"2008-02-16T13:43:38","modified_gmt":"2008-02-16T18:43:38","slug":"stize-vrela-sezona-u-crnu-goru","status":"publish","type":"post","link":"https:\/\/www.visit-ulcinj.com\/blog\/2008\/02\/15\/stize-vrela-sezona-u-crnu-goru\/","title":{"rendered":"Sti\u017ee &#8220;vrela&#8221; sezona u Crnu Goru"},"content":{"rendered":"<p><strong><img loading=\"lazy\" border=\"0\" align=\"left\" width=\"200\" src=\"http:\/\/www.visit-ulcinj.com\/blog\/wp-content\/uploads\/2008\/02\/logo_turizam_b.jpg\" height=\"170\" style=\"width: 169px; height: 138px\" \/>Me\u00f0unarodna turisticka berza i sajam turizma u budvi nagovijestili rekordnu turisticku \u017eetvu ove godine u Crnoj Gori<\/strong><\/p>\n<p>Osnovne karakteristike ovogodi\u0161nje, 17. po redu Me?unarodne berze i Sajma turizma u Budvi jesu odr\u017eavanje ovih manifestacija mnogo ranije nego svih prethodnih a na njima je u?estvovao rekordan broj izlaga?a i posjetilaca, a ponuda i tra\u017enja turisti?kih programa bila je iz 11 zemalja. Programi ovogodi\u0161njeg METUBES-a bili su brojniji i sadr\u017eajniji nego svih prethodnih. Dogovoren je ve?i obim poslova i zaklju?en rekordan broj ugovora. Sve to nagovje\u0161tava &#8220;vrelo&#8221; turisti?ko ljeto u Crnoj Gori ove godine.<br \/>\nDr\u017eava Crna Gora, njena Vlada i Ministarstvo turizma, uz turisti?ku privredu i druge subjekte koji uti?u na kreiranju turisti?kog proizvoda, obe?avaju da ?e kvalitet ponude ove godine biti na ve?em nivou nego svih prethodnih. Ve? zavr\u0161eni i planirani poslovi na objektima infrastrukture &#8211; saobra?ajnica, vodovoda, elektrifikacije, renoviranih i novoizgra?enih smje\u0161tajnih kapaciteta, potvr?uju opravdanost takvih najava i o?ekivanje novih rekorda.<br \/>\n&#8211; Do sada ugovoreni aran\u017emani sa hotelijerima i drugim partnerima iz Crne Gore ulivaju optimizam da ?emo ovoga ljeta imati dobar promet prema ovoj destinaciji koja je u na\u0161oj ponudi prisutna ve? jednu deceniju. Pro\u0161le godine smo ovamo doveli skoro 20 hiljada ?e\u0161kih turista, a ove ?e ih biti vi\u0161e od 25 hiljada, rekao je vlasnik ?e\u0161kog turoperatora &#8220;Kovotur-plus&#8221; iz Ostrave, gospodin Jiri Hajek. Na\u0161e ovogodi\u0161nje programe prema Crnoj Gori realizova?emo u saradnji sa na\u0161om aviokompanijom ?SA i sa &#8220;Montenegroerlajnzom&#8221; sa kojim smo dogovorili ?artere sa ?etiri ?e\u0161ka aerodroma na Tivat.<br \/>\nAvionski prevoz koristi?e vi\u0161e od 70 posto na\u0161ih turista, dok ?e oko 20 procenata u Crnu Goru sti?i na\u0161im organizovanim prevozom autobusima, a ostali ?e sti?i u sopstvenom aran\u017emanu i \u017eeljeznicom. Za ovo ljeto najve?i broj kapaciteta zakupili smo na podru?ju Budve, zna?ajne kapacitete imamo u barskoj op\u0161tini, a najzna?ajnije pove?anje zakupa za ovu sezonu ima?emo u hotelima &#8220;Ulcinjske rivijere&#8221;, kazao je Hajek.<br \/>\nMe?u inostranim u?esnicima berze i Sajma turizma u Budvi bila je Turisti?ka agencija &#8220;\u0160kodra&#8221; iz Skadra, koja je prva iz Albanije po?ela da dovodi turiste u Crnu Goru prije desetak godina. Njen vlasnik Sokolj Hod\u017ea izuzetno je zadovoljan dosada\u0161njom saradnjom sa partnerima iz na\u0161e zemlje, gdje iz godine u godinu dovodi sve vi\u0161e albanskih turista.<br \/>\n&#8211; U na\u0161oj ponudi programe za Crnu Goru imamo tokom ?itave godine. Ne \u0161tede?i broj turista u toku zimske sezone, dok u ljetnjim mjesecima ovamo dolaze oni sa dubljim d\u017eepom. U ostalom periodu godine svakog vikenda nudimo izletni?ki program, ne samo iz Skadra, nego i ostalih gradova Albanije. Ove godine o?ekujemo rekordan broj turista, ka\u017ee Hod\u017ea, naglasiv\u0161i da je naro?ito pove?an interes albanskih turista za putovanje u Crnu Goru u vansezonskom periodu &#8211; u jesenjim i prolje?nim mjesecima.<br \/>\n&#8211; Ovdje u Budvi imali smo kontakte i sa partnerima iz drugih zemalja. Jer pored toga \u0161to smo obnovili ugovore sa starim partnerima iz Budve &#8220;Adriatik ekspresom&#8221;, &#8220;Alfa tursom&#8221; i &#8220;Glob turom&#8221; mi smo ugovorili poslove i sa drugim agencijama i hotelijerima iz ?e\u0161ke, Rusije, Srbije, \u0161to potvr?uje internacionalni karakter i zna?aj ove manifestacije koja je ove godine blagovremenije organizovana, zaklju?io je vlasnik &#8220;\u0160kodra&#8221; agencije iz Skadra.<br \/>\nUz izlaga?e realizacijom ove manifestacije zadovoljni su i doma?ini. Rajko Bujkovi?, izvr\u0161ni direktor Jadranskog sajma istakao je da je ovo bila najuspje\u0161nija berza do sada organizovana u Budvi.<br \/>\n&#8211; Svi programi, kojih je bilo vi\u0161e nego ikad, uspje\u0161no su realizovani. Sve \u0161to se doga?alo na ovom susretu turisti?ke ponude i tra\u017enje iz 11 dr\u017eava potvrdilo je opravdanost pomjeranja termina odr\u017eavanja METUBES-a, \u0161to je nai\u0161lo na odobravanje, pa i odu\u0161evljenje svih u?esnika. Imali smo posebno dobru posjetu profesionalaca iz regiona \u0161to je od naro?itog zna?aja za nas, kazao je Bujkovi?, naglasiv\u0161i da METUBES sve vi\u0161e postaje epicentar susreta i dogovaranja kreatora turisti?kih tokova, ne samo sa podru?ja Crne Gore, ve? i ?itavog regiona. To su potvrdili i brojni skupovi i njihova posje?enost, uprkos tome \u0161to su se svih dana berze i sajma paralelno odr\u017eavale brojne prezentacije, nau?ni skupovi, okrugli stolovi i razna takmi?enja&#8230;<\/p>\n<p align=\"justify\">Duplo vi\u0161e turista iz Rusije<\/p>\n<p align=\"justify\">Savica Marti?, rukovodilac predstavni\u0161tva &#8220;R-tursa&#8221; iz Moskve u Crnoj Gori na kraju budvanskog sajma i berze nije krila zadovoljstvo i osjetno ve?i optimizam nego svih godina ranije iako je prethodnih godina bila u prilici da najavljuje zna?ajno pove?anje poslova u novoj sezoni.<br \/>\n&#8211; Pro\u0161le godine iz Rusije i drugih zemalja biv\u0161eg SSSR posredstvom &#8220;R-tursa&#8221; u Crnoj Gori je boravilo vi\u0161e od sto hiljada turista. U 2008. sude?i po do sada sklopljenim ugovorima mogu najaviti novi rekord. Usu?ujem se re?i da ?e se ta brojka ove godine skoro udvostru?iti, saop\u0161tila je gospo?a Marti? i dodala da ?e ovoga ljeta turiste u Crnu Goru ovaj renomirani turoperator prevoziti avionima ruskih kompanija i &#8220;Montenegroerlajnza&#8221;. Na\u0161i ?arteri ?e, kao i lani, letjeti iz Moskve, Sant Petersburga, Kijeva i Minska, a bi?e i nove destinacije Jekaterinburg, Voronje\u017e&#8230; Mi ?emo u?initi sve da svaki na\u0161 turista bude zadovoljan, a na optimizam da ?e na\u0161i gosti biti zadovoljniji navodi nas i pripremljenost na\u0161ih partnera koji su zna?ajno osvje\u017eili svoju ponudu.<\/p>\n<p><em><\/p>\n<p align=\"right\">Nikola Perkovi?<\/p>\n<p><\/em><\/p>\n<p align=\"justify\">www.pobjeda.cg.yu\/<\/p>\n","protected":false},"excerpt":{"rendered":"<p><img loading=\"lazy\" border=\"0\" align=\"left\" width=\"140\" src=\"http:\/\/www.visit-ulcinj.com\/blog\/wp-content\/uploads\/2008\/02\/logo_turizam_b.jpg\" height=\"140\"\/><\/p>\n","protected":false},"author":1,"featured_media":0,"comment_status":"open","ping_status":"closed","sticky":false,"template":"","format":"standard","meta":{"spay_email":"","jetpack_publicize_message":"","jetpack_is_tweetstorm":false,"jetpack_publicize_feature_enabled":true},"categories":[15],"tags":[1525,1550,810,20,1519,1340,1531,1552,1421,1339,1515,1393,1338,1337,1553,1517,1530,1514,1516,1430,1445,1348,1549,1336,1335,1419,252,1551,516,1518,1334,1548],"jetpack_publicize_connections":[],"yoast_head":"<!-- This site is optimized with the Yoast SEO plugin v19.1 - https:\/\/yoast.com\/wordpress\/plugins\/seo\/ -->\n<title>Sti\u017ee &quot;vrela&quot; sezona u Crnu Goru - Lajme nga Ulqini<\/title>\n<meta name=\"robots\" content=\"index, follow, max-snippet:-1, max-image-preview:large, max-video-preview:-1\" \/>\n<link rel=\"canonical\" href=\"https:\/\/www.visit-ulcinj.com\/blog\/2008\/02\/15\/stize-vrela-sezona-u-crnu-goru\/\" \/>\n<meta property=\"og:locale\" content=\"en_US\" \/>\n<meta property=\"og:type\" content=\"article\" \/>\n<meta property=\"og:title\" content=\"Sti\u017ee &quot;vrela&quot; sezona u Crnu Goru - Lajme nga Ulqini\" \/>\n<meta property=\"og:url\" content=\"https:\/\/www.visit-ulcinj.com\/blog\/2008\/02\/15\/stize-vrela-sezona-u-crnu-goru\/\" \/>\n<meta property=\"og:site_name\" content=\"Lajme nga Ulqini\" \/>\n<meta property=\"article:published_time\" content=\"2008-02-15T17:17:35+00:00\" \/>\n<meta property=\"article:modified_time\" content=\"2008-02-16T18:43:38+00:00\" \/>\n<meta property=\"og:image\" content=\"http:\/\/www.visit-ulcinj.com\/blog\/wp-content\/uploads\/2008\/02\/logo_turizam_b.jpg\" \/>\n<meta name=\"twitter:label1\" content=\"Written by\" \/>\n\t<meta name=\"twitter:data1\" content=\"ulqini\" \/>\n\t<meta name=\"twitter:label2\" content=\"Est. reading time\" \/>\n\t<meta name=\"twitter:data2\" content=\"5 minutes\" \/>\n<script type=\"application\/ld+json\" class=\"yoast-schema-graph\">{\"@context\":\"https:\/\/schema.org\",\"@graph\":[{\"@type\":\"WebSite\",\"@id\":\"https:\/\/www.visit-ulcinj.com\/blog\/#website\",\"url\":\"https:\/\/www.visit-ulcinj.com\/blog\/\",\"name\":\"Lajme nga Ulqini\",\"description\":\"Lajme,Vijesti,Ulqini,Ulqin,Crna Gora,Mali i Zi\",\"potentialAction\":[{\"@type\":\"SearchAction\",\"target\":{\"@type\":\"EntryPoint\",\"urlTemplate\":\"https:\/\/www.visit-ulcinj.com\/blog\/?s={search_term_string}\"},\"query-input\":\"required name=search_term_string\"}],\"inLanguage\":\"en-US\"},{\"@type\":\"ImageObject\",\"inLanguage\":\"en-US\",\"@id\":\"https:\/\/www.visit-ulcinj.com\/blog\/2008\/02\/15\/stize-vrela-sezona-u-crnu-goru\/#primaryimage\",\"url\":\"http:\/\/www.visit-ulcinj.com\/blog\/wp-content\/uploads\/2008\/02\/logo_turizam_b.jpg\",\"contentUrl\":\"http:\/\/www.visit-ulcinj.com\/blog\/wp-content\/uploads\/2008\/02\/logo_turizam_b.jpg\"},{\"@type\":\"WebPage\",\"@id\":\"https:\/\/www.visit-ulcinj.com\/blog\/2008\/02\/15\/stize-vrela-sezona-u-crnu-goru\/#webpage\",\"url\":\"https:\/\/www.visit-ulcinj.com\/blog\/2008\/02\/15\/stize-vrela-sezona-u-crnu-goru\/\",\"name\":\"Sti\u017ee \\\"vrela\\\" sezona u Crnu Goru - Lajme nga Ulqini\",\"isPartOf\":{\"@id\":\"https:\/\/www.visit-ulcinj.com\/blog\/#website\"},\"primaryImageOfPage\":{\"@id\":\"https:\/\/www.visit-ulcinj.com\/blog\/2008\/02\/15\/stize-vrela-sezona-u-crnu-goru\/#primaryimage\"},\"datePublished\":\"2008-02-15T17:17:35+00:00\",\"dateModified\":\"2008-02-16T18:43:38+00:00\",\"author\":{\"@id\":\"https:\/\/www.visit-ulcinj.com\/blog\/#\/schema\/person\/dcab619c614d3038751c63bc2aadc06d\"},\"breadcrumb\":{\"@id\":\"https:\/\/www.visit-ulcinj.com\/blog\/2008\/02\/15\/stize-vrela-sezona-u-crnu-goru\/#breadcrumb\"},\"inLanguage\":\"en-US\",\"potentialAction\":[{\"@type\":\"ReadAction\",\"target\":[\"https:\/\/www.visit-ulcinj.com\/blog\/2008\/02\/15\/stize-vrela-sezona-u-crnu-goru\/\"]}]},{\"@type\":\"BreadcrumbList\",\"@id\":\"https:\/\/www.visit-ulcinj.com\/blog\/2008\/02\/15\/stize-vrela-sezona-u-crnu-goru\/#breadcrumb\",\"itemListElement\":[{\"@type\":\"ListItem\",\"position\":1,\"name\":\"Sti\u017ee &#8220;vrela&#8221; sezona u Crnu Goru\"}]},{\"@type\":\"Person\",\"@id\":\"https:\/\/www.visit-ulcinj.com\/blog\/#\/schema\/person\/dcab619c614d3038751c63bc2aadc06d\",\"name\":\"ulqini\",\"sameAs\":[\"http:\/\/www.visit-ulcinj.com\"],\"url\":\"https:\/\/www.visit-ulcinj.com\/blog\/author\/admin\/\"}]}<\/script>\n<!-- \/ Yoast SEO plugin. -->","yoast_head_json":{"title":"Sti\u017ee \"vrela\" sezona u Crnu Goru - Lajme nga Ulqini","robots":{"index":"index","follow":"follow","max-snippet":"max-snippet:-1","max-image-preview":"max-image-preview:large","max-video-preview":"max-video-preview:-1"},"canonical":"https:\/\/www.visit-ulcinj.com\/blog\/2008\/02\/15\/stize-vrela-sezona-u-crnu-goru\/","og_locale":"en_US","og_type":"article","og_title":"Sti\u017ee \"vrela\" sezona u Crnu Goru - Lajme nga Ulqini","og_url":"https:\/\/www.visit-ulcinj.com\/blog\/2008\/02\/15\/stize-vrela-sezona-u-crnu-goru\/","og_site_name":"Lajme nga Ulqini","article_published_time":"2008-02-15T17:17:35+00:00","article_modified_time":"2008-02-16T18:43:38+00:00","og_image":[{"url":"http:\/\/www.visit-ulcinj.com\/blog\/wp-content\/uploads\/2008\/02\/logo_turizam_b.jpg"}],"twitter_misc":{"Written by":"ulqini","Est. reading time":"5 minutes"},"schema":{"@context":"https:\/\/schema.org","@graph":[{"@type":"WebSite","@id":"https:\/\/www.visit-ulcinj.com\/blog\/#website","url":"https:\/\/www.visit-ulcinj.com\/blog\/","name":"Lajme nga Ulqini","description":"Lajme,Vijesti,Ulqini,Ulqin,Crna Gora,Mali i Zi","potentialAction":[{"@type":"SearchAction","target":{"@type":"EntryPoint","urlTemplate":"https:\/\/www.visit-ulcinj.com\/blog\/?s={search_term_string}"},"query-input":"required name=search_term_string"}],"inLanguage":"en-US"},{"@type":"ImageObject","inLanguage":"en-US","@id":"https:\/\/www.visit-ulcinj.com\/blog\/2008\/02\/15\/stize-vrela-sezona-u-crnu-goru\/#primaryimage","url":"http:\/\/www.visit-ulcinj.com\/blog\/wp-content\/uploads\/2008\/02\/logo_turizam_b.jpg","contentUrl":"http:\/\/www.visit-ulcinj.com\/blog\/wp-content\/uploads\/2008\/02\/logo_turizam_b.jpg"},{"@type":"WebPage","@id":"https:\/\/www.visit-ulcinj.com\/blog\/2008\/02\/15\/stize-vrela-sezona-u-crnu-goru\/#webpage","url":"https:\/\/www.visit-ulcinj.com\/blog\/2008\/02\/15\/stize-vrela-sezona-u-crnu-goru\/","name":"Sti\u017ee \"vrela\" sezona u Crnu Goru - Lajme nga Ulqini","isPartOf":{"@id":"https:\/\/www.visit-ulcinj.com\/blog\/#website"},"primaryImageOfPage":{"@id":"https:\/\/www.visit-ulcinj.com\/blog\/2008\/02\/15\/stize-vrela-sezona-u-crnu-goru\/#primaryimage"},"datePublished":"2008-02-15T17:17:35+00:00","dateModified":"2008-02-16T18:43:38+00:00","author":{"@id":"https:\/\/www.visit-ulcinj.com\/blog\/#\/schema\/person\/dcab619c614d3038751c63bc2aadc06d"},"breadcrumb":{"@id":"https:\/\/www.visit-ulcinj.com\/blog\/2008\/02\/15\/stize-vrela-sezona-u-crnu-goru\/#breadcrumb"},"inLanguage":"en-US","potentialAction":[{"@type":"ReadAction","target":["https:\/\/www.visit-ulcinj.com\/blog\/2008\/02\/15\/stize-vrela-sezona-u-crnu-goru\/"]}]},{"@type":"BreadcrumbList","@id":"https:\/\/www.visit-ulcinj.com\/blog\/2008\/02\/15\/stize-vrela-sezona-u-crnu-goru\/#breadcrumb","itemListElement":[{"@type":"ListItem","position":1,"name":"Sti\u017ee &#8220;vrela&#8221; sezona u Crnu Goru"}]},{"@type":"Person","@id":"https:\/\/www.visit-ulcinj.com\/blog\/#\/schema\/person\/dcab619c614d3038751c63bc2aadc06d","name":"ulqini","sameAs":["http:\/\/www.visit-ulcinj.com"],"url":"https:\/\/www.visit-ulcinj.com\/blog\/author\/admin\/"}]}},"jetpack_featured_media_url":"","jetpack_sharing_enabled":true,"jetpack_shortlink":"https:\/\/wp.me\/pe6lTn-8v","_links":{"self":[{"href":"https:\/\/www.visit-ulcinj.com\/blog\/wp-json\/wp\/v2\/posts\/527"}],"collection":[{"href":"https:\/\/www.visit-ulcinj.com\/blog\/wp-json\/wp\/v2\/posts"}],"about":[{"href":"https:\/\/www.visit-ulcinj.com\/blog\/wp-json\/wp\/v2\/types\/post"}],"author":[{"embeddable":true,"href":"https:\/\/www.visit-ulcinj.com\/blog\/wp-json\/wp\/v2\/users\/1"}],"replies":[{"embeddable":true,"href":"https:\/\/www.visit-ulcinj.com\/blog\/wp-json\/wp\/v2\/comments?post=527"}],"version-history":[{"count":0,"href":"https:\/\/www.visit-ulcinj.com\/blog\/wp-json\/wp\/v2\/posts\/527\/revisions"}],"wp:attachment":[{"href":"https:\/\/www.visit-ulcinj.com\/blog\/wp-json\/wp\/v2\/media?parent=527"}],"wp:term":[{"taxonomy":"category","embeddable":true,"href":"https:\/\/www.visit-ulcinj.com\/blog\/wp-json\/wp\/v2\/categories?post=527"},{"taxonomy":"post_tag","embeddable":true,"href":"https:\/\/www.visit-ulcinj.com\/blog\/wp-json\/wp\/v2\/tags?post=527"}],"curies":[{"name":"wp","href":"https:\/\/api.w.org\/{rel}","templated":true}]}}