{"id":52717,"date":"2011-11-03T18:43:41","date_gmt":"2011-11-03T17:43:41","guid":{"rendered":"http:\/\/www.visit-ulcinj.com\/blog\/?p=52717"},"modified":"2011-11-03T18:43:41","modified_gmt":"2011-11-03T17:43:41","slug":"sinishtaj-deputetet-shqiptare-mund-te-bojkotojne-punen-e-parlamentit","status":"publish","type":"post","link":"https:\/\/www.visit-ulcinj.com\/blog\/2011\/11\/03\/sinishtaj-deputetet-shqiptare-mund-te-bojkotojne-punen-e-parlamentit\/","title":{"rendered":"Sinishtaj: Deputet\u00ebt shqiptar\u00eb mund t\u00eb bojkotojn\u00eb pun\u00ebn e parlamentit"},"content":{"rendered":"<p><a href=\"http:\/\/www.visit-ulcinj.com\/blog\/wp-content\/uploads\/2011\/11\/Vasel-Sinishtaj.1.jpg\"><img loading=\"lazy\" class=\"alignleft size-full wp-image-52718\" title=\"Vasel-Sinishtaj.1\" src=\"http:\/\/www.visit-ulcinj.com\/blog\/wp-content\/uploads\/2011\/11\/Vasel-Sinishtaj.1.jpg\" alt=\"\" width=\"508\" height=\"380\" srcset=\"https:\/\/www.visit-ulcinj.com\/blog\/wp-content\/uploads\/2011\/11\/Vasel-Sinishtaj.1.jpg 800w, https:\/\/www.visit-ulcinj.com\/blog\/wp-content\/uploads\/2011\/11\/Vasel-Sinishtaj.1-300x225.jpg 300w\" sizes=\"(max-width: 508px) 100vw, 508px\" \/><\/a>Deputet\u00ebt shqiptar\u00eb mund t\u00eb bojkotojn\u00eb pun\u00ebn e parlamentit pas vendimit t\u00eb kuvendit q\u00eb t\u00eb refuzoj\u00eb amendamentet n\u00eb ligjin p\u00ebr organizimin territorial t\u00eb cilat kan\u00eb parapar\u00eb formimin e komunave t\u00eb reja n\u00eb Mal t\u00eb Zi, ka theksuar deputeti i Klubit t\u00eb partive shqiptare Vasel Sinishtaj.<\/p>\n<p>T\u00eb p\u00ebrkujtojm\u00eb se jan\u00eb refuzuar amendamentet e deputet\u00ebve t\u00eb Partis\u00eb boshnjake dhe t\u00eb partive shqiptare si dhe t\u00eb PSP dhe t\u00eb Demokracis\u00eb s\u00eb re serbe q\u00eb Petnica, Gucia, Tuzi, Gollubovci, Grbli , Sutomora dhe Petrovci t\u00eb fitojn\u00eb statusin e Komun\u00ebs. Sinishtaj konsideron se pas k\u00ebtij vendimi shqiptar\u00ebt n\u00eb Mal t\u00eb Zi duhet t\u00eb marrin q\u00ebndrim tjet\u00ebr. Sinishtaj ka theksuar se p\u00ebrfaq\u00ebsuesit e shqiptar\u00ebve gjendjen reale do t&#8217;ia prezantojn\u00eb Bashk\u00ebsis\u00eb nd\u00ebrkomb\u00ebtare duke theksuar se u jan\u00eb marr t\u00eb drejtat e arritura dhe t\u00eb garantuara me Kushtetut\u00eb.<\/p>\n<p>Pushteti nuk duhet t\u00eb ket\u00eb frik\u00eb por duhet ti ndihmoj\u00eb banor\u00ebt n\u00eb formimin e Komunave t\u00eb reja , ka vler\u00ebsuar deputeti i Partis\u00eb boshnjake Kemall Purishiq. Purishiq ka theksuar se e drejta n\u00eb vet\u00ebqeverisjen lokale \u00ebsht\u00eb nj\u00ebra prej t\u00eb drejtave elementare njer\u00ebzore dhe e garantuar me Kushtetut\u00eb dhe me Kart\u00ebn evropiane p\u00ebr vet\u00ebqeverisjen lokale.<\/p>\n<p><strong>TVCG<\/strong><\/p>\n","protected":false},"excerpt":{"rendered":"<p>Deputet\u00ebt shqiptar\u00eb mund t\u00eb bojkotojn\u00eb pun\u00ebn e parlamentit pas vendimit t\u00eb kuvendit q\u00eb t\u00eb refuzoj\u00eb amendamentet n\u00eb ligjin p\u00ebr organizimin territorial t\u00eb cilat kan\u00eb parapar\u00eb formimin e komunave t\u00eb reja n\u00eb Mal t\u00eb Zi, ka theksuar deputeti i Klubit t\u00eb partive shqiptare Vasel Sinishtaj. T\u00eb p\u00ebrkujtojm\u00eb se jan\u00eb refuzuar amendamentet e deputet\u00ebve t\u00eb Partis\u00eb boshnjake [&hellip;]<\/p>\n","protected":false},"author":1,"featured_media":0,"comment_status":"open","ping_status":"closed","sticky":false,"template":"","format":"standard","meta":{"spay_email":"","jetpack_publicize_message":"","jetpack_is_tweetstorm":false,"jetpack_publicize_feature_enabled":true},"categories":[14],"tags":[348],"jetpack_publicize_connections":[],"yoast_head":"<!-- This site is optimized with the Yoast SEO plugin v19.1 - https:\/\/yoast.com\/wordpress\/plugins\/seo\/ -->\n<title>Sinishtaj: Deputet\u00ebt shqiptar\u00eb mund t\u00eb bojkotojn\u00eb pun\u00ebn e parlamentit - Lajme nga Ulqini<\/title>\n<meta name=\"description\" content=\"Deputet\u00ebt shqiptar\u00eb mund t\u00eb bojkotojn\u00eb pun\u00ebn e parlamentit pas vendimit t\u00eb kuvendit q\u00eb t\u00eb refuzoj\u00eb amendamentet n\u00eb ligjin p\u00ebr organizimin territorial t\u00eb\" \/>\n<meta name=\"robots\" content=\"index, follow, max-snippet:-1, max-image-preview:large, max-video-preview:-1\" \/>\n<link rel=\"canonical\" href=\"https:\/\/www.visit-ulcinj.com\/blog\/2011\/11\/03\/sinishtaj-deputetet-shqiptare-mund-te-bojkotojne-punen-e-parlamentit\/\" \/>\n<meta property=\"og:locale\" content=\"en_US\" \/>\n<meta property=\"og:type\" content=\"article\" \/>\n<meta property=\"og:title\" content=\"Sinishtaj: Deputet\u00ebt shqiptar\u00eb mund t\u00eb bojkotojn\u00eb pun\u00ebn e parlamentit - Lajme nga Ulqini\" \/>\n<meta property=\"og:description\" content=\"Deputet\u00ebt shqiptar\u00eb mund t\u00eb bojkotojn\u00eb pun\u00ebn e parlamentit pas vendimit t\u00eb kuvendit q\u00eb t\u00eb refuzoj\u00eb amendamentet n\u00eb ligjin p\u00ebr organizimin territorial t\u00eb\" \/>\n<meta property=\"og:url\" content=\"https:\/\/www.visit-ulcinj.com\/blog\/2011\/11\/03\/sinishtaj-deputetet-shqiptare-mund-te-bojkotojne-punen-e-parlamentit\/\" \/>\n<meta property=\"og:site_name\" content=\"Lajme nga Ulqini\" \/>\n<meta property=\"article:published_time\" content=\"2011-11-03T17:43:41+00:00\" \/>\n<meta property=\"og:image\" content=\"http:\/\/www.visit-ulcinj.com\/blog\/wp-content\/uploads\/2011\/11\/Vasel-Sinishtaj.1.jpg\" \/>\n<meta name=\"twitter:label1\" content=\"Written by\" \/>\n\t<meta name=\"twitter:data1\" content=\"ulqini\" \/>\n\t<meta name=\"twitter:label2\" content=\"Est. reading time\" \/>\n\t<meta name=\"twitter:data2\" content=\"1 minute\" \/>\n<script type=\"application\/ld+json\" class=\"yoast-schema-graph\">{\"@context\":\"https:\/\/schema.org\",\"@graph\":[{\"@type\":\"WebSite\",\"@id\":\"https:\/\/www.visit-ulcinj.com\/blog\/#website\",\"url\":\"https:\/\/www.visit-ulcinj.com\/blog\/\",\"name\":\"Lajme nga Ulqini\",\"description\":\"Lajme,Vijesti,Ulqini,Ulqin,Crna Gora,Mali i Zi\",\"potentialAction\":[{\"@type\":\"SearchAction\",\"target\":{\"@type\":\"EntryPoint\",\"urlTemplate\":\"https:\/\/www.visit-ulcinj.com\/blog\/?s={search_term_string}\"},\"query-input\":\"required name=search_term_string\"}],\"inLanguage\":\"en-US\"},{\"@type\":\"ImageObject\",\"inLanguage\":\"en-US\",\"@id\":\"https:\/\/www.visit-ulcinj.com\/blog\/2011\/11\/03\/sinishtaj-deputetet-shqiptare-mund-te-bojkotojne-punen-e-parlamentit\/#primaryimage\",\"url\":\"https:\/\/www.visit-ulcinj.com\/blog\/wp-content\/uploads\/2011\/11\/Vasel-Sinishtaj.1.jpg\",\"contentUrl\":\"https:\/\/www.visit-ulcinj.com\/blog\/wp-content\/uploads\/2011\/11\/Vasel-Sinishtaj.1.jpg\",\"width\":\"800\",\"height\":\"600\"},{\"@type\":\"WebPage\",\"@id\":\"https:\/\/www.visit-ulcinj.com\/blog\/2011\/11\/03\/sinishtaj-deputetet-shqiptare-mund-te-bojkotojne-punen-e-parlamentit\/#webpage\",\"url\":\"https:\/\/www.visit-ulcinj.com\/blog\/2011\/11\/03\/sinishtaj-deputetet-shqiptare-mund-te-bojkotojne-punen-e-parlamentit\/\",\"name\":\"Sinishtaj: Deputet\u00ebt shqiptar\u00eb mund t\u00eb bojkotojn\u00eb pun\u00ebn e parlamentit - Lajme nga Ulqini\",\"isPartOf\":{\"@id\":\"https:\/\/www.visit-ulcinj.com\/blog\/#website\"},\"primaryImageOfPage\":{\"@id\":\"https:\/\/www.visit-ulcinj.com\/blog\/2011\/11\/03\/sinishtaj-deputetet-shqiptare-mund-te-bojkotojne-punen-e-parlamentit\/#primaryimage\"},\"datePublished\":\"2011-11-03T17:43:41+00:00\",\"dateModified\":\"2011-11-03T17:43:41+00:00\",\"author\":{\"@id\":\"https:\/\/www.visit-ulcinj.com\/blog\/#\/schema\/person\/dcab619c614d3038751c63bc2aadc06d\"},\"description\":\"Deputet\u00ebt shqiptar\u00eb mund t\u00eb bojkotojn\u00eb pun\u00ebn e parlamentit pas vendimit t\u00eb kuvendit q\u00eb t\u00eb refuzoj\u00eb amendamentet n\u00eb ligjin p\u00ebr organizimin territorial t\u00eb\",\"breadcrumb\":{\"@id\":\"https:\/\/www.visit-ulcinj.com\/blog\/2011\/11\/03\/sinishtaj-deputetet-shqiptare-mund-te-bojkotojne-punen-e-parlamentit\/#breadcrumb\"},\"inLanguage\":\"en-US\",\"potentialAction\":[{\"@type\":\"ReadAction\",\"target\":[\"https:\/\/www.visit-ulcinj.com\/blog\/2011\/11\/03\/sinishtaj-deputetet-shqiptare-mund-te-bojkotojne-punen-e-parlamentit\/\"]}]},{\"@type\":\"BreadcrumbList\",\"@id\":\"https:\/\/www.visit-ulcinj.com\/blog\/2011\/11\/03\/sinishtaj-deputetet-shqiptare-mund-te-bojkotojne-punen-e-parlamentit\/#breadcrumb\",\"itemListElement\":[{\"@type\":\"ListItem\",\"position\":1,\"name\":\"Sinishtaj: Deputet\u00ebt shqiptar\u00eb mund t\u00eb bojkotojn\u00eb pun\u00ebn e parlamentit\"}]},{\"@type\":\"Person\",\"@id\":\"https:\/\/www.visit-ulcinj.com\/blog\/#\/schema\/person\/dcab619c614d3038751c63bc2aadc06d\",\"name\":\"ulqini\",\"sameAs\":[\"http:\/\/www.visit-ulcinj.com\"],\"url\":\"https:\/\/www.visit-ulcinj.com\/blog\/author\/admin\/\"}]}<\/script>\n<!-- \/ Yoast SEO plugin. -->","yoast_head_json":{"title":"Sinishtaj: Deputet\u00ebt shqiptar\u00eb mund t\u00eb bojkotojn\u00eb pun\u00ebn e parlamentit - Lajme nga Ulqini","description":"Deputet\u00ebt shqiptar\u00eb mund t\u00eb bojkotojn\u00eb pun\u00ebn e parlamentit pas vendimit t\u00eb kuvendit q\u00eb t\u00eb refuzoj\u00eb amendamentet n\u00eb ligjin p\u00ebr organizimin territorial t\u00eb","robots":{"index":"index","follow":"follow","max-snippet":"max-snippet:-1","max-image-preview":"max-image-preview:large","max-video-preview":"max-video-preview:-1"},"canonical":"https:\/\/www.visit-ulcinj.com\/blog\/2011\/11\/03\/sinishtaj-deputetet-shqiptare-mund-te-bojkotojne-punen-e-parlamentit\/","og_locale":"en_US","og_type":"article","og_title":"Sinishtaj: Deputet\u00ebt shqiptar\u00eb mund t\u00eb bojkotojn\u00eb pun\u00ebn e parlamentit - Lajme nga Ulqini","og_description":"Deputet\u00ebt shqiptar\u00eb mund t\u00eb bojkotojn\u00eb pun\u00ebn e parlamentit pas vendimit t\u00eb kuvendit q\u00eb t\u00eb refuzoj\u00eb amendamentet n\u00eb ligjin p\u00ebr organizimin territorial t\u00eb","og_url":"https:\/\/www.visit-ulcinj.com\/blog\/2011\/11\/03\/sinishtaj-deputetet-shqiptare-mund-te-bojkotojne-punen-e-parlamentit\/","og_site_name":"Lajme nga Ulqini","article_published_time":"2011-11-03T17:43:41+00:00","og_image":[{"url":"http:\/\/www.visit-ulcinj.com\/blog\/wp-content\/uploads\/2011\/11\/Vasel-Sinishtaj.1.jpg"}],"twitter_misc":{"Written by":"ulqini","Est. reading time":"1 minute"},"schema":{"@context":"https:\/\/schema.org","@graph":[{"@type":"WebSite","@id":"https:\/\/www.visit-ulcinj.com\/blog\/#website","url":"https:\/\/www.visit-ulcinj.com\/blog\/","name":"Lajme nga Ulqini","description":"Lajme,Vijesti,Ulqini,Ulqin,Crna Gora,Mali i Zi","potentialAction":[{"@type":"SearchAction","target":{"@type":"EntryPoint","urlTemplate":"https:\/\/www.visit-ulcinj.com\/blog\/?s={search_term_string}"},"query-input":"required name=search_term_string"}],"inLanguage":"en-US"},{"@type":"ImageObject","inLanguage":"en-US","@id":"https:\/\/www.visit-ulcinj.com\/blog\/2011\/11\/03\/sinishtaj-deputetet-shqiptare-mund-te-bojkotojne-punen-e-parlamentit\/#primaryimage","url":"https:\/\/www.visit-ulcinj.com\/blog\/wp-content\/uploads\/2011\/11\/Vasel-Sinishtaj.1.jpg","contentUrl":"https:\/\/www.visit-ulcinj.com\/blog\/wp-content\/uploads\/2011\/11\/Vasel-Sinishtaj.1.jpg","width":"800","height":"600"},{"@type":"WebPage","@id":"https:\/\/www.visit-ulcinj.com\/blog\/2011\/11\/03\/sinishtaj-deputetet-shqiptare-mund-te-bojkotojne-punen-e-parlamentit\/#webpage","url":"https:\/\/www.visit-ulcinj.com\/blog\/2011\/11\/03\/sinishtaj-deputetet-shqiptare-mund-te-bojkotojne-punen-e-parlamentit\/","name":"Sinishtaj: Deputet\u00ebt shqiptar\u00eb mund t\u00eb bojkotojn\u00eb pun\u00ebn e parlamentit - Lajme nga Ulqini","isPartOf":{"@id":"https:\/\/www.visit-ulcinj.com\/blog\/#website"},"primaryImageOfPage":{"@id":"https:\/\/www.visit-ulcinj.com\/blog\/2011\/11\/03\/sinishtaj-deputetet-shqiptare-mund-te-bojkotojne-punen-e-parlamentit\/#primaryimage"},"datePublished":"2011-11-03T17:43:41+00:00","dateModified":"2011-11-03T17:43:41+00:00","author":{"@id":"https:\/\/www.visit-ulcinj.com\/blog\/#\/schema\/person\/dcab619c614d3038751c63bc2aadc06d"},"description":"Deputet\u00ebt shqiptar\u00eb mund t\u00eb bojkotojn\u00eb pun\u00ebn e parlamentit pas vendimit t\u00eb kuvendit q\u00eb t\u00eb refuzoj\u00eb amendamentet n\u00eb ligjin p\u00ebr organizimin territorial t\u00eb","breadcrumb":{"@id":"https:\/\/www.visit-ulcinj.com\/blog\/2011\/11\/03\/sinishtaj-deputetet-shqiptare-mund-te-bojkotojne-punen-e-parlamentit\/#breadcrumb"},"inLanguage":"en-US","potentialAction":[{"@type":"ReadAction","target":["https:\/\/www.visit-ulcinj.com\/blog\/2011\/11\/03\/sinishtaj-deputetet-shqiptare-mund-te-bojkotojne-punen-e-parlamentit\/"]}]},{"@type":"BreadcrumbList","@id":"https:\/\/www.visit-ulcinj.com\/blog\/2011\/11\/03\/sinishtaj-deputetet-shqiptare-mund-te-bojkotojne-punen-e-parlamentit\/#breadcrumb","itemListElement":[{"@type":"ListItem","position":1,"name":"Sinishtaj: Deputet\u00ebt shqiptar\u00eb mund t\u00eb bojkotojn\u00eb pun\u00ebn e parlamentit"}]},{"@type":"Person","@id":"https:\/\/www.visit-ulcinj.com\/blog\/#\/schema\/person\/dcab619c614d3038751c63bc2aadc06d","name":"ulqini","sameAs":["http:\/\/www.visit-ulcinj.com"],"url":"https:\/\/www.visit-ulcinj.com\/blog\/author\/admin\/"}]}},"jetpack_featured_media_url":"","jetpack_sharing_enabled":true,"jetpack_shortlink":"https:\/\/wp.me\/pe6lTn-dIh","_links":{"self":[{"href":"https:\/\/www.visit-ulcinj.com\/blog\/wp-json\/wp\/v2\/posts\/52717"}],"collection":[{"href":"https:\/\/www.visit-ulcinj.com\/blog\/wp-json\/wp\/v2\/posts"}],"about":[{"href":"https:\/\/www.visit-ulcinj.com\/blog\/wp-json\/wp\/v2\/types\/post"}],"author":[{"embeddable":true,"href":"https:\/\/www.visit-ulcinj.com\/blog\/wp-json\/wp\/v2\/users\/1"}],"replies":[{"embeddable":true,"href":"https:\/\/www.visit-ulcinj.com\/blog\/wp-json\/wp\/v2\/comments?post=52717"}],"version-history":[{"count":1,"href":"https:\/\/www.visit-ulcinj.com\/blog\/wp-json\/wp\/v2\/posts\/52717\/revisions"}],"predecessor-version":[{"id":52719,"href":"https:\/\/www.visit-ulcinj.com\/blog\/wp-json\/wp\/v2\/posts\/52717\/revisions\/52719"}],"wp:attachment":[{"href":"https:\/\/www.visit-ulcinj.com\/blog\/wp-json\/wp\/v2\/media?parent=52717"}],"wp:term":[{"taxonomy":"category","embeddable":true,"href":"https:\/\/www.visit-ulcinj.com\/blog\/wp-json\/wp\/v2\/categories?post=52717"},{"taxonomy":"post_tag","embeddable":true,"href":"https:\/\/www.visit-ulcinj.com\/blog\/wp-json\/wp\/v2\/tags?post=52717"}],"curies":[{"name":"wp","href":"https:\/\/api.w.org\/{rel}","templated":true}]}}