{"id":52734,"date":"2011-11-03T19:35:00","date_gmt":"2011-11-03T18:35:00","guid":{"rendered":"http:\/\/www.visit-ulcinj.com\/blog\/?p=52734"},"modified":"2011-11-04T08:41:07","modified_gmt":"2011-11-04T07:41:07","slug":"revista-dija-sofer-e-gjithe-shqiptareve-video","status":"publish","type":"post","link":"https:\/\/www.visit-ulcinj.com\/blog\/2011\/11\/03\/revista-dija-sofer-e-gjithe-shqiptareve-video\/","title":{"rendered":"Revista &#8221;Dija&#8221; &#8211; sof\u00ebr e gjith\u00eb shqiptar\u00ebve &#8211; Video"},"content":{"rendered":"<p><strong><a href=\"http:\/\/www.visit-ulcinj.com\/blog\/wp-content\/uploads\/2011\/11\/REVISTA-DIJA.jpg\"><img loading=\"lazy\" class=\"alignleft size-full wp-image-52735\" title=\"REVISTA DIJA\" src=\"http:\/\/www.visit-ulcinj.com\/blog\/wp-content\/uploads\/2011\/11\/REVISTA-DIJA.jpg\" alt=\"\" width=\"490\" height=\"370\" srcset=\"https:\/\/www.visit-ulcinj.com\/blog\/wp-content\/uploads\/2011\/11\/REVISTA-DIJA.jpg 490w, https:\/\/www.visit-ulcinj.com\/blog\/wp-content\/uploads\/2011\/11\/REVISTA-DIJA-300x226.jpg 300w\" sizes=\"(max-width: 490px) 100vw, 490px\" \/><\/a>Vet\u00eb emrat e autor\u00ebve t\u00eb njohur shqiptar\u00eb nga Mali i Zi\u00a0\u00a0 Kosova, Shqip\u00ebria,Maqedonia, Arb\u00ebresh\u00ebt e Italis\u00eb dhe\u00a0 diaspora shqiptare si: Anton Nik\u00eb Berisha, Fran\u00e7esko Altimari, Emil Lafe, Ilijaz Gogaj, G\u00ebzim Uru\u00e7i, Avzi Mustafa, Bahri Brisku,Maksut Haxibrahimi, Ali Llunji, Hajro Ulqinaku, Anton Goj\u00e7aj, Gjek\u00eb Marinaj, Andrej Nikollaidis etj.), temat, idet\u00eb, preokupimet\u00a0 q\u00eb qarkullojn\u00eb n\u00eb k\u00ebt\u00eb num\u00ebr\u00a0\u00a0 jan\u00eb vlera t\u00eb q\u00ebndrueshme artistike\u00a0 t\u00eb cilat\u00a0 jan\u00eb ushqimi m\u00eb i mir\u00eb shpirt\u00ebror i popullit ton\u00eb\u00a0 arsimdash\u00ebs, sepse ato\u00a0 jan\u00eb burim\u00a0 dije p\u00ebr brezin e ri dhe frym\u00ebzim p\u00ebr autor\u00ebt\u00a0 e rinj.<\/strong><\/p>\n<p>Nga Gjek\u00eb Gjonaj<br \/>\nBashkimi i Krijuesve Shqiptar\u00eb n\u00eb Malin e Zi pak dit\u00eb m\u00eb par\u00eb\u00a0 botoi\u00a0 numrin\u00a0 8\/9 t\u00eb revist\u00ebs \u201c Dija\u201d, fal\u00eb nj\u00eb\u00a0 bashk\u00ebpunimi t\u00eb shk\u00eblqyesh\u00ebm\u00a0 me figurat\u00a0 eminente t\u00eb\u00a0 let\u00ebrsis\u00eb dhe kultur\u00ebs shqiptare, t\u00eb cil\u00ebt e duan dhe e mb\u00ebshtesin k\u00ebt\u00eb revist\u00eb n\u00eb misoinin e saj.\u00a0 Ky num\u00ebr, i udh\u00ebhequr nga nj\u00eb p\u00ebrb\u00ebrje e re\u00a0 e redaksis\u00eb , pjesa m\u00eb e madhe e t\u00eb cil\u00ebve jan\u00eb me tituj t\u00eb lart\u00eb shkencor, p\u00ebrmab matertiale nga let\u00ebrsia shqipe dhe malazeze. Mbrenda nj\u00eb hap\u00ebsire prej 311 faqesh\u00a0 jan\u00eb p\u00ebrfshir\u00eb 22 autor\u00eb t\u00eb njohur shqiptar\u00eb nga t\u00eb gjitha trevat shqiptare, n\u00eb mesin e t\u00eb cil\u00ebve\u00a0 9 nga Mali i Zi dhe 1 autor malazez,\u00a0 p\u00ebrkat\u00ebsisht: 8\u00a0 autor\u00eb me\u00a0 studime, 5\u00a0 me v\u00ebshtrime letrare,\u00a0 3\u00a0\u00a0 me punime\u00a0 nga fusha e historis\u00eb,\u00a0 3 nga fusha e let\u00ebrsis\u00eb artistike, 2 nga fusha e mjek\u00ebsis\u00eb,\u00a0 nj\u00eb me dram\u00eb p\u00ebr f\u00ebmij\u00eb e t\u00eb rritur, nj\u00eb me poezi,\u00a0 nj\u00eb me folklor dhe nj\u00eb me proz\u00eb\u00a0 t\u00eb p\u00ebrkthyer bashk\u00ebkoh\u00ebse malazeze.<\/p>\n<p>Vet\u00eb emrat e autor\u00ebve t\u00eb njohur shqiptar\u00eb nga Mali i Zi\u00a0\u00a0 Kosova, Shqip\u00ebria,Maqedonia, Arb\u00ebresh\u00ebt e Italis\u00eb dhe\u00a0 diaspora shqiptare si: Anton Nik\u00eb Berisha, Fran\u00e7esko Altimari, Emil Lafe, Ilijaz Gogaj, G\u00ebzim Uru\u00e7i, Avzi Mustafa, Bahri Brisku,Maksut Haxibrahimi, Ali Llunji, Hajro Ulqinaku, Anton Goj\u00e7aj, Gjek\u00eb Marinaj,Andrej Nikollaidis etj.), temat, idet\u00eb, preokupimet\u00a0 q\u00eb qarkullojn\u00eb n\u00eb k\u00ebt\u00eb num\u00ebr\u00a0\u00a0 jan\u00eb vlera t\u00eb q\u00ebndrueshme artistike\u00a0 t\u00eb cilat\u00a0 jan\u00eb ushqimi m\u00eb i mir\u00eb shpirt\u00ebror i popullit ton\u00eb\u00a0 arsimdash\u00ebs, sepse ato\u00a0 jan\u00eb burim\u00a0 dije p\u00ebr brezin e ri dhe frym\u00ebzim p\u00ebr autor\u00ebt\u00a0 e rinj.<\/p>\n<p>N\u00eb komunikim me k\u00ebta emra t\u00eb\u00a0 njohur shqiptar\u00eb\u00a0\u00a0 t\u00eb fushave dhe interesimeve t\u00eb ndryshme, n\u00eb faz\u00ebn e\u00a0 p\u00ebrgatitjes s\u00eb l\u00ebnd\u00ebs p\u00ebr botim, kuptova se\u00a0 revista \u201e Dija\u201c gjat\u00eb rrug\u00ebtimit t\u00eb saj n\u00ebnt\u00ebvje\u00e7ar\u00eb ka b\u00ebr\u00eb em\u00ebr dhe\u00a0\u00a0 ka arritur t\u00eb krijoj\u00eb rrethin e vet t\u00eb lexuesve dhe dashamir\u00ebve n\u00eb hap\u00ebsir\u00ebn mbar\u00ebshqiptare. Krijuesit e shumt\u00eb nga Mali i Zi, Shqip\u00ebria, Kosova, Maqedonia, Arb\u00ebresh\u00ebt e Italis\u00eb dhe diaspora t\u00eb cil\u00ebt rregullisht e p\u00ebrcjellin\u00a0 botimin e k\u00ebsaj revist\u00eb\u00a0\u00a0\u00a0 shprehen shum\u00eb pozitivisht p\u00ebr vlerat q\u00eb ofron, pasi q\u00eb jan\u00eb t\u00eb bindur se\u00a0 kjo \u00ebsht\u00eb nd\u00ebr ato revista letrare\u00a0 q\u00eb i ka dyert e hapura p\u00ebr t\u00eb gjith\u00eb krijuesit e t\u00eb gjitha trevave shqiptare dhe u jep mund\u00ebsi t\u00eb gjith\u00ebve barabart\u00eb t\u00eb tregohen me krijimet e veta. Autor\u00ebt\u00a0 e shkrimeve t\u00eb bindur se\u00a0 kjo revist\u00eb\u00a0 provon t\u00eb kultivoj\u00eb fjal\u00ebn artistike, artin, shkenc\u00ebn dhe let\u00ebrsin\u00eb ton\u00eb\u00a0 iu\u00a0\u00a0 bashk\u00ebngjit\u00ebn\u00a0\u00a0 k\u00ebsaj sofre, ku kan\u00eb vcend t\u00eb gjith\u00eb pa marr\u00eb parasysh se ku jeton\u00eb e punojn\u00eb.\u00a0 Prandaj\u00a0 n\u00eb em\u00ebr t\u00eb Redaksis\u00eb dhe n\u00eb merin tim kam nderin\u00a0 t\u2019ju shpreh mir\u00ebnjohjen ton\u00eb t\u00eb thell\u00eb t\u00eb\u00a0 gjith\u00eb\u00a0 krijuesve shqiptar\u00eb q\u00eb\u00a0 edhe k\u00ebsaj her\u00eb si gjithmon\u00eb nga themelimi i revist\u00ebt na ofruan pa asnj\u00eb shp\u00ebrblim material, punimet e veta shkencore e letrare, me\u00a0 dashamir\u00ebsin\u00eb e madhe q\u00eb revista \u201e Dija\u201c\u00a0 t\u00eb vazhdoj\u00eb rrug\u00ebtimin e saj\u00a0 edhe n\u00eb k\u00ebto koh\u00eb, kur p\u00ebr fat t\u00eb keq\u00a0 \u00e7do prodhim\u00a0 n\u00eb treg, sado i vog\u00ebl qoft\u00eb,\u00a0 kushton m\u00eb shum\u00eb se sa\u00a0 prodhimi intelektual, pa t\u00eb cilin\u00a0 bota nuk do t\u00eb kishte kuptim.<\/p>\n<p>Ne sot jemi t\u00eb k\u00ebnaqur me rrjetin e bashk\u00ebpun\u00ebtor\u00ebve\u00a0 sikurse edhe\u00a0 me\u00a0 produktin ton\u00eb, pasi q\u00eb edhe lexuesit tan\u00eb shprehen t\u00eb\u00a0\u00a0 k\u00ebnaqur. Ata interesohen\u00a0 p\u00ebr k\u00ebt\u00eb revist\u00eb, e\u00a0 pasurojn\u00eb at\u00eb me shkrimet e tyre\u00a0 dhe\u00a0\u00a0 jan\u00eb lexues besnik.\u00a0 Kjo na\u00a0 jep vullnet, na nxit\u00a0\u00a0 e na\u00a0 obligon q\u00eb\u00a0 t\u00eb vazhdojm\u00eb me \u00e7do \u00e7mim k\u00ebt\u00eb pun\u00eb, duke mos lejuar\u00a0 n\u00eb asnj\u00eb m\u00ebnyr\u00eb\u00a0 shuarjen e revist\u00ebs. N\u00eb k\u00ebt\u00eb mision t\u00eb p\u00ebrbashk\u00ebt besojm\u00eb se do t\u00eb na bashkangjiten edhe institucionet vendore e q\u00ebndrore q\u00eb merren me kultur\u00eb.<\/p>\n<p><strong>Zemra shqiptare<br \/>\n<!--YouTube Error: bad URL entered--><br \/>\n<\/strong><\/p>\n","protected":false},"excerpt":{"rendered":"<p>Vet\u00eb emrat e autor\u00ebve t\u00eb njohur shqiptar\u00eb nga Mali i Zi\u00a0\u00a0 Kosova, Shqip\u00ebria,Maqedonia, Arb\u00ebresh\u00ebt e Italis\u00eb dhe\u00a0 diaspora shqiptare si: Anton Nik\u00eb Berisha, Fran\u00e7esko Altimari, Emil Lafe, Ilijaz Gogaj, G\u00ebzim Uru\u00e7i, Avzi Mustafa, Bahri Brisku,Maksut Haxibrahimi, Ali Llunji, Hajro Ulqinaku, Anton Goj\u00e7aj, Gjek\u00eb Marinaj, Andrej Nikollaidis etj.), temat, idet\u00eb, preokupimet\u00a0 q\u00eb qarkullojn\u00eb n\u00eb k\u00ebt\u00eb num\u00ebr\u00a0\u00a0 [&hellip;]<\/p>\n","protected":false},"author":1,"featured_media":0,"comment_status":"open","ping_status":"closed","sticky":false,"template":"","format":"standard","meta":{"spay_email":"","jetpack_publicize_message":"","jetpack_is_tweetstorm":false,"jetpack_publicize_feature_enabled":true},"categories":[13],"tags":[19230],"jetpack_publicize_connections":[],"yoast_head":"<!-- This site is optimized with the Yoast SEO plugin v19.1 - https:\/\/yoast.com\/wordpress\/plugins\/seo\/ -->\n<title>Revista &#039;&#039;Dija&#039;&#039; - sof\u00ebr e gjith\u00eb shqiptar\u00ebve - Video - Lajme nga Ulqini<\/title>\n<meta name=\"description\" content=\"Vet\u00eb emrat e autor\u00ebve t\u00eb njohur shqiptar\u00eb nga Mali i Zi\u00a0\u00a0 Kosova, Shqip\u00ebria,Maqedonia, Arb\u00ebresh\u00ebt e Italis\u00eb dhe\u00a0 diaspora shqiptare si: Anton Nik\u00eb\" \/>\n<meta name=\"robots\" content=\"index, follow, max-snippet:-1, max-image-preview:large, max-video-preview:-1\" \/>\n<link rel=\"canonical\" href=\"https:\/\/www.visit-ulcinj.com\/blog\/2011\/11\/03\/revista-dija-sofer-e-gjithe-shqiptareve-video\/\" \/>\n<meta property=\"og:locale\" content=\"en_US\" \/>\n<meta property=\"og:type\" content=\"article\" \/>\n<meta property=\"og:title\" content=\"Revista &#039;&#039;Dija&#039;&#039; - sof\u00ebr e gjith\u00eb shqiptar\u00ebve - Video - Lajme nga Ulqini\" \/>\n<meta property=\"og:description\" content=\"Vet\u00eb emrat e autor\u00ebve t\u00eb njohur shqiptar\u00eb nga Mali i Zi\u00a0\u00a0 Kosova, Shqip\u00ebria,Maqedonia, Arb\u00ebresh\u00ebt e Italis\u00eb dhe\u00a0 diaspora shqiptare si: Anton Nik\u00eb\" \/>\n<meta property=\"og:url\" content=\"https:\/\/www.visit-ulcinj.com\/blog\/2011\/11\/03\/revista-dija-sofer-e-gjithe-shqiptareve-video\/\" \/>\n<meta property=\"og:site_name\" content=\"Lajme nga Ulqini\" \/>\n<meta property=\"article:published_time\" content=\"2011-11-03T18:35:00+00:00\" \/>\n<meta property=\"article:modified_time\" content=\"2011-11-04T07:41:07+00:00\" \/>\n<meta property=\"og:image\" content=\"http:\/\/www.visit-ulcinj.com\/blog\/wp-content\/uploads\/2011\/11\/REVISTA-DIJA.jpg\" \/>\n<meta name=\"twitter:label1\" content=\"Written by\" \/>\n\t<meta name=\"twitter:data1\" content=\"ulqini\" \/>\n\t<meta name=\"twitter:label2\" content=\"Est. reading time\" \/>\n\t<meta name=\"twitter:data2\" content=\"4 minutes\" \/>\n<script type=\"application\/ld+json\" class=\"yoast-schema-graph\">{\"@context\":\"https:\/\/schema.org\",\"@graph\":[{\"@type\":\"WebSite\",\"@id\":\"https:\/\/www.visit-ulcinj.com\/blog\/#website\",\"url\":\"https:\/\/www.visit-ulcinj.com\/blog\/\",\"name\":\"Lajme nga Ulqini\",\"description\":\"Lajme,Vijesti,Ulqini,Ulqin,Crna Gora,Mali i Zi\",\"potentialAction\":[{\"@type\":\"SearchAction\",\"target\":{\"@type\":\"EntryPoint\",\"urlTemplate\":\"https:\/\/www.visit-ulcinj.com\/blog\/?s={search_term_string}\"},\"query-input\":\"required name=search_term_string\"}],\"inLanguage\":\"en-US\"},{\"@type\":\"ImageObject\",\"inLanguage\":\"en-US\",\"@id\":\"https:\/\/www.visit-ulcinj.com\/blog\/2011\/11\/03\/revista-dija-sofer-e-gjithe-shqiptareve-video\/#primaryimage\",\"url\":\"https:\/\/www.visit-ulcinj.com\/blog\/wp-content\/uploads\/2011\/11\/REVISTA-DIJA.jpg\",\"contentUrl\":\"https:\/\/www.visit-ulcinj.com\/blog\/wp-content\/uploads\/2011\/11\/REVISTA-DIJA.jpg\",\"width\":\"490\",\"height\":\"370\"},{\"@type\":\"WebPage\",\"@id\":\"https:\/\/www.visit-ulcinj.com\/blog\/2011\/11\/03\/revista-dija-sofer-e-gjithe-shqiptareve-video\/#webpage\",\"url\":\"https:\/\/www.visit-ulcinj.com\/blog\/2011\/11\/03\/revista-dija-sofer-e-gjithe-shqiptareve-video\/\",\"name\":\"Revista ''Dija'' - sof\u00ebr e gjith\u00eb shqiptar\u00ebve - Video - Lajme nga Ulqini\",\"isPartOf\":{\"@id\":\"https:\/\/www.visit-ulcinj.com\/blog\/#website\"},\"primaryImageOfPage\":{\"@id\":\"https:\/\/www.visit-ulcinj.com\/blog\/2011\/11\/03\/revista-dija-sofer-e-gjithe-shqiptareve-video\/#primaryimage\"},\"datePublished\":\"2011-11-03T18:35:00+00:00\",\"dateModified\":\"2011-11-04T07:41:07+00:00\",\"author\":{\"@id\":\"https:\/\/www.visit-ulcinj.com\/blog\/#\/schema\/person\/dcab619c614d3038751c63bc2aadc06d\"},\"description\":\"Vet\u00eb emrat e autor\u00ebve t\u00eb njohur shqiptar\u00eb nga Mali i Zi\u00a0\u00a0 Kosova, Shqip\u00ebria,Maqedonia, Arb\u00ebresh\u00ebt e Italis\u00eb dhe\u00a0 diaspora shqiptare si: Anton Nik\u00eb\",\"breadcrumb\":{\"@id\":\"https:\/\/www.visit-ulcinj.com\/blog\/2011\/11\/03\/revista-dija-sofer-e-gjithe-shqiptareve-video\/#breadcrumb\"},\"inLanguage\":\"en-US\",\"potentialAction\":[{\"@type\":\"ReadAction\",\"target\":[\"https:\/\/www.visit-ulcinj.com\/blog\/2011\/11\/03\/revista-dija-sofer-e-gjithe-shqiptareve-video\/\"]}]},{\"@type\":\"BreadcrumbList\",\"@id\":\"https:\/\/www.visit-ulcinj.com\/blog\/2011\/11\/03\/revista-dija-sofer-e-gjithe-shqiptareve-video\/#breadcrumb\",\"itemListElement\":[{\"@type\":\"ListItem\",\"position\":1,\"name\":\"Revista &#8221;Dija&#8221; &#8211; sof\u00ebr e gjith\u00eb shqiptar\u00ebve &#8211; Video\"}]},{\"@type\":\"Person\",\"@id\":\"https:\/\/www.visit-ulcinj.com\/blog\/#\/schema\/person\/dcab619c614d3038751c63bc2aadc06d\",\"name\":\"ulqini\",\"sameAs\":[\"http:\/\/www.visit-ulcinj.com\"],\"url\":\"https:\/\/www.visit-ulcinj.com\/blog\/author\/admin\/\"}]}<\/script>\n<!-- \/ Yoast SEO plugin. -->","yoast_head_json":{"title":"Revista ''Dija'' - sof\u00ebr e gjith\u00eb shqiptar\u00ebve - Video - Lajme nga Ulqini","description":"Vet\u00eb emrat e autor\u00ebve t\u00eb njohur shqiptar\u00eb nga Mali i Zi\u00a0\u00a0 Kosova, Shqip\u00ebria,Maqedonia, Arb\u00ebresh\u00ebt e Italis\u00eb dhe\u00a0 diaspora shqiptare si: Anton Nik\u00eb","robots":{"index":"index","follow":"follow","max-snippet":"max-snippet:-1","max-image-preview":"max-image-preview:large","max-video-preview":"max-video-preview:-1"},"canonical":"https:\/\/www.visit-ulcinj.com\/blog\/2011\/11\/03\/revista-dija-sofer-e-gjithe-shqiptareve-video\/","og_locale":"en_US","og_type":"article","og_title":"Revista ''Dija'' - sof\u00ebr e gjith\u00eb shqiptar\u00ebve - Video - Lajme nga Ulqini","og_description":"Vet\u00eb emrat e autor\u00ebve t\u00eb njohur shqiptar\u00eb nga Mali i Zi\u00a0\u00a0 Kosova, Shqip\u00ebria,Maqedonia, Arb\u00ebresh\u00ebt e Italis\u00eb dhe\u00a0 diaspora shqiptare si: Anton Nik\u00eb","og_url":"https:\/\/www.visit-ulcinj.com\/blog\/2011\/11\/03\/revista-dija-sofer-e-gjithe-shqiptareve-video\/","og_site_name":"Lajme nga Ulqini","article_published_time":"2011-11-03T18:35:00+00:00","article_modified_time":"2011-11-04T07:41:07+00:00","og_image":[{"url":"http:\/\/www.visit-ulcinj.com\/blog\/wp-content\/uploads\/2011\/11\/REVISTA-DIJA.jpg"}],"twitter_misc":{"Written by":"ulqini","Est. reading time":"4 minutes"},"schema":{"@context":"https:\/\/schema.org","@graph":[{"@type":"WebSite","@id":"https:\/\/www.visit-ulcinj.com\/blog\/#website","url":"https:\/\/www.visit-ulcinj.com\/blog\/","name":"Lajme nga Ulqini","description":"Lajme,Vijesti,Ulqini,Ulqin,Crna Gora,Mali i Zi","potentialAction":[{"@type":"SearchAction","target":{"@type":"EntryPoint","urlTemplate":"https:\/\/www.visit-ulcinj.com\/blog\/?s={search_term_string}"},"query-input":"required name=search_term_string"}],"inLanguage":"en-US"},{"@type":"ImageObject","inLanguage":"en-US","@id":"https:\/\/www.visit-ulcinj.com\/blog\/2011\/11\/03\/revista-dija-sofer-e-gjithe-shqiptareve-video\/#primaryimage","url":"https:\/\/www.visit-ulcinj.com\/blog\/wp-content\/uploads\/2011\/11\/REVISTA-DIJA.jpg","contentUrl":"https:\/\/www.visit-ulcinj.com\/blog\/wp-content\/uploads\/2011\/11\/REVISTA-DIJA.jpg","width":"490","height":"370"},{"@type":"WebPage","@id":"https:\/\/www.visit-ulcinj.com\/blog\/2011\/11\/03\/revista-dija-sofer-e-gjithe-shqiptareve-video\/#webpage","url":"https:\/\/www.visit-ulcinj.com\/blog\/2011\/11\/03\/revista-dija-sofer-e-gjithe-shqiptareve-video\/","name":"Revista ''Dija'' - sof\u00ebr e gjith\u00eb shqiptar\u00ebve - Video - Lajme nga Ulqini","isPartOf":{"@id":"https:\/\/www.visit-ulcinj.com\/blog\/#website"},"primaryImageOfPage":{"@id":"https:\/\/www.visit-ulcinj.com\/blog\/2011\/11\/03\/revista-dija-sofer-e-gjithe-shqiptareve-video\/#primaryimage"},"datePublished":"2011-11-03T18:35:00+00:00","dateModified":"2011-11-04T07:41:07+00:00","author":{"@id":"https:\/\/www.visit-ulcinj.com\/blog\/#\/schema\/person\/dcab619c614d3038751c63bc2aadc06d"},"description":"Vet\u00eb emrat e autor\u00ebve t\u00eb njohur shqiptar\u00eb nga Mali i Zi\u00a0\u00a0 Kosova, Shqip\u00ebria,Maqedonia, Arb\u00ebresh\u00ebt e Italis\u00eb dhe\u00a0 diaspora shqiptare si: Anton Nik\u00eb","breadcrumb":{"@id":"https:\/\/www.visit-ulcinj.com\/blog\/2011\/11\/03\/revista-dija-sofer-e-gjithe-shqiptareve-video\/#breadcrumb"},"inLanguage":"en-US","potentialAction":[{"@type":"ReadAction","target":["https:\/\/www.visit-ulcinj.com\/blog\/2011\/11\/03\/revista-dija-sofer-e-gjithe-shqiptareve-video\/"]}]},{"@type":"BreadcrumbList","@id":"https:\/\/www.visit-ulcinj.com\/blog\/2011\/11\/03\/revista-dija-sofer-e-gjithe-shqiptareve-video\/#breadcrumb","itemListElement":[{"@type":"ListItem","position":1,"name":"Revista &#8221;Dija&#8221; &#8211; sof\u00ebr e gjith\u00eb shqiptar\u00ebve &#8211; Video"}]},{"@type":"Person","@id":"https:\/\/www.visit-ulcinj.com\/blog\/#\/schema\/person\/dcab619c614d3038751c63bc2aadc06d","name":"ulqini","sameAs":["http:\/\/www.visit-ulcinj.com"],"url":"https:\/\/www.visit-ulcinj.com\/blog\/author\/admin\/"}]}},"jetpack_featured_media_url":"","jetpack_sharing_enabled":true,"jetpack_shortlink":"https:\/\/wp.me\/pe6lTn-dIy","_links":{"self":[{"href":"https:\/\/www.visit-ulcinj.com\/blog\/wp-json\/wp\/v2\/posts\/52734"}],"collection":[{"href":"https:\/\/www.visit-ulcinj.com\/blog\/wp-json\/wp\/v2\/posts"}],"about":[{"href":"https:\/\/www.visit-ulcinj.com\/blog\/wp-json\/wp\/v2\/types\/post"}],"author":[{"embeddable":true,"href":"https:\/\/www.visit-ulcinj.com\/blog\/wp-json\/wp\/v2\/users\/1"}],"replies":[{"embeddable":true,"href":"https:\/\/www.visit-ulcinj.com\/blog\/wp-json\/wp\/v2\/comments?post=52734"}],"version-history":[{"count":2,"href":"https:\/\/www.visit-ulcinj.com\/blog\/wp-json\/wp\/v2\/posts\/52734\/revisions"}],"predecessor-version":[{"id":52739,"href":"https:\/\/www.visit-ulcinj.com\/blog\/wp-json\/wp\/v2\/posts\/52734\/revisions\/52739"}],"wp:attachment":[{"href":"https:\/\/www.visit-ulcinj.com\/blog\/wp-json\/wp\/v2\/media?parent=52734"}],"wp:term":[{"taxonomy":"category","embeddable":true,"href":"https:\/\/www.visit-ulcinj.com\/blog\/wp-json\/wp\/v2\/categories?post=52734"},{"taxonomy":"post_tag","embeddable":true,"href":"https:\/\/www.visit-ulcinj.com\/blog\/wp-json\/wp\/v2\/tags?post=52734"}],"curies":[{"name":"wp","href":"https:\/\/api.w.org\/{rel}","templated":true}]}}