{"id":52741,"date":"2011-11-04T15:28:17","date_gmt":"2011-11-04T14:28:17","guid":{"rendered":"http:\/\/www.visit-ulcinj.com\/blog\/?p=52741"},"modified":"2011-11-05T13:15:39","modified_gmt":"2011-11-05T12:15:39","slug":"ministar-tarzan-milosevic-u-ulcinju","status":"publish","type":"post","link":"https:\/\/www.visit-ulcinj.com\/blog\/2011\/11\/04\/ministar-tarzan-milosevic-u-ulcinju\/","title":{"rendered":"Ministar Tarzan Milo\u0161evi\u0107 u Ulcinju"},"content":{"rendered":"<p align=\"center\"><strong><span style=\"text-decoration: underline;\"><a href=\"http:\/\/www.visit-ulcinj.com\/blog\/wp-content\/uploads\/2011\/11\/Tarzan-Milosevic-sjutra-u-Ulcinj.jpg\"><img loading=\"lazy\" class=\"alignleft size-full wp-image-52742\" title=\"Tarzan Milosevic sjutra u Ulcinj\" src=\"http:\/\/www.visit-ulcinj.com\/blog\/wp-content\/uploads\/2011\/11\/Tarzan-Milosevic-sjutra-u-Ulcinj.jpg\" alt=\"\" width=\"508\" height=\"380\" \/><\/a>PREDLOG<\/span><\/strong><\/p>\n<p align=\"center\"><strong>\u00a0<\/strong><\/p>\n<p align=\"center\"><strong>PROGRAM POSJETE <\/strong><\/p>\n<p align=\"center\"><strong>MINISTRA POLJOPRIVREDE I RURALNOG RAZVOJA<br \/>\n<\/strong><strong>TARZANA MLO\u0160EVICA<\/strong><\/p>\n<p align=\"center\"><em>Subota, 05. Novembar 2011. godine \u00a0<\/em><\/p>\n<p>&nbsp;<\/p>\n<p><strong>\u00a0<\/strong><\/p>\n<table border=\"0\" cellspacing=\"0\" cellpadding=\"0\">\n<tbody>\n<tr>\n<td valign=\"top\" width=\"158\"><strong>11:00 \u2013 12:00\u00a0\u00a0 <\/strong><\/td>\n<\/tr>\n<\/tbody>\n<\/table>\n<p><strong>\u00a0<\/strong><\/p>\n<p><strong>\u00a0<\/strong><\/p>\n<p><strong>12:00 \u2013 13:00<\/strong><strong>Sastanak u kabinetu Predsjednika opstine.\u00a0 <\/strong><\/p>\n<p><em>(Kabinet Predsjednika)<\/em><\/p>\n<p><em>\u00a0<\/em><\/p>\n<p><strong>Sastanak sa poljoprivrednim proizvodjacima i predstavnicima poljoprivrednih udruzenja iz Ulcinja <\/strong><\/p>\n<p><strong>(<\/strong><em>Opstina Ulcinj) <\/em><strong><\/strong><strong>\u00a0<\/strong><strong>\u00a0<\/strong><strong>13:00 \u2013 14:00<\/strong><\/p>\n<p><strong>\u00a0<\/strong>\u00a0<strong>Obilazak Benta,\u00a0 <\/strong><strong>\u0160<\/strong><strong>aske (Vojne) ekonomije i Vladimirske rijeke\u00a0 <\/strong><\/p>\n<p><em>(\u0160as \u2013Anamalsko podrucje )<\/em><strong><\/strong><strong>\u00a0<\/strong><strong>\u00a0<\/strong><strong>14:00\u00a0\u00a0\u00a0\u00a0 <\/strong><\/p>\n<p><strong>\u00a0 <\/strong><strong>Izjava za medije<\/strong><\/p>\n<p>Ministar poljoprivrede i ruralnog razvoja <strong>Tarzan Milo\u0161evi\u0107<\/strong> sa saradnicima boravi\u0107e u subotu, <strong>5. novembra 2011<\/strong>. <strong>godine<\/strong> u radnoj posjeti <strong>op\u0161tini Ulcinj<\/strong>.<\/p>\n<p>Ministar Milo\u0161evi\u0107 \u0107e imati sastanak sa predsjednikom op\u0161tine Ulcinj Nazifom Cungu i njegovim saradnicima u <strong>11.00<\/strong> sati, u op\u0161tini Ulcinj.<\/p>\n<p>U okviru radne posjete ministar Milo\u0161evi\u0107 sasta\u0107e se sa poljoprivrednim proizvo\u0111a\u010dima i predstavnicima poljoprivrednih udru\u017eenja u <strong>12:00 sati u Op\u0161tini Ulcinj<\/strong> sa kojima \u0107e razgovarati o aktivnostima vezanim za razvoj poljoprivrede u ovoj op\u0161tini. Osnovne teme sastanka bi\u0107e: aktuelna grand podr\u0161ka kroz projekat Ministarstva poljoprivrede i ruralnog razvoja i Svjetske banke (MIDAS) kao i budu\u0107i programi podr\u0161ke za poljoprivredu i ruralni razvoj iz V IPA komponente (IPARD).<\/p>\n<p>Nakon sastanka sa poljoprivrednim proizvo\u0111a\u010dima i predstavnicima poljoprivrednih udru\u017eenja planiran je obilazak Anamalskog podru\u010dja gdje je najve\u0107i potencijal za razvoj poljoprivrede. Ministar Milo\u0161evi\u0107 zajedno sa predsjednikom op\u0161tine g-dinom Cungu posjeti\u0107e lokaciju Bent na granici sa Albanijom gdje se trenutno vr\u0161e radovi u cilju spre\u010davanja poplava, \u0160asku (Vojnu) ekonomiju i Vladimirsku rijeku.<\/p>\n<p>Nakon obilaska Anamalskog podru\u010dja, ministar Milo\u0161evi\u0107 i predsjednik op\u0161tine Nazif Cungu da\u0107e izjave za medije u <strong>14:00<\/strong> <strong>sati<\/strong>.<\/p>\n<p>Vlada.me<\/p>\n","protected":false},"excerpt":{"rendered":"<p>PREDLOG \u00a0 PROGRAM POSJETE MINISTRA POLJOPRIVREDE I RURALNOG RAZVOJA TARZANA MLO\u0160EVICA Subota, 05. Novembar 2011. godine \u00a0 &nbsp; \u00a0 11:00 \u2013 12:00\u00a0\u00a0 \u00a0 \u00a0 12:00 \u2013 13:00Sastanak u kabinetu Predsjednika opstine.\u00a0 (Kabinet Predsjednika) \u00a0 Sastanak sa poljoprivrednim proizvodjacima i predstavnicima poljoprivrednih udruzenja iz Ulcinja (Opstina Ulcinj) \u00a0\u00a013:00 \u2013 14:00 \u00a0\u00a0Obilazak Benta,\u00a0 \u0160aske (Vojne) ekonomije i [&hellip;]<\/p>\n","protected":false},"author":1,"featured_media":0,"comment_status":"open","ping_status":"closed","sticky":false,"template":"","format":"standard","meta":{"spay_email":"","jetpack_publicize_message":"","jetpack_is_tweetstorm":false,"jetpack_publicize_feature_enabled":true},"categories":[8337],"tags":[19222,19388,19],"jetpack_publicize_connections":[],"yoast_head":"<!-- This site is optimized with the Yoast SEO plugin v19.1 - https:\/\/yoast.com\/wordpress\/plugins\/seo\/ -->\n<title>Ministar Tarzan Milo\u0161evi\u0107 u Ulcinju - Lajme nga Ulqini<\/title>\n<meta name=\"description\" content=\"PREDLOG \u00a0 PROGRAM POSJETE MINISTRA POLJOPRIVREDE I RURALNOG RAZVOJA TARZANA MLO\u0160EVICA Subota, 05. Novembar 2011. godine \u00a0 &nbsp; \u00a0 11:00 \u2013 12:00\u00a0\u00a0 \u00a0 \u00a0\" \/>\n<meta name=\"robots\" content=\"index, follow, max-snippet:-1, max-image-preview:large, max-video-preview:-1\" \/>\n<link rel=\"canonical\" href=\"https:\/\/www.visit-ulcinj.com\/blog\/2011\/11\/04\/ministar-tarzan-milosevic-u-ulcinju\/\" \/>\n<meta property=\"og:locale\" content=\"en_US\" \/>\n<meta property=\"og:type\" content=\"article\" \/>\n<meta property=\"og:title\" content=\"Ministar Tarzan Milo\u0161evi\u0107 u Ulcinju - Lajme nga Ulqini\" \/>\n<meta property=\"og:description\" content=\"PREDLOG \u00a0 PROGRAM POSJETE MINISTRA POLJOPRIVREDE I RURALNOG RAZVOJA TARZANA MLO\u0160EVICA Subota, 05. Novembar 2011. godine \u00a0 &nbsp; \u00a0 11:00 \u2013 12:00\u00a0\u00a0 \u00a0 \u00a0\" \/>\n<meta property=\"og:url\" content=\"https:\/\/www.visit-ulcinj.com\/blog\/2011\/11\/04\/ministar-tarzan-milosevic-u-ulcinju\/\" \/>\n<meta property=\"og:site_name\" content=\"Lajme nga Ulqini\" \/>\n<meta property=\"article:published_time\" content=\"2011-11-04T14:28:17+00:00\" \/>\n<meta property=\"article:modified_time\" content=\"2011-11-05T12:15:39+00:00\" \/>\n<meta property=\"og:image\" content=\"http:\/\/www.visit-ulcinj.com\/blog\/wp-content\/uploads\/2011\/11\/Tarzan-Milosevic-sjutra-u-Ulcinj.jpg\" \/>\n<meta name=\"twitter:label1\" content=\"Written by\" \/>\n\t<meta name=\"twitter:data1\" content=\"ulqini\" \/>\n\t<meta name=\"twitter:label2\" content=\"Est. reading time\" \/>\n\t<meta name=\"twitter:data2\" content=\"1 minute\" \/>\n<script type=\"application\/ld+json\" class=\"yoast-schema-graph\">{\"@context\":\"https:\/\/schema.org\",\"@graph\":[{\"@type\":\"WebSite\",\"@id\":\"https:\/\/www.visit-ulcinj.com\/blog\/#website\",\"url\":\"https:\/\/www.visit-ulcinj.com\/blog\/\",\"name\":\"Lajme nga Ulqini\",\"description\":\"Lajme,Vijesti,Ulqini,Ulqin,Crna Gora,Mali i Zi\",\"potentialAction\":[{\"@type\":\"SearchAction\",\"target\":{\"@type\":\"EntryPoint\",\"urlTemplate\":\"https:\/\/www.visit-ulcinj.com\/blog\/?s={search_term_string}\"},\"query-input\":\"required name=search_term_string\"}],\"inLanguage\":\"en-US\"},{\"@type\":\"ImageObject\",\"inLanguage\":\"en-US\",\"@id\":\"https:\/\/www.visit-ulcinj.com\/blog\/2011\/11\/04\/ministar-tarzan-milosevic-u-ulcinju\/#primaryimage\",\"url\":\"https:\/\/www.visit-ulcinj.com\/blog\/wp-content\/uploads\/2011\/11\/Tarzan-Milosevic-sjutra-u-Ulcinj.jpg\",\"contentUrl\":\"https:\/\/www.visit-ulcinj.com\/blog\/wp-content\/uploads\/2011\/11\/Tarzan-Milosevic-sjutra-u-Ulcinj.jpg\",\"width\":\"800\",\"height\":\"579\"},{\"@type\":\"WebPage\",\"@id\":\"https:\/\/www.visit-ulcinj.com\/blog\/2011\/11\/04\/ministar-tarzan-milosevic-u-ulcinju\/#webpage\",\"url\":\"https:\/\/www.visit-ulcinj.com\/blog\/2011\/11\/04\/ministar-tarzan-milosevic-u-ulcinju\/\",\"name\":\"Ministar Tarzan Milo\u0161evi\u0107 u Ulcinju - Lajme nga Ulqini\",\"isPartOf\":{\"@id\":\"https:\/\/www.visit-ulcinj.com\/blog\/#website\"},\"primaryImageOfPage\":{\"@id\":\"https:\/\/www.visit-ulcinj.com\/blog\/2011\/11\/04\/ministar-tarzan-milosevic-u-ulcinju\/#primaryimage\"},\"datePublished\":\"2011-11-04T14:28:17+00:00\",\"dateModified\":\"2011-11-05T12:15:39+00:00\",\"author\":{\"@id\":\"https:\/\/www.visit-ulcinj.com\/blog\/#\/schema\/person\/dcab619c614d3038751c63bc2aadc06d\"},\"description\":\"PREDLOG \u00a0 PROGRAM POSJETE MINISTRA POLJOPRIVREDE I RURALNOG RAZVOJA TARZANA MLO\u0160EVICA Subota, 05. Novembar 2011. godine \u00a0 &nbsp; \u00a0 11:00 \u2013 12:00\u00a0\u00a0 \u00a0 \u00a0\",\"breadcrumb\":{\"@id\":\"https:\/\/www.visit-ulcinj.com\/blog\/2011\/11\/04\/ministar-tarzan-milosevic-u-ulcinju\/#breadcrumb\"},\"inLanguage\":\"en-US\",\"potentialAction\":[{\"@type\":\"ReadAction\",\"target\":[\"https:\/\/www.visit-ulcinj.com\/blog\/2011\/11\/04\/ministar-tarzan-milosevic-u-ulcinju\/\"]}]},{\"@type\":\"BreadcrumbList\",\"@id\":\"https:\/\/www.visit-ulcinj.com\/blog\/2011\/11\/04\/ministar-tarzan-milosevic-u-ulcinju\/#breadcrumb\",\"itemListElement\":[{\"@type\":\"ListItem\",\"position\":1,\"name\":\"Ministar Tarzan Milo\u0161evi\u0107 u Ulcinju\"}]},{\"@type\":\"Person\",\"@id\":\"https:\/\/www.visit-ulcinj.com\/blog\/#\/schema\/person\/dcab619c614d3038751c63bc2aadc06d\",\"name\":\"ulqini\",\"sameAs\":[\"http:\/\/www.visit-ulcinj.com\"],\"url\":\"https:\/\/www.visit-ulcinj.com\/blog\/author\/admin\/\"}]}<\/script>\n<!-- \/ Yoast SEO plugin. -->","yoast_head_json":{"title":"Ministar Tarzan Milo\u0161evi\u0107 u Ulcinju - Lajme nga Ulqini","description":"PREDLOG \u00a0 PROGRAM POSJETE MINISTRA POLJOPRIVREDE I RURALNOG RAZVOJA TARZANA MLO\u0160EVICA Subota, 05. Novembar 2011. godine \u00a0 &nbsp; \u00a0 11:00 \u2013 12:00\u00a0\u00a0 \u00a0 \u00a0","robots":{"index":"index","follow":"follow","max-snippet":"max-snippet:-1","max-image-preview":"max-image-preview:large","max-video-preview":"max-video-preview:-1"},"canonical":"https:\/\/www.visit-ulcinj.com\/blog\/2011\/11\/04\/ministar-tarzan-milosevic-u-ulcinju\/","og_locale":"en_US","og_type":"article","og_title":"Ministar Tarzan Milo\u0161evi\u0107 u Ulcinju - Lajme nga Ulqini","og_description":"PREDLOG \u00a0 PROGRAM POSJETE MINISTRA POLJOPRIVREDE I RURALNOG RAZVOJA TARZANA MLO\u0160EVICA Subota, 05. Novembar 2011. godine \u00a0 &nbsp; \u00a0 11:00 \u2013 12:00\u00a0\u00a0 \u00a0 \u00a0","og_url":"https:\/\/www.visit-ulcinj.com\/blog\/2011\/11\/04\/ministar-tarzan-milosevic-u-ulcinju\/","og_site_name":"Lajme nga Ulqini","article_published_time":"2011-11-04T14:28:17+00:00","article_modified_time":"2011-11-05T12:15:39+00:00","og_image":[{"url":"http:\/\/www.visit-ulcinj.com\/blog\/wp-content\/uploads\/2011\/11\/Tarzan-Milosevic-sjutra-u-Ulcinj.jpg"}],"twitter_misc":{"Written by":"ulqini","Est. reading time":"1 minute"},"schema":{"@context":"https:\/\/schema.org","@graph":[{"@type":"WebSite","@id":"https:\/\/www.visit-ulcinj.com\/blog\/#website","url":"https:\/\/www.visit-ulcinj.com\/blog\/","name":"Lajme nga Ulqini","description":"Lajme,Vijesti,Ulqini,Ulqin,Crna Gora,Mali i Zi","potentialAction":[{"@type":"SearchAction","target":{"@type":"EntryPoint","urlTemplate":"https:\/\/www.visit-ulcinj.com\/blog\/?s={search_term_string}"},"query-input":"required name=search_term_string"}],"inLanguage":"en-US"},{"@type":"ImageObject","inLanguage":"en-US","@id":"https:\/\/www.visit-ulcinj.com\/blog\/2011\/11\/04\/ministar-tarzan-milosevic-u-ulcinju\/#primaryimage","url":"https:\/\/www.visit-ulcinj.com\/blog\/wp-content\/uploads\/2011\/11\/Tarzan-Milosevic-sjutra-u-Ulcinj.jpg","contentUrl":"https:\/\/www.visit-ulcinj.com\/blog\/wp-content\/uploads\/2011\/11\/Tarzan-Milosevic-sjutra-u-Ulcinj.jpg","width":"800","height":"579"},{"@type":"WebPage","@id":"https:\/\/www.visit-ulcinj.com\/blog\/2011\/11\/04\/ministar-tarzan-milosevic-u-ulcinju\/#webpage","url":"https:\/\/www.visit-ulcinj.com\/blog\/2011\/11\/04\/ministar-tarzan-milosevic-u-ulcinju\/","name":"Ministar Tarzan Milo\u0161evi\u0107 u Ulcinju - Lajme nga Ulqini","isPartOf":{"@id":"https:\/\/www.visit-ulcinj.com\/blog\/#website"},"primaryImageOfPage":{"@id":"https:\/\/www.visit-ulcinj.com\/blog\/2011\/11\/04\/ministar-tarzan-milosevic-u-ulcinju\/#primaryimage"},"datePublished":"2011-11-04T14:28:17+00:00","dateModified":"2011-11-05T12:15:39+00:00","author":{"@id":"https:\/\/www.visit-ulcinj.com\/blog\/#\/schema\/person\/dcab619c614d3038751c63bc2aadc06d"},"description":"PREDLOG \u00a0 PROGRAM POSJETE MINISTRA POLJOPRIVREDE I RURALNOG RAZVOJA TARZANA MLO\u0160EVICA Subota, 05. Novembar 2011. godine \u00a0 &nbsp; \u00a0 11:00 \u2013 12:00\u00a0\u00a0 \u00a0 \u00a0","breadcrumb":{"@id":"https:\/\/www.visit-ulcinj.com\/blog\/2011\/11\/04\/ministar-tarzan-milosevic-u-ulcinju\/#breadcrumb"},"inLanguage":"en-US","potentialAction":[{"@type":"ReadAction","target":["https:\/\/www.visit-ulcinj.com\/blog\/2011\/11\/04\/ministar-tarzan-milosevic-u-ulcinju\/"]}]},{"@type":"BreadcrumbList","@id":"https:\/\/www.visit-ulcinj.com\/blog\/2011\/11\/04\/ministar-tarzan-milosevic-u-ulcinju\/#breadcrumb","itemListElement":[{"@type":"ListItem","position":1,"name":"Ministar Tarzan Milo\u0161evi\u0107 u Ulcinju"}]},{"@type":"Person","@id":"https:\/\/www.visit-ulcinj.com\/blog\/#\/schema\/person\/dcab619c614d3038751c63bc2aadc06d","name":"ulqini","sameAs":["http:\/\/www.visit-ulcinj.com"],"url":"https:\/\/www.visit-ulcinj.com\/blog\/author\/admin\/"}]}},"jetpack_featured_media_url":"","jetpack_sharing_enabled":true,"jetpack_shortlink":"https:\/\/wp.me\/pe6lTn-dIF","_links":{"self":[{"href":"https:\/\/www.visit-ulcinj.com\/blog\/wp-json\/wp\/v2\/posts\/52741"}],"collection":[{"href":"https:\/\/www.visit-ulcinj.com\/blog\/wp-json\/wp\/v2\/posts"}],"about":[{"href":"https:\/\/www.visit-ulcinj.com\/blog\/wp-json\/wp\/v2\/types\/post"}],"author":[{"embeddable":true,"href":"https:\/\/www.visit-ulcinj.com\/blog\/wp-json\/wp\/v2\/users\/1"}],"replies":[{"embeddable":true,"href":"https:\/\/www.visit-ulcinj.com\/blog\/wp-json\/wp\/v2\/comments?post=52741"}],"version-history":[{"count":4,"href":"https:\/\/www.visit-ulcinj.com\/blog\/wp-json\/wp\/v2\/posts\/52741\/revisions"}],"predecessor-version":[{"id":52824,"href":"https:\/\/www.visit-ulcinj.com\/blog\/wp-json\/wp\/v2\/posts\/52741\/revisions\/52824"}],"wp:attachment":[{"href":"https:\/\/www.visit-ulcinj.com\/blog\/wp-json\/wp\/v2\/media?parent=52741"}],"wp:term":[{"taxonomy":"category","embeddable":true,"href":"https:\/\/www.visit-ulcinj.com\/blog\/wp-json\/wp\/v2\/categories?post=52741"},{"taxonomy":"post_tag","embeddable":true,"href":"https:\/\/www.visit-ulcinj.com\/blog\/wp-json\/wp\/v2\/tags?post=52741"}],"curies":[{"name":"wp","href":"https:\/\/api.w.org\/{rel}","templated":true}]}}