{"id":52744,"date":"2011-11-04T16:42:26","date_gmt":"2011-11-04T15:42:26","guid":{"rendered":"http:\/\/www.visit-ulcinj.com\/blog\/?p=52744"},"modified":"2012-10-27T05:27:01","modified_gmt":"2012-10-27T04:27:01","slug":"apel-per-ndihme-familjes-se-shaqir-elezit-nga-ulqini-video","status":"publish","type":"post","link":"https:\/\/www.visit-ulcinj.com\/blog\/2011\/11\/04\/apel-per-ndihme-familjes-se-shaqir-elezit-nga-ulqini-video\/","title":{"rendered":"Apel p\u00ebr ndihm\u00eb familjes s\u00eb Shaqir Elezit nga Ulqini &#8211; Video"},"content":{"rendered":"<p><a href=\"http:\/\/www.visit-ulcinj.com\/blog\/wp-content\/uploads\/2011\/11\/Apel-p%C3%ABr-ndihm%C3%AB-familjes-s%C3%AB-Shaqir-Elezit-nga-Ulqini.jpg\"><img loading=\"lazy\" class=\"alignleft size-full wp-image-52745\" title=\"Apel p\u00ebr ndihm\u00eb familjes s\u00eb Shaqir Elezit nga Ulqini,Shaqir Elezoviqi nga Ulqini,SOS,ndihm\u00eb,pomoc,ndihm humanitare,solidaritet,Shaqir,elezovic,elezoviq,ulqini,ulqin,mali i zi,Kllezna e Nalt, Kllezna e Poshtme, Krytha, Milla, Kosiqi, Bojku, Suma, Lulejt, Zenelejt Katerkolla, Shasi, Amulli, Fraskanjeli, Lisna Bora, Selita, Gjonzaj, Dragina, Sukobina, \u00c7apraj, Brajsha, Rashtisha, Kravari,crna gora,solidarnost,ulcinjanin,ndihm ulqinakut,taxi,radio ulqini,rtv teuta,radio elita,koha javore,pelinku,ulcinj,bolesnik,dy kambet,ja pren,podgorica,koncert humanitar,lajme nga ulqini,Amulli, Shasi, Bojku, Brajsha, Bratica, Darza, Dragaj, Fraskanjeli, Kalimani, Kat\u00ebrkolla, Kosiqi, Kravari, Krytha, Leskoci, Megjure\u00e7i, Brisku, Milla, Mozhura, sukubina, Qurkaj, Rrastisha, Re\u00e7i, Sal\u00e7i,help,fukaraja,me ndihmo,aksion humanitar,akcija humanosti,Help,\" src=\"http:\/\/www.visit-ulcinj.com\/blog\/wp-content\/uploads\/2011\/11\/Apel-p%C3%ABr-ndihm%C3%AB-familjes-s%C3%AB-Shaqir-Elezit-nga-Ulqini.jpg\" alt=\"\" width=\"508\" height=\"300\" \/><\/a>Familja e Shaqirit po jeton n\u00eb kushte t\u00eb v\u00ebshtira dhe se ajo apelon p\u00ebr ndihm\u00eb.<br \/>\n<strong>Tel:\u00a0+38269980717<\/strong><\/p>\n<p>Rritet solidariteti p\u00ebr familjen e Shaqir Elezoviqit i cili vuan nga tromboza e k\u00ebmbeve,ku familja e tij\u00eb p\u00ebrjetoj\u00eb shok\u00eb emocianal dhe shpirtnor\u00a0 gjat\u00eb humbjes t\u00eb dyja k\u00ebmb\u00ebve q\u00eb psoj\u00eb n\u00eb operacion.<br \/>\nPas apelit t\u00eb b\u00ebr\u00eb n\u00eb Lajme nga Ulqini dhe Televizionit Teuta,diaspora nga Amerika dhe shum\u00eb t\u00eb tjer\u00eb,p\u00ebr t\u00eb ndihmuar q\u00eb \u00ebndrra e vajzave dhe djalit t\u00eb Shaqirit 3,5,7,dhe 9\u00a0 vje\u00e7are t\u00eb mos nd\u00ebrpritet,shqiptar\u00ebt \u00a0nga brenda dhe jasht\u00eb vendit kan\u00eb shprehur solidaritetin duke derdhur kontributin e tyre n\u00eb numrat e llogarive bankare q\u00eb jan\u00eb hapur n\u00eb CRNOGORSKA KOMERCIJALNA BANKA ,Nr e llogaris\u00eb jan\u00eb hapur n\u00eb em\u00ebr t\u00eb Shaqir Elezoviqit.<\/p>\n<p><strong>Kjo esht\u00eb xhiro llogaria e Shaqir Elezoviqit online.<br \/>\n<a href=\"http:\/\/www.visit-ulcinj.com\/blog\/wp-content\/uploads\/2010\/11\/Xhiro-llogaria-e-Shaqir-Elezoviqit-online.jpg\"><img loading=\"lazy\" class=\"alignleft size-medium wp-image-39718\" title=\"Xhiro llogaria e  Shaqir Elezoviqit  online\" src=\"http:\/\/www.visit-ulcinj.com\/blog\/wp-content\/uploads\/2010\/11\/Xhiro-llogaria-e-Shaqir-Elezoviqit-online-218x300.jpg\" alt=\"\" width=\"218\" height=\"300\" srcset=\"https:\/\/www.visit-ulcinj.com\/blog\/wp-content\/uploads\/2010\/11\/Xhiro-llogaria-e-Shaqir-Elezoviqit-online-218x300.jpg 218w, https:\/\/www.visit-ulcinj.com\/blog\/wp-content\/uploads\/2010\/11\/Xhiro-llogaria-e-Shaqir-Elezoviqit-online-744x1024.jpg 744w, https:\/\/www.visit-ulcinj.com\/blog\/wp-content\/uploads\/2010\/11\/Xhiro-llogaria-e-Shaqir-Elezoviqit-online.jpg 784w\" sizes=\"(max-width: 218px) 100vw, 218px\" \/><\/a><\/strong><\/p>\n<p>&nbsp;<\/p>\n<p><strong><span style=\"text-decoration: underline;\">Incoming Payment Instruction<\/span><\/strong><\/p>\n<p><strong>Field 56 \u2013 Intermediary bank :<\/strong><\/p>\n<p><strong>Swift Address : UBSWCHZH80A<br \/>\nName : UBS AG ZURICH<\/strong><\/p>\n<p>&nbsp;<\/p>\n<p>&nbsp;<\/p>\n<p><strong>Field 57 \u2013 Account with Institution :<br \/>\nParty Identifier :02300000060001740000A<br \/>\nSwift Address : CKBCMEPG<br \/>\nName : CRNOGORSKA KOMERCIJALNA BANKA AD PODGORICA<\/strong><\/p>\n<p><strong><br \/>\nField 59 \u2013 Beneficiary Customer :<br \/>\nIBAN : ME25510311096922001728<br \/>\nName &amp; Address : ELEZOVIC H. SACIR<br \/>\nULCINJ<br \/>\n85360,Ulcinj,MONTENEGRO<\/strong><\/p>\n<p>I lutemi ministris\u00eb s\u00eb Sh\u00ebndet\u00ebsis\u00eb t\u00eb ndihmoj\u00eb financiarisht,I lutemi Komun\u00ebs s\u00eb Ulqinit q\u00eb ti p\u00ebrgadis\u00eb nj\u00eb kulm mbi kry si I ka hije Ulqinit,gjithashtu ftojm\u00eb gjith\u00eb shqiptar\u00ebt me pun\u00eb dhe q\u00ebndrim n\u00eb diaspor dhe Ulqin, shoqatat, klubet, bashk\u00ebsit\u00eb fetare, intelektual\u00ebt, shoq\u00ebrit\u00eb afariste, firmat shqiptare donator\u00ebt individual e institucional pa dallim moshe, gjinie, krahine e feje q\u00eb t\u00eb kontribuojn\u00eb n\u00eb k\u00ebt\u00eb aksion humanitar p\u00ebr ndihm\u00eb bashk\u00ebatdhetarit t\u00eb jon\u00eb nga Ulqini Shaqir Elezoviqit (41) babai i 4 femij\u00ebve . Do t\u00eb fillojm\u00eb jav\u00ebn e solidaritetit p\u00ebr grumbullimin e fondeve p\u00ebr t\u00eb ndihmuar Shaqir Elezoviqin dhe familjen e tij\u00eb t\u00eb cil\u00ebt p\u00ebrjetuan shok\u00eb emocianal dhe shpirtnor\u00a0 gjat\u00eb humbjes t\u00eb dyja k\u00ebmb\u00ebve q\u00eb psoj\u00eb n\u00eb operacion.<br \/>\nLajme nga Ulqini u b\u00ebn thirrje bashkatdhetar\u00ebve tan\u00eb, jo vet\u00ebm n\u00eb diaspor, por dhe gjith\u00eb atyre q\u00eb kan\u00eb vullnet t\u00eb mir\u00eb, q\u00eb me mjetet tona t\u2019ua leht\u00ebsojm\u00eb v\u00ebshtir\u00ebsit\u00eb\u00a0 k\u00ebsaj familje, t\u00eb cil\u00ebt k\u00ebto dit\u00eb po kalojn\u00eb nj\u00eb situat\u00eb tep\u00ebr t\u00eb r\u00ebnd\u00eb.<br \/>\nNga stafi drejtues\u00a0\u00bbLajme nga Ulqini\u00a0\u00bb shpresojm\u00eb se as k\u00ebsaj here nuk do t\u00eb mungoj\u00eb solidariteti yn\u00eb, ashtu si\u00e7 nuk ka munguar edhe her\u00eb t\u00eb tjera,qoft\u00eb duke ia leht\u00ebsuar varf\u00ebrin\u00eb dikujt, apo dikujt tjet\u00ebr duke i siguruar para p\u00ebr sh\u00ebrim.<br \/>\nKush d\u00ebshiron t\u00eb ndihmoj n\u00eb mynyr direkte n\u00eb Ulqin,sht\u00ebpia e Shaqir Elezoviqit ku aj\u00eb rrin me qera,asht gjith\u00ebmon e \u00e7elur dhe gjindet vis-vis \u201cMarketit SOLARIS\u201d duke shkuar n\u00eb Plazhin e Madh\u00eb.<\/p>\n<p>Nd\u00ebrkoh\u00eb \u00a0I lutemi kryetarit t\u00eb komun\u00ebs \u00a0s\u00eb Ulqinit,z.Nazif Cungut \u00a0se do t\u00eb b\u00ebj gjith\u00e7ka p\u00ebr sigurimin e nj\u00eb hap\u00ebsire p\u00ebr nd\u00ebrtimi I nj\u00eb sht\u00ebpije p\u00ebr familjen e Shaqir Elezoviqit, por duke p\u00ebrkujtuar se problemi nuk \u00ebsht\u00eb I thjesht\u00eb ,andaj me k\u00ebt\u00eb rast k\u00ebrkojm ndihm\u00eb edhe nga banor\u00ebt e qytetit t\u00eb Ulqinit dhe An\u00ebs s\u00eb Malit.<br \/>\nKisha apeluar edhe deri te institucionet shtet\u00ebrore dhe atyre komunale se edhe ato mund\u00eb t\u00eb b\u00ebjn\u00eb q\u00eb t\u00eb na ndihmojn\u00eb p\u00ebr nd\u00ebrtim e nj\u00eb sht\u00ebpije p\u00ebr familjen e Shaqir Elezoviqit.<\/p>\n<p>Ne\u00a0 apelojm\u00eb te Ulqinak\u00ebt dhe banor\u00ebt e An\u00ebs s\u00eb Malit, q\u00eb ka tok\u00eb private, t\u2019i jep dikush 2 ose tre ari ose me nj\u00eb \u00e7mim shum\u00eb solid, q\u00eb qysh k\u00ebt\u00eb Kurban Bajram\u00a0 t\u00eb filloj\u00eb nd\u00ebrtimi\u00a0 i sht\u00ebpis\u00eb s\u00eb Shaqir Elezoviqit.<\/p>\n<p><strong>Lajme nga Ulqini<\/strong><br \/>\n<iframe loading=\"lazy\" width=\"508\" height=\"360\" src=\"http:\/\/www.youtube.com\/embed\/YDiY2tWDIlU?rel=0\" frameborder=\"0\" allowfullscreen><\/iframe><\/p>\n<p><span style=\"color: #ffffff;\"><a href=\"..\/tag\/akcija-humanosti\/\" rel=\"tag\"><span style=\"color: #ffffff;\">akcija humanosti<\/span><\/a>, <a href=\"..\/tag\/aksion-humanitar\/\" rel=\"tag\"><span style=\"color: #ffffff;\">aksion humanitar<\/span><\/a>, <a href=\"..\/tag\/amulli\/\" rel=\"tag\"><span style=\"color: #ffffff;\">Amulli<\/span><\/a>, <a href=\"..\/tag\/bojku\/\" rel=\"tag\"><span style=\"color: #ffffff;\">Bojku<\/span><\/a>, <a href=\"..\/tag\/bolesnik\/\" rel=\"tag\"><span style=\"color: #ffffff;\">bolesnik<\/span><\/a>, <a href=\"..\/tag\/brajsha\/\" rel=\"tag\"><span style=\"color: #ffffff;\">Brajsha<\/span><\/a>, <a href=\"..\/tag\/bratica\/\" rel=\"tag\"><span style=\"color: #ffffff;\">Bratica<\/span><\/a>, <a href=\"..\/tag\/brisku\/\" rel=\"tag\"><span style=\"color: #ffffff;\">Brisku<\/span><\/a>, <a href=\"..\/tag\/capraj\/\" rel=\"tag\"><span style=\"color: #ffffff;\">\u00c7apraj<\/span><\/a>, <a href=\"..\/tag\/crna-gora\/\" rel=\"tag\"><span style=\"color: #ffffff;\">Crna Gora<\/span><\/a>, <a href=\"..\/tag\/darza\/\" rel=\"tag\"><span style=\"color: #ffffff;\">Darza<\/span><\/a>, <a href=\"..\/tag\/dragaj\/\" rel=\"tag\"><span style=\"color: #ffffff;\">Dragaj<\/span><\/a>, <a href=\"..\/tag\/dragina\/\" rel=\"tag\"><span style=\"color: #ffffff;\">Dragina<\/span><\/a>, <a href=\"..\/tag\/dy-kambet\/\" rel=\"tag\"><span style=\"color: #ffffff;\">dy kambet<\/span><\/a>, <a href=\"..\/tag\/elezovic\/\" rel=\"tag\"><span style=\"color: #ffffff;\">elezovic<\/span><\/a>, <a href=\"..\/tag\/elezoviq\/\" rel=\"tag\"><span style=\"color: #ffffff;\">elezoviq<\/span><\/a>, <a href=\"..\/tag\/fraskanjeli\/\" rel=\"tag\"><span style=\"color: #ffffff;\">Fraskanjeli<\/span><\/a>, <a href=\"..\/tag\/fukaraja\/\" rel=\"tag\"><span style=\"color: #ffffff;\">fukaraja<\/span><\/a>, <a href=\"..\/tag\/gjonzaj\/\" rel=\"tag\"><span style=\"color: #ffffff;\">Gjonzaj<\/span><\/a>, <a href=\"..\/tag\/help\/\" rel=\"tag\"><span style=\"color: #ffffff;\">help<\/span><\/a>, <a href=\"..\/tag\/ja-pren\/\" rel=\"tag\"><span style=\"color: #ffffff;\">ja pren<\/span><\/a>, <a href=\"..\/tag\/kalimani\/\" rel=\"tag\"><span style=\"color: #ffffff;\">Kalimani<\/span><\/a>, <a href=\"..\/tag\/katerkolla\/\" rel=\"tag\"><span style=\"color: #ffffff;\">Katerkolla<\/span><\/a>, <a href=\"..\/tag\/kllezna-e-nalt\/\" rel=\"tag\"><span style=\"color: #ffffff;\">Kllezna e Nalt<\/span><\/a>, <a href=\"..\/tag\/kllezna-e-poshtme\/\" rel=\"tag\"><span style=\"color: #ffffff;\">Kllezna e Poshtme<\/span><\/a>, <a href=\"..\/tag\/koha-javore\/\" rel=\"tag\"><span style=\"color: #ffffff;\">koha javore<\/span><\/a>, <a href=\"..\/tag\/koncert-humanitar\/\" rel=\"tag\"><span style=\"color: #ffffff;\">koncert humanitar<\/span><\/a>, <a href=\"..\/tag\/kosiqi\/\" rel=\"tag\"><span style=\"color: #ffffff;\">Kosiqi<\/span><\/a>, <a href=\"..\/tag\/kravari\/\" rel=\"tag\"><span style=\"color: #ffffff;\">Kravari<\/span><\/a>, <a href=\"..\/tag\/krytha\/\" rel=\"tag\"><span style=\"color: #ffffff;\">krytha<\/span><\/a>, <a href=\"..\/tag\/lajme-nga-ulqini\/\" rel=\"tag\"><span style=\"color: #ffffff;\">lajme nga ulqini<\/span><\/a>, <a href=\"..\/tag\/leskoci\/\" rel=\"tag\"><span style=\"color: #ffffff;\">Leskoci<\/span><\/a>, <a href=\"..\/tag\/lisna-bora\/\" rel=\"tag\"><span style=\"color: #ffffff;\">Lisna Bora<\/span><\/a>, <a href=\"..\/tag\/lulejt\/\" rel=\"tag\"><span style=\"color: #ffffff;\">Lulejt<\/span><\/a>, <a href=\"..\/tag\/mali-i-zi\/\" rel=\"tag\"><span style=\"color: #ffffff;\">Mali i Zi<\/span><\/a>, <a href=\"..\/tag\/me-ndihmo\/\" rel=\"tag\"><span style=\"color: #ffffff;\">Me ndihmo<\/span><\/a>, <a href=\"..\/tag\/megjureci\/\" rel=\"tag\"><span style=\"color: #ffffff;\">Megjure\u00e7i<\/span><\/a>, <a href=\"..\/tag\/milla\/\" rel=\"tag\"><span style=\"color: #ffffff;\">milla<\/span><\/a>, <a href=\"..\/tag\/mozhura\/\" rel=\"tag\"><span style=\"color: #ffffff;\">Mozhura<\/span><\/a>, <a href=\"..\/tag\/ndihm-humanitare\/\" rel=\"tag\"><span style=\"color: #ffffff;\">ndihm humanitare<\/span><\/a>, <a href=\"..\/tag\/ndihm-ulqinakut\/\" rel=\"tag\"><span style=\"color: #ffffff;\">ndihm ulqinakut<\/span><\/a>, <a href=\"..\/tag\/ndihme\/\" rel=\"tag\"><span style=\"color: #ffffff;\">ndihm\u00eb<\/span><\/a>, <a href=\"..\/tag\/pelinku\/\" rel=\"tag\"><span style=\"color: #ffffff;\">pelinku<\/span><\/a>, <a href=\"..\/tag\/podgorica\/\" rel=\"tag\"><span style=\"color: #ffffff;\">Podgorica<\/span><\/a>, <a href=\"..\/tag\/pomoc\/\" rel=\"tag\"><span style=\"color: #ffffff;\">Pomo?<\/span><\/a>, <a href=\"..\/tag\/qurkaj\/\" rel=\"tag\"><span style=\"color: #ffffff;\">Qurkaj<\/span><\/a>, <a href=\"..\/tag\/radio-ulqini\/\" rel=\"tag\"><span style=\"color: #ffffff;\">Radio Ulqini<\/span><\/a>, <a href=\"..\/tag\/radio-elita\/\" rel=\"tag\"><span style=\"color: #ffffff;\">Radio&#8221; Elita&#8221;<\/span><\/a>, <a href=\"..\/tag\/rashtisha\/\" rel=\"tag\"><span style=\"color: #ffffff;\">Rashtisha<\/span><\/a>, <a href=\"..\/tag\/reci\/\" rel=\"tag\"><span style=\"color: #ffffff;\">Re\u00e7i<\/span><\/a>, <a href=\"..\/tag\/rrastisha\/\" rel=\"tag\"><span style=\"color: #ffffff;\">Rrastisha<\/span><\/a>, <a href=\"..\/tag\/rtv-teuta\/\" rel=\"tag\"><span style=\"color: #ffffff;\">rtv teuta<\/span><\/a>, <a href=\"..\/tag\/salci\/\" rel=\"tag\"><span style=\"color: #ffffff;\">Sal\u00e7i<\/span><\/a>, <a href=\"..\/tag\/selita\/\" rel=\"tag\"><span style=\"color: #ffffff;\">Selita<\/span><\/a>, <a href=\"..\/tag\/shaqir\/\" rel=\"tag\"><span style=\"color: #ffffff;\">Shaqir<\/span><\/a>, <a href=\"..\/tag\/shaqir-elezoviqi-nga-ulqini\/\" rel=\"tag\"><span style=\"color: #ffffff;\">Shaqir Elezoviqi nga Ulqini<\/span><\/a>, <a href=\"..\/tag\/shasi\/\" rel=\"tag\"><span style=\"color: #ffffff;\">Shasi<\/span><\/a>, <a href=\"..\/tag\/solidaritet\/\" rel=\"tag\"><span style=\"color: #ffffff;\">solidaritet<\/span><\/a>, <a href=\"..\/tag\/solidarnost\/\" rel=\"tag\"><span style=\"color: #ffffff;\">solidarnost<\/span><\/a>, <a href=\"..\/tag\/sos\/\" rel=\"tag\"><span style=\"color: #ffffff;\">SOS<\/span><\/a>, <a href=\"..\/tag\/sukobina\/\" rel=\"tag\"><span style=\"color: #ffffff;\">Sukobina<\/span><\/a>, <a href=\"..\/tag\/sukubina\/\" rel=\"tag\"><span style=\"color: #ffffff;\">Sukubina<\/span><\/a>, <a href=\"..\/tag\/suma\/\" rel=\"tag\"><span style=\"color: #ffffff;\">Suma<\/span><\/a>, <a href=\"..\/tag\/taxi\/\" rel=\"tag\"><span style=\"color: #ffffff;\">taxi<\/span><\/a>, <a href=\"..\/tag\/ulcinj\/\" rel=\"tag\"><span style=\"color: #ffffff;\">ulcinj<\/span><\/a>, <a href=\"..\/tag\/ulcinjanin\/\" rel=\"tag\"><span style=\"color: #ffffff;\">Ulcinjanin<\/span><\/a>, <a href=\"..\/tag\/ulqin\/\" rel=\"tag\"><span style=\"color: #ffffff;\">ulqin<\/span><\/a>, <a href=\"..\/tag\/ulqini\/\" rel=\"tag\"><span style=\"color: #ffffff;\">ulqini<\/span><\/a>, <a href=\"..\/tag\/zenelejt-katerkolla\/\" rel=\"tag\"><span style=\"color: #ffffff;\">Zenelejt Katerkolla.help,<\/span><\/a><\/span><\/p>\n","protected":false},"excerpt":{"rendered":"<p>Familja e Shaqirit po jeton n\u00eb kushte t\u00eb v\u00ebshtira dhe se ajo apelon p\u00ebr ndihm\u00eb. Tel:\u00a0+38269980717 Rritet solidariteti p\u00ebr familjen e Shaqir Elezoviqit i cili vuan nga tromboza e k\u00ebmbeve,ku familja e tij\u00eb p\u00ebrjetoj\u00eb shok\u00eb emocianal dhe shpirtnor\u00a0 gjat\u00eb humbjes t\u00eb dyja k\u00ebmb\u00ebve q\u00eb psoj\u00eb n\u00eb operacion. Pas apelit t\u00eb b\u00ebr\u00eb n\u00eb Lajme nga Ulqini [&hellip;]<\/p>\n","protected":false},"author":1,"featured_media":0,"comment_status":"closed","ping_status":"closed","sticky":false,"template":"","format":"standard","meta":{"spay_email":"","jetpack_publicize_message":"","jetpack_is_tweetstorm":false,"jetpack_publicize_feature_enabled":true},"categories":[1,6950],"tags":[19022,19021,3505,3510,16245,3502,714,15798,16216,20,14356,14652,3511,16246,16237,16238,3504,19020,16214,16249,16247,3506,3499,16210,16211,216,16248,14655,3500,3228,362,14657,13230,16212,95,5937,14658,3227,14661,16234,16241,16233,16244,92,13393,14663,125,14906,3501,14665,14664,16243,14666,10472,16236,16232,3231,16235,16240,5589,16215,3498,15160,16242,19,409,200,18,16239],"jetpack_publicize_connections":[],"yoast_head":"<!-- This site is optimized with the Yoast SEO plugin v19.1 - https:\/\/yoast.com\/wordpress\/plugins\/seo\/ -->\n<title>Apel p\u00ebr ndihm\u00eb familjes s\u00eb Shaqir Elezit nga Ulqini - Video - Lajme nga Ulqini<\/title>\n<meta name=\"description\" content=\"Familja e Shaqirit po jeton n\u00eb kushte t\u00eb v\u00ebshtira dhe se ajo apelon p\u00ebr ndihm\u00eb. Tel:\u00a0+38269980717 Rritet solidariteti p\u00ebr familjen e Shaqir Elezoviqit i\" \/>\n<meta name=\"robots\" content=\"index, follow, max-snippet:-1, max-image-preview:large, max-video-preview:-1\" \/>\n<link rel=\"canonical\" href=\"https:\/\/www.visit-ulcinj.com\/blog\/2011\/11\/04\/apel-per-ndihme-familjes-se-shaqir-elezit-nga-ulqini-video\/\" \/>\n<meta property=\"og:locale\" content=\"en_US\" \/>\n<meta property=\"og:type\" content=\"article\" \/>\n<meta property=\"og:title\" content=\"Apel p\u00ebr ndihm\u00eb familjes s\u00eb Shaqir Elezit nga Ulqini - Video - Lajme nga Ulqini\" \/>\n<meta property=\"og:description\" content=\"Familja e Shaqirit po jeton n\u00eb kushte t\u00eb v\u00ebshtira dhe se ajo apelon p\u00ebr ndihm\u00eb. Tel:\u00a0+38269980717 Rritet solidariteti p\u00ebr familjen e Shaqir Elezoviqit i\" \/>\n<meta property=\"og:url\" content=\"https:\/\/www.visit-ulcinj.com\/blog\/2011\/11\/04\/apel-per-ndihme-familjes-se-shaqir-elezit-nga-ulqini-video\/\" \/>\n<meta property=\"og:site_name\" content=\"Lajme nga Ulqini\" \/>\n<meta property=\"article:published_time\" content=\"2011-11-04T15:42:26+00:00\" \/>\n<meta property=\"article:modified_time\" content=\"2012-10-27T04:27:01+00:00\" \/>\n<meta property=\"og:image\" content=\"http:\/\/www.visit-ulcinj.com\/blog\/wp-content\/uploads\/2011\/11\/Apel-p%C3%ABr-ndihm%C3%AB-familjes-s%C3%AB-Shaqir-Elezit-nga-Ulqini.jpg\" \/>\n<meta name=\"twitter:label1\" content=\"Written by\" \/>\n\t<meta name=\"twitter:data1\" content=\"ulqini\" \/>\n\t<meta name=\"twitter:label2\" content=\"Est. reading time\" \/>\n\t<meta name=\"twitter:data2\" content=\"4 minutes\" \/>\n<script type=\"application\/ld+json\" class=\"yoast-schema-graph\">{\"@context\":\"https:\/\/schema.org\",\"@graph\":[{\"@type\":\"WebSite\",\"@id\":\"https:\/\/www.visit-ulcinj.com\/blog\/#website\",\"url\":\"https:\/\/www.visit-ulcinj.com\/blog\/\",\"name\":\"Lajme nga Ulqini\",\"description\":\"Lajme,Vijesti,Ulqini,Ulqin,Crna Gora,Mali i Zi\",\"potentialAction\":[{\"@type\":\"SearchAction\",\"target\":{\"@type\":\"EntryPoint\",\"urlTemplate\":\"https:\/\/www.visit-ulcinj.com\/blog\/?s={search_term_string}\"},\"query-input\":\"required name=search_term_string\"}],\"inLanguage\":\"en-US\"},{\"@type\":\"ImageObject\",\"inLanguage\":\"en-US\",\"@id\":\"https:\/\/www.visit-ulcinj.com\/blog\/2011\/11\/04\/apel-per-ndihme-familjes-se-shaqir-elezit-nga-ulqini-video\/#primaryimage\",\"url\":\"http:\/\/www.visit-ulcinj.com\/blog\/wp-content\/uploads\/2011\/11\/Apel-p%C3%ABr-ndihm%C3%AB-familjes-s%C3%AB-Shaqir-Elezit-nga-Ulqini.jpg\",\"contentUrl\":\"http:\/\/www.visit-ulcinj.com\/blog\/wp-content\/uploads\/2011\/11\/Apel-p%C3%ABr-ndihm%C3%AB-familjes-s%C3%AB-Shaqir-Elezit-nga-Ulqini.jpg\"},{\"@type\":\"WebPage\",\"@id\":\"https:\/\/www.visit-ulcinj.com\/blog\/2011\/11\/04\/apel-per-ndihme-familjes-se-shaqir-elezit-nga-ulqini-video\/#webpage\",\"url\":\"https:\/\/www.visit-ulcinj.com\/blog\/2011\/11\/04\/apel-per-ndihme-familjes-se-shaqir-elezit-nga-ulqini-video\/\",\"name\":\"Apel p\u00ebr ndihm\u00eb familjes s\u00eb Shaqir Elezit nga Ulqini - Video - Lajme nga Ulqini\",\"isPartOf\":{\"@id\":\"https:\/\/www.visit-ulcinj.com\/blog\/#website\"},\"primaryImageOfPage\":{\"@id\":\"https:\/\/www.visit-ulcinj.com\/blog\/2011\/11\/04\/apel-per-ndihme-familjes-se-shaqir-elezit-nga-ulqini-video\/#primaryimage\"},\"datePublished\":\"2011-11-04T15:42:26+00:00\",\"dateModified\":\"2012-10-27T04:27:01+00:00\",\"author\":{\"@id\":\"https:\/\/www.visit-ulcinj.com\/blog\/#\/schema\/person\/dcab619c614d3038751c63bc2aadc06d\"},\"description\":\"Familja e Shaqirit po jeton n\u00eb kushte t\u00eb v\u00ebshtira dhe se ajo apelon p\u00ebr ndihm\u00eb. Tel:\u00a0+38269980717 Rritet solidariteti p\u00ebr familjen e Shaqir Elezoviqit i\",\"breadcrumb\":{\"@id\":\"https:\/\/www.visit-ulcinj.com\/blog\/2011\/11\/04\/apel-per-ndihme-familjes-se-shaqir-elezit-nga-ulqini-video\/#breadcrumb\"},\"inLanguage\":\"en-US\",\"potentialAction\":[{\"@type\":\"ReadAction\",\"target\":[\"https:\/\/www.visit-ulcinj.com\/blog\/2011\/11\/04\/apel-per-ndihme-familjes-se-shaqir-elezit-nga-ulqini-video\/\"]}]},{\"@type\":\"BreadcrumbList\",\"@id\":\"https:\/\/www.visit-ulcinj.com\/blog\/2011\/11\/04\/apel-per-ndihme-familjes-se-shaqir-elezit-nga-ulqini-video\/#breadcrumb\",\"itemListElement\":[{\"@type\":\"ListItem\",\"position\":1,\"name\":\"Apel p\u00ebr ndihm\u00eb familjes s\u00eb Shaqir Elezit nga Ulqini &#8211; Video\"}]},{\"@type\":\"Person\",\"@id\":\"https:\/\/www.visit-ulcinj.com\/blog\/#\/schema\/person\/dcab619c614d3038751c63bc2aadc06d\",\"name\":\"ulqini\",\"sameAs\":[\"http:\/\/www.visit-ulcinj.com\"],\"url\":\"https:\/\/www.visit-ulcinj.com\/blog\/author\/admin\/\"}]}<\/script>\n<!-- \/ Yoast SEO plugin. -->","yoast_head_json":{"title":"Apel p\u00ebr ndihm\u00eb familjes s\u00eb Shaqir Elezit nga Ulqini - Video - Lajme nga Ulqini","description":"Familja e Shaqirit po jeton n\u00eb kushte t\u00eb v\u00ebshtira dhe se ajo apelon p\u00ebr ndihm\u00eb. Tel:\u00a0+38269980717 Rritet solidariteti p\u00ebr familjen e Shaqir Elezoviqit i","robots":{"index":"index","follow":"follow","max-snippet":"max-snippet:-1","max-image-preview":"max-image-preview:large","max-video-preview":"max-video-preview:-1"},"canonical":"https:\/\/www.visit-ulcinj.com\/blog\/2011\/11\/04\/apel-per-ndihme-familjes-se-shaqir-elezit-nga-ulqini-video\/","og_locale":"en_US","og_type":"article","og_title":"Apel p\u00ebr ndihm\u00eb familjes s\u00eb Shaqir Elezit nga Ulqini - Video - Lajme nga Ulqini","og_description":"Familja e Shaqirit po jeton n\u00eb kushte t\u00eb v\u00ebshtira dhe se ajo apelon p\u00ebr ndihm\u00eb. Tel:\u00a0+38269980717 Rritet solidariteti p\u00ebr familjen e Shaqir Elezoviqit i","og_url":"https:\/\/www.visit-ulcinj.com\/blog\/2011\/11\/04\/apel-per-ndihme-familjes-se-shaqir-elezit-nga-ulqini-video\/","og_site_name":"Lajme nga Ulqini","article_published_time":"2011-11-04T15:42:26+00:00","article_modified_time":"2012-10-27T04:27:01+00:00","og_image":[{"url":"http:\/\/www.visit-ulcinj.com\/blog\/wp-content\/uploads\/2011\/11\/Apel-p%C3%ABr-ndihm%C3%AB-familjes-s%C3%AB-Shaqir-Elezit-nga-Ulqini.jpg"}],"twitter_misc":{"Written by":"ulqini","Est. reading time":"4 minutes"},"schema":{"@context":"https:\/\/schema.org","@graph":[{"@type":"WebSite","@id":"https:\/\/www.visit-ulcinj.com\/blog\/#website","url":"https:\/\/www.visit-ulcinj.com\/blog\/","name":"Lajme nga Ulqini","description":"Lajme,Vijesti,Ulqini,Ulqin,Crna Gora,Mali i Zi","potentialAction":[{"@type":"SearchAction","target":{"@type":"EntryPoint","urlTemplate":"https:\/\/www.visit-ulcinj.com\/blog\/?s={search_term_string}"},"query-input":"required name=search_term_string"}],"inLanguage":"en-US"},{"@type":"ImageObject","inLanguage":"en-US","@id":"https:\/\/www.visit-ulcinj.com\/blog\/2011\/11\/04\/apel-per-ndihme-familjes-se-shaqir-elezit-nga-ulqini-video\/#primaryimage","url":"http:\/\/www.visit-ulcinj.com\/blog\/wp-content\/uploads\/2011\/11\/Apel-p%C3%ABr-ndihm%C3%AB-familjes-s%C3%AB-Shaqir-Elezit-nga-Ulqini.jpg","contentUrl":"http:\/\/www.visit-ulcinj.com\/blog\/wp-content\/uploads\/2011\/11\/Apel-p%C3%ABr-ndihm%C3%AB-familjes-s%C3%AB-Shaqir-Elezit-nga-Ulqini.jpg"},{"@type":"WebPage","@id":"https:\/\/www.visit-ulcinj.com\/blog\/2011\/11\/04\/apel-per-ndihme-familjes-se-shaqir-elezit-nga-ulqini-video\/#webpage","url":"https:\/\/www.visit-ulcinj.com\/blog\/2011\/11\/04\/apel-per-ndihme-familjes-se-shaqir-elezit-nga-ulqini-video\/","name":"Apel p\u00ebr ndihm\u00eb familjes s\u00eb Shaqir Elezit nga Ulqini - Video - Lajme nga Ulqini","isPartOf":{"@id":"https:\/\/www.visit-ulcinj.com\/blog\/#website"},"primaryImageOfPage":{"@id":"https:\/\/www.visit-ulcinj.com\/blog\/2011\/11\/04\/apel-per-ndihme-familjes-se-shaqir-elezit-nga-ulqini-video\/#primaryimage"},"datePublished":"2011-11-04T15:42:26+00:00","dateModified":"2012-10-27T04:27:01+00:00","author":{"@id":"https:\/\/www.visit-ulcinj.com\/blog\/#\/schema\/person\/dcab619c614d3038751c63bc2aadc06d"},"description":"Familja e Shaqirit po jeton n\u00eb kushte t\u00eb v\u00ebshtira dhe se ajo apelon p\u00ebr ndihm\u00eb. Tel:\u00a0+38269980717 Rritet solidariteti p\u00ebr familjen e Shaqir Elezoviqit i","breadcrumb":{"@id":"https:\/\/www.visit-ulcinj.com\/blog\/2011\/11\/04\/apel-per-ndihme-familjes-se-shaqir-elezit-nga-ulqini-video\/#breadcrumb"},"inLanguage":"en-US","potentialAction":[{"@type":"ReadAction","target":["https:\/\/www.visit-ulcinj.com\/blog\/2011\/11\/04\/apel-per-ndihme-familjes-se-shaqir-elezit-nga-ulqini-video\/"]}]},{"@type":"BreadcrumbList","@id":"https:\/\/www.visit-ulcinj.com\/blog\/2011\/11\/04\/apel-per-ndihme-familjes-se-shaqir-elezit-nga-ulqini-video\/#breadcrumb","itemListElement":[{"@type":"ListItem","position":1,"name":"Apel p\u00ebr ndihm\u00eb familjes s\u00eb Shaqir Elezit nga Ulqini &#8211; Video"}]},{"@type":"Person","@id":"https:\/\/www.visit-ulcinj.com\/blog\/#\/schema\/person\/dcab619c614d3038751c63bc2aadc06d","name":"ulqini","sameAs":["http:\/\/www.visit-ulcinj.com"],"url":"https:\/\/www.visit-ulcinj.com\/blog\/author\/admin\/"}]}},"jetpack_featured_media_url":"","jetpack_sharing_enabled":true,"jetpack_shortlink":"https:\/\/wp.me\/pe6lTn-dII","_links":{"self":[{"href":"https:\/\/www.visit-ulcinj.com\/blog\/wp-json\/wp\/v2\/posts\/52744"}],"collection":[{"href":"https:\/\/www.visit-ulcinj.com\/blog\/wp-json\/wp\/v2\/posts"}],"about":[{"href":"https:\/\/www.visit-ulcinj.com\/blog\/wp-json\/wp\/v2\/types\/post"}],"author":[{"embeddable":true,"href":"https:\/\/www.visit-ulcinj.com\/blog\/wp-json\/wp\/v2\/users\/1"}],"replies":[{"embeddable":true,"href":"https:\/\/www.visit-ulcinj.com\/blog\/wp-json\/wp\/v2\/comments?post=52744"}],"version-history":[{"count":17,"href":"https:\/\/www.visit-ulcinj.com\/blog\/wp-json\/wp\/v2\/posts\/52744\/revisions"}],"predecessor-version":[{"id":52755,"href":"https:\/\/www.visit-ulcinj.com\/blog\/wp-json\/wp\/v2\/posts\/52744\/revisions\/52755"}],"wp:attachment":[{"href":"https:\/\/www.visit-ulcinj.com\/blog\/wp-json\/wp\/v2\/media?parent=52744"}],"wp:term":[{"taxonomy":"category","embeddable":true,"href":"https:\/\/www.visit-ulcinj.com\/blog\/wp-json\/wp\/v2\/categories?post=52744"},{"taxonomy":"post_tag","embeddable":true,"href":"https:\/\/www.visit-ulcinj.com\/blog\/wp-json\/wp\/v2\/tags?post=52744"}],"curies":[{"name":"wp","href":"https:\/\/api.w.org\/{rel}","templated":true}]}}