{"id":52757,"date":"2011-11-04T22:05:18","date_gmt":"2011-11-04T21:05:18","guid":{"rendered":"http:\/\/www.visit-ulcinj.com\/blog\/?p=52757"},"modified":"2011-11-06T11:14:22","modified_gmt":"2011-11-06T10:14:22","slug":"udsh-ja-urime-festa-e-kurban-bajramit-2","status":"publish","type":"post","link":"https:\/\/www.visit-ulcinj.com\/blog\/2011\/11\/04\/udsh-ja-urime-festa-e-kurban-bajramit-2\/","title":{"rendered":"UDSH-ja: Urime festa e Kurban Bajramit"},"content":{"rendered":"<h3><img loading=\"lazy\" class=\"alignleft size-thumbnail wp-image-36988\" title=\"UNIONI  DEMOKRATIK I SHQIPTAR\u00cbVE\" src=\"http:\/\/www.visit-ulcinj.com\/blog\/wp-content\/uploads\/2010\/09\/UNIONI-DEMOKRATIK-I-SHQIPTAR\u00cbVE-150x150.jpg\" alt=\"\" width=\"150\" height=\"150\" \/><strong>UNIONI DEMOKRATIK I SHQIPTAR\u00cbVE<\/strong><\/h3>\n<h3><strong>DEMOKRATSKA UNIJA ALBANACA <\/strong><\/h3>\n<h3><strong> THE DEMOCRATIC UNION OF ALBANIANS<\/strong><\/h3>\n<p>&nbsp;<\/p>\n<p><strong><br \/>\n<\/strong><\/p>\n<p><strong>ULQIN, m\u00eb 4 n\u00ebntor 2011<\/strong><\/p>\n<p style=\"text-align: center;\"><strong>URIM P\u00cbR\u00a0 FESTEN E KURBAN BAJRAMIT<\/strong><\/p>\n<p>Unioni Demokratik i Shqiptar\u00ebve t\u00eb gjith\u00eb besimtar\u00ebve t\u00eb\u00a0 Fes\u00eb Islame ja uron Fest\u00ebn e Kurban Bajramit duke i d\u00ebshirua\u00a0 sh\u00ebndet, p\u00ebrparim dhe mbarsi n\u00eb familjet e tyre , paq mir\u00ebkuptim\u00a0 dhe toleranc\u00eb n\u00eb mes njer\u00ebzve , fat dhe lumturi , me shpres\u00eb tek\u00a0 Zoti q\u00eb t\u00eb gjith\u00eb mos pajtimet , mos kuptimet dhe mos toleranc\u00ebn\u00a0 ta frenoi p\u00ebr hir t\u00eb mir\u00ebkuptimit njer\u00ebzor dhe m\u00ebshirimit shpirt\u00ebror.\u00a0\u00a0\u00a0 G\u00ebzuar, kurban Bajramin, pa\u00e7i fat dhe Zoti Ju shp\u00ebrbleft\u00eb\u00a0 m\u00eb\u00a0 t\u00eb\u00a0 mira t\u00eb gjith\u00eb sakrificat dhe flijimet e Juaja .<\/p>\n<p>&nbsp;<\/p>\n<p><strong>Unioni Demokratik i Shqiptar\u00ebve<\/strong><br \/>\n<strong> Kryetari Ferhat Dinosha,d.v.<\/strong><\/p>\n<p><a href=\"http:\/\/www.visit-ulcinj.com\/blog\/wp-content\/uploads\/2011\/11\/UDSH-ja_-Urime-festa-e-Kurban-Bajramit.jpg\"><img loading=\"lazy\" class=\"alignleft size-full wp-image-52758\" title=\"UDSH-ja_ Urime festa e Kurban Bajramit\" src=\"http:\/\/www.visit-ulcinj.com\/blog\/wp-content\/uploads\/2011\/11\/UDSH-ja_-Urime-festa-e-Kurban-Bajramit.jpg\" alt=\"\" width=\"508\" height=\"380\" \/><\/a><\/p>\n","protected":false},"excerpt":{"rendered":"<p>UNIONI DEMOKRATIK I SHQIPTAR\u00cbVE DEMOKRATSKA UNIJA ALBANACA THE DEMOCRATIC UNION OF ALBANIANS &nbsp; ULQIN, m\u00eb 4 n\u00ebntor 2011 URIM P\u00cbR\u00a0 FESTEN E KURBAN BAJRAMIT Unioni Demokratik i Shqiptar\u00ebve t\u00eb gjith\u00eb besimtar\u00ebve t\u00eb\u00a0 Fes\u00eb Islame ja uron Fest\u00ebn e Kurban Bajramit duke i d\u00ebshirua\u00a0 sh\u00ebndet, p\u00ebrparim dhe mbarsi n\u00eb familjet e tyre , paq mir\u00ebkuptim\u00a0 dhe [&hellip;]<\/p>\n","protected":false},"author":1,"featured_media":0,"comment_status":"open","ping_status":"closed","sticky":false,"template":"","format":"standard","meta":{"spay_email":"","jetpack_publicize_message":"","jetpack_is_tweetstorm":false,"jetpack_publicize_feature_enabled":true},"categories":[10],"tags":[19036,205,2394,16789],"jetpack_publicize_connections":[],"yoast_head":"<!-- This site is optimized with the Yoast SEO plugin v19.1 - https:\/\/yoast.com\/wordpress\/plugins\/seo\/ -->\n<title>UDSH-ja: Urime festa e Kurban Bajramit - Lajme nga Ulqini<\/title>\n<meta name=\"description\" content=\"UNIONI DEMOKRATIK I SHQIPTAR\u00cbVE DEMOKRATSKA UNIJA ALBANACA THE DEMOCRATIC UNION OF ALBANIANS &nbsp; ULQIN, m\u00eb 4 n\u00ebntor 2011 URIM P\u00cbR\u00a0 FESTEN E KURBAN\" \/>\n<meta name=\"robots\" content=\"index, follow, max-snippet:-1, max-image-preview:large, max-video-preview:-1\" \/>\n<link rel=\"canonical\" href=\"https:\/\/www.visit-ulcinj.com\/blog\/2011\/11\/04\/udsh-ja-urime-festa-e-kurban-bajramit-2\/\" \/>\n<meta property=\"og:locale\" content=\"en_US\" \/>\n<meta property=\"og:type\" content=\"article\" \/>\n<meta property=\"og:title\" content=\"UDSH-ja: Urime festa e Kurban Bajramit - Lajme nga Ulqini\" \/>\n<meta property=\"og:description\" content=\"UNIONI DEMOKRATIK I SHQIPTAR\u00cbVE DEMOKRATSKA UNIJA ALBANACA THE DEMOCRATIC UNION OF ALBANIANS &nbsp; ULQIN, m\u00eb 4 n\u00ebntor 2011 URIM P\u00cbR\u00a0 FESTEN E KURBAN\" \/>\n<meta property=\"og:url\" content=\"https:\/\/www.visit-ulcinj.com\/blog\/2011\/11\/04\/udsh-ja-urime-festa-e-kurban-bajramit-2\/\" \/>\n<meta property=\"og:site_name\" content=\"Lajme nga Ulqini\" \/>\n<meta property=\"article:published_time\" content=\"2011-11-04T21:05:18+00:00\" \/>\n<meta property=\"article:modified_time\" content=\"2011-11-06T10:14:22+00:00\" \/>\n<meta property=\"og:image\" content=\"http:\/\/www.visit-ulcinj.com\/blog\/wp-content\/uploads\/2011\/11\/UDSH-ja_-Urime-festa-e-Kurban-Bajramit.jpg\" \/>\n<meta name=\"twitter:label1\" content=\"Written by\" \/>\n\t<meta name=\"twitter:data1\" content=\"ulqini\" \/>\n\t<meta name=\"twitter:label2\" content=\"Est. reading time\" \/>\n\t<meta name=\"twitter:data2\" content=\"1 minute\" \/>\n<script type=\"application\/ld+json\" class=\"yoast-schema-graph\">{\"@context\":\"https:\/\/schema.org\",\"@graph\":[{\"@type\":\"WebSite\",\"@id\":\"https:\/\/www.visit-ulcinj.com\/blog\/#website\",\"url\":\"https:\/\/www.visit-ulcinj.com\/blog\/\",\"name\":\"Lajme nga Ulqini\",\"description\":\"Lajme,Vijesti,Ulqini,Ulqin,Crna Gora,Mali i Zi\",\"potentialAction\":[{\"@type\":\"SearchAction\",\"target\":{\"@type\":\"EntryPoint\",\"urlTemplate\":\"https:\/\/www.visit-ulcinj.com\/blog\/?s={search_term_string}\"},\"query-input\":\"required name=search_term_string\"}],\"inLanguage\":\"en-US\"},{\"@type\":\"ImageObject\",\"inLanguage\":\"en-US\",\"@id\":\"https:\/\/www.visit-ulcinj.com\/blog\/2011\/11\/04\/udsh-ja-urime-festa-e-kurban-bajramit-2\/#primaryimage\",\"url\":\"https:\/\/www.visit-ulcinj.com\/blog\/wp-content\/uploads\/2011\/11\/UDSH-ja_-Urime-festa-e-Kurban-Bajramit.jpg\",\"contentUrl\":\"https:\/\/www.visit-ulcinj.com\/blog\/wp-content\/uploads\/2011\/11\/UDSH-ja_-Urime-festa-e-Kurban-Bajramit.jpg\",\"width\":\"603\",\"height\":\"415\"},{\"@type\":\"WebPage\",\"@id\":\"https:\/\/www.visit-ulcinj.com\/blog\/2011\/11\/04\/udsh-ja-urime-festa-e-kurban-bajramit-2\/#webpage\",\"url\":\"https:\/\/www.visit-ulcinj.com\/blog\/2011\/11\/04\/udsh-ja-urime-festa-e-kurban-bajramit-2\/\",\"name\":\"UDSH-ja: Urime festa e Kurban Bajramit - Lajme nga Ulqini\",\"isPartOf\":{\"@id\":\"https:\/\/www.visit-ulcinj.com\/blog\/#website\"},\"primaryImageOfPage\":{\"@id\":\"https:\/\/www.visit-ulcinj.com\/blog\/2011\/11\/04\/udsh-ja-urime-festa-e-kurban-bajramit-2\/#primaryimage\"},\"datePublished\":\"2011-11-04T21:05:18+00:00\",\"dateModified\":\"2011-11-06T10:14:22+00:00\",\"author\":{\"@id\":\"https:\/\/www.visit-ulcinj.com\/blog\/#\/schema\/person\/dcab619c614d3038751c63bc2aadc06d\"},\"description\":\"UNIONI DEMOKRATIK I SHQIPTAR\u00cbVE DEMOKRATSKA UNIJA ALBANACA THE DEMOCRATIC UNION OF ALBANIANS &nbsp; ULQIN, m\u00eb 4 n\u00ebntor 2011 URIM P\u00cbR\u00a0 FESTEN E KURBAN\",\"breadcrumb\":{\"@id\":\"https:\/\/www.visit-ulcinj.com\/blog\/2011\/11\/04\/udsh-ja-urime-festa-e-kurban-bajramit-2\/#breadcrumb\"},\"inLanguage\":\"en-US\",\"potentialAction\":[{\"@type\":\"ReadAction\",\"target\":[\"https:\/\/www.visit-ulcinj.com\/blog\/2011\/11\/04\/udsh-ja-urime-festa-e-kurban-bajramit-2\/\"]}]},{\"@type\":\"BreadcrumbList\",\"@id\":\"https:\/\/www.visit-ulcinj.com\/blog\/2011\/11\/04\/udsh-ja-urime-festa-e-kurban-bajramit-2\/#breadcrumb\",\"itemListElement\":[{\"@type\":\"ListItem\",\"position\":1,\"name\":\"UDSH-ja: Urime festa e Kurban Bajramit\"}]},{\"@type\":\"Person\",\"@id\":\"https:\/\/www.visit-ulcinj.com\/blog\/#\/schema\/person\/dcab619c614d3038751c63bc2aadc06d\",\"name\":\"ulqini\",\"sameAs\":[\"http:\/\/www.visit-ulcinj.com\"],\"url\":\"https:\/\/www.visit-ulcinj.com\/blog\/author\/admin\/\"}]}<\/script>\n<!-- \/ Yoast SEO plugin. -->","yoast_head_json":{"title":"UDSH-ja: Urime festa e Kurban Bajramit - Lajme nga Ulqini","description":"UNIONI DEMOKRATIK I SHQIPTAR\u00cbVE DEMOKRATSKA UNIJA ALBANACA THE DEMOCRATIC UNION OF ALBANIANS &nbsp; ULQIN, m\u00eb 4 n\u00ebntor 2011 URIM P\u00cbR\u00a0 FESTEN E KURBAN","robots":{"index":"index","follow":"follow","max-snippet":"max-snippet:-1","max-image-preview":"max-image-preview:large","max-video-preview":"max-video-preview:-1"},"canonical":"https:\/\/www.visit-ulcinj.com\/blog\/2011\/11\/04\/udsh-ja-urime-festa-e-kurban-bajramit-2\/","og_locale":"en_US","og_type":"article","og_title":"UDSH-ja: Urime festa e Kurban Bajramit - Lajme nga Ulqini","og_description":"UNIONI DEMOKRATIK I SHQIPTAR\u00cbVE DEMOKRATSKA UNIJA ALBANACA THE DEMOCRATIC UNION OF ALBANIANS &nbsp; ULQIN, m\u00eb 4 n\u00ebntor 2011 URIM P\u00cbR\u00a0 FESTEN E KURBAN","og_url":"https:\/\/www.visit-ulcinj.com\/blog\/2011\/11\/04\/udsh-ja-urime-festa-e-kurban-bajramit-2\/","og_site_name":"Lajme nga Ulqini","article_published_time":"2011-11-04T21:05:18+00:00","article_modified_time":"2011-11-06T10:14:22+00:00","og_image":[{"url":"http:\/\/www.visit-ulcinj.com\/blog\/wp-content\/uploads\/2011\/11\/UDSH-ja_-Urime-festa-e-Kurban-Bajramit.jpg"}],"twitter_misc":{"Written by":"ulqini","Est. reading time":"1 minute"},"schema":{"@context":"https:\/\/schema.org","@graph":[{"@type":"WebSite","@id":"https:\/\/www.visit-ulcinj.com\/blog\/#website","url":"https:\/\/www.visit-ulcinj.com\/blog\/","name":"Lajme nga Ulqini","description":"Lajme,Vijesti,Ulqini,Ulqin,Crna Gora,Mali i Zi","potentialAction":[{"@type":"SearchAction","target":{"@type":"EntryPoint","urlTemplate":"https:\/\/www.visit-ulcinj.com\/blog\/?s={search_term_string}"},"query-input":"required name=search_term_string"}],"inLanguage":"en-US"},{"@type":"ImageObject","inLanguage":"en-US","@id":"https:\/\/www.visit-ulcinj.com\/blog\/2011\/11\/04\/udsh-ja-urime-festa-e-kurban-bajramit-2\/#primaryimage","url":"https:\/\/www.visit-ulcinj.com\/blog\/wp-content\/uploads\/2011\/11\/UDSH-ja_-Urime-festa-e-Kurban-Bajramit.jpg","contentUrl":"https:\/\/www.visit-ulcinj.com\/blog\/wp-content\/uploads\/2011\/11\/UDSH-ja_-Urime-festa-e-Kurban-Bajramit.jpg","width":"603","height":"415"},{"@type":"WebPage","@id":"https:\/\/www.visit-ulcinj.com\/blog\/2011\/11\/04\/udsh-ja-urime-festa-e-kurban-bajramit-2\/#webpage","url":"https:\/\/www.visit-ulcinj.com\/blog\/2011\/11\/04\/udsh-ja-urime-festa-e-kurban-bajramit-2\/","name":"UDSH-ja: Urime festa e Kurban Bajramit - Lajme nga Ulqini","isPartOf":{"@id":"https:\/\/www.visit-ulcinj.com\/blog\/#website"},"primaryImageOfPage":{"@id":"https:\/\/www.visit-ulcinj.com\/blog\/2011\/11\/04\/udsh-ja-urime-festa-e-kurban-bajramit-2\/#primaryimage"},"datePublished":"2011-11-04T21:05:18+00:00","dateModified":"2011-11-06T10:14:22+00:00","author":{"@id":"https:\/\/www.visit-ulcinj.com\/blog\/#\/schema\/person\/dcab619c614d3038751c63bc2aadc06d"},"description":"UNIONI DEMOKRATIK I SHQIPTAR\u00cbVE DEMOKRATSKA UNIJA ALBANACA THE DEMOCRATIC UNION OF ALBANIANS &nbsp; ULQIN, m\u00eb 4 n\u00ebntor 2011 URIM P\u00cbR\u00a0 FESTEN E KURBAN","breadcrumb":{"@id":"https:\/\/www.visit-ulcinj.com\/blog\/2011\/11\/04\/udsh-ja-urime-festa-e-kurban-bajramit-2\/#breadcrumb"},"inLanguage":"en-US","potentialAction":[{"@type":"ReadAction","target":["https:\/\/www.visit-ulcinj.com\/blog\/2011\/11\/04\/udsh-ja-urime-festa-e-kurban-bajramit-2\/"]}]},{"@type":"BreadcrumbList","@id":"https:\/\/www.visit-ulcinj.com\/blog\/2011\/11\/04\/udsh-ja-urime-festa-e-kurban-bajramit-2\/#breadcrumb","itemListElement":[{"@type":"ListItem","position":1,"name":"UDSH-ja: Urime festa e Kurban Bajramit"}]},{"@type":"Person","@id":"https:\/\/www.visit-ulcinj.com\/blog\/#\/schema\/person\/dcab619c614d3038751c63bc2aadc06d","name":"ulqini","sameAs":["http:\/\/www.visit-ulcinj.com"],"url":"https:\/\/www.visit-ulcinj.com\/blog\/author\/admin\/"}]}},"jetpack_featured_media_url":"","jetpack_sharing_enabled":true,"jetpack_shortlink":"https:\/\/wp.me\/pe6lTn-dIV","_links":{"self":[{"href":"https:\/\/www.visit-ulcinj.com\/blog\/wp-json\/wp\/v2\/posts\/52757"}],"collection":[{"href":"https:\/\/www.visit-ulcinj.com\/blog\/wp-json\/wp\/v2\/posts"}],"about":[{"href":"https:\/\/www.visit-ulcinj.com\/blog\/wp-json\/wp\/v2\/types\/post"}],"author":[{"embeddable":true,"href":"https:\/\/www.visit-ulcinj.com\/blog\/wp-json\/wp\/v2\/users\/1"}],"replies":[{"embeddable":true,"href":"https:\/\/www.visit-ulcinj.com\/blog\/wp-json\/wp\/v2\/comments?post=52757"}],"version-history":[{"count":4,"href":"https:\/\/www.visit-ulcinj.com\/blog\/wp-json\/wp\/v2\/posts\/52757\/revisions"}],"predecessor-version":[{"id":52995,"href":"https:\/\/www.visit-ulcinj.com\/blog\/wp-json\/wp\/v2\/posts\/52757\/revisions\/52995"}],"wp:attachment":[{"href":"https:\/\/www.visit-ulcinj.com\/blog\/wp-json\/wp\/v2\/media?parent=52757"}],"wp:term":[{"taxonomy":"category","embeddable":true,"href":"https:\/\/www.visit-ulcinj.com\/blog\/wp-json\/wp\/v2\/categories?post=52757"},{"taxonomy":"post_tag","embeddable":true,"href":"https:\/\/www.visit-ulcinj.com\/blog\/wp-json\/wp\/v2\/tags?post=52757"}],"curies":[{"name":"wp","href":"https:\/\/api.w.org\/{rel}","templated":true}]}}