{"id":52762,"date":"2011-11-04T22:21:30","date_gmt":"2011-11-04T21:21:30","guid":{"rendered":"http:\/\/www.visit-ulcinj.com\/blog\/?p=52762"},"modified":"2011-11-05T13:24:01","modified_gmt":"2011-11-05T12:24:01","slug":"knsh-ja-me-fat-festen-e-kurban-bajramit","status":"publish","type":"post","link":"https:\/\/www.visit-ulcinj.com\/blog\/2011\/11\/04\/knsh-ja-me-fat-festen-e-kurban-bajramit\/","title":{"rendered":"KNSH-ja: Me Fat fest\u00ebn e Kurban  Bajramit"},"content":{"rendered":"<p><strong><a href=\"http:\/\/www.visit-ulcinj.com\/blog\/wp-content\/uploads\/2010\/11\/K\u00cbSHILLI-NACIONAL-I-SHQIPTAR\u00cbVE-N\u00cb-MALIN-E-ZI.jpg\"><img loading=\"lazy\" class=\"alignleft size-medium wp-image-39757\" title=\"K\u00cbSHILLI NACIONAL I SHQIPTAR\u00cbVE N\u00cb MALIN E ZI\" src=\"http:\/\/www.visit-ulcinj.com\/blog\/wp-content\/uploads\/2010\/11\/K\u00cbSHILLI-NACIONAL-I-SHQIPTAR\u00cbVE-N\u00cb-MALIN-E-ZI-300x133.jpg\" alt=\"\" width=\"300\" height=\"133\" srcset=\"https:\/\/www.visit-ulcinj.com\/blog\/wp-content\/uploads\/2010\/11\/K\u00cbSHILLI-NACIONAL-I-SHQIPTAR\u00cbVE-N\u00cb-MALIN-E-ZI-300x133.jpg 300w, https:\/\/www.visit-ulcinj.com\/blog\/wp-content\/uploads\/2010\/11\/K\u00cbSHILLI-NACIONAL-I-SHQIPTAR\u00cbVE-N\u00cb-MALIN-E-ZI.jpg 318w\" sizes=\"(max-width: 300px) 100vw, 300px\" \/><\/a>K\u00cbSHILLI NACIONAL I SHQIPTAR\u00cbVE N\u00cb MALIN E ZI<\/strong><\/p>\n<p><strong>NACIONALNI SAVJET ALBANACA U CRNOJ GORI<\/strong><\/p>\n<p><strong>ALBANIAN NATIONAL COUNCIL IN MONTENEGRO<\/strong><\/p>\n<p><strong>Ulqin, 4.11. 2011<\/strong><\/p>\n<p align=\"center\"><strong>URIM P\u00cbR FEST\u00cbN E KURBAN \u00a0BAJRAMIT<\/strong><\/p>\n<p>&nbsp;<\/p>\n<p>K\u00ebshilli\u00a0 Nacional\u00a0 i\u00a0 Shqiptar\u00ebve\u00a0 n\u00eb Malin e Zi uron\u00a0 besimtar\u00ebt e\u00a0 fes\u00eb Islame me d\u00ebshirat ma t\u00eb mira p\u00ebr sh\u00ebndet, g\u00ebzim e harmoni n\u00eb familjet e t\u00eb gjith\u00eb shqiptar\u00ebve.<\/p>\n<p>G\u00ebzuar \u00a0Kurban Bajramin\u00a0\u00a0\u00a0 me d\u00ebshir\u00ebn q\u00eb kjo Fest\u00eb e sakrific\u00ebs materiale e shpirt\u00ebrore dhe e solidaritetit reciprok mes njer\u00ebzve,\u00a0 t\u00eb gjith\u00eb shqiptar\u00ebt\u00a0 ti gjej\u00eb sa m\u00eb unik\u00a0 e t\u00eb\u00a0 bashkuar , si domosdoshm\u00ebri \u00a0gjithnj\u00eb \u00a0\u00a0aktuale\u00a0\u00a0 p\u00ebr\u00a0 ne\u00a0 shqiptar\u00ebt, sepse vet\u00ebm ashtu mund t\u00eb kontribojm\u00eb p\u00ebr shoq\u00ebrin\u00eb\u00a0 e p\u00ebr kombin.<\/p>\n<p>E b\u00ebft\u00eb Zoti q\u00eb\u00a0 Festa e\u00a0\u00a0 Kurban Bajramit\u00a0\u00a0 t\u00eb stolis\u00eb\u00a0 familjet\u00a0 tona me sa m\u00eb shum\u00eb\u00a0 g\u00ebzim,\u00a0 dashuri,\u00a0 mir\u00ebkuptim\u00a0 e\u00a0 solidaritet\u00a0 t\u00eb\u00a0 nd\u00ebrsjell\u00eb .<\/p>\n<p>&nbsp;<\/p>\n<p>Kryetari,<\/p>\n<p><strong>Tahir Tahiri d.v.<br \/>\n<a href=\"http:\/\/www.visit-ulcinj.com\/blog\/wp-content\/uploads\/2011\/11\/KNSH-ja_-URIM-P%C3%8BR-FEST%C3%8BN-E-KURBAN-BAJRAMIT.jpg\"><img loading=\"lazy\" class=\"alignleft size-large wp-image-52763\" title=\"KNSH-ja_ URIM P\u00cbR FEST\u00cbN E KURBAN  BAJRAMIT\" src=\"http:\/\/www.visit-ulcinj.com\/blog\/wp-content\/uploads\/2011\/11\/KNSH-ja_-URIM-P%C3%8BR-FEST%C3%8BN-E-KURBAN-BAJRAMIT-1024x659.jpg\" alt=\"\" width=\"508\" height=\"380\" \/><\/a><br \/>\n<\/strong><br \/>\n<iframe loading=\"lazy\" width=\"508\" height=\"400\" frameborder=\"0\" scrolling=\"no\" src=\"http:\/\/live.gph.gov.sa\/mdch.html\" marginheight=\"1\" marginwidth=\"1\" border=\"0\" name=\"I1\"><\/iframe><\/p>\n","protected":false},"excerpt":{"rendered":"<p>K\u00cbSHILLI NACIONAL I SHQIPTAR\u00cbVE N\u00cb MALIN E ZI NACIONALNI SAVJET ALBANACA U CRNOJ GORI ALBANIAN NATIONAL COUNCIL IN MONTENEGRO Ulqin, 4.11. 2011 URIM P\u00cbR FEST\u00cbN E KURBAN \u00a0BAJRAMIT &nbsp; K\u00ebshilli\u00a0 Nacional\u00a0 i\u00a0 Shqiptar\u00ebve\u00a0 n\u00eb Malin e Zi uron\u00a0 besimtar\u00ebt e\u00a0 fes\u00eb Islame me d\u00ebshirat ma t\u00eb mira p\u00ebr sh\u00ebndet, g\u00ebzim e harmoni n\u00eb familjet e [&hellip;]<\/p>\n","protected":false},"author":1,"featured_media":0,"comment_status":"open","ping_status":"closed","sticky":false,"template":"","format":"standard","meta":{"spay_email":"","jetpack_publicize_message":"","jetpack_is_tweetstorm":false,"jetpack_publicize_feature_enabled":true},"categories":[4],"tags":[19389,205,200,18],"jetpack_publicize_connections":[],"yoast_head":"<!-- This site is optimized with the Yoast SEO plugin v19.1 - https:\/\/yoast.com\/wordpress\/plugins\/seo\/ -->\n<title>KNSH-ja: Me Fat fest\u00ebn e Kurban Bajramit  - Lajme nga Ulqini<\/title>\n<meta name=\"description\" content=\"K\u00cbSHILLI NACIONAL I SHQIPTAR\u00cbVE N\u00cb MALIN E ZI NACIONALNI SAVJET ALBANACA U CRNOJ GORI ALBANIAN NATIONAL COUNCIL IN MONTENEGRO Ulqin, 4.11. 2011 URIM P\u00cbR\" \/>\n<meta name=\"robots\" content=\"index, follow, max-snippet:-1, max-image-preview:large, max-video-preview:-1\" \/>\n<link rel=\"canonical\" href=\"https:\/\/www.visit-ulcinj.com\/blog\/2011\/11\/04\/knsh-ja-me-fat-festen-e-kurban-bajramit\/\" \/>\n<meta property=\"og:locale\" content=\"en_US\" \/>\n<meta property=\"og:type\" content=\"article\" \/>\n<meta property=\"og:title\" content=\"KNSH-ja: Me Fat fest\u00ebn e Kurban Bajramit  - Lajme nga Ulqini\" \/>\n<meta property=\"og:description\" content=\"K\u00cbSHILLI NACIONAL I SHQIPTAR\u00cbVE N\u00cb MALIN E ZI NACIONALNI SAVJET ALBANACA U CRNOJ GORI ALBANIAN NATIONAL COUNCIL IN MONTENEGRO Ulqin, 4.11. 2011 URIM P\u00cbR\" \/>\n<meta property=\"og:url\" content=\"https:\/\/www.visit-ulcinj.com\/blog\/2011\/11\/04\/knsh-ja-me-fat-festen-e-kurban-bajramit\/\" \/>\n<meta property=\"og:site_name\" content=\"Lajme nga Ulqini\" \/>\n<meta property=\"article:published_time\" content=\"2011-11-04T21:21:30+00:00\" \/>\n<meta property=\"article:modified_time\" content=\"2011-11-05T12:24:01+00:00\" \/>\n<meta property=\"og:image\" content=\"http:\/\/www.visit-ulcinj.com\/blog\/wp-content\/uploads\/2011\/11\/KNSH-ja_-URIM-P%C3%8BR-FEST%C3%8BN-E-KURBAN-BAJRAMIT-1024x659.jpg\" \/>\n<meta name=\"twitter:label1\" content=\"Written by\" \/>\n\t<meta name=\"twitter:data1\" content=\"ulqini\" \/>\n\t<meta name=\"twitter:label2\" content=\"Est. reading time\" \/>\n\t<meta name=\"twitter:data2\" content=\"1 minute\" \/>\n<script type=\"application\/ld+json\" class=\"yoast-schema-graph\">{\"@context\":\"https:\/\/schema.org\",\"@graph\":[{\"@type\":\"WebSite\",\"@id\":\"https:\/\/www.visit-ulcinj.com\/blog\/#website\",\"url\":\"https:\/\/www.visit-ulcinj.com\/blog\/\",\"name\":\"Lajme nga Ulqini\",\"description\":\"Lajme,Vijesti,Ulqini,Ulqin,Crna Gora,Mali i Zi\",\"potentialAction\":[{\"@type\":\"SearchAction\",\"target\":{\"@type\":\"EntryPoint\",\"urlTemplate\":\"https:\/\/www.visit-ulcinj.com\/blog\/?s={search_term_string}\"},\"query-input\":\"required name=search_term_string\"}],\"inLanguage\":\"en-US\"},{\"@type\":\"ImageObject\",\"inLanguage\":\"en-US\",\"@id\":\"https:\/\/www.visit-ulcinj.com\/blog\/2011\/11\/04\/knsh-ja-me-fat-festen-e-kurban-bajramit\/#primaryimage\",\"url\":\"http:\/\/www.visit-ulcinj.com\/blog\/wp-content\/uploads\/2011\/11\/KNSH-ja_-URIM-P%C3%8BR-FEST%C3%8BN-E-KURBAN-BAJRAMIT-1024x659.jpg\",\"contentUrl\":\"http:\/\/www.visit-ulcinj.com\/blog\/wp-content\/uploads\/2011\/11\/KNSH-ja_-URIM-P%C3%8BR-FEST%C3%8BN-E-KURBAN-BAJRAMIT-1024x659.jpg\"},{\"@type\":\"WebPage\",\"@id\":\"https:\/\/www.visit-ulcinj.com\/blog\/2011\/11\/04\/knsh-ja-me-fat-festen-e-kurban-bajramit\/#webpage\",\"url\":\"https:\/\/www.visit-ulcinj.com\/blog\/2011\/11\/04\/knsh-ja-me-fat-festen-e-kurban-bajramit\/\",\"name\":\"KNSH-ja: Me Fat fest\u00ebn e Kurban Bajramit - Lajme nga Ulqini\",\"isPartOf\":{\"@id\":\"https:\/\/www.visit-ulcinj.com\/blog\/#website\"},\"primaryImageOfPage\":{\"@id\":\"https:\/\/www.visit-ulcinj.com\/blog\/2011\/11\/04\/knsh-ja-me-fat-festen-e-kurban-bajramit\/#primaryimage\"},\"datePublished\":\"2011-11-04T21:21:30+00:00\",\"dateModified\":\"2011-11-05T12:24:01+00:00\",\"author\":{\"@id\":\"https:\/\/www.visit-ulcinj.com\/blog\/#\/schema\/person\/dcab619c614d3038751c63bc2aadc06d\"},\"description\":\"K\u00cbSHILLI NACIONAL I SHQIPTAR\u00cbVE N\u00cb MALIN E ZI NACIONALNI SAVJET ALBANACA U CRNOJ GORI ALBANIAN NATIONAL COUNCIL IN MONTENEGRO Ulqin, 4.11. 2011 URIM P\u00cbR\",\"breadcrumb\":{\"@id\":\"https:\/\/www.visit-ulcinj.com\/blog\/2011\/11\/04\/knsh-ja-me-fat-festen-e-kurban-bajramit\/#breadcrumb\"},\"inLanguage\":\"en-US\",\"potentialAction\":[{\"@type\":\"ReadAction\",\"target\":[\"https:\/\/www.visit-ulcinj.com\/blog\/2011\/11\/04\/knsh-ja-me-fat-festen-e-kurban-bajramit\/\"]}]},{\"@type\":\"BreadcrumbList\",\"@id\":\"https:\/\/www.visit-ulcinj.com\/blog\/2011\/11\/04\/knsh-ja-me-fat-festen-e-kurban-bajramit\/#breadcrumb\",\"itemListElement\":[{\"@type\":\"ListItem\",\"position\":1,\"name\":\"KNSH-ja: Me Fat fest\u00ebn e Kurban Bajramit\"}]},{\"@type\":\"Person\",\"@id\":\"https:\/\/www.visit-ulcinj.com\/blog\/#\/schema\/person\/dcab619c614d3038751c63bc2aadc06d\",\"name\":\"ulqini\",\"sameAs\":[\"http:\/\/www.visit-ulcinj.com\"],\"url\":\"https:\/\/www.visit-ulcinj.com\/blog\/author\/admin\/\"}]}<\/script>\n<!-- \/ Yoast SEO plugin. -->","yoast_head_json":{"title":"KNSH-ja: Me Fat fest\u00ebn e Kurban Bajramit  - Lajme nga Ulqini","description":"K\u00cbSHILLI NACIONAL I SHQIPTAR\u00cbVE N\u00cb MALIN E ZI NACIONALNI SAVJET ALBANACA U CRNOJ GORI ALBANIAN NATIONAL COUNCIL IN MONTENEGRO Ulqin, 4.11. 2011 URIM P\u00cbR","robots":{"index":"index","follow":"follow","max-snippet":"max-snippet:-1","max-image-preview":"max-image-preview:large","max-video-preview":"max-video-preview:-1"},"canonical":"https:\/\/www.visit-ulcinj.com\/blog\/2011\/11\/04\/knsh-ja-me-fat-festen-e-kurban-bajramit\/","og_locale":"en_US","og_type":"article","og_title":"KNSH-ja: Me Fat fest\u00ebn e Kurban Bajramit  - Lajme nga Ulqini","og_description":"K\u00cbSHILLI NACIONAL I SHQIPTAR\u00cbVE N\u00cb MALIN E ZI NACIONALNI SAVJET ALBANACA U CRNOJ GORI ALBANIAN NATIONAL COUNCIL IN MONTENEGRO Ulqin, 4.11. 2011 URIM P\u00cbR","og_url":"https:\/\/www.visit-ulcinj.com\/blog\/2011\/11\/04\/knsh-ja-me-fat-festen-e-kurban-bajramit\/","og_site_name":"Lajme nga Ulqini","article_published_time":"2011-11-04T21:21:30+00:00","article_modified_time":"2011-11-05T12:24:01+00:00","og_image":[{"url":"http:\/\/www.visit-ulcinj.com\/blog\/wp-content\/uploads\/2011\/11\/KNSH-ja_-URIM-P%C3%8BR-FEST%C3%8BN-E-KURBAN-BAJRAMIT-1024x659.jpg"}],"twitter_misc":{"Written by":"ulqini","Est. reading time":"1 minute"},"schema":{"@context":"https:\/\/schema.org","@graph":[{"@type":"WebSite","@id":"https:\/\/www.visit-ulcinj.com\/blog\/#website","url":"https:\/\/www.visit-ulcinj.com\/blog\/","name":"Lajme nga Ulqini","description":"Lajme,Vijesti,Ulqini,Ulqin,Crna Gora,Mali i Zi","potentialAction":[{"@type":"SearchAction","target":{"@type":"EntryPoint","urlTemplate":"https:\/\/www.visit-ulcinj.com\/blog\/?s={search_term_string}"},"query-input":"required name=search_term_string"}],"inLanguage":"en-US"},{"@type":"ImageObject","inLanguage":"en-US","@id":"https:\/\/www.visit-ulcinj.com\/blog\/2011\/11\/04\/knsh-ja-me-fat-festen-e-kurban-bajramit\/#primaryimage","url":"http:\/\/www.visit-ulcinj.com\/blog\/wp-content\/uploads\/2011\/11\/KNSH-ja_-URIM-P%C3%8BR-FEST%C3%8BN-E-KURBAN-BAJRAMIT-1024x659.jpg","contentUrl":"http:\/\/www.visit-ulcinj.com\/blog\/wp-content\/uploads\/2011\/11\/KNSH-ja_-URIM-P%C3%8BR-FEST%C3%8BN-E-KURBAN-BAJRAMIT-1024x659.jpg"},{"@type":"WebPage","@id":"https:\/\/www.visit-ulcinj.com\/blog\/2011\/11\/04\/knsh-ja-me-fat-festen-e-kurban-bajramit\/#webpage","url":"https:\/\/www.visit-ulcinj.com\/blog\/2011\/11\/04\/knsh-ja-me-fat-festen-e-kurban-bajramit\/","name":"KNSH-ja: Me Fat fest\u00ebn e Kurban Bajramit - Lajme nga Ulqini","isPartOf":{"@id":"https:\/\/www.visit-ulcinj.com\/blog\/#website"},"primaryImageOfPage":{"@id":"https:\/\/www.visit-ulcinj.com\/blog\/2011\/11\/04\/knsh-ja-me-fat-festen-e-kurban-bajramit\/#primaryimage"},"datePublished":"2011-11-04T21:21:30+00:00","dateModified":"2011-11-05T12:24:01+00:00","author":{"@id":"https:\/\/www.visit-ulcinj.com\/blog\/#\/schema\/person\/dcab619c614d3038751c63bc2aadc06d"},"description":"K\u00cbSHILLI NACIONAL I SHQIPTAR\u00cbVE N\u00cb MALIN E ZI NACIONALNI SAVJET ALBANACA U CRNOJ GORI ALBANIAN NATIONAL COUNCIL IN MONTENEGRO Ulqin, 4.11. 2011 URIM P\u00cbR","breadcrumb":{"@id":"https:\/\/www.visit-ulcinj.com\/blog\/2011\/11\/04\/knsh-ja-me-fat-festen-e-kurban-bajramit\/#breadcrumb"},"inLanguage":"en-US","potentialAction":[{"@type":"ReadAction","target":["https:\/\/www.visit-ulcinj.com\/blog\/2011\/11\/04\/knsh-ja-me-fat-festen-e-kurban-bajramit\/"]}]},{"@type":"BreadcrumbList","@id":"https:\/\/www.visit-ulcinj.com\/blog\/2011\/11\/04\/knsh-ja-me-fat-festen-e-kurban-bajramit\/#breadcrumb","itemListElement":[{"@type":"ListItem","position":1,"name":"KNSH-ja: Me Fat fest\u00ebn e Kurban Bajramit"}]},{"@type":"Person","@id":"https:\/\/www.visit-ulcinj.com\/blog\/#\/schema\/person\/dcab619c614d3038751c63bc2aadc06d","name":"ulqini","sameAs":["http:\/\/www.visit-ulcinj.com"],"url":"https:\/\/www.visit-ulcinj.com\/blog\/author\/admin\/"}]}},"jetpack_featured_media_url":"","jetpack_sharing_enabled":true,"jetpack_shortlink":"https:\/\/wp.me\/pe6lTn-dJ0","_links":{"self":[{"href":"https:\/\/www.visit-ulcinj.com\/blog\/wp-json\/wp\/v2\/posts\/52762"}],"collection":[{"href":"https:\/\/www.visit-ulcinj.com\/blog\/wp-json\/wp\/v2\/posts"}],"about":[{"href":"https:\/\/www.visit-ulcinj.com\/blog\/wp-json\/wp\/v2\/types\/post"}],"author":[{"embeddable":true,"href":"https:\/\/www.visit-ulcinj.com\/blog\/wp-json\/wp\/v2\/users\/1"}],"replies":[{"embeddable":true,"href":"https:\/\/www.visit-ulcinj.com\/blog\/wp-json\/wp\/v2\/comments?post=52762"}],"version-history":[{"count":3,"href":"https:\/\/www.visit-ulcinj.com\/blog\/wp-json\/wp\/v2\/posts\/52762\/revisions"}],"predecessor-version":[{"id":52825,"href":"https:\/\/www.visit-ulcinj.com\/blog\/wp-json\/wp\/v2\/posts\/52762\/revisions\/52825"}],"wp:attachment":[{"href":"https:\/\/www.visit-ulcinj.com\/blog\/wp-json\/wp\/v2\/media?parent=52762"}],"wp:term":[{"taxonomy":"category","embeddable":true,"href":"https:\/\/www.visit-ulcinj.com\/blog\/wp-json\/wp\/v2\/categories?post=52762"},{"taxonomy":"post_tag","embeddable":true,"href":"https:\/\/www.visit-ulcinj.com\/blog\/wp-json\/wp\/v2\/tags?post=52762"}],"curies":[{"name":"wp","href":"https:\/\/api.w.org\/{rel}","templated":true}]}}