{"id":52788,"date":"2011-11-05T11:10:17","date_gmt":"2011-11-05T10:10:17","guid":{"rendered":"http:\/\/www.visit-ulcinj.com\/blog\/?p=52788"},"modified":"2011-11-05T11:16:23","modified_gmt":"2011-11-05T10:16:23","slug":"barovicu-uzeli-koncesiju-za-leziste-soli-u-ulcinju","status":"publish","type":"post","link":"https:\/\/www.visit-ulcinj.com\/blog\/2011\/11\/05\/barovicu-uzeli-koncesiju-za-leziste-soli-u-ulcinju\/","title":{"rendered":"Barovi\u0107u uzeli koncesiju za le\u017ei\u0161te soli u Ulcinju"},"content":{"rendered":"<div id=\"attachment_52790\" style=\"width: 350px\" class=\"wp-caption alignleft\"><a href=\"http:\/\/www.visit-ulcinj.com\/blog\/wp-content\/uploads\/2011\/11\/Veselin-Barovic.jpg\"><img aria-describedby=\"caption-attachment-52790\" loading=\"lazy\" class=\"size-full wp-image-52790\" title=\"Veselin Barovic\" src=\"http:\/\/www.visit-ulcinj.com\/blog\/wp-content\/uploads\/2011\/11\/Veselin-Barovic.jpg\" alt=\"\" width=\"340\" height=\"440\" \/><\/a><p id=\"caption-attachment-52790\" class=\"wp-caption-text\">Foto: DAN<\/p><\/div>\n<p><a href=\"http:\/\/www.visit-ulcinj.com\/blog\/wp-content\/uploads\/2011\/11\/solana_ulcinj_crna-gora.jpg\"><img loading=\"lazy\" class=\"alignleft size-full wp-image-52789\" title=\"solana_ulcinj_crna-gora\" src=\"http:\/\/www.visit-ulcinj.com\/blog\/wp-content\/uploads\/2011\/11\/solana_ulcinj_crna-gora.jpg\" alt=\"\" width=\"508\" height=\"375\" \/><\/a>Barovi\u0107u uzeli koncesiju Ulcinjska Solana, koja posluje u okviru Eurofonda Veselina Barovi\u0107a ostala je bez koncesije na le\u017ei\u0161te soli \u0160tojska Kneta u Ulcinju. Drugoj Barovi\u0107evoj kompaniji Bjelasici Radi produ\u017eeno je pravo na eksploataciju mineralne vode sa izvora \u010ceo\u010de u Bijelom Polju. Koncesija je oduzeta i AD Primorju za eksploataciju tehni\u010dko-gra\u0111evinskog kamena na le\u017ei\u0161tu Borik 2, iako je ugovor bio zaklju\u010den do 2016. godine, navodi se u informaciji o stanju koncesija, koje je Vlada usvojila ju\u010de.<br \/>\nUgovor je produ\u017een kompaniji Balkan Enerd\u017ei zakupca Svetog Stefana Viktora Restisa za ekspoloataciju mrkog uglja u Beranama, iako je ova komapanija u svojim ranijim izvje\u0161tajima navodila da trpi velike pote\u0161ko\u0107e u poslovanju.<br \/>\nKoncesionaru Montim iz Podgorice je ranije produ\u017eeno vrijeme trajanja koncesije za ukupno 18 godina, zbog korigovanja koordinata koncesionog podru\u010dja sa prostornim planom.<br \/>\nRanije se odustalo od koncesija za budvanski Akvarijus, MBM Granit za le\u017ei\u0161te Kameno i Le\u0107evine, Medija Sistem za le\u017ei\u0161te Stubica u Nik\u0161i\u0107u, nakon \u010dega se pregovaralo sa ma\u0161arskim MAL-om, ali su pregovori odlo\u017eeni zbog, kako su ranije pojasnili iz ove kompanije, neizvjesnosti opstanka kompanije, kako se navodi u izvje\u0161taju o aktivnostima koncesionara koje su resorna ministarstva trebala da dostave 6. oktobra.<br \/>\nSaglasnost jo\u0161 nije pribavljena u slu\u010daju koncesionara za kotorsko Javno komunalno preduze\u0107e za ekspoloataciju \u0161ljunka i pijeska, hercegnovski Novi Prvoborac za ekspoloataciju tehni\u010dko-gra\u0111avinskog kamena, \u017deljezaru, Sport Bili iz Ulcinja i kompaniju Bo\u017eovi\u0107 iz Nik\u0161i\u0107a.<br \/>\n\u2013 Sva preduze\u0107a iz oblasti drvoprerade su privatizovana kroz ste\u010daj, pa je Privredni sud nadle\u017ean za pra\u0107enje zaklju\u010denih ugovora \u2013 navodi se u informaciji..<br \/>\nUprava za \u0161ume je odobrila Vektri Jaki\u0107, \u0160iku Polimlje, Brezni, \u0160ik Limu, Javorku i Alpetu koji nijesu iskoristili ugovorene koncesije u pro\u0161loj, da ih iskoriste do kraja ove. Ugovori o davanju \u0161uma na kori\u0161\u0107enje i izgradnje \u0161umskih saobra\u0107ajnica raskinuti sa Vukman Kru\u0161\u010di\u0107em, Breznom i Milkomom iz Nik\u0161i\u0107a, a umjesto njih zaklju\u010deni su ugovori sa : GJ Gornji \u0160aranci, PJ \u017dabljak i GJ Lepenac \u2013 Palje\u0161ka \u2013 PJ KI Mojkovac<\/p>\n<p><a href=\"http:\/\/www.dan.co.me\/?nivo=3&amp;rubrika=Vijest%20dana&amp;clanak=304792&amp;datum=2011-11-04\" target=\"_blank\"><strong>J.V.<\/strong><br \/>\n<strong>Izvor: DAN<\/strong><\/a><br \/>\n<strong> Brkovi\u0107u ostala prava na vodu i \u0161umu<\/strong><\/p>\n<p>Koncesionari za vodu su najmanje po\u0161tovali sklopljene ugovore, a koncesije su produ\u017eene komanijama Novus za kori\u0161\u0107enje dijela vode sa izvori\u0161ta Alipa\u0161ini izvori u Plavu, Vektri Montenegro Dragana Brkovi\u0107a za izvori\u0161te Drijenak u Kola\u0161inu, \u0110eki\u0107 Eksport za izvori\u0161te Javor u Kola\u0161inu, Deus Kom iz Nik\u0161i\u0107a za izvori\u0161te Zmajevac u \u0160avniku, i kompaniji Bast iz Nik\u0161i\u0107a za izvori\u0161te Pasi\u0161ta u Plu\u017einama dok je kompanija Velington Europe LTD koju zastupa Predrag Markovi\u0107 iz Podgorice ranije odustala od izvori\u0161ta Ravnjak kod Mojkovca.<\/p>\n<p><a href=\"http:\/\/www.dan.co.me\/?nivo=3&amp;rubrika=Vijest%20dana&amp;clanak=304792&amp;datum=2011-11-04\" target=\"_blank\"><strong>Izvor: DAN<\/strong><\/a><\/p>\n<p>[flv width=&#8221;490&#8243; height=&#8221;390&#8243;]http:\/\/solana-ulcinj.com\/VTS_01_1.flv[\/flv]<\/p>\n","protected":false},"excerpt":{"rendered":"<p>Barovi\u0107u uzeli koncesiju Ulcinjska Solana, koja posluje u okviru Eurofonda Veselina Barovi\u0107a ostala je bez koncesije na le\u017ei\u0161te soli \u0160tojska Kneta u Ulcinju. Drugoj Barovi\u0107evoj kompaniji Bjelasici Radi produ\u017eeno je pravo na eksploataciju mineralne vode sa izvora \u010ceo\u010de u Bijelom Polju. Koncesija je oduzeta i AD Primorju za eksploataciju tehni\u010dko-gra\u0111evinskog kamena na le\u017ei\u0161tu Borik 2, [&hellip;]<\/p>\n","protected":false},"author":1,"featured_media":0,"comment_status":"open","ping_status":"closed","sticky":false,"template":"","format":"standard","meta":{"spay_email":"","jetpack_publicize_message":"","jetpack_is_tweetstorm":false,"jetpack_publicize_feature_enabled":true},"categories":[8337],"tags":[1968],"jetpack_publicize_connections":[],"yoast_head":"<!-- This site is optimized with the Yoast SEO plugin v19.1 - https:\/\/yoast.com\/wordpress\/plugins\/seo\/ -->\n<title>Barovi\u0107u uzeli koncesiju za le\u017ei\u0161te soli u Ulcinju - Lajme nga Ulqini<\/title>\n<meta name=\"description\" content=\"Barovi\u0107u uzeli koncesiju Ulcinjska Solana, koja posluje u okviru Eurofonda Veselina Barovi\u0107a ostala je bez koncesije na le\u017ei\u0161te soli \u0160tojska Kneta u\" \/>\n<meta name=\"robots\" content=\"index, follow, max-snippet:-1, max-image-preview:large, max-video-preview:-1\" \/>\n<link rel=\"canonical\" href=\"https:\/\/www.visit-ulcinj.com\/blog\/2011\/11\/05\/barovicu-uzeli-koncesiju-za-leziste-soli-u-ulcinju\/\" \/>\n<meta property=\"og:locale\" content=\"en_US\" \/>\n<meta property=\"og:type\" content=\"article\" \/>\n<meta property=\"og:title\" content=\"Barovi\u0107u uzeli koncesiju za le\u017ei\u0161te soli u Ulcinju - Lajme nga Ulqini\" \/>\n<meta property=\"og:description\" content=\"Barovi\u0107u uzeli koncesiju Ulcinjska Solana, koja posluje u okviru Eurofonda Veselina Barovi\u0107a ostala je bez koncesije na le\u017ei\u0161te soli \u0160tojska Kneta u\" \/>\n<meta property=\"og:url\" content=\"https:\/\/www.visit-ulcinj.com\/blog\/2011\/11\/05\/barovicu-uzeli-koncesiju-za-leziste-soli-u-ulcinju\/\" \/>\n<meta property=\"og:site_name\" content=\"Lajme nga Ulqini\" \/>\n<meta property=\"article:published_time\" content=\"2011-11-05T10:10:17+00:00\" \/>\n<meta property=\"article:modified_time\" content=\"2011-11-05T10:16:23+00:00\" \/>\n<meta property=\"og:image\" content=\"http:\/\/www.visit-ulcinj.com\/blog\/wp-content\/uploads\/2011\/11\/Veselin-Barovic.jpg\" \/>\n<meta name=\"twitter:label1\" content=\"Written by\" \/>\n\t<meta name=\"twitter:data1\" content=\"ulqini\" \/>\n\t<meta name=\"twitter:label2\" content=\"Est. reading time\" \/>\n\t<meta name=\"twitter:data2\" content=\"2 minutes\" \/>\n<script type=\"application\/ld+json\" class=\"yoast-schema-graph\">{\"@context\":\"https:\/\/schema.org\",\"@graph\":[{\"@type\":\"WebSite\",\"@id\":\"https:\/\/www.visit-ulcinj.com\/blog\/#website\",\"url\":\"https:\/\/www.visit-ulcinj.com\/blog\/\",\"name\":\"Lajme nga Ulqini\",\"description\":\"Lajme,Vijesti,Ulqini,Ulqin,Crna Gora,Mali i Zi\",\"potentialAction\":[{\"@type\":\"SearchAction\",\"target\":{\"@type\":\"EntryPoint\",\"urlTemplate\":\"https:\/\/www.visit-ulcinj.com\/blog\/?s={search_term_string}\"},\"query-input\":\"required name=search_term_string\"}],\"inLanguage\":\"en-US\"},{\"@type\":\"ImageObject\",\"inLanguage\":\"en-US\",\"@id\":\"https:\/\/www.visit-ulcinj.com\/blog\/2011\/11\/05\/barovicu-uzeli-koncesiju-za-leziste-soli-u-ulcinju\/#primaryimage\",\"url\":\"http:\/\/www.visit-ulcinj.com\/blog\/wp-content\/uploads\/2011\/11\/Veselin-Barovic.jpg\",\"contentUrl\":\"http:\/\/www.visit-ulcinj.com\/blog\/wp-content\/uploads\/2011\/11\/Veselin-Barovic.jpg\"},{\"@type\":\"WebPage\",\"@id\":\"https:\/\/www.visit-ulcinj.com\/blog\/2011\/11\/05\/barovicu-uzeli-koncesiju-za-leziste-soli-u-ulcinju\/#webpage\",\"url\":\"https:\/\/www.visit-ulcinj.com\/blog\/2011\/11\/05\/barovicu-uzeli-koncesiju-za-leziste-soli-u-ulcinju\/\",\"name\":\"Barovi\u0107u uzeli koncesiju za le\u017ei\u0161te soli u Ulcinju - Lajme nga Ulqini\",\"isPartOf\":{\"@id\":\"https:\/\/www.visit-ulcinj.com\/blog\/#website\"},\"primaryImageOfPage\":{\"@id\":\"https:\/\/www.visit-ulcinj.com\/blog\/2011\/11\/05\/barovicu-uzeli-koncesiju-za-leziste-soli-u-ulcinju\/#primaryimage\"},\"datePublished\":\"2011-11-05T10:10:17+00:00\",\"dateModified\":\"2011-11-05T10:16:23+00:00\",\"author\":{\"@id\":\"https:\/\/www.visit-ulcinj.com\/blog\/#\/schema\/person\/dcab619c614d3038751c63bc2aadc06d\"},\"description\":\"Barovi\u0107u uzeli koncesiju Ulcinjska Solana, koja posluje u okviru Eurofonda Veselina Barovi\u0107a ostala je bez koncesije na le\u017ei\u0161te soli \u0160tojska Kneta u\",\"breadcrumb\":{\"@id\":\"https:\/\/www.visit-ulcinj.com\/blog\/2011\/11\/05\/barovicu-uzeli-koncesiju-za-leziste-soli-u-ulcinju\/#breadcrumb\"},\"inLanguage\":\"en-US\",\"potentialAction\":[{\"@type\":\"ReadAction\",\"target\":[\"https:\/\/www.visit-ulcinj.com\/blog\/2011\/11\/05\/barovicu-uzeli-koncesiju-za-leziste-soli-u-ulcinju\/\"]}]},{\"@type\":\"BreadcrumbList\",\"@id\":\"https:\/\/www.visit-ulcinj.com\/blog\/2011\/11\/05\/barovicu-uzeli-koncesiju-za-leziste-soli-u-ulcinju\/#breadcrumb\",\"itemListElement\":[{\"@type\":\"ListItem\",\"position\":1,\"name\":\"Barovi\u0107u uzeli koncesiju za le\u017ei\u0161te soli u Ulcinju\"}]},{\"@type\":\"Person\",\"@id\":\"https:\/\/www.visit-ulcinj.com\/blog\/#\/schema\/person\/dcab619c614d3038751c63bc2aadc06d\",\"name\":\"ulqini\",\"sameAs\":[\"http:\/\/www.visit-ulcinj.com\"],\"url\":\"https:\/\/www.visit-ulcinj.com\/blog\/author\/admin\/\"}]}<\/script>\n<!-- \/ Yoast SEO plugin. -->","yoast_head_json":{"title":"Barovi\u0107u uzeli koncesiju za le\u017ei\u0161te soli u Ulcinju - Lajme nga Ulqini","description":"Barovi\u0107u uzeli koncesiju Ulcinjska Solana, koja posluje u okviru Eurofonda Veselina Barovi\u0107a ostala je bez koncesije na le\u017ei\u0161te soli \u0160tojska Kneta u","robots":{"index":"index","follow":"follow","max-snippet":"max-snippet:-1","max-image-preview":"max-image-preview:large","max-video-preview":"max-video-preview:-1"},"canonical":"https:\/\/www.visit-ulcinj.com\/blog\/2011\/11\/05\/barovicu-uzeli-koncesiju-za-leziste-soli-u-ulcinju\/","og_locale":"en_US","og_type":"article","og_title":"Barovi\u0107u uzeli koncesiju za le\u017ei\u0161te soli u Ulcinju - Lajme nga Ulqini","og_description":"Barovi\u0107u uzeli koncesiju Ulcinjska Solana, koja posluje u okviru Eurofonda Veselina Barovi\u0107a ostala je bez koncesije na le\u017ei\u0161te soli \u0160tojska Kneta u","og_url":"https:\/\/www.visit-ulcinj.com\/blog\/2011\/11\/05\/barovicu-uzeli-koncesiju-za-leziste-soli-u-ulcinju\/","og_site_name":"Lajme nga Ulqini","article_published_time":"2011-11-05T10:10:17+00:00","article_modified_time":"2011-11-05T10:16:23+00:00","og_image":[{"url":"http:\/\/www.visit-ulcinj.com\/blog\/wp-content\/uploads\/2011\/11\/Veselin-Barovic.jpg"}],"twitter_misc":{"Written by":"ulqini","Est. reading time":"2 minutes"},"schema":{"@context":"https:\/\/schema.org","@graph":[{"@type":"WebSite","@id":"https:\/\/www.visit-ulcinj.com\/blog\/#website","url":"https:\/\/www.visit-ulcinj.com\/blog\/","name":"Lajme nga Ulqini","description":"Lajme,Vijesti,Ulqini,Ulqin,Crna Gora,Mali i Zi","potentialAction":[{"@type":"SearchAction","target":{"@type":"EntryPoint","urlTemplate":"https:\/\/www.visit-ulcinj.com\/blog\/?s={search_term_string}"},"query-input":"required name=search_term_string"}],"inLanguage":"en-US"},{"@type":"ImageObject","inLanguage":"en-US","@id":"https:\/\/www.visit-ulcinj.com\/blog\/2011\/11\/05\/barovicu-uzeli-koncesiju-za-leziste-soli-u-ulcinju\/#primaryimage","url":"http:\/\/www.visit-ulcinj.com\/blog\/wp-content\/uploads\/2011\/11\/Veselin-Barovic.jpg","contentUrl":"http:\/\/www.visit-ulcinj.com\/blog\/wp-content\/uploads\/2011\/11\/Veselin-Barovic.jpg"},{"@type":"WebPage","@id":"https:\/\/www.visit-ulcinj.com\/blog\/2011\/11\/05\/barovicu-uzeli-koncesiju-za-leziste-soli-u-ulcinju\/#webpage","url":"https:\/\/www.visit-ulcinj.com\/blog\/2011\/11\/05\/barovicu-uzeli-koncesiju-za-leziste-soli-u-ulcinju\/","name":"Barovi\u0107u uzeli koncesiju za le\u017ei\u0161te soli u Ulcinju - Lajme nga Ulqini","isPartOf":{"@id":"https:\/\/www.visit-ulcinj.com\/blog\/#website"},"primaryImageOfPage":{"@id":"https:\/\/www.visit-ulcinj.com\/blog\/2011\/11\/05\/barovicu-uzeli-koncesiju-za-leziste-soli-u-ulcinju\/#primaryimage"},"datePublished":"2011-11-05T10:10:17+00:00","dateModified":"2011-11-05T10:16:23+00:00","author":{"@id":"https:\/\/www.visit-ulcinj.com\/blog\/#\/schema\/person\/dcab619c614d3038751c63bc2aadc06d"},"description":"Barovi\u0107u uzeli koncesiju Ulcinjska Solana, koja posluje u okviru Eurofonda Veselina Barovi\u0107a ostala je bez koncesije na le\u017ei\u0161te soli \u0160tojska Kneta u","breadcrumb":{"@id":"https:\/\/www.visit-ulcinj.com\/blog\/2011\/11\/05\/barovicu-uzeli-koncesiju-za-leziste-soli-u-ulcinju\/#breadcrumb"},"inLanguage":"en-US","potentialAction":[{"@type":"ReadAction","target":["https:\/\/www.visit-ulcinj.com\/blog\/2011\/11\/05\/barovicu-uzeli-koncesiju-za-leziste-soli-u-ulcinju\/"]}]},{"@type":"BreadcrumbList","@id":"https:\/\/www.visit-ulcinj.com\/blog\/2011\/11\/05\/barovicu-uzeli-koncesiju-za-leziste-soli-u-ulcinju\/#breadcrumb","itemListElement":[{"@type":"ListItem","position":1,"name":"Barovi\u0107u uzeli koncesiju za le\u017ei\u0161te soli u Ulcinju"}]},{"@type":"Person","@id":"https:\/\/www.visit-ulcinj.com\/blog\/#\/schema\/person\/dcab619c614d3038751c63bc2aadc06d","name":"ulqini","sameAs":["http:\/\/www.visit-ulcinj.com"],"url":"https:\/\/www.visit-ulcinj.com\/blog\/author\/admin\/"}]}},"jetpack_featured_media_url":"","jetpack_sharing_enabled":true,"jetpack_shortlink":"https:\/\/wp.me\/pe6lTn-dJq","_links":{"self":[{"href":"https:\/\/www.visit-ulcinj.com\/blog\/wp-json\/wp\/v2\/posts\/52788"}],"collection":[{"href":"https:\/\/www.visit-ulcinj.com\/blog\/wp-json\/wp\/v2\/posts"}],"about":[{"href":"https:\/\/www.visit-ulcinj.com\/blog\/wp-json\/wp\/v2\/types\/post"}],"author":[{"embeddable":true,"href":"https:\/\/www.visit-ulcinj.com\/blog\/wp-json\/wp\/v2\/users\/1"}],"replies":[{"embeddable":true,"href":"https:\/\/www.visit-ulcinj.com\/blog\/wp-json\/wp\/v2\/comments?post=52788"}],"version-history":[{"count":2,"href":"https:\/\/www.visit-ulcinj.com\/blog\/wp-json\/wp\/v2\/posts\/52788\/revisions"}],"predecessor-version":[{"id":52794,"href":"https:\/\/www.visit-ulcinj.com\/blog\/wp-json\/wp\/v2\/posts\/52788\/revisions\/52794"}],"wp:attachment":[{"href":"https:\/\/www.visit-ulcinj.com\/blog\/wp-json\/wp\/v2\/media?parent=52788"}],"wp:term":[{"taxonomy":"category","embeddable":true,"href":"https:\/\/www.visit-ulcinj.com\/blog\/wp-json\/wp\/v2\/categories?post=52788"},{"taxonomy":"post_tag","embeddable":true,"href":"https:\/\/www.visit-ulcinj.com\/blog\/wp-json\/wp\/v2\/tags?post=52788"}],"curies":[{"name":"wp","href":"https:\/\/api.w.org\/{rel}","templated":true}]}}