{"id":52793,"date":"2011-11-05T11:21:29","date_gmt":"2011-11-05T10:21:29","guid":{"rendered":"http:\/\/www.visit-ulcinj.com\/blog\/?p=52793"},"modified":"2011-11-05T11:21:29","modified_gmt":"2011-11-05T10:21:29","slug":"sinistaj-bojkot-zbog-malesije","status":"publish","type":"post","link":"https:\/\/www.visit-ulcinj.com\/blog\/2011\/11\/05\/sinistaj-bojkot-zbog-malesije\/","title":{"rendered":"Sini\u0161taj: Bojkot zbog Malesije"},"content":{"rendered":"<p><a href=\"http:\/\/www.visit-ulcinj.com\/blog\/wp-content\/uploads\/2011\/11\/Mehmet-Bardhi_Vasel-Sinistaj_Genci-Nimanbegu_FOTO-MONTAZA.jpg\"><img loading=\"lazy\" class=\"alignleft size-full wp-image-52795\" title=\"Mehmet-Bardhi_Vasel-Sinistaj_Genci-Nimanbegu_FOTO-MONTAZA\" src=\"http:\/\/www.visit-ulcinj.com\/blog\/wp-content\/uploads\/2011\/11\/Mehmet-Bardhi_Vasel-Sinistaj_Genci-Nimanbegu_FOTO-MONTAZA.jpg\" alt=\"\" width=\"508\" height=\"380\" \/><\/a>Poslanik Perspektive Vaselj Sini\u0161taj najavio je da \u0107e predlo\u017eiti da poslani\u010dki klub albanskih partija, u kojem su pored njega i Mehmet Bardhi i Genci Nimanbegu, bojkotuje rad parlamenta zbog odluke vladaju\u0107e ve\u0107ine da ne prihvati zahtjev za davanje statusa op\u0161tine Malesiji.<br \/>\n\u2013 Htjeli mi to ili ne, moramo razmi\u0161ljati koji su nam slede\u0107i koraci nakon ukidanja ste\u010denih prava Albancima kroz usvajanje izbornog zakona i odbijanje zahtjeva za davanje statusa op\u0161tine Malesiji. Predlo\u017ei\u0107u kolegama u poslani\u010dkom klubu da makar neko vrijeme ne u\u010destvujemo u radu Skup\u0161tine, izuzev kada su na dnevnom redu pitanja koja su od direktnog interesa za Albance u Crnoj Gori \u2013 rekao je za \u201eDan\u201d Sini\u0161taj.<br \/>\nKao primjer rasprave kojoj bi trebalo prisustvovati naveo je predstoje\u0107u pri\u010du o radu i raspodjeli sredstava Fonda za manjinnje.<br \/>\n\u2013 Za sve ostalo, po mom mi\u0161ljenju, vlast ne mo\u017ee nai\u0107i na na\u0161e razumijevanje i podr\u0161ku. Nijesam za to da budem neko ko \u0107e im donijeti jedan glas kad im bude potreban. Nemaju nam se \u0161to obra\u0107ati kada mi njima trebamo a da ne poka\u017eu ni minimum razumijevanja za ne\u0161to \u0161to je evropski standard u pogledu prava na lokalnu samoupravu \u2013 poru\u010duje Sini\u0161taj.<br \/>\nSvuda se, kako je upozorio, unapre\u0111uje stepen ljudskih i manjinskih prava, a u Crnoj Gori je situacija obrnuta.<br \/>\n\u2013 U ovakvim situacijama \u010dak se i nudi ostavka na mjesto poslanika, jer ne\u0161to o\u010digledno ne ide. Vidje\u0107u \u0161ta o tome misle ostali iz na\u0161eg poslani\u010dkog kluba i ne\u0107u donositi jednostrane odluke \u2013napominje Sini\u0161taj.<br \/>\nNajavljuje i mogu\u0107nost da predstavnici Albanca predo\u010de me\u0111unarodnoj zajednici da im se u Crnoj Gori oduzimaju ste\u010dena prava i uskra\u0107uju ona koja su garantovana ustavom.<br \/>\nOdluku vlasti da ne prihvati osnivanje novih op\u0161tina kritikovala je i Bo\u0161nja\u010dka stranka, \u010dlanica vladaju\u0107e koalicije. Poslanik BS-a Kemal Puri\u0161i\u0107 poru\u010dio je da vlast ne treba da se pla\u0161i ve\u0107 da pomogne gra\u0111anima osnivanjem novih op\u0161tina.<br \/>\n\u2013 Na\u0161i koalicioni partneri su ili glasali protiv ili pravili opstrukciju na na\u0161e amandmane. Oni imaju strah od toga kako bi se implementiralo osnivanje op\u0161tina, odnosno kako bi se to odrazilo na ekonomsku situaciju tih prostora\u2013rekao je on agenciji Mina.<br \/>\nPrema njegovim rije\u010dima, Vlada je odbila amandmane BS-a pod izgovorom da nije organizovan lokalni referendum.<br \/>\nV.RADENOVI\u0106<\/p>\n<p><strong>Gra\u0111ani ponovo da pokrenu inicijativu<\/strong><\/p>\n<p>\u2013 Vlada je znala da iza projekta vra\u0107anja statusa op\u0161tine Petnjici stoji volja gra\u0111ana, jer je prikupljeno \u0161est hiljada potpisa. U slu\u010daju Gusinja, ne znamo koliko je gra\u0111ana podnijelo inicijativu, ali je elaborat za osnivannje op\u0161tine ura\u0111en jo\u0161 2003. godine. Ako mje\u0161tani Petnjice i Gusinja ponovo pokrenu inicijativu za dobijanje op\u0161tine, BS \u0107e u parlamentu opet aktuelizovati to pitanje\u2013 istakao je Puri\u0161i\u0107.<br \/>\nZaklju\u010dio je da gra\u0111ani mogu i na drugi, te\u017ei na\u010din da tra\u017ee status op\u0161tine, a to je organizovanje lokalnog referenduma, ali da on ne vjeruje da bi ta inicijativa imala pozitivan ishod.<\/p>\n<p><a href=\"http:\/\/www.dan.co.me\/?nivo=3&amp;rubrika=Politika&amp;clanak=304743&amp;datum=2011-11-04\" target=\"_blank\"><strong>Izvor: DAN<\/strong><\/a><\/p>\n","protected":false},"excerpt":{"rendered":"<p>Poslanik Perspektive Vaselj Sini\u0161taj najavio je da \u0107e predlo\u017eiti da poslani\u010dki klub albanskih partija, u kojem su pored njega i Mehmet Bardhi i Genci Nimanbegu, bojkotuje rad parlamenta zbog odluke vladaju\u0107e ve\u0107ine da ne prihvati zahtjev za davanje statusa op\u0161tine Malesiji. \u2013 Htjeli mi to ili ne, moramo razmi\u0161ljati koji su nam slede\u0107i koraci nakon [&hellip;]<\/p>\n","protected":false},"author":1,"featured_media":0,"comment_status":"open","ping_status":"closed","sticky":false,"template":"","format":"standard","meta":{"spay_email":"","jetpack_publicize_message":"","jetpack_is_tweetstorm":false,"jetpack_publicize_feature_enabled":true},"categories":[8337],"tags":[19393,201,19],"jetpack_publicize_connections":[],"yoast_head":"<!-- This site is optimized with the Yoast SEO plugin v19.1 - https:\/\/yoast.com\/wordpress\/plugins\/seo\/ -->\n<title>Sini\u0161taj: Bojkot zbog Malesije - Lajme nga Ulqini<\/title>\n<meta name=\"description\" content=\"Poslanik Perspektive Vaselj Sini\u0161taj najavio je da \u0107e predlo\u017eiti da poslani\u010dki klub albanskih partija, u kojem su pored njega i Mehmet Bardhi i Genci\" \/>\n<meta name=\"robots\" content=\"index, follow, max-snippet:-1, max-image-preview:large, max-video-preview:-1\" \/>\n<link rel=\"canonical\" href=\"https:\/\/www.visit-ulcinj.com\/blog\/2011\/11\/05\/sinistaj-bojkot-zbog-malesije\/\" \/>\n<meta property=\"og:locale\" content=\"en_US\" \/>\n<meta property=\"og:type\" content=\"article\" \/>\n<meta property=\"og:title\" content=\"Sini\u0161taj: Bojkot zbog Malesije - Lajme nga Ulqini\" \/>\n<meta property=\"og:description\" content=\"Poslanik Perspektive Vaselj Sini\u0161taj najavio je da \u0107e predlo\u017eiti da poslani\u010dki klub albanskih partija, u kojem su pored njega i Mehmet Bardhi i Genci\" \/>\n<meta property=\"og:url\" content=\"https:\/\/www.visit-ulcinj.com\/blog\/2011\/11\/05\/sinistaj-bojkot-zbog-malesije\/\" \/>\n<meta property=\"og:site_name\" content=\"Lajme nga Ulqini\" \/>\n<meta property=\"article:published_time\" content=\"2011-11-05T10:21:29+00:00\" \/>\n<meta property=\"og:image\" content=\"http:\/\/www.visit-ulcinj.com\/blog\/wp-content\/uploads\/2011\/11\/Mehmet-Bardhi_Vasel-Sinistaj_Genci-Nimanbegu_FOTO-MONTAZA.jpg\" \/>\n<meta name=\"twitter:label1\" content=\"Written by\" \/>\n\t<meta name=\"twitter:data1\" content=\"ulqini\" \/>\n\t<meta name=\"twitter:label2\" content=\"Est. reading time\" \/>\n\t<meta name=\"twitter:data2\" content=\"3 minutes\" \/>\n<script type=\"application\/ld+json\" class=\"yoast-schema-graph\">{\"@context\":\"https:\/\/schema.org\",\"@graph\":[{\"@type\":\"WebSite\",\"@id\":\"https:\/\/www.visit-ulcinj.com\/blog\/#website\",\"url\":\"https:\/\/www.visit-ulcinj.com\/blog\/\",\"name\":\"Lajme nga Ulqini\",\"description\":\"Lajme,Vijesti,Ulqini,Ulqin,Crna Gora,Mali i Zi\",\"potentialAction\":[{\"@type\":\"SearchAction\",\"target\":{\"@type\":\"EntryPoint\",\"urlTemplate\":\"https:\/\/www.visit-ulcinj.com\/blog\/?s={search_term_string}\"},\"query-input\":\"required name=search_term_string\"}],\"inLanguage\":\"en-US\"},{\"@type\":\"ImageObject\",\"inLanguage\":\"en-US\",\"@id\":\"https:\/\/www.visit-ulcinj.com\/blog\/2011\/11\/05\/sinistaj-bojkot-zbog-malesije\/#primaryimage\",\"url\":\"https:\/\/www.visit-ulcinj.com\/blog\/wp-content\/uploads\/2011\/11\/Mehmet-Bardhi_Vasel-Sinistaj_Genci-Nimanbegu_FOTO-MONTAZA.jpg\",\"contentUrl\":\"https:\/\/www.visit-ulcinj.com\/blog\/wp-content\/uploads\/2011\/11\/Mehmet-Bardhi_Vasel-Sinistaj_Genci-Nimanbegu_FOTO-MONTAZA.jpg\",\"width\":\"792\",\"height\":\"677\"},{\"@type\":\"WebPage\",\"@id\":\"https:\/\/www.visit-ulcinj.com\/blog\/2011\/11\/05\/sinistaj-bojkot-zbog-malesije\/#webpage\",\"url\":\"https:\/\/www.visit-ulcinj.com\/blog\/2011\/11\/05\/sinistaj-bojkot-zbog-malesije\/\",\"name\":\"Sini\u0161taj: Bojkot zbog Malesije - Lajme nga Ulqini\",\"isPartOf\":{\"@id\":\"https:\/\/www.visit-ulcinj.com\/blog\/#website\"},\"primaryImageOfPage\":{\"@id\":\"https:\/\/www.visit-ulcinj.com\/blog\/2011\/11\/05\/sinistaj-bojkot-zbog-malesije\/#primaryimage\"},\"datePublished\":\"2011-11-05T10:21:29+00:00\",\"dateModified\":\"2011-11-05T10:21:29+00:00\",\"author\":{\"@id\":\"https:\/\/www.visit-ulcinj.com\/blog\/#\/schema\/person\/dcab619c614d3038751c63bc2aadc06d\"},\"description\":\"Poslanik Perspektive Vaselj Sini\u0161taj najavio je da \u0107e predlo\u017eiti da poslani\u010dki klub albanskih partija, u kojem su pored njega i Mehmet Bardhi i Genci\",\"breadcrumb\":{\"@id\":\"https:\/\/www.visit-ulcinj.com\/blog\/2011\/11\/05\/sinistaj-bojkot-zbog-malesije\/#breadcrumb\"},\"inLanguage\":\"en-US\",\"potentialAction\":[{\"@type\":\"ReadAction\",\"target\":[\"https:\/\/www.visit-ulcinj.com\/blog\/2011\/11\/05\/sinistaj-bojkot-zbog-malesije\/\"]}]},{\"@type\":\"BreadcrumbList\",\"@id\":\"https:\/\/www.visit-ulcinj.com\/blog\/2011\/11\/05\/sinistaj-bojkot-zbog-malesije\/#breadcrumb\",\"itemListElement\":[{\"@type\":\"ListItem\",\"position\":1,\"name\":\"Sini\u0161taj: Bojkot zbog Malesije\"}]},{\"@type\":\"Person\",\"@id\":\"https:\/\/www.visit-ulcinj.com\/blog\/#\/schema\/person\/dcab619c614d3038751c63bc2aadc06d\",\"name\":\"ulqini\",\"sameAs\":[\"http:\/\/www.visit-ulcinj.com\"],\"url\":\"https:\/\/www.visit-ulcinj.com\/blog\/author\/admin\/\"}]}<\/script>\n<!-- \/ Yoast SEO plugin. -->","yoast_head_json":{"title":"Sini\u0161taj: Bojkot zbog Malesije - Lajme nga Ulqini","description":"Poslanik Perspektive Vaselj Sini\u0161taj najavio je da \u0107e predlo\u017eiti da poslani\u010dki klub albanskih partija, u kojem su pored njega i Mehmet Bardhi i Genci","robots":{"index":"index","follow":"follow","max-snippet":"max-snippet:-1","max-image-preview":"max-image-preview:large","max-video-preview":"max-video-preview:-1"},"canonical":"https:\/\/www.visit-ulcinj.com\/blog\/2011\/11\/05\/sinistaj-bojkot-zbog-malesije\/","og_locale":"en_US","og_type":"article","og_title":"Sini\u0161taj: Bojkot zbog Malesije - Lajme nga Ulqini","og_description":"Poslanik Perspektive Vaselj Sini\u0161taj najavio je da \u0107e predlo\u017eiti da poslani\u010dki klub albanskih partija, u kojem su pored njega i Mehmet Bardhi i Genci","og_url":"https:\/\/www.visit-ulcinj.com\/blog\/2011\/11\/05\/sinistaj-bojkot-zbog-malesije\/","og_site_name":"Lajme nga Ulqini","article_published_time":"2011-11-05T10:21:29+00:00","og_image":[{"url":"http:\/\/www.visit-ulcinj.com\/blog\/wp-content\/uploads\/2011\/11\/Mehmet-Bardhi_Vasel-Sinistaj_Genci-Nimanbegu_FOTO-MONTAZA.jpg"}],"twitter_misc":{"Written by":"ulqini","Est. reading time":"3 minutes"},"schema":{"@context":"https:\/\/schema.org","@graph":[{"@type":"WebSite","@id":"https:\/\/www.visit-ulcinj.com\/blog\/#website","url":"https:\/\/www.visit-ulcinj.com\/blog\/","name":"Lajme nga Ulqini","description":"Lajme,Vijesti,Ulqini,Ulqin,Crna Gora,Mali i Zi","potentialAction":[{"@type":"SearchAction","target":{"@type":"EntryPoint","urlTemplate":"https:\/\/www.visit-ulcinj.com\/blog\/?s={search_term_string}"},"query-input":"required name=search_term_string"}],"inLanguage":"en-US"},{"@type":"ImageObject","inLanguage":"en-US","@id":"https:\/\/www.visit-ulcinj.com\/blog\/2011\/11\/05\/sinistaj-bojkot-zbog-malesije\/#primaryimage","url":"https:\/\/www.visit-ulcinj.com\/blog\/wp-content\/uploads\/2011\/11\/Mehmet-Bardhi_Vasel-Sinistaj_Genci-Nimanbegu_FOTO-MONTAZA.jpg","contentUrl":"https:\/\/www.visit-ulcinj.com\/blog\/wp-content\/uploads\/2011\/11\/Mehmet-Bardhi_Vasel-Sinistaj_Genci-Nimanbegu_FOTO-MONTAZA.jpg","width":"792","height":"677"},{"@type":"WebPage","@id":"https:\/\/www.visit-ulcinj.com\/blog\/2011\/11\/05\/sinistaj-bojkot-zbog-malesije\/#webpage","url":"https:\/\/www.visit-ulcinj.com\/blog\/2011\/11\/05\/sinistaj-bojkot-zbog-malesije\/","name":"Sini\u0161taj: Bojkot zbog Malesije - Lajme nga Ulqini","isPartOf":{"@id":"https:\/\/www.visit-ulcinj.com\/blog\/#website"},"primaryImageOfPage":{"@id":"https:\/\/www.visit-ulcinj.com\/blog\/2011\/11\/05\/sinistaj-bojkot-zbog-malesije\/#primaryimage"},"datePublished":"2011-11-05T10:21:29+00:00","dateModified":"2011-11-05T10:21:29+00:00","author":{"@id":"https:\/\/www.visit-ulcinj.com\/blog\/#\/schema\/person\/dcab619c614d3038751c63bc2aadc06d"},"description":"Poslanik Perspektive Vaselj Sini\u0161taj najavio je da \u0107e predlo\u017eiti da poslani\u010dki klub albanskih partija, u kojem su pored njega i Mehmet Bardhi i Genci","breadcrumb":{"@id":"https:\/\/www.visit-ulcinj.com\/blog\/2011\/11\/05\/sinistaj-bojkot-zbog-malesije\/#breadcrumb"},"inLanguage":"en-US","potentialAction":[{"@type":"ReadAction","target":["https:\/\/www.visit-ulcinj.com\/blog\/2011\/11\/05\/sinistaj-bojkot-zbog-malesije\/"]}]},{"@type":"BreadcrumbList","@id":"https:\/\/www.visit-ulcinj.com\/blog\/2011\/11\/05\/sinistaj-bojkot-zbog-malesije\/#breadcrumb","itemListElement":[{"@type":"ListItem","position":1,"name":"Sini\u0161taj: Bojkot zbog Malesije"}]},{"@type":"Person","@id":"https:\/\/www.visit-ulcinj.com\/blog\/#\/schema\/person\/dcab619c614d3038751c63bc2aadc06d","name":"ulqini","sameAs":["http:\/\/www.visit-ulcinj.com"],"url":"https:\/\/www.visit-ulcinj.com\/blog\/author\/admin\/"}]}},"jetpack_featured_media_url":"","jetpack_sharing_enabled":true,"jetpack_shortlink":"https:\/\/wp.me\/pe6lTn-dJv","_links":{"self":[{"href":"https:\/\/www.visit-ulcinj.com\/blog\/wp-json\/wp\/v2\/posts\/52793"}],"collection":[{"href":"https:\/\/www.visit-ulcinj.com\/blog\/wp-json\/wp\/v2\/posts"}],"about":[{"href":"https:\/\/www.visit-ulcinj.com\/blog\/wp-json\/wp\/v2\/types\/post"}],"author":[{"embeddable":true,"href":"https:\/\/www.visit-ulcinj.com\/blog\/wp-json\/wp\/v2\/users\/1"}],"replies":[{"embeddable":true,"href":"https:\/\/www.visit-ulcinj.com\/blog\/wp-json\/wp\/v2\/comments?post=52793"}],"version-history":[{"count":1,"href":"https:\/\/www.visit-ulcinj.com\/blog\/wp-json\/wp\/v2\/posts\/52793\/revisions"}],"predecessor-version":[{"id":52796,"href":"https:\/\/www.visit-ulcinj.com\/blog\/wp-json\/wp\/v2\/posts\/52793\/revisions\/52796"}],"wp:attachment":[{"href":"https:\/\/www.visit-ulcinj.com\/blog\/wp-json\/wp\/v2\/media?parent=52793"}],"wp:term":[{"taxonomy":"category","embeddable":true,"href":"https:\/\/www.visit-ulcinj.com\/blog\/wp-json\/wp\/v2\/categories?post=52793"},{"taxonomy":"post_tag","embeddable":true,"href":"https:\/\/www.visit-ulcinj.com\/blog\/wp-json\/wp\/v2\/tags?post=52793"}],"curies":[{"name":"wp","href":"https:\/\/api.w.org\/{rel}","templated":true}]}}