{"id":52798,"date":"2011-11-05T11:33:15","date_gmt":"2011-11-05T10:33:15","guid":{"rendered":"http:\/\/www.visit-ulcinj.com\/blog\/?p=52798"},"modified":"2011-11-05T11:41:15","modified_gmt":"2011-11-05T10:41:15","slug":"karate-klubi-ulqini-me-i-suksesshmi-ne-%e2%80%9cplevla-open-2011%e2%80%9d","status":"publish","type":"post","link":"https:\/\/www.visit-ulcinj.com\/blog\/2011\/11\/05\/karate-klubi-ulqini-me-i-suksesshmi-ne-%e2%80%9cplevla-open-2011%e2%80%9d\/","title":{"rendered":"Karate Klubi Ulqini me i suksesshmi ne \u201cPlevla Open 2011\u201d &#8211; Video"},"content":{"rendered":"<p><a href=\"http:\/\/www.visit-ulcinj.com\/blog\/wp-content\/uploads\/2011\/11\/Karate-Klubi-Ulqini-me-i-suksesshmi-ne-Plevla-Open-2011_Karate-Club_Ulqini_Ulcinj_Montenegro.jpg\"><img loading=\"lazy\" class=\"alignleft size-full wp-image-52799\" title=\"Karate Klubi Ulqini me i suksesshmi ne Plevla Open 2011_Karate Club_Ulqini_Ulcinj_Montenegro\" src=\"http:\/\/www.visit-ulcinj.com\/blog\/wp-content\/uploads\/2011\/11\/Karate-Klubi-Ulqini-me-i-suksesshmi-ne-Plevla-Open-2011_Karate-Club_Ulqini_Ulcinj_Montenegro.jpg\" alt=\"\" width=\"508\" height=\"380\" srcset=\"https:\/\/www.visit-ulcinj.com\/blog\/wp-content\/uploads\/2011\/11\/Karate-Klubi-Ulqini-me-i-suksesshmi-ne-Plevla-Open-2011_Karate-Club_Ulqini_Ulcinj_Montenegro.jpg 960w, https:\/\/www.visit-ulcinj.com\/blog\/wp-content\/uploads\/2011\/11\/Karate-Klubi-Ulqini-me-i-suksesshmi-ne-Plevla-Open-2011_Karate-Club_Ulqini_Ulcinj_Montenegro-300x225.jpg 300w\" sizes=\"(max-width: 508px) 100vw, 508px\" \/><\/a>Klubi i karates\u00eb \u201cUlqini\u201d u kuror\u00ebzua me 18 medalje n\u00eb Turneun e VIII nd\u00ebrkomb\u00ebtar t\u00eb karates\u00eb \u201cPlevla open 2011\u201d.<\/p>\n<p><strong>EKIPI I JUNIOREVE M\u00cb I MIRI<\/strong><\/p>\n<p>dielen, m\u00eb 29 tetor 2011 n\u00eb Plevle u mbajt Turneu i 8-t\u00eb nd\u00ebrkomb\u00ebtar i karates\u00eb \u201cPlevla Open 2011\u201d, n\u00eb t\u00eb cilin mor\u00ebn pjes\u00eb 32 klube me 435 garues nga Kroacia, Sllovenija, Serbia, Maqedonia, Bosna e Hercegovina dhe nga Mali i Zi. Klubi i Karates\u00eb \u201cUlqini\u201d n\u00eb k\u00ebt\u00eb turne nd\u00ebrkomb\u00ebtar mori pjes\u00eb vet\u00ebm n\u00eb disiplinat e luft\u00ebrave duke kurrur suksese mjaft t\u00eb mira. Ekipi i junioreve n\u00eb p\u00ebrb\u00ebrje Antigona Rama , Radica Dashiq, Hantije Ibro\u00e7i dhe Ena Kova\u00e7eviq n\u00eb finale mposht\u00ebn ekipin e Bosnjes me rezultatin 3:0 duke u shpallur kampion\u00eb dhe ekipi m\u00eb i mir\u00eb i junioreve. N\u00eb k\u00ebt\u00eb gar\u00eb Klubi i Karates\u00eb \u201cUlqini\u201d mori pjes\u00eb me 15 garues, t\u00eb cil\u00ebt u kuror\u00ebzuan me gjithsej 18 medalje: 5 t\u00eb arta, 4 t\u00eb argjendta dhe 9 t\u00eb bronzta. Nga KK &#8220;Ulqini&#8221; me medalje t\u00eb arta u shp\u00ebrblyen: Radica Dashiq u kuror\u00ebzua me dy medalje t\u00eb arta, kurse me nga nj\u00eb medalje t\u00eb art\u00eb u kuror\u00ebzuan Antigona Rama, Hantije Ibro\u00e7i dhe Ena Kova\u00e7eviq. Me medalje t\u00eb tjera u shp\u00ebrblyen k\u00ebta garues: Dardan Ceka, Adnan Kuqi, Nderim Cuca, Teufik Shurdha, Valentino Sadikoviq, Ibrahim Zogaj, Katarina Marnikoviq, Edin Kraja dhe Lavdim Tula. -Jemi m\u00eb se t\u00eb k\u00ebnaqur me rezultatet e arrituara, posa\u00e7\u00ebrisht p\u00ebr gjenerat\u00ebn e kadet\u00ebve dhe junior\u00ebve, pasi q\u00eb ky ishte nj\u00eb test i mir\u00eb p\u00ebr ta p\u00ebr garat e radh\u00ebs, si\u00e7 \u00ebsht\u00eb Kampionati i Malit t\u00eb Zi, ku dhe aty shpresojm q\u00eb do t\u00eb korrim rezultate t\u00eb mira, &#8211; shprehen t\u00eb k\u00ebnaqur trajner\u00ebt q\u00eb ishin udh\u00ebheq\u00ebs n\u00eb k\u00ebt\u00eb gar\u00eb Kujtim Sukaliqi dhe Anell Beganoviq.<\/p>\n<p>Sh\u00ebrbimi informativ i Klubit t\u00eb Karates\u00eb \u201cUlqini\u201d<br \/>\n\n\t\t<style type=\"text\/css\">\n\t\t\t#gallery-1 {\n\t\t\t\tmargin: auto;\n\t\t\t}\n\t\t\t#gallery-1 .gallery-item {\n\t\t\t\tfloat: left;\n\t\t\t\tmargin-top: 10px;\n\t\t\t\ttext-align: center;\n\t\t\t\twidth: 33%;\n\t\t\t}\n\t\t\t#gallery-1 img {\n\t\t\t\tborder: 2px solid #cfcfcf;\n\t\t\t}\n\t\t\t#gallery-1 .gallery-caption {\n\t\t\t\tmargin-left: 0;\n\t\t\t}\n\t\t\t\/* see gallery_shortcode() in wp-includes\/media.php *\/\n\t\t<\/style>\n\t\t<div id='gallery-1' class='gallery galleryid-52798 gallery-columns-3 gallery-size-thumbnail'><dl class='gallery-item'>\n\t\t\t<dt class='gallery-icon landscape'>\n\t\t\t\t<a href='https:\/\/www.visit-ulcinj.com\/blog\/wp-content\/uploads\/2011\/11\/Karate-Klubi-Ulqini-me-i-suksesshmi-ne-Plevla-Open-2011_Karate-Club_Ulqini_Ulcinj_Montenegro.jpg'><img width=\"150\" height=\"150\" src=\"https:\/\/www.visit-ulcinj.com\/blog\/wp-content\/uploads\/2011\/11\/Karate-Klubi-Ulqini-me-i-suksesshmi-ne-Plevla-Open-2011_Karate-Club_Ulqini_Ulcinj_Montenegro-150x150.jpg\" class=\"attachment-thumbnail size-thumbnail\" alt=\"\" loading=\"lazy\" \/><\/a>\n\t\t\t<\/dt><\/dl><dl class='gallery-item'>\n\t\t\t<dt class='gallery-icon landscape'>\n\t\t\t\t<a href='https:\/\/www.visit-ulcinj.com\/blog\/wp-content\/uploads\/2011\/11\/Karate-Klubi-Ulqini-me-i-suksesshmi-ne-Plevla-Open-2011_Karate-Club_Ulqini_Ulcinj_Montenegro1.jpg'><img width=\"150\" height=\"150\" src=\"https:\/\/www.visit-ulcinj.com\/blog\/wp-content\/uploads\/2011\/11\/Karate-Klubi-Ulqini-me-i-suksesshmi-ne-Plevla-Open-2011_Karate-Club_Ulqini_Ulcinj_Montenegro1-150x150.jpg\" class=\"attachment-thumbnail size-thumbnail\" alt=\"\" loading=\"lazy\" \/><\/a>\n\t\t\t<\/dt><\/dl><dl class='gallery-item'>\n\t\t\t<dt class='gallery-icon landscape'>\n\t\t\t\t<a href='https:\/\/www.visit-ulcinj.com\/blog\/wp-content\/uploads\/2011\/11\/Karate-Klubi-Ulqini-me-i-suksesshmi-ne-Plevla-Open-2011_Karate-Club_Ulqini_Ulcinj_Montenegro.2.jpg'><img width=\"150\" height=\"150\" src=\"https:\/\/www.visit-ulcinj.com\/blog\/wp-content\/uploads\/2011\/11\/Karate-Klubi-Ulqini-me-i-suksesshmi-ne-Plevla-Open-2011_Karate-Club_Ulqini_Ulcinj_Montenegro.2-150x150.jpg\" class=\"attachment-thumbnail size-thumbnail\" alt=\"\" loading=\"lazy\" \/><\/a>\n\t\t\t<\/dt><\/dl><br style=\"clear: both\" \/>\n\t\t<\/div>\n<br \/>\n<!--YouTube Error: bad URL entered--><\/p>\n","protected":false},"excerpt":{"rendered":"<p>Klubi i karates\u00eb \u201cUlqini\u201d u kuror\u00ebzua me 18 medalje n\u00eb Turneun e VIII nd\u00ebrkomb\u00ebtar t\u00eb karates\u00eb \u201cPlevla open 2011\u201d. EKIPI I JUNIOREVE M\u00cb I MIRI dielen, m\u00eb 29 tetor 2011 n\u00eb Plevle u mbajt Turneu i 8-t\u00eb nd\u00ebrkomb\u00ebtar i karates\u00eb \u201cPlevla Open 2011\u201d, n\u00eb t\u00eb cilin mor\u00ebn pjes\u00eb 32 klube me 435 garues nga Kroacia, [&hellip;]<\/p>\n","protected":false},"author":1,"featured_media":0,"comment_status":"closed","ping_status":"closed","sticky":false,"template":"","format":"standard","meta":{"spay_email":"","jetpack_publicize_message":"","jetpack_is_tweetstorm":false,"jetpack_publicize_feature_enabled":true},"categories":[3],"tags":[19394,9714],"jetpack_publicize_connections":[],"yoast_head":"<!-- This site is optimized with the Yoast SEO plugin v19.1 - https:\/\/yoast.com\/wordpress\/plugins\/seo\/ -->\n<title>Karate Klubi Ulqini me i suksesshmi ne \u201cPlevla Open 2011\u201d - Video - Lajme nga Ulqini<\/title>\n<meta name=\"description\" content=\"Klubi i karates\u00eb \u201cUlqini\u201d u kuror\u00ebzua me 18 medalje n\u00eb Turneun e VIII nd\u00ebrkomb\u00ebtar t\u00eb karates\u00eb \u201cPlevla open 2011\u201d. EKIPI I JUNIOREVE M\u00cb I MIRI dielen, m\u00eb\" \/>\n<meta name=\"robots\" content=\"index, follow, max-snippet:-1, max-image-preview:large, max-video-preview:-1\" \/>\n<link rel=\"canonical\" href=\"https:\/\/www.visit-ulcinj.com\/blog\/2011\/11\/05\/karate-klubi-ulqini-me-i-suksesshmi-ne-\u201cplevla-open-2011\u201d\/\" \/>\n<meta property=\"og:locale\" content=\"en_US\" \/>\n<meta property=\"og:type\" content=\"article\" \/>\n<meta property=\"og:title\" content=\"Karate Klubi Ulqini me i suksesshmi ne \u201cPlevla Open 2011\u201d - Video - Lajme nga Ulqini\" \/>\n<meta property=\"og:description\" content=\"Klubi i karates\u00eb \u201cUlqini\u201d u kuror\u00ebzua me 18 medalje n\u00eb Turneun e VIII nd\u00ebrkomb\u00ebtar t\u00eb karates\u00eb \u201cPlevla open 2011\u201d. EKIPI I JUNIOREVE M\u00cb I MIRI dielen, m\u00eb\" \/>\n<meta property=\"og:url\" content=\"https:\/\/www.visit-ulcinj.com\/blog\/2011\/11\/05\/karate-klubi-ulqini-me-i-suksesshmi-ne-\u201cplevla-open-2011\u201d\/\" \/>\n<meta property=\"og:site_name\" content=\"Lajme nga Ulqini\" \/>\n<meta property=\"article:published_time\" content=\"2011-11-05T10:33:15+00:00\" \/>\n<meta property=\"article:modified_time\" content=\"2011-11-05T10:41:15+00:00\" \/>\n<meta property=\"og:image\" content=\"https:\/\/www.visit-ulcinj.com\/blog\/wp-content\/uploads\/2011\/11\/Karate-Klubi-Ulqini-me-i-suksesshmi-ne-Plevla-Open-2011_Karate-Club_Ulqini_Ulcinj_Montenegro-150x150.jpg\" \/>\n<meta name=\"twitter:label1\" content=\"Written by\" \/>\n\t<meta name=\"twitter:data1\" content=\"ulqini\" \/>\n\t<meta name=\"twitter:label2\" content=\"Est. reading time\" \/>\n\t<meta name=\"twitter:data2\" content=\"2 minutes\" \/>\n<script type=\"application\/ld+json\" class=\"yoast-schema-graph\">{\"@context\":\"https:\/\/schema.org\",\"@graph\":[{\"@type\":\"WebSite\",\"@id\":\"https:\/\/www.visit-ulcinj.com\/blog\/#website\",\"url\":\"https:\/\/www.visit-ulcinj.com\/blog\/\",\"name\":\"Lajme nga Ulqini\",\"description\":\"Lajme,Vijesti,Ulqini,Ulqin,Crna Gora,Mali i Zi\",\"potentialAction\":[{\"@type\":\"SearchAction\",\"target\":{\"@type\":\"EntryPoint\",\"urlTemplate\":\"https:\/\/www.visit-ulcinj.com\/blog\/?s={search_term_string}\"},\"query-input\":\"required name=search_term_string\"}],\"inLanguage\":\"en-US\"},{\"@type\":\"ImageObject\",\"inLanguage\":\"en-US\",\"@id\":\"https:\/\/www.visit-ulcinj.com\/blog\/2011\/11\/05\/karate-klubi-ulqini-me-i-suksesshmi-ne-%e2%80%9cplevla-open-2011%e2%80%9d\/#primaryimage\",\"url\":\"https:\/\/www.visit-ulcinj.com\/blog\/wp-content\/uploads\/2011\/11\/Karate-Klubi-Ulqini-me-i-suksesshmi-ne-Plevla-Open-2011_Karate-Club_Ulqini_Ulcinj_Montenegro.jpg\",\"contentUrl\":\"https:\/\/www.visit-ulcinj.com\/blog\/wp-content\/uploads\/2011\/11\/Karate-Klubi-Ulqini-me-i-suksesshmi-ne-Plevla-Open-2011_Karate-Club_Ulqini_Ulcinj_Montenegro.jpg\",\"width\":\"960\",\"height\":\"720\"},{\"@type\":\"WebPage\",\"@id\":\"https:\/\/www.visit-ulcinj.com\/blog\/2011\/11\/05\/karate-klubi-ulqini-me-i-suksesshmi-ne-%e2%80%9cplevla-open-2011%e2%80%9d\/#webpage\",\"url\":\"https:\/\/www.visit-ulcinj.com\/blog\/2011\/11\/05\/karate-klubi-ulqini-me-i-suksesshmi-ne-%e2%80%9cplevla-open-2011%e2%80%9d\/\",\"name\":\"Karate Klubi Ulqini me i suksesshmi ne \u201cPlevla Open 2011\u201d - Video - Lajme nga Ulqini\",\"isPartOf\":{\"@id\":\"https:\/\/www.visit-ulcinj.com\/blog\/#website\"},\"primaryImageOfPage\":{\"@id\":\"https:\/\/www.visit-ulcinj.com\/blog\/2011\/11\/05\/karate-klubi-ulqini-me-i-suksesshmi-ne-%e2%80%9cplevla-open-2011%e2%80%9d\/#primaryimage\"},\"datePublished\":\"2011-11-05T10:33:15+00:00\",\"dateModified\":\"2011-11-05T10:41:15+00:00\",\"author\":{\"@id\":\"https:\/\/www.visit-ulcinj.com\/blog\/#\/schema\/person\/dcab619c614d3038751c63bc2aadc06d\"},\"description\":\"Klubi i karates\u00eb \u201cUlqini\u201d u kuror\u00ebzua me 18 medalje n\u00eb Turneun e VIII nd\u00ebrkomb\u00ebtar t\u00eb karates\u00eb \u201cPlevla open 2011\u201d. EKIPI I JUNIOREVE M\u00cb I MIRI dielen, m\u00eb\",\"breadcrumb\":{\"@id\":\"https:\/\/www.visit-ulcinj.com\/blog\/2011\/11\/05\/karate-klubi-ulqini-me-i-suksesshmi-ne-%e2%80%9cplevla-open-2011%e2%80%9d\/#breadcrumb\"},\"inLanguage\":\"en-US\",\"potentialAction\":[{\"@type\":\"ReadAction\",\"target\":[\"https:\/\/www.visit-ulcinj.com\/blog\/2011\/11\/05\/karate-klubi-ulqini-me-i-suksesshmi-ne-%e2%80%9cplevla-open-2011%e2%80%9d\/\"]}]},{\"@type\":\"BreadcrumbList\",\"@id\":\"https:\/\/www.visit-ulcinj.com\/blog\/2011\/11\/05\/karate-klubi-ulqini-me-i-suksesshmi-ne-%e2%80%9cplevla-open-2011%e2%80%9d\/#breadcrumb\",\"itemListElement\":[{\"@type\":\"ListItem\",\"position\":1,\"name\":\"Karate Klubi Ulqini me i suksesshmi ne \u201cPlevla Open 2011\u201d &#8211; Video\"}]},{\"@type\":\"Person\",\"@id\":\"https:\/\/www.visit-ulcinj.com\/blog\/#\/schema\/person\/dcab619c614d3038751c63bc2aadc06d\",\"name\":\"ulqini\",\"sameAs\":[\"http:\/\/www.visit-ulcinj.com\"],\"url\":\"https:\/\/www.visit-ulcinj.com\/blog\/author\/admin\/\"}]}<\/script>\n<!-- \/ Yoast SEO plugin. -->","yoast_head_json":{"title":"Karate Klubi Ulqini me i suksesshmi ne \u201cPlevla Open 2011\u201d - Video - Lajme nga Ulqini","description":"Klubi i karates\u00eb \u201cUlqini\u201d u kuror\u00ebzua me 18 medalje n\u00eb Turneun e VIII nd\u00ebrkomb\u00ebtar t\u00eb karates\u00eb \u201cPlevla open 2011\u201d. EKIPI I JUNIOREVE M\u00cb I MIRI dielen, m\u00eb","robots":{"index":"index","follow":"follow","max-snippet":"max-snippet:-1","max-image-preview":"max-image-preview:large","max-video-preview":"max-video-preview:-1"},"canonical":"https:\/\/www.visit-ulcinj.com\/blog\/2011\/11\/05\/karate-klubi-ulqini-me-i-suksesshmi-ne-\u201cplevla-open-2011\u201d\/","og_locale":"en_US","og_type":"article","og_title":"Karate Klubi Ulqini me i suksesshmi ne \u201cPlevla Open 2011\u201d - Video - Lajme nga Ulqini","og_description":"Klubi i karates\u00eb \u201cUlqini\u201d u kuror\u00ebzua me 18 medalje n\u00eb Turneun e VIII nd\u00ebrkomb\u00ebtar t\u00eb karates\u00eb \u201cPlevla open 2011\u201d. EKIPI I JUNIOREVE M\u00cb I MIRI dielen, m\u00eb","og_url":"https:\/\/www.visit-ulcinj.com\/blog\/2011\/11\/05\/karate-klubi-ulqini-me-i-suksesshmi-ne-\u201cplevla-open-2011\u201d\/","og_site_name":"Lajme nga Ulqini","article_published_time":"2011-11-05T10:33:15+00:00","article_modified_time":"2011-11-05T10:41:15+00:00","og_image":[{"url":"https:\/\/www.visit-ulcinj.com\/blog\/wp-content\/uploads\/2011\/11\/Karate-Klubi-Ulqini-me-i-suksesshmi-ne-Plevla-Open-2011_Karate-Club_Ulqini_Ulcinj_Montenegro-150x150.jpg"}],"twitter_misc":{"Written by":"ulqini","Est. reading time":"2 minutes"},"schema":{"@context":"https:\/\/schema.org","@graph":[{"@type":"WebSite","@id":"https:\/\/www.visit-ulcinj.com\/blog\/#website","url":"https:\/\/www.visit-ulcinj.com\/blog\/","name":"Lajme nga Ulqini","description":"Lajme,Vijesti,Ulqini,Ulqin,Crna Gora,Mali i Zi","potentialAction":[{"@type":"SearchAction","target":{"@type":"EntryPoint","urlTemplate":"https:\/\/www.visit-ulcinj.com\/blog\/?s={search_term_string}"},"query-input":"required name=search_term_string"}],"inLanguage":"en-US"},{"@type":"ImageObject","inLanguage":"en-US","@id":"https:\/\/www.visit-ulcinj.com\/blog\/2011\/11\/05\/karate-klubi-ulqini-me-i-suksesshmi-ne-%e2%80%9cplevla-open-2011%e2%80%9d\/#primaryimage","url":"https:\/\/www.visit-ulcinj.com\/blog\/wp-content\/uploads\/2011\/11\/Karate-Klubi-Ulqini-me-i-suksesshmi-ne-Plevla-Open-2011_Karate-Club_Ulqini_Ulcinj_Montenegro.jpg","contentUrl":"https:\/\/www.visit-ulcinj.com\/blog\/wp-content\/uploads\/2011\/11\/Karate-Klubi-Ulqini-me-i-suksesshmi-ne-Plevla-Open-2011_Karate-Club_Ulqini_Ulcinj_Montenegro.jpg","width":"960","height":"720"},{"@type":"WebPage","@id":"https:\/\/www.visit-ulcinj.com\/blog\/2011\/11\/05\/karate-klubi-ulqini-me-i-suksesshmi-ne-%e2%80%9cplevla-open-2011%e2%80%9d\/#webpage","url":"https:\/\/www.visit-ulcinj.com\/blog\/2011\/11\/05\/karate-klubi-ulqini-me-i-suksesshmi-ne-%e2%80%9cplevla-open-2011%e2%80%9d\/","name":"Karate Klubi Ulqini me i suksesshmi ne \u201cPlevla Open 2011\u201d - Video - Lajme nga Ulqini","isPartOf":{"@id":"https:\/\/www.visit-ulcinj.com\/blog\/#website"},"primaryImageOfPage":{"@id":"https:\/\/www.visit-ulcinj.com\/blog\/2011\/11\/05\/karate-klubi-ulqini-me-i-suksesshmi-ne-%e2%80%9cplevla-open-2011%e2%80%9d\/#primaryimage"},"datePublished":"2011-11-05T10:33:15+00:00","dateModified":"2011-11-05T10:41:15+00:00","author":{"@id":"https:\/\/www.visit-ulcinj.com\/blog\/#\/schema\/person\/dcab619c614d3038751c63bc2aadc06d"},"description":"Klubi i karates\u00eb \u201cUlqini\u201d u kuror\u00ebzua me 18 medalje n\u00eb Turneun e VIII nd\u00ebrkomb\u00ebtar t\u00eb karates\u00eb \u201cPlevla open 2011\u201d. EKIPI I JUNIOREVE M\u00cb I MIRI dielen, m\u00eb","breadcrumb":{"@id":"https:\/\/www.visit-ulcinj.com\/blog\/2011\/11\/05\/karate-klubi-ulqini-me-i-suksesshmi-ne-%e2%80%9cplevla-open-2011%e2%80%9d\/#breadcrumb"},"inLanguage":"en-US","potentialAction":[{"@type":"ReadAction","target":["https:\/\/www.visit-ulcinj.com\/blog\/2011\/11\/05\/karate-klubi-ulqini-me-i-suksesshmi-ne-%e2%80%9cplevla-open-2011%e2%80%9d\/"]}]},{"@type":"BreadcrumbList","@id":"https:\/\/www.visit-ulcinj.com\/blog\/2011\/11\/05\/karate-klubi-ulqini-me-i-suksesshmi-ne-%e2%80%9cplevla-open-2011%e2%80%9d\/#breadcrumb","itemListElement":[{"@type":"ListItem","position":1,"name":"Karate Klubi Ulqini me i suksesshmi ne \u201cPlevla Open 2011\u201d &#8211; Video"}]},{"@type":"Person","@id":"https:\/\/www.visit-ulcinj.com\/blog\/#\/schema\/person\/dcab619c614d3038751c63bc2aadc06d","name":"ulqini","sameAs":["http:\/\/www.visit-ulcinj.com"],"url":"https:\/\/www.visit-ulcinj.com\/blog\/author\/admin\/"}]}},"jetpack_featured_media_url":"","jetpack_sharing_enabled":true,"jetpack_shortlink":"https:\/\/wp.me\/pe6lTn-dJA","_links":{"self":[{"href":"https:\/\/www.visit-ulcinj.com\/blog\/wp-json\/wp\/v2\/posts\/52798"}],"collection":[{"href":"https:\/\/www.visit-ulcinj.com\/blog\/wp-json\/wp\/v2\/posts"}],"about":[{"href":"https:\/\/www.visit-ulcinj.com\/blog\/wp-json\/wp\/v2\/types\/post"}],"author":[{"embeddable":true,"href":"https:\/\/www.visit-ulcinj.com\/blog\/wp-json\/wp\/v2\/users\/1"}],"replies":[{"embeddable":true,"href":"https:\/\/www.visit-ulcinj.com\/blog\/wp-json\/wp\/v2\/comments?post=52798"}],"version-history":[{"count":5,"href":"https:\/\/www.visit-ulcinj.com\/blog\/wp-json\/wp\/v2\/posts\/52798\/revisions"}],"predecessor-version":[{"id":52806,"href":"https:\/\/www.visit-ulcinj.com\/blog\/wp-json\/wp\/v2\/posts\/52798\/revisions\/52806"}],"wp:attachment":[{"href":"https:\/\/www.visit-ulcinj.com\/blog\/wp-json\/wp\/v2\/media?parent=52798"}],"wp:term":[{"taxonomy":"category","embeddable":true,"href":"https:\/\/www.visit-ulcinj.com\/blog\/wp-json\/wp\/v2\/categories?post=52798"},{"taxonomy":"post_tag","embeddable":true,"href":"https:\/\/www.visit-ulcinj.com\/blog\/wp-json\/wp\/v2\/tags?post=52798"}],"curies":[{"name":"wp","href":"https:\/\/api.w.org\/{rel}","templated":true}]}}