{"id":5281,"date":"2008-11-02T12:54:26","date_gmt":"2008-11-02T17:54:26","guid":{"rendered":"http:\/\/www.visit-ulcinj.com\/blog\/?p=5281"},"modified":"2008-11-02T14:13:49","modified_gmt":"2008-11-02T19:13:49","slug":"dinoshalojen-e-kujt-e-do-media-shqipe","status":"publish","type":"post","link":"https:\/\/www.visit-ulcinj.com\/blog\/2008\/11\/02\/dinoshalojen-e-kujt-e-do-media-shqipe\/","title":{"rendered":"Dinosha:Loj\u00ebn e kujt e do media shqipe?"},"content":{"rendered":"<p><a href=\"http:\/\/www.visit-ulcinj.com\/blog\/wp-content\/uploads\/2008\/01\/dinosha.jpg\"><img loading=\"lazy\" class=\"alignleft\" title=\"Ferhat Dionosha\" src=\"http:\/\/www.visit-ulcinj.com\/blog\/wp-content\/uploads\/2008\/01\/dinosha.jpg\" alt=\"\" width=\"240\" height=\"320\" \/><\/a>UDSH dhe p\u00ebrfaq\u00ebsuesi i tij n\u00eb Parlament jan\u00eb p\u00ebrpjekur t`i krijojn\u00eb sadopak hap\u00ebsir\u00eb Qeveris\u00eb s\u00eb Malit t\u00eb Zi p\u00ebr t\u00eb marr\u00eb vendimin p\u00ebr njohjen e Kosov\u00ebs s\u00eb pavarur edhe kur t\u00eb tjer\u00ebt, qoft\u00eb p\u00ebrfaq\u00ebsues politik\u00eb, qoft\u00eb gazetar\u00eb shqiptar\u00eb nuk e kan\u00eb p\u00ebrmendur k\u00ebt\u00eb. Qysh n\u00eb muajin prill, p\u00ebrfaq\u00ebsuesi i UDSH-s\u00eb ka th\u00ebn\u00eb se \u00ebsht\u00eb n\u00eb interesin e Malit t\u00eb Zi q\u00eb t\u00eb njoh\u00eb Kosov\u00ebn dhe se n\u00eb k\u00ebt\u00eb rrug\u00eb s`b\u00ebn t\u00eb ket\u00eb shum\u00eb vones\u00eb. Ai e ka p\u00ebrs\u00ebritur k\u00ebt\u00eb disa her\u00eb publikisht, duke e shtruar edhe n\u00eb kontaktet e rregullta me zyrtar\u00ebt e Malit t\u00eb Zi n\u00eb t\u00eb cilat ka qen\u00eb i informuar se kjo \u00e7\u00ebshtje do t\u00eb ket\u00eb epilog fatlum e afatgjat\u00eb. Por, me disa gj\u00ebra nuk licitohet derisa t\u00eb ndodhin dhe k\u00ebt\u00eb UDSH e di, n\u00ebse jo edhe gazetari yn\u00eb.<br \/>\nNj\u00eb titull n\u00eb ballin\u00ebn e &#8220;Koha Javore&#8221; nr. 342 dhe nj\u00eb n\u00ebntitull i anterfiles\u00eb dal\u00eb nga teksti i gazetarit I.K. m\u00eb shtyjn\u00eb t`i b\u00ebj nj\u00eb retrospektiv\u00eb angazhimit t\u00eb medias shqipe lidhur me ngjarjet kryesore n\u00eb Mal t\u00eb Zi gjat\u00eb k\u00ebtyre viteve t\u00eb fundit.<br \/>\nDuke informuar p\u00ebr njohjen e pavar\u00ebsis\u00eb s\u00eb Kosov\u00ebs nga ana e Malit t\u00eb Zi, gazetarit dhe gazet\u00ebs duhet t`u ket\u00eb p\u00eblqyer titulli: &#8220;Mali i Zi i jep goditje tjet\u00ebr Serbis\u00eb&#8221;. Ky titull s`do t\u00eb t\u00eb vriste syrin shum\u00eb po t\u00eb hasej n\u00eb rubrik\u00ebn &#8220;Opinione e v\u00ebshtrime&#8221; q\u00eb nuk p\u00ebrfaq\u00ebsojn\u00eb domosdoshm\u00ebrisht politik\u00ebn redaksionale t\u00eb gazet\u00ebs, por gazeta e vetme shqiptare, duke e veshur ballin\u00ebn me k\u00ebt\u00eb petk, thua se qan m\u00eb tep\u00ebr hallin e Serbis\u00eb sesa favorizon hapin e guximsh\u00ebm t\u00eb Malit t\u00eb Zi, t\u00eb cilin Kosova e ka shum\u00eb t\u00eb r\u00ebnd\u00ebsish\u00ebm. Ky titull sikur t\u00eb ishte marr\u00eb nga deklaratat e udh\u00ebheq\u00ebsve m\u00eb radikal\u00eb politik\u00eb e fetar\u00eb serb\u00eb, t\u00eb cil\u00ebt vendimin e Qeveris\u00eb Malazeze e kishin quajtur &#8220;thik\u00eb n\u00eb shpin\u00eb Serbis\u00eb&#8221;. Deshte a s`deshte, titulli p\u00ebrkon m\u00eb tep\u00ebr me reagimet e padrejta t\u00eb opozit\u00ebs serbe se me vendimin e drejt\u00eb t\u00eb Qeveris\u00eb Malazeze, t\u00eb cilin ajo nuk e kishte marr\u00eb as p\u00ebr inat t\u00eb Serbis\u00eb, as p\u00ebr hat\u00ebr t\u00eb Kosov\u00ebs, por p\u00ebr interes t\u00eb vetin nacional e shtet\u00ebror.<br \/>\nMe siguri padashtas, por gazetari qan hallin e Serbis\u00eb edhe kur n\u00eb vazhdim t\u00eb tekstit thot\u00eb se &#8220;njohja erdhi n\u00eb nj\u00eb moment t\u00eb papritur dhe delikat p\u00ebr Serbin\u00eb\u2026&#8221;, thua se s`paskemi \u00e7`t\u00eb b\u00ebjm\u00eb ve\u00e7 t\u00eb mendojm\u00eb p\u00ebr t\u00eb priturat a t\u00eb papriturat e Serbis\u00eb.<br \/>\nKjo edhe mund t\u00eb jet\u00eb pasoj\u00eb e munges\u00ebs s\u00eb p\u00ebrvoj\u00ebs, por gazetari tregohet tendencioz dhe dezinformon kur n\u00eb anterfiles\u00eb, nxjerr titullin: &#8220;Shqiptar\u00ebt n\u00eb Mal t\u00eb Zi jasht\u00eb loje&#8221;.<br \/>\nS\u00eb pari, Parlamenti i Malit t\u00eb Zi, nuk ka nxjerr\u00eb rezolut\u00eb p\u00ebr njohjen e Kosov\u00ebs, por rezolut\u00eb p\u00ebr domosdoshm\u00ebrin\u00eb e p\u00ebrshpejtimit t\u00eb proceseve integruese, n\u00eb \u00e7`gj\u00eb pozicionimi ndaj \u00e7\u00ebshtjes s\u00eb Kosov\u00ebs ka qen\u00eb i r\u00ebnd\u00ebsish\u00ebm dhe Mali i Zi thot\u00eb n\u00eb k\u00ebt\u00eb rezolut\u00eb se \u00e7\u00ebshtjen e Kosov\u00ebs do ta shoh\u00eb sikurse t\u00ebr\u00eb bota demokratike.<br \/>\nS\u00eb dyti, relacionet nd\u00ebrmjet Malit t\u00eb Zi e Serbis\u00eb jan\u00eb di\u00e7ka krejt\u00ebsisht tjet\u00ebr, krahasuar me relacionet e Serbis\u00eb dhe t\u00eb Maqedonis\u00eb. Ve\u00e7 k\u00ebsaj, shqiptar\u00ebt n\u00eb Maqedoni dhe ata n\u00eb Mal t\u00eb Zi, edhe p\u00ebr nga numri edhe p\u00ebr nga p\u00ebrkrahja e elektoratit jan\u00eb n\u00eb situata t\u00eb ndryshme.<br \/>\nS\u00eb treti, gazetari duhej ta dinte dhe ta thoshte se prej tri partive shqiptare q\u00eb kan\u00eb p\u00ebrfaq\u00ebsuesit e vet n\u00eb Parlamentin e Malit t\u00eb Zi, dy bashk\u00ebpunojn\u00eb me opozit\u00ebn e jo me pozit\u00ebn, e cila kishte propozuar Rezolut\u00ebn. Vet\u00ebm UDSH-ja ka bashk\u00ebpunim e partneritet me pozit\u00ebn meq\u00eb pozita ka shumic\u00ebn edhe pa p\u00ebrfaq\u00ebsuesin e UDSH-s\u00eb, \u00ebsht\u00eb \u00e7muar se n\u00eb k\u00ebt\u00eb \u00e7\u00ebshtje t\u00eb ndjeshme dhe n\u00eb k\u00ebt\u00eb situat\u00eb t\u00eb ndjeshme, \u00ebsht\u00eb m\u00eb profitabile q\u00eb nd\u00ebr propozuesit e Rezolut\u00ebs t\u00eb jet\u00eb edhe p\u00ebrfaq\u00ebsuesi i UDSH-s\u00eb. N\u00ebse jo gazetari i &#8220;Koha Javore&#8221; k\u00ebt\u00eb e merr vesh \u00e7do analist politik dhe \u00e7do diplomaci parlamentare. Fal\u00eb UDSH-s\u00eb shqiptar\u00ebt n\u00eb Mal t\u00eb Zi kan\u00eb qen\u00eb e vazhdojn\u00eb t\u00eb jen\u00eb n\u00eb loj\u00ebn e demokracis\u00eb dhe t\u00eb stabilitetit n\u00eb Rajon, n\u00eb loj\u00ebn e integrimeve dhe t\u00eb faktorizimit t\u00eb shqiptar\u00ebve n\u00eb to. \u00cbsht\u00eb problem i gazetarit n\u00ebse ai do t`i shoh\u00eb shqiptar\u00ebt n\u00eb ndonj\u00eb loj\u00eb tjet\u00ebr dhe shtrohet pyetja &#8211; loj\u00ebn e kujt e do media shqipe?<br \/>\nUDSH dhe p\u00ebrfaq\u00ebsuesi i tij n\u00eb Parlament jan\u00eb p\u00ebrpjekur t`i krijojn\u00eb sadopak hap\u00ebsir\u00eb Qeveris\u00eb s\u00eb Malit t\u00eb Zi p\u00ebr t\u00eb marr\u00eb vendimin p\u00ebr njohjen e Kosov\u00ebs s\u00eb pavarur edhe kur t\u00eb tjer\u00ebt, qoft\u00eb p\u00ebrfaq\u00ebsues politik\u00eb, qoft\u00eb gazetar\u00eb shqiptar\u00eb nuk e kan\u00eb p\u00ebrmendur k\u00ebt\u00eb. Qysh n\u00eb muajin prill, p\u00ebrfaq\u00ebsuesi i UDSH-s\u00eb ka th\u00ebn\u00eb se \u00ebsht\u00eb n\u00eb interesin e Malit t\u00eb Zi q\u00eb t\u00eb njoh\u00eb Kosov\u00ebn dhe se n\u00eb k\u00ebt\u00eb rrug\u00eb s`b\u00ebn t\u00eb ket\u00eb shum\u00eb vones\u00eb. Ai e ka p\u00ebrs\u00ebritur k\u00ebt\u00eb disa her\u00eb publikisht, duke e shtruar edhe n\u00eb kontaktet e rregullta me zyrtar\u00ebt e Malit t\u00eb Zi n\u00eb t\u00eb cilat ka qen\u00eb i informuar se kjo \u00e7\u00ebshtje do t\u00eb ket\u00eb epilog fatlum e afatgjat\u00eb. Por, me disa gj\u00ebra nuk licitohet derisa t\u00eb ndodhin dhe k\u00ebt\u00eb UDSH e di, n\u00ebse jo edhe gazetari yn\u00eb.<br \/>\nAta madje, hajde dije pse, nxitojn\u00eb t\u00eb sulmojn\u00eb at\u00eb q\u00eb duhet ta p\u00ebrkrahin. K\u00ebshtu, p.sh. gjat\u00eb ver\u00ebs q\u00eb shkoi, derisa angazhimet e UDSH-s\u00eb lidhur me njohjen e Kosov\u00ebs ende nuk kishin pasur efektin e pritsh\u00ebm, nj\u00eb shkrim i gazetarit I.Berjashi n\u00eb nj\u00eb t\u00eb p\u00ebrditshme t\u00eb Kosov\u00ebs, prodhon titullin: &#8220;Pse Qeveria e Malit t\u00eb Zi nuk ia v\u00eb veshin Ferhat Dinosh\u00ebs&#8221;? Ai habitet si UDSH mund t\u00eb jet\u00eb pjes\u00eb e nj\u00eb qeverie q\u00eb nuk p\u00ebrfillka k\u00ebrkesat e kryetarit t\u00eb saj, pa pasur durim q\u00eb t\u00eb priste edhe nj\u00eb \u00e7ik, q\u00eb duke ditur se vendim m\u00eb t\u00eb v\u00ebshtir\u00eb Qeveria e Malit t\u00eb Zi nuk ka patur deri m\u00eb tash n\u00eb pun\u00ebn e saj.<br \/>\nKur kjo qeveri, m\u00eb 9 tetor 2008, njeh Kosov\u00ebn, gazetari yn\u00eb nuk nxiton t\u00eb informoj\u00eb opinionin se, m\u00eb n\u00eb fund, Qeveria paska v\u00ebn\u00eb veshin \u2026<br \/>\nK\u00ebta dhe gazetar\u00eb t\u00eb tjer\u00eb shqiptar\u00eb nuk kan\u00eb patur aspak sens analitik ose energji pozitive as lidhur me ngjarje t\u00eb tjera ky\u00e7e q\u00eb kan\u00eb krijuar logjistik\u00eb p\u00ebr nj\u00eb hap t\u00eb k\u00ebtil\u00eb t\u00eb Qeveris\u00eb s\u00eb Malit t\u00eb Zi. Sot \u00ebsht\u00eb e qart\u00eb, e dikush e ka pasur t\u00eb qart\u00eb kaher\u00eb, se pavar\u00ebsia e Malit t\u00eb Zi \u00ebsht\u00eb paradhom\u00eb e pavar\u00ebsis\u00eb s\u00eb Kosov\u00ebs. Bashk\u00ebpunimi me forcat e pavar\u00ebsis\u00eb n\u00eb Mal t\u00eb Zi ka qen\u00eb imperativ i koh\u00ebs p\u00ebr subjektet shqiptare q\u00eb veprojn\u00eb k\u00ebtu. Por, vet\u00ebm UDSH \u00ebsht\u00eb sjell\u00eb n\u00eb pajtim me k\u00ebt\u00eb imperativ.<br \/>\nT\u00eb tjer\u00ebt kan\u00eb thirr\u00eb p\u00ebr bojkot, ose kan\u00eb qen\u00eb asnjan\u00ebs. Gazetar\u00ebt tan\u00eb nuk kan\u00eb th\u00ebn\u00eb asnj\u00ebher\u00eb se kush kishte t\u00eb drejt\u00eb, e l\u00ebre m\u00eb t`u sugjeronin shqiptar\u00ebve, n\u00eb m\u00ebynr\u00eb t\u00eb pavarur, se \u00e7`duhej t\u00eb b\u00ebnin. P\u00ebr m\u00eb tep\u00ebr, ata shpesh kan\u00eb favorizuar qasjet e subjekteve apo grupacioneve t\u00eb ndryshme q\u00eb, me apo pa vet\u00ebdije, kan\u00eb \u00e7uar uj\u00eb n\u00eb mullirin e politikave serbe.<br \/>\nDuke e par\u00eb k\u00ebt\u00eb sidomos pas d\u00ebshtimit t\u00eb koalicionit &#8220;Shqiptar\u00ebt Bashk\u00eb&#8221;, inicues i t\u00eb cilit kishte qen\u00eb pik\u00ebrisht UDSH kjo parti shqiptare vazhdon t\u00eb kultivoj\u00eb partneritetin me forcat antimillosheviqiane n\u00eb Mal t\u00eb Zi, duke e konkretizuar at\u00eb edhe me forma t\u00eb reja t\u00eb bashk\u00ebpunimit &#8211; me koalicione zhvillimore- teknike n\u00eb nivele lokale me partit\u00eb n\u00eb pushtet t\u00eb z. Gjukanoviq.<br \/>\nKjo form\u00eb e re e bashk\u00ebpunimit t\u00eb UDSH me PDS shihet si hap\u00ebsir\u00eb p\u00ebr t\u00eb sulmuar UDSH-n\u00eb, nga ana e disa gazetar\u00ebve, t\u00eb cil\u00ebt, p\u00ebr ta b\u00ebr\u00eb k\u00ebt\u00eb, favorizojn\u00eb edhe qasjet e ish-bashk\u00ebpun\u00ebtor\u00ebve t\u00eb sh\u00ebrbimeve t\u00eb sigurimit t\u00eb sistemit t\u00eb vjet\u00ebr t\u00eb cil\u00ebt tash ofrojn\u00eb alternativa p\u00ebr shqiptar\u00ebt?<br \/>\nM\u00eb kujtohet pyetja e gazetarit M. Gjoka, e k\u00ebsaj kohe q\u00eb kishte tendenc\u00eb t\u00eb sugjeronte se autori i k\u00ebtyre rreshtave, si p\u00ebrfaq\u00ebsues i UDSH-s\u00eb, kishte harruar nj\u00eb deklarat\u00eb t\u00eb vet\u00ebn t\u00eb m\u00ebposhtme, n\u00eb t\u00eb cil\u00ebn kishte th\u00ebn\u00eb:&#8221;\u2026ne do t\u00eb marrim frym\u00eb me mushk\u00ebri t\u00eb \u00c7un Mules e t\u00eb Baca Kurtit, t\u00eb Ded\u00eb Gjo`Lulit e t\u00eb Mul Delis\u00eb&#8221;. Pra, duke aluduar n\u00eb bashk\u00ebpunimin e tash\u00ebm t\u00eb UDSH me PDS gazetari pyet: &#8220;Me mushk\u00ebrit\u00eb e kujt merr frym\u00eb sot Ferhat Dinosha?&#8221; Asokohe natyrisht se gazetari ka marr\u00eb p\u00ebrgjigje, t\u00eb cil\u00ebs sot mund t`i shtohet:&#8221;\u2026edhe me mushk\u00ebrit\u00eb e 17 shkurtit 2008 dhe t\u00eb 9 tetorit 2008&#8243;, t\u00eb cilat jan\u00eb hapur edhe fal\u00eb partneritetit t\u00eb UDSH me PDS, q\u00eb e kan\u00eb sulmuar gazetar\u00ebt ton\u00eb. T\u00eb nj\u00ebjtit, t\u00eb cil\u00ebt asnj\u00ebher\u00eb nuk e kan\u00eb sulmuar bashk\u00ebpunimin e partive t\u00eb tjera shqiptare me partit\u00eb serbe e proserbe, t\u00eb cilat edhe sot po protestojn\u00eb n\u00eb Podgoric\u00eb kund\u00ebr vendimit t\u00eb Qeveris\u00eb s\u00eb Malit t\u00eb Zi (n\u00ebn udh\u00ebheqje t\u00eb kryetarit t\u00eb PDS) p\u00ebr njohjen e pavar\u00ebsis\u00eb s\u00eb Kosov\u00ebs.<br \/>\nMua m\u00eb duket se faza e deritashme e pluralizmit politik n\u00eb Ballkan ka nxjerr\u00eb data t\u00eb reja historike p\u00ebr shqiptar\u00ebt dhe se duhet t\u00eb jemi t\u00eb k\u00ebnaqur me k\u00ebt\u00eb. M\u00eb duket se kaq ka qen\u00eb ka\u00e7iku i shqiptar\u00ebve i vendosur n\u00eb m\u00ebnyn\u00eb e miqve amerikan\u00eb, pa t\u00eb cil\u00ebt t\u00eb gjitha na i kishte ngr\u00ebn\u00eb qoftlargu n\u00eb bark. N\u00ebse gazetar\u00ebt ton\u00eb, padron\u00ebt e tyre, apo kanakar\u00ebt e tyre politik kan\u00eb di\u00e7 m\u00eb tep\u00ebr, le t\u00eb na tregojn\u00eb t\u00eb gjith\u00ebve.<br \/>\nN\u00ebse jo, le t\u00eb pushojn\u00eb t\u00eb na shesin gogla p\u00ebr dushk, a shlivovic p\u00ebr viski.<br \/>\n<strong>Ferhat Dinosha<br \/>\nKoha Javore<\/strong><\/p>\n<!-- vimeo error: not a vimeo video -->\n","protected":false},"excerpt":{"rendered":"<p>UDSH dhe p\u00ebrfaq\u00ebsuesi i tij n\u00eb Parlament jan\u00eb p\u00ebrpjekur t`i krijojn\u00eb sadopak hap\u00ebsir\u00eb Qeveris\u00eb s\u00eb Malit t\u00eb Zi p\u00ebr t\u00eb marr\u00eb vendimin p\u00ebr njohjen e Kosov\u00ebs s\u00eb pavarur edhe kur t\u00eb tjer\u00ebt, qoft\u00eb p\u00ebrfaq\u00ebsues politik\u00eb, qoft\u00eb gazetar\u00eb shqiptar\u00eb nuk e kan\u00eb p\u00ebrmendur k\u00ebt\u00eb. Qysh n\u00eb muajin prill, p\u00ebrfaq\u00ebsuesi i UDSH-s\u00eb ka th\u00ebn\u00eb se \u00ebsht\u00eb n\u00eb [&hellip;]<\/p>\n","protected":false},"author":1,"featured_media":0,"comment_status":"open","ping_status":"closed","sticky":false,"template":"","format":"standard","meta":{"spay_email":"","jetpack_publicize_message":"","jetpack_is_tweetstorm":false,"jetpack_publicize_feature_enabled":true},"categories":[6],"tags":[97],"jetpack_publicize_connections":[],"yoast_head":"<!-- This site is optimized with the Yoast SEO plugin v19.1 - https:\/\/yoast.com\/wordpress\/plugins\/seo\/ -->\n<title>Dinosha:Loj\u00ebn e kujt e do media shqipe? - Lajme nga Ulqini<\/title>\n<meta name=\"description\" content=\"UDSH dhe p\u00ebrfaq\u00ebsuesi i tij n\u00eb Parlament jan\u00eb p\u00ebrpjekur t`i krijojn\u00eb sadopak hap\u00ebsir\u00eb Qeveris\u00eb s\u00eb Malit t\u00eb Zi p\u00ebr t\u00eb marr\u00eb vendimin p\u00ebr njohjen e Kosov\u00ebs\" \/>\n<meta name=\"robots\" content=\"index, follow, max-snippet:-1, max-image-preview:large, max-video-preview:-1\" \/>\n<link rel=\"canonical\" href=\"https:\/\/www.visit-ulcinj.com\/blog\/2008\/11\/02\/dinoshalojen-e-kujt-e-do-media-shqipe\/\" \/>\n<meta property=\"og:locale\" content=\"en_US\" \/>\n<meta property=\"og:type\" content=\"article\" \/>\n<meta property=\"og:title\" content=\"Dinosha:Loj\u00ebn e kujt e do media shqipe? - Lajme nga Ulqini\" \/>\n<meta property=\"og:description\" content=\"UDSH dhe p\u00ebrfaq\u00ebsuesi i tij n\u00eb Parlament jan\u00eb p\u00ebrpjekur t`i krijojn\u00eb sadopak hap\u00ebsir\u00eb Qeveris\u00eb s\u00eb Malit t\u00eb Zi p\u00ebr t\u00eb marr\u00eb vendimin p\u00ebr njohjen e Kosov\u00ebs\" \/>\n<meta property=\"og:url\" content=\"https:\/\/www.visit-ulcinj.com\/blog\/2008\/11\/02\/dinoshalojen-e-kujt-e-do-media-shqipe\/\" \/>\n<meta property=\"og:site_name\" content=\"Lajme nga Ulqini\" \/>\n<meta property=\"article:published_time\" content=\"2008-11-02T17:54:26+00:00\" \/>\n<meta property=\"article:modified_time\" content=\"2008-11-02T19:13:49+00:00\" \/>\n<meta property=\"og:image\" content=\"http:\/\/www.visit-ulcinj.com\/blog\/wp-content\/uploads\/2008\/01\/dinosha.jpg\" \/>\n<meta name=\"twitter:label1\" content=\"Written by\" \/>\n\t<meta name=\"twitter:data1\" content=\"ulqini\" \/>\n\t<meta name=\"twitter:label2\" content=\"Est. reading time\" \/>\n\t<meta name=\"twitter:data2\" content=\"9 minutes\" \/>\n<script type=\"application\/ld+json\" class=\"yoast-schema-graph\">{\"@context\":\"https:\/\/schema.org\",\"@graph\":[{\"@type\":\"WebSite\",\"@id\":\"https:\/\/www.visit-ulcinj.com\/blog\/#website\",\"url\":\"https:\/\/www.visit-ulcinj.com\/blog\/\",\"name\":\"Lajme nga Ulqini\",\"description\":\"Lajme,Vijesti,Ulqini,Ulqin,Crna Gora,Mali i Zi\",\"potentialAction\":[{\"@type\":\"SearchAction\",\"target\":{\"@type\":\"EntryPoint\",\"urlTemplate\":\"https:\/\/www.visit-ulcinj.com\/blog\/?s={search_term_string}\"},\"query-input\":\"required name=search_term_string\"}],\"inLanguage\":\"en-US\"},{\"@type\":\"ImageObject\",\"inLanguage\":\"en-US\",\"@id\":\"https:\/\/www.visit-ulcinj.com\/blog\/2008\/11\/02\/dinoshalojen-e-kujt-e-do-media-shqipe\/#primaryimage\",\"url\":\"http:\/\/www.visit-ulcinj.com\/blog\/wp-content\/uploads\/2008\/01\/dinosha.jpg\",\"contentUrl\":\"http:\/\/www.visit-ulcinj.com\/blog\/wp-content\/uploads\/2008\/01\/dinosha.jpg\"},{\"@type\":\"WebPage\",\"@id\":\"https:\/\/www.visit-ulcinj.com\/blog\/2008\/11\/02\/dinoshalojen-e-kujt-e-do-media-shqipe\/#webpage\",\"url\":\"https:\/\/www.visit-ulcinj.com\/blog\/2008\/11\/02\/dinoshalojen-e-kujt-e-do-media-shqipe\/\",\"name\":\"Dinosha:Loj\u00ebn e kujt e do media shqipe? - Lajme nga Ulqini\",\"isPartOf\":{\"@id\":\"https:\/\/www.visit-ulcinj.com\/blog\/#website\"},\"primaryImageOfPage\":{\"@id\":\"https:\/\/www.visit-ulcinj.com\/blog\/2008\/11\/02\/dinoshalojen-e-kujt-e-do-media-shqipe\/#primaryimage\"},\"datePublished\":\"2008-11-02T17:54:26+00:00\",\"dateModified\":\"2008-11-02T19:13:49+00:00\",\"author\":{\"@id\":\"https:\/\/www.visit-ulcinj.com\/blog\/#\/schema\/person\/dcab619c614d3038751c63bc2aadc06d\"},\"description\":\"UDSH dhe p\u00ebrfaq\u00ebsuesi i tij n\u00eb Parlament jan\u00eb p\u00ebrpjekur t`i krijojn\u00eb sadopak hap\u00ebsir\u00eb Qeveris\u00eb s\u00eb Malit t\u00eb Zi p\u00ebr t\u00eb marr\u00eb vendimin p\u00ebr njohjen e Kosov\u00ebs\",\"breadcrumb\":{\"@id\":\"https:\/\/www.visit-ulcinj.com\/blog\/2008\/11\/02\/dinoshalojen-e-kujt-e-do-media-shqipe\/#breadcrumb\"},\"inLanguage\":\"en-US\",\"potentialAction\":[{\"@type\":\"ReadAction\",\"target\":[\"https:\/\/www.visit-ulcinj.com\/blog\/2008\/11\/02\/dinoshalojen-e-kujt-e-do-media-shqipe\/\"]}]},{\"@type\":\"BreadcrumbList\",\"@id\":\"https:\/\/www.visit-ulcinj.com\/blog\/2008\/11\/02\/dinoshalojen-e-kujt-e-do-media-shqipe\/#breadcrumb\",\"itemListElement\":[{\"@type\":\"ListItem\",\"position\":1,\"name\":\"Dinosha:Loj\u00ebn e kujt e do media shqipe?\"}]},{\"@type\":\"Person\",\"@id\":\"https:\/\/www.visit-ulcinj.com\/blog\/#\/schema\/person\/dcab619c614d3038751c63bc2aadc06d\",\"name\":\"ulqini\",\"sameAs\":[\"http:\/\/www.visit-ulcinj.com\"],\"url\":\"https:\/\/www.visit-ulcinj.com\/blog\/author\/admin\/\"}]}<\/script>\n<!-- \/ Yoast SEO plugin. -->","yoast_head_json":{"title":"Dinosha:Loj\u00ebn e kujt e do media shqipe? - Lajme nga Ulqini","description":"UDSH dhe p\u00ebrfaq\u00ebsuesi i tij n\u00eb Parlament jan\u00eb p\u00ebrpjekur t`i krijojn\u00eb sadopak hap\u00ebsir\u00eb Qeveris\u00eb s\u00eb Malit t\u00eb Zi p\u00ebr t\u00eb marr\u00eb vendimin p\u00ebr njohjen e Kosov\u00ebs","robots":{"index":"index","follow":"follow","max-snippet":"max-snippet:-1","max-image-preview":"max-image-preview:large","max-video-preview":"max-video-preview:-1"},"canonical":"https:\/\/www.visit-ulcinj.com\/blog\/2008\/11\/02\/dinoshalojen-e-kujt-e-do-media-shqipe\/","og_locale":"en_US","og_type":"article","og_title":"Dinosha:Loj\u00ebn e kujt e do media shqipe? - Lajme nga Ulqini","og_description":"UDSH dhe p\u00ebrfaq\u00ebsuesi i tij n\u00eb Parlament jan\u00eb p\u00ebrpjekur t`i krijojn\u00eb sadopak hap\u00ebsir\u00eb Qeveris\u00eb s\u00eb Malit t\u00eb Zi p\u00ebr t\u00eb marr\u00eb vendimin p\u00ebr njohjen e Kosov\u00ebs","og_url":"https:\/\/www.visit-ulcinj.com\/blog\/2008\/11\/02\/dinoshalojen-e-kujt-e-do-media-shqipe\/","og_site_name":"Lajme nga Ulqini","article_published_time":"2008-11-02T17:54:26+00:00","article_modified_time":"2008-11-02T19:13:49+00:00","og_image":[{"url":"http:\/\/www.visit-ulcinj.com\/blog\/wp-content\/uploads\/2008\/01\/dinosha.jpg"}],"twitter_misc":{"Written by":"ulqini","Est. reading time":"9 minutes"},"schema":{"@context":"https:\/\/schema.org","@graph":[{"@type":"WebSite","@id":"https:\/\/www.visit-ulcinj.com\/blog\/#website","url":"https:\/\/www.visit-ulcinj.com\/blog\/","name":"Lajme nga Ulqini","description":"Lajme,Vijesti,Ulqini,Ulqin,Crna Gora,Mali i Zi","potentialAction":[{"@type":"SearchAction","target":{"@type":"EntryPoint","urlTemplate":"https:\/\/www.visit-ulcinj.com\/blog\/?s={search_term_string}"},"query-input":"required name=search_term_string"}],"inLanguage":"en-US"},{"@type":"ImageObject","inLanguage":"en-US","@id":"https:\/\/www.visit-ulcinj.com\/blog\/2008\/11\/02\/dinoshalojen-e-kujt-e-do-media-shqipe\/#primaryimage","url":"http:\/\/www.visit-ulcinj.com\/blog\/wp-content\/uploads\/2008\/01\/dinosha.jpg","contentUrl":"http:\/\/www.visit-ulcinj.com\/blog\/wp-content\/uploads\/2008\/01\/dinosha.jpg"},{"@type":"WebPage","@id":"https:\/\/www.visit-ulcinj.com\/blog\/2008\/11\/02\/dinoshalojen-e-kujt-e-do-media-shqipe\/#webpage","url":"https:\/\/www.visit-ulcinj.com\/blog\/2008\/11\/02\/dinoshalojen-e-kujt-e-do-media-shqipe\/","name":"Dinosha:Loj\u00ebn e kujt e do media shqipe? - Lajme nga Ulqini","isPartOf":{"@id":"https:\/\/www.visit-ulcinj.com\/blog\/#website"},"primaryImageOfPage":{"@id":"https:\/\/www.visit-ulcinj.com\/blog\/2008\/11\/02\/dinoshalojen-e-kujt-e-do-media-shqipe\/#primaryimage"},"datePublished":"2008-11-02T17:54:26+00:00","dateModified":"2008-11-02T19:13:49+00:00","author":{"@id":"https:\/\/www.visit-ulcinj.com\/blog\/#\/schema\/person\/dcab619c614d3038751c63bc2aadc06d"},"description":"UDSH dhe p\u00ebrfaq\u00ebsuesi i tij n\u00eb Parlament jan\u00eb p\u00ebrpjekur t`i krijojn\u00eb sadopak hap\u00ebsir\u00eb Qeveris\u00eb s\u00eb Malit t\u00eb Zi p\u00ebr t\u00eb marr\u00eb vendimin p\u00ebr njohjen e Kosov\u00ebs","breadcrumb":{"@id":"https:\/\/www.visit-ulcinj.com\/blog\/2008\/11\/02\/dinoshalojen-e-kujt-e-do-media-shqipe\/#breadcrumb"},"inLanguage":"en-US","potentialAction":[{"@type":"ReadAction","target":["https:\/\/www.visit-ulcinj.com\/blog\/2008\/11\/02\/dinoshalojen-e-kujt-e-do-media-shqipe\/"]}]},{"@type":"BreadcrumbList","@id":"https:\/\/www.visit-ulcinj.com\/blog\/2008\/11\/02\/dinoshalojen-e-kujt-e-do-media-shqipe\/#breadcrumb","itemListElement":[{"@type":"ListItem","position":1,"name":"Dinosha:Loj\u00ebn e kujt e do media shqipe?"}]},{"@type":"Person","@id":"https:\/\/www.visit-ulcinj.com\/blog\/#\/schema\/person\/dcab619c614d3038751c63bc2aadc06d","name":"ulqini","sameAs":["http:\/\/www.visit-ulcinj.com"],"url":"https:\/\/www.visit-ulcinj.com\/blog\/author\/admin\/"}]}},"jetpack_featured_media_url":"","jetpack_sharing_enabled":true,"jetpack_shortlink":"https:\/\/wp.me\/pe6lTn-1nb","_links":{"self":[{"href":"https:\/\/www.visit-ulcinj.com\/blog\/wp-json\/wp\/v2\/posts\/5281"}],"collection":[{"href":"https:\/\/www.visit-ulcinj.com\/blog\/wp-json\/wp\/v2\/posts"}],"about":[{"href":"https:\/\/www.visit-ulcinj.com\/blog\/wp-json\/wp\/v2\/types\/post"}],"author":[{"embeddable":true,"href":"https:\/\/www.visit-ulcinj.com\/blog\/wp-json\/wp\/v2\/users\/1"}],"replies":[{"embeddable":true,"href":"https:\/\/www.visit-ulcinj.com\/blog\/wp-json\/wp\/v2\/comments?post=5281"}],"version-history":[{"count":0,"href":"https:\/\/www.visit-ulcinj.com\/blog\/wp-json\/wp\/v2\/posts\/5281\/revisions"}],"wp:attachment":[{"href":"https:\/\/www.visit-ulcinj.com\/blog\/wp-json\/wp\/v2\/media?parent=5281"}],"wp:term":[{"taxonomy":"category","embeddable":true,"href":"https:\/\/www.visit-ulcinj.com\/blog\/wp-json\/wp\/v2\/categories?post=5281"},{"taxonomy":"post_tag","embeddable":true,"href":"https:\/\/www.visit-ulcinj.com\/blog\/wp-json\/wp\/v2\/tags?post=5281"}],"curies":[{"name":"wp","href":"https:\/\/api.w.org\/{rel}","templated":true}]}}