{"id":52826,"date":"2011-11-05T13:42:00","date_gmt":"2011-11-05T12:42:00","guid":{"rendered":"http:\/\/www.visit-ulcinj.com\/blog\/?p=52826"},"modified":"2011-11-05T13:43:35","modified_gmt":"2011-11-05T12:43:35","slug":"genta-ismajli-kam-harruar-te-fle-me-nje-mashkull","status":"publish","type":"post","link":"https:\/\/www.visit-ulcinj.com\/blog\/2011\/11\/05\/genta-ismajli-kam-harruar-te-fle-me-nje-mashkull\/","title":{"rendered":"Genta Ismajli: Kam harruar t\u00eb fle me nj\u00eb mashkull"},"content":{"rendered":"<p><a href=\"http:\/\/www.visit-ulcinj.com\/blog\/2011\/11\/05\/genta-ismajli-kam-harruar-te-fle-me-nje-mashkull\/genta_ismajli_kam-haruar-te-bej-sex\/\" rel=\"attachment wp-att-52827\"><img loading=\"lazy\" class=\"alignleft size-full wp-image-52827\" title=\"Genta_Ismajli_kam haruar te bej sex\" src=\"http:\/\/www.visit-ulcinj.com\/blog\/wp-content\/uploads\/2011\/11\/Genta_Ismajli_kam-haruar-te-bej-sex.jpg\" alt=\"\" width=\"259\" height=\"360\" \/><\/a>Q\u00eb k\u00ebng\u00ebtarja e njohur Genta Ismajli \u00ebsht\u00eb ndar\u00eb prej gati dy vitesh nga i fejuari i saj, Milot Binaku, ky nuk p\u00ebrb\u00ebn m\u00eb lajm; por q\u00eb ajo nuk ka kontakte intime me asnj\u00eb mashkull, q\u00eb prej asaj kohe; kjo po q\u00eb p\u00ebrb\u00ebn \u201cscoop\u201d. E besoni apo jo, k\u00ebt\u00eb e ka deklaruar vet\u00eb k\u00ebng\u00ebtarja e hitit \u201cGuximi\u201d, e cila e pyetur n\u00eb lidhje me seksin \u00ebsht\u00eb shprehur n\u00eb m\u00ebnyr\u00eb shum\u00eb telegrafike: \u201cKam harruar si b\u00ebhet seks\u201d. N\u00eb fakt, q\u00eb nga ndarja \u201clegjendare\u201d me Milotin, k\u00ebng\u00ebtarja seksi e ka shprehur vazhdimisht d\u00ebshir\u00ebn p\u00ebr t\u00eb pasur nj\u00eb mashkull pran\u00eb vetes, madje k\u00ebt\u00eb gj\u00eb e ka konfirmuar edhe n\u00eb nj\u00eb intervist\u00eb t\u00eb fundit dh\u00ebn\u00eb p\u00ebr \u201cstandard\u201d. \u201cPrej koh\u00ebsh nuk kam nj\u00eb mashkull n\u00eb krah, nuk e mbaj mend q\u00eb kur nuk kam dal\u00eb p\u00ebr her\u00eb t\u00eb fundit me nj\u00eb t\u00eb till\u00eb, ndoshta para nj\u00eb viti ose edhe dy\u201d, &#8211; ka th\u00ebn\u00eb ajo, duke shtuar se ka jasht\u00ebzakonisht nevoj\u00eb p\u00ebr nj\u00eb mashkull q\u00eb t\u2019i ofroj\u00eb dashuri dhe ta mb\u00ebshtes\u00eb. Ndryshe nga \u00e7\u2019mund t\u00eb mendoni, Genta \u00ebsht\u00eb nj\u00eb fem\u00ebr shum\u00eb familjare, e gatshme t\u00eb heq\u00eb dor\u00eb madje edhe nga karriera p\u00ebr t\u2019iu dedikuar familjes q\u00eb do t\u00eb nd\u00ebrtoj\u00eb. Megjithat\u00eb, p\u00ebr momentin ajo \u00ebsht\u00eb duke menduar vet\u00ebm p\u00ebr muzik\u00ebn dhe as q\u00eb do t\u2019ia dij\u00eb p\u00ebr gj\u00ebra t\u00eb tjera&#8230;<\/p>\n<!--YouTube Error: bad URL entered-->\n","protected":false},"excerpt":{"rendered":"<p>Q\u00eb k\u00ebng\u00ebtarja e njohur Genta Ismajli \u00ebsht\u00eb ndar\u00eb prej gati dy vitesh nga i fejuari i saj, Milot Binaku, ky nuk p\u00ebrb\u00ebn m\u00eb lajm; por q\u00eb ajo nuk ka kontakte intime me asnj\u00eb mashkull, q\u00eb prej asaj kohe; kjo po q\u00eb p\u00ebrb\u00ebn \u201cscoop\u201d. E besoni apo jo, k\u00ebt\u00eb e ka deklaruar vet\u00eb k\u00ebng\u00ebtarja e hitit [&hellip;]<\/p>\n","protected":false},"author":1,"featured_media":0,"comment_status":"open","ping_status":"closed","sticky":false,"template":"","format":"standard","meta":{"spay_email":"","jetpack_publicize_message":"","jetpack_is_tweetstorm":false,"jetpack_publicize_feature_enabled":true},"categories":[1],"tags":[323,18683,19396],"jetpack_publicize_connections":[],"yoast_head":"<!-- This site is optimized with the Yoast SEO plugin v19.1 - https:\/\/yoast.com\/wordpress\/plugins\/seo\/ -->\n<title>Genta Ismajli: Kam harruar t\u00eb fle me nj\u00eb mashkull - Lajme nga Ulqini<\/title>\n<meta name=\"description\" content=\"Q\u00eb k\u00ebng\u00ebtarja e njohur Genta Ismajli \u00ebsht\u00eb ndar\u00eb prej gati dy vitesh nga i fejuari i saj, Milot Binaku, ky nuk p\u00ebrb\u00ebn m\u00eb lajm; por q\u00eb ajo nuk ka kontakte\" \/>\n<meta name=\"robots\" content=\"index, follow, max-snippet:-1, max-image-preview:large, max-video-preview:-1\" \/>\n<link rel=\"canonical\" href=\"https:\/\/www.visit-ulcinj.com\/blog\/2011\/11\/05\/genta-ismajli-kam-harruar-te-fle-me-nje-mashkull\/\" \/>\n<meta property=\"og:locale\" content=\"en_US\" \/>\n<meta property=\"og:type\" content=\"article\" \/>\n<meta property=\"og:title\" content=\"Genta Ismajli: Kam harruar t\u00eb fle me nj\u00eb mashkull - Lajme nga Ulqini\" \/>\n<meta property=\"og:description\" content=\"Q\u00eb k\u00ebng\u00ebtarja e njohur Genta Ismajli \u00ebsht\u00eb ndar\u00eb prej gati dy vitesh nga i fejuari i saj, Milot Binaku, ky nuk p\u00ebrb\u00ebn m\u00eb lajm; por q\u00eb ajo nuk ka kontakte\" \/>\n<meta property=\"og:url\" content=\"https:\/\/www.visit-ulcinj.com\/blog\/2011\/11\/05\/genta-ismajli-kam-harruar-te-fle-me-nje-mashkull\/\" \/>\n<meta property=\"og:site_name\" content=\"Lajme nga Ulqini\" \/>\n<meta property=\"article:published_time\" content=\"2011-11-05T12:42:00+00:00\" \/>\n<meta property=\"article:modified_time\" content=\"2011-11-05T12:43:35+00:00\" \/>\n<meta property=\"og:image\" content=\"http:\/\/www.visit-ulcinj.com\/blog\/wp-content\/uploads\/2011\/11\/Genta_Ismajli_kam-haruar-te-bej-sex.jpg\" \/>\n<meta name=\"twitter:label1\" content=\"Written by\" \/>\n\t<meta name=\"twitter:data1\" content=\"ulqini\" \/>\n\t<meta name=\"twitter:label2\" content=\"Est. reading time\" \/>\n\t<meta name=\"twitter:data2\" content=\"1 minute\" \/>\n<script type=\"application\/ld+json\" class=\"yoast-schema-graph\">{\"@context\":\"https:\/\/schema.org\",\"@graph\":[{\"@type\":\"WebSite\",\"@id\":\"https:\/\/www.visit-ulcinj.com\/blog\/#website\",\"url\":\"https:\/\/www.visit-ulcinj.com\/blog\/\",\"name\":\"Lajme nga Ulqini\",\"description\":\"Lajme,Vijesti,Ulqini,Ulqin,Crna Gora,Mali i Zi\",\"potentialAction\":[{\"@type\":\"SearchAction\",\"target\":{\"@type\":\"EntryPoint\",\"urlTemplate\":\"https:\/\/www.visit-ulcinj.com\/blog\/?s={search_term_string}\"},\"query-input\":\"required name=search_term_string\"}],\"inLanguage\":\"en-US\"},{\"@type\":\"ImageObject\",\"inLanguage\":\"en-US\",\"@id\":\"https:\/\/www.visit-ulcinj.com\/blog\/2011\/11\/05\/genta-ismajli-kam-harruar-te-fle-me-nje-mashkull\/#primaryimage\",\"url\":\"http:\/\/www.visit-ulcinj.com\/blog\/wp-content\/uploads\/2011\/11\/Genta_Ismajli_kam-haruar-te-bej-sex.jpg\",\"contentUrl\":\"http:\/\/www.visit-ulcinj.com\/blog\/wp-content\/uploads\/2011\/11\/Genta_Ismajli_kam-haruar-te-bej-sex.jpg\"},{\"@type\":\"WebPage\",\"@id\":\"https:\/\/www.visit-ulcinj.com\/blog\/2011\/11\/05\/genta-ismajli-kam-harruar-te-fle-me-nje-mashkull\/#webpage\",\"url\":\"https:\/\/www.visit-ulcinj.com\/blog\/2011\/11\/05\/genta-ismajli-kam-harruar-te-fle-me-nje-mashkull\/\",\"name\":\"Genta Ismajli: Kam harruar t\u00eb fle me nj\u00eb mashkull - Lajme nga Ulqini\",\"isPartOf\":{\"@id\":\"https:\/\/www.visit-ulcinj.com\/blog\/#website\"},\"primaryImageOfPage\":{\"@id\":\"https:\/\/www.visit-ulcinj.com\/blog\/2011\/11\/05\/genta-ismajli-kam-harruar-te-fle-me-nje-mashkull\/#primaryimage\"},\"datePublished\":\"2011-11-05T12:42:00+00:00\",\"dateModified\":\"2011-11-05T12:43:35+00:00\",\"author\":{\"@id\":\"https:\/\/www.visit-ulcinj.com\/blog\/#\/schema\/person\/dcab619c614d3038751c63bc2aadc06d\"},\"description\":\"Q\u00eb k\u00ebng\u00ebtarja e njohur Genta Ismajli \u00ebsht\u00eb ndar\u00eb prej gati dy vitesh nga i fejuari i saj, Milot Binaku, ky nuk p\u00ebrb\u00ebn m\u00eb lajm; por q\u00eb ajo nuk ka kontakte\",\"breadcrumb\":{\"@id\":\"https:\/\/www.visit-ulcinj.com\/blog\/2011\/11\/05\/genta-ismajli-kam-harruar-te-fle-me-nje-mashkull\/#breadcrumb\"},\"inLanguage\":\"en-US\",\"potentialAction\":[{\"@type\":\"ReadAction\",\"target\":[\"https:\/\/www.visit-ulcinj.com\/blog\/2011\/11\/05\/genta-ismajli-kam-harruar-te-fle-me-nje-mashkull\/\"]}]},{\"@type\":\"BreadcrumbList\",\"@id\":\"https:\/\/www.visit-ulcinj.com\/blog\/2011\/11\/05\/genta-ismajli-kam-harruar-te-fle-me-nje-mashkull\/#breadcrumb\",\"itemListElement\":[{\"@type\":\"ListItem\",\"position\":1,\"name\":\"Genta Ismajli: Kam harruar t\u00eb fle me nj\u00eb mashkull\"}]},{\"@type\":\"Person\",\"@id\":\"https:\/\/www.visit-ulcinj.com\/blog\/#\/schema\/person\/dcab619c614d3038751c63bc2aadc06d\",\"name\":\"ulqini\",\"sameAs\":[\"http:\/\/www.visit-ulcinj.com\"],\"url\":\"https:\/\/www.visit-ulcinj.com\/blog\/author\/admin\/\"}]}<\/script>\n<!-- \/ Yoast SEO plugin. -->","yoast_head_json":{"title":"Genta Ismajli: Kam harruar t\u00eb fle me nj\u00eb mashkull - Lajme nga Ulqini","description":"Q\u00eb k\u00ebng\u00ebtarja e njohur Genta Ismajli \u00ebsht\u00eb ndar\u00eb prej gati dy vitesh nga i fejuari i saj, Milot Binaku, ky nuk p\u00ebrb\u00ebn m\u00eb lajm; por q\u00eb ajo nuk ka kontakte","robots":{"index":"index","follow":"follow","max-snippet":"max-snippet:-1","max-image-preview":"max-image-preview:large","max-video-preview":"max-video-preview:-1"},"canonical":"https:\/\/www.visit-ulcinj.com\/blog\/2011\/11\/05\/genta-ismajli-kam-harruar-te-fle-me-nje-mashkull\/","og_locale":"en_US","og_type":"article","og_title":"Genta Ismajli: Kam harruar t\u00eb fle me nj\u00eb mashkull - Lajme nga Ulqini","og_description":"Q\u00eb k\u00ebng\u00ebtarja e njohur Genta Ismajli \u00ebsht\u00eb ndar\u00eb prej gati dy vitesh nga i fejuari i saj, Milot Binaku, ky nuk p\u00ebrb\u00ebn m\u00eb lajm; por q\u00eb ajo nuk ka kontakte","og_url":"https:\/\/www.visit-ulcinj.com\/blog\/2011\/11\/05\/genta-ismajli-kam-harruar-te-fle-me-nje-mashkull\/","og_site_name":"Lajme nga Ulqini","article_published_time":"2011-11-05T12:42:00+00:00","article_modified_time":"2011-11-05T12:43:35+00:00","og_image":[{"url":"http:\/\/www.visit-ulcinj.com\/blog\/wp-content\/uploads\/2011\/11\/Genta_Ismajli_kam-haruar-te-bej-sex.jpg"}],"twitter_misc":{"Written by":"ulqini","Est. reading time":"1 minute"},"schema":{"@context":"https:\/\/schema.org","@graph":[{"@type":"WebSite","@id":"https:\/\/www.visit-ulcinj.com\/blog\/#website","url":"https:\/\/www.visit-ulcinj.com\/blog\/","name":"Lajme nga Ulqini","description":"Lajme,Vijesti,Ulqini,Ulqin,Crna Gora,Mali i Zi","potentialAction":[{"@type":"SearchAction","target":{"@type":"EntryPoint","urlTemplate":"https:\/\/www.visit-ulcinj.com\/blog\/?s={search_term_string}"},"query-input":"required name=search_term_string"}],"inLanguage":"en-US"},{"@type":"ImageObject","inLanguage":"en-US","@id":"https:\/\/www.visit-ulcinj.com\/blog\/2011\/11\/05\/genta-ismajli-kam-harruar-te-fle-me-nje-mashkull\/#primaryimage","url":"http:\/\/www.visit-ulcinj.com\/blog\/wp-content\/uploads\/2011\/11\/Genta_Ismajli_kam-haruar-te-bej-sex.jpg","contentUrl":"http:\/\/www.visit-ulcinj.com\/blog\/wp-content\/uploads\/2011\/11\/Genta_Ismajli_kam-haruar-te-bej-sex.jpg"},{"@type":"WebPage","@id":"https:\/\/www.visit-ulcinj.com\/blog\/2011\/11\/05\/genta-ismajli-kam-harruar-te-fle-me-nje-mashkull\/#webpage","url":"https:\/\/www.visit-ulcinj.com\/blog\/2011\/11\/05\/genta-ismajli-kam-harruar-te-fle-me-nje-mashkull\/","name":"Genta Ismajli: Kam harruar t\u00eb fle me nj\u00eb mashkull - Lajme nga Ulqini","isPartOf":{"@id":"https:\/\/www.visit-ulcinj.com\/blog\/#website"},"primaryImageOfPage":{"@id":"https:\/\/www.visit-ulcinj.com\/blog\/2011\/11\/05\/genta-ismajli-kam-harruar-te-fle-me-nje-mashkull\/#primaryimage"},"datePublished":"2011-11-05T12:42:00+00:00","dateModified":"2011-11-05T12:43:35+00:00","author":{"@id":"https:\/\/www.visit-ulcinj.com\/blog\/#\/schema\/person\/dcab619c614d3038751c63bc2aadc06d"},"description":"Q\u00eb k\u00ebng\u00ebtarja e njohur Genta Ismajli \u00ebsht\u00eb ndar\u00eb prej gati dy vitesh nga i fejuari i saj, Milot Binaku, ky nuk p\u00ebrb\u00ebn m\u00eb lajm; por q\u00eb ajo nuk ka kontakte","breadcrumb":{"@id":"https:\/\/www.visit-ulcinj.com\/blog\/2011\/11\/05\/genta-ismajli-kam-harruar-te-fle-me-nje-mashkull\/#breadcrumb"},"inLanguage":"en-US","potentialAction":[{"@type":"ReadAction","target":["https:\/\/www.visit-ulcinj.com\/blog\/2011\/11\/05\/genta-ismajli-kam-harruar-te-fle-me-nje-mashkull\/"]}]},{"@type":"BreadcrumbList","@id":"https:\/\/www.visit-ulcinj.com\/blog\/2011\/11\/05\/genta-ismajli-kam-harruar-te-fle-me-nje-mashkull\/#breadcrumb","itemListElement":[{"@type":"ListItem","position":1,"name":"Genta Ismajli: Kam harruar t\u00eb fle me nj\u00eb mashkull"}]},{"@type":"Person","@id":"https:\/\/www.visit-ulcinj.com\/blog\/#\/schema\/person\/dcab619c614d3038751c63bc2aadc06d","name":"ulqini","sameAs":["http:\/\/www.visit-ulcinj.com"],"url":"https:\/\/www.visit-ulcinj.com\/blog\/author\/admin\/"}]}},"jetpack_featured_media_url":"","jetpack_sharing_enabled":true,"jetpack_shortlink":"https:\/\/wp.me\/pe6lTn-dK2","_links":{"self":[{"href":"https:\/\/www.visit-ulcinj.com\/blog\/wp-json\/wp\/v2\/posts\/52826"}],"collection":[{"href":"https:\/\/www.visit-ulcinj.com\/blog\/wp-json\/wp\/v2\/posts"}],"about":[{"href":"https:\/\/www.visit-ulcinj.com\/blog\/wp-json\/wp\/v2\/types\/post"}],"author":[{"embeddable":true,"href":"https:\/\/www.visit-ulcinj.com\/blog\/wp-json\/wp\/v2\/users\/1"}],"replies":[{"embeddable":true,"href":"https:\/\/www.visit-ulcinj.com\/blog\/wp-json\/wp\/v2\/comments?post=52826"}],"version-history":[{"count":5,"href":"https:\/\/www.visit-ulcinj.com\/blog\/wp-json\/wp\/v2\/posts\/52826\/revisions"}],"predecessor-version":[{"id":52832,"href":"https:\/\/www.visit-ulcinj.com\/blog\/wp-json\/wp\/v2\/posts\/52826\/revisions\/52832"}],"wp:attachment":[{"href":"https:\/\/www.visit-ulcinj.com\/blog\/wp-json\/wp\/v2\/media?parent=52826"}],"wp:term":[{"taxonomy":"category","embeddable":true,"href":"https:\/\/www.visit-ulcinj.com\/blog\/wp-json\/wp\/v2\/categories?post=52826"},{"taxonomy":"post_tag","embeddable":true,"href":"https:\/\/www.visit-ulcinj.com\/blog\/wp-json\/wp\/v2\/tags?post=52826"}],"curies":[{"name":"wp","href":"https:\/\/api.w.org\/{rel}","templated":true}]}}