{"id":52833,"date":"2011-11-05T13:51:20","date_gmt":"2011-11-05T12:51:20","guid":{"rendered":"http:\/\/www.visit-ulcinj.com\/blog\/?p=52833"},"modified":"2011-11-05T13:51:20","modified_gmt":"2011-11-05T12:51:20","slug":"zajmina-i-kam-thene-%e2%80%9cstop%e2%80%9d-ekstravagances","status":"publish","type":"post","link":"https:\/\/www.visit-ulcinj.com\/blog\/2011\/11\/05\/zajmina-i-kam-thene-%e2%80%9cstop%e2%80%9d-ekstravagances\/","title":{"rendered":"Zajmina i kam th\u00ebn\u00eb \u201cstop\u201d ekstravaganc\u00ebs"},"content":{"rendered":"<p><strong><a href=\"http:\/\/www.visit-ulcinj.com\/blog\/2011\/11\/05\/zajmina-i-kam-thene-%e2%80%9cstop%e2%80%9d-ekstravagances\/zajmina-vasjari-18\/\" rel=\"attachment wp-att-52834\"><img loading=\"lazy\" class=\"alignleft size-full wp-image-52834\" title=\"Zajmina Vasjari\" src=\"http:\/\/www.visit-ulcinj.com\/blog\/wp-content\/uploads\/2011\/11\/Zajmina-Vasjari.jpg\" alt=\"\" width=\"508\" height=\"380\" \/><\/a>K\u00ebng\u00ebtarja seksi Zajmina Vasjari ka vendosur q\u00eb p\u00ebr momentin t\u00eb ruaj\u00eb imazhin e nj\u00eb bruneje simpatike, larg asaj vajz\u00ebs bionde q\u00eb mbajm\u00eb mend t\u00eb gjith\u00eb. <\/strong><\/p>\n<p>Bukuroshja q\u00eb fitoi fam\u00eb pasi u kuror\u00ebzua me \u00e7mimin \u201cMiss Shqip\u00ebria 2002\u201d p\u00ebr vite me radh\u00eb u portretizua si nj\u00eb \u201cbionde seksi\u201d, por ka rreth 3 vite q\u00eb ka ndryshuar look.<\/p>\n<p>\u201cKur isha bionde m\u2019u shkat\u00ebrruan flok\u00ebt, ndaj p\u00ebr t\u2019i b\u00ebr\u00eb m\u00eb t\u00eb sh\u00ebndetshme kam vendosur q\u00eb t\u00eb q\u00ebndroj te kjo ngjyr\u00eb, ose maksimumi t\u00eb kthehem n\u00eb origjin\u00eb, te ngjyra e grurit.<\/p>\n<p>Bionde nuk kam nd\u00ebrmend t\u00eb b\u00ebhem m\u00eb\u201d, \u00ebsht\u00eb shprehur k\u00ebng\u00ebtarja e hitit \u201cPo ta dija\u201d. Por, bashk\u00eb me flok\u00ebt shum\u00ebkush mund t\u00eb ket\u00eb v\u00ebrejtur edhe shnd\u00ebrrimin e Miss-it ekstravagant, n\u00eb nj\u00eb fem\u00ebr m\u00eb t\u00eb p\u00ebrmbajtur sa i takon veshjeve dhe performancave skenike.<\/p>\n<p>Edhe n\u00eb klipin e saj m\u00eb t\u00eb fundit, \u201cPo ta dija\u201d, Zajmina ka treguar se mund t\u2019i shfaq\u00eb t\u00eb gjitha hiret e saj pa kaluar aspak n\u00eb banalitet. Zaji aty shfaqet me nj\u00eb trup superseksi, me buz\u00eb mishtore dhe me nj\u00eb truk t\u00eb leht\u00eb. \u201cUn\u00eb jam futur shum\u00eb shpejt n\u00eb bot\u00ebn e muzik\u00ebs dhe ndoshta kam b\u00ebr\u00eb edhe gabime, duke u shfaqur paksa e zhveshur, e ndikuar nga modelet jasht\u00eb vendit ton\u00eb.<\/p>\n<p>M\u00eb ka p\u00eblqyer guximi i tyre artistik dhe e nd\u00ebrmora edhe un\u00eb k\u00ebt\u00eb hap, pa menduar se k\u00ebtu keqkuptohesh dhe paragjykohesh. Por duke u rritur kuptova \u00e7far\u00eb doja t\u00eb b\u00ebja dhe nisa t\u00eb kuroj imazhin tim\u201d.<\/p>\n<p><strong>Vipat.info<br \/>\n<!--YouTube Error: bad URL entered--><br \/>\n<\/strong><\/p>\n","protected":false},"excerpt":{"rendered":"<p>K\u00ebng\u00ebtarja seksi Zajmina Vasjari ka vendosur q\u00eb p\u00ebr momentin t\u00eb ruaj\u00eb imazhin e nj\u00eb bruneje simpatike, larg asaj vajz\u00ebs bionde q\u00eb mbajm\u00eb mend t\u00eb gjith\u00eb. Bukuroshja q\u00eb fitoi fam\u00eb pasi u kuror\u00ebzua me \u00e7mimin \u201cMiss Shqip\u00ebria 2002\u201d p\u00ebr vite me radh\u00eb u portretizua si nj\u00eb \u201cbionde seksi\u201d, por ka rreth 3 vite q\u00eb ka ndryshuar [&hellip;]<\/p>\n","protected":false},"author":1,"featured_media":0,"comment_status":"open","ping_status":"closed","sticky":false,"template":"","format":"standard","meta":{"spay_email":"","jetpack_publicize_message":"","jetpack_is_tweetstorm":false,"jetpack_publicize_feature_enabled":true},"categories":[1],"tags":[4950],"jetpack_publicize_connections":[],"yoast_head":"<!-- This site is optimized with the Yoast SEO plugin v19.1 - https:\/\/yoast.com\/wordpress\/plugins\/seo\/ -->\n<title>Zajmina i kam th\u00ebn\u00eb \u201cstop\u201d ekstravaganc\u00ebs - Lajme nga Ulqini<\/title>\n<meta name=\"description\" content=\"K\u00ebng\u00ebtarja seksi Zajmina Vasjari ka vendosur q\u00eb p\u00ebr momentin t\u00eb ruaj\u00eb imazhin e nj\u00eb bruneje simpatike, larg asaj vajz\u00ebs bionde q\u00eb mbajm\u00eb mend t\u00eb gjith\u00eb.\" \/>\n<meta name=\"robots\" content=\"index, follow, max-snippet:-1, max-image-preview:large, max-video-preview:-1\" \/>\n<link rel=\"canonical\" href=\"https:\/\/www.visit-ulcinj.com\/blog\/2011\/11\/05\/zajmina-i-kam-thene-\u201cstop\u201d-ekstravagances\/\" \/>\n<meta property=\"og:locale\" content=\"en_US\" \/>\n<meta property=\"og:type\" content=\"article\" \/>\n<meta property=\"og:title\" content=\"Zajmina i kam th\u00ebn\u00eb \u201cstop\u201d ekstravaganc\u00ebs - Lajme nga Ulqini\" \/>\n<meta property=\"og:description\" content=\"K\u00ebng\u00ebtarja seksi Zajmina Vasjari ka vendosur q\u00eb p\u00ebr momentin t\u00eb ruaj\u00eb imazhin e nj\u00eb bruneje simpatike, larg asaj vajz\u00ebs bionde q\u00eb mbajm\u00eb mend t\u00eb gjith\u00eb.\" \/>\n<meta property=\"og:url\" content=\"https:\/\/www.visit-ulcinj.com\/blog\/2011\/11\/05\/zajmina-i-kam-thene-\u201cstop\u201d-ekstravagances\/\" \/>\n<meta property=\"og:site_name\" content=\"Lajme nga Ulqini\" \/>\n<meta property=\"article:published_time\" content=\"2011-11-05T12:51:20+00:00\" \/>\n<meta property=\"og:image\" content=\"http:\/\/www.visit-ulcinj.com\/blog\/wp-content\/uploads\/2011\/11\/Zajmina-Vasjari.jpg\" \/>\n<meta name=\"twitter:label1\" content=\"Written by\" \/>\n\t<meta name=\"twitter:data1\" content=\"ulqini\" \/>\n\t<meta name=\"twitter:label2\" content=\"Est. reading time\" \/>\n\t<meta name=\"twitter:data2\" content=\"1 minute\" \/>\n<script type=\"application\/ld+json\" class=\"yoast-schema-graph\">{\"@context\":\"https:\/\/schema.org\",\"@graph\":[{\"@type\":\"WebSite\",\"@id\":\"https:\/\/www.visit-ulcinj.com\/blog\/#website\",\"url\":\"https:\/\/www.visit-ulcinj.com\/blog\/\",\"name\":\"Lajme nga Ulqini\",\"description\":\"Lajme,Vijesti,Ulqini,Ulqin,Crna Gora,Mali i Zi\",\"potentialAction\":[{\"@type\":\"SearchAction\",\"target\":{\"@type\":\"EntryPoint\",\"urlTemplate\":\"https:\/\/www.visit-ulcinj.com\/blog\/?s={search_term_string}\"},\"query-input\":\"required name=search_term_string\"}],\"inLanguage\":\"en-US\"},{\"@type\":\"ImageObject\",\"inLanguage\":\"en-US\",\"@id\":\"https:\/\/www.visit-ulcinj.com\/blog\/2011\/11\/05\/zajmina-i-kam-thene-%e2%80%9cstop%e2%80%9d-ekstravagances\/#primaryimage\",\"url\":\"http:\/\/www.visit-ulcinj.com\/blog\/wp-content\/uploads\/2011\/11\/Zajmina-Vasjari.jpg\",\"contentUrl\":\"http:\/\/www.visit-ulcinj.com\/blog\/wp-content\/uploads\/2011\/11\/Zajmina-Vasjari.jpg\"},{\"@type\":\"WebPage\",\"@id\":\"https:\/\/www.visit-ulcinj.com\/blog\/2011\/11\/05\/zajmina-i-kam-thene-%e2%80%9cstop%e2%80%9d-ekstravagances\/#webpage\",\"url\":\"https:\/\/www.visit-ulcinj.com\/blog\/2011\/11\/05\/zajmina-i-kam-thene-%e2%80%9cstop%e2%80%9d-ekstravagances\/\",\"name\":\"Zajmina i kam th\u00ebn\u00eb \u201cstop\u201d ekstravaganc\u00ebs - Lajme nga Ulqini\",\"isPartOf\":{\"@id\":\"https:\/\/www.visit-ulcinj.com\/blog\/#website\"},\"primaryImageOfPage\":{\"@id\":\"https:\/\/www.visit-ulcinj.com\/blog\/2011\/11\/05\/zajmina-i-kam-thene-%e2%80%9cstop%e2%80%9d-ekstravagances\/#primaryimage\"},\"datePublished\":\"2011-11-05T12:51:20+00:00\",\"dateModified\":\"2011-11-05T12:51:20+00:00\",\"author\":{\"@id\":\"https:\/\/www.visit-ulcinj.com\/blog\/#\/schema\/person\/dcab619c614d3038751c63bc2aadc06d\"},\"description\":\"K\u00ebng\u00ebtarja seksi Zajmina Vasjari ka vendosur q\u00eb p\u00ebr momentin t\u00eb ruaj\u00eb imazhin e nj\u00eb bruneje simpatike, larg asaj vajz\u00ebs bionde q\u00eb mbajm\u00eb mend t\u00eb gjith\u00eb.\",\"breadcrumb\":{\"@id\":\"https:\/\/www.visit-ulcinj.com\/blog\/2011\/11\/05\/zajmina-i-kam-thene-%e2%80%9cstop%e2%80%9d-ekstravagances\/#breadcrumb\"},\"inLanguage\":\"en-US\",\"potentialAction\":[{\"@type\":\"ReadAction\",\"target\":[\"https:\/\/www.visit-ulcinj.com\/blog\/2011\/11\/05\/zajmina-i-kam-thene-%e2%80%9cstop%e2%80%9d-ekstravagances\/\"]}]},{\"@type\":\"BreadcrumbList\",\"@id\":\"https:\/\/www.visit-ulcinj.com\/blog\/2011\/11\/05\/zajmina-i-kam-thene-%e2%80%9cstop%e2%80%9d-ekstravagances\/#breadcrumb\",\"itemListElement\":[{\"@type\":\"ListItem\",\"position\":1,\"name\":\"Zajmina i kam th\u00ebn\u00eb \u201cstop\u201d ekstravaganc\u00ebs\"}]},{\"@type\":\"Person\",\"@id\":\"https:\/\/www.visit-ulcinj.com\/blog\/#\/schema\/person\/dcab619c614d3038751c63bc2aadc06d\",\"name\":\"ulqini\",\"sameAs\":[\"http:\/\/www.visit-ulcinj.com\"],\"url\":\"https:\/\/www.visit-ulcinj.com\/blog\/author\/admin\/\"}]}<\/script>\n<!-- \/ Yoast SEO plugin. -->","yoast_head_json":{"title":"Zajmina i kam th\u00ebn\u00eb \u201cstop\u201d ekstravaganc\u00ebs - Lajme nga Ulqini","description":"K\u00ebng\u00ebtarja seksi Zajmina Vasjari ka vendosur q\u00eb p\u00ebr momentin t\u00eb ruaj\u00eb imazhin e nj\u00eb bruneje simpatike, larg asaj vajz\u00ebs bionde q\u00eb mbajm\u00eb mend t\u00eb gjith\u00eb.","robots":{"index":"index","follow":"follow","max-snippet":"max-snippet:-1","max-image-preview":"max-image-preview:large","max-video-preview":"max-video-preview:-1"},"canonical":"https:\/\/www.visit-ulcinj.com\/blog\/2011\/11\/05\/zajmina-i-kam-thene-\u201cstop\u201d-ekstravagances\/","og_locale":"en_US","og_type":"article","og_title":"Zajmina i kam th\u00ebn\u00eb \u201cstop\u201d ekstravaganc\u00ebs - Lajme nga Ulqini","og_description":"K\u00ebng\u00ebtarja seksi Zajmina Vasjari ka vendosur q\u00eb p\u00ebr momentin t\u00eb ruaj\u00eb imazhin e nj\u00eb bruneje simpatike, larg asaj vajz\u00ebs bionde q\u00eb mbajm\u00eb mend t\u00eb gjith\u00eb.","og_url":"https:\/\/www.visit-ulcinj.com\/blog\/2011\/11\/05\/zajmina-i-kam-thene-\u201cstop\u201d-ekstravagances\/","og_site_name":"Lajme nga Ulqini","article_published_time":"2011-11-05T12:51:20+00:00","og_image":[{"url":"http:\/\/www.visit-ulcinj.com\/blog\/wp-content\/uploads\/2011\/11\/Zajmina-Vasjari.jpg"}],"twitter_misc":{"Written by":"ulqini","Est. reading time":"1 minute"},"schema":{"@context":"https:\/\/schema.org","@graph":[{"@type":"WebSite","@id":"https:\/\/www.visit-ulcinj.com\/blog\/#website","url":"https:\/\/www.visit-ulcinj.com\/blog\/","name":"Lajme nga Ulqini","description":"Lajme,Vijesti,Ulqini,Ulqin,Crna Gora,Mali i Zi","potentialAction":[{"@type":"SearchAction","target":{"@type":"EntryPoint","urlTemplate":"https:\/\/www.visit-ulcinj.com\/blog\/?s={search_term_string}"},"query-input":"required name=search_term_string"}],"inLanguage":"en-US"},{"@type":"ImageObject","inLanguage":"en-US","@id":"https:\/\/www.visit-ulcinj.com\/blog\/2011\/11\/05\/zajmina-i-kam-thene-%e2%80%9cstop%e2%80%9d-ekstravagances\/#primaryimage","url":"http:\/\/www.visit-ulcinj.com\/blog\/wp-content\/uploads\/2011\/11\/Zajmina-Vasjari.jpg","contentUrl":"http:\/\/www.visit-ulcinj.com\/blog\/wp-content\/uploads\/2011\/11\/Zajmina-Vasjari.jpg"},{"@type":"WebPage","@id":"https:\/\/www.visit-ulcinj.com\/blog\/2011\/11\/05\/zajmina-i-kam-thene-%e2%80%9cstop%e2%80%9d-ekstravagances\/#webpage","url":"https:\/\/www.visit-ulcinj.com\/blog\/2011\/11\/05\/zajmina-i-kam-thene-%e2%80%9cstop%e2%80%9d-ekstravagances\/","name":"Zajmina i kam th\u00ebn\u00eb \u201cstop\u201d ekstravaganc\u00ebs - Lajme nga Ulqini","isPartOf":{"@id":"https:\/\/www.visit-ulcinj.com\/blog\/#website"},"primaryImageOfPage":{"@id":"https:\/\/www.visit-ulcinj.com\/blog\/2011\/11\/05\/zajmina-i-kam-thene-%e2%80%9cstop%e2%80%9d-ekstravagances\/#primaryimage"},"datePublished":"2011-11-05T12:51:20+00:00","dateModified":"2011-11-05T12:51:20+00:00","author":{"@id":"https:\/\/www.visit-ulcinj.com\/blog\/#\/schema\/person\/dcab619c614d3038751c63bc2aadc06d"},"description":"K\u00ebng\u00ebtarja seksi Zajmina Vasjari ka vendosur q\u00eb p\u00ebr momentin t\u00eb ruaj\u00eb imazhin e nj\u00eb bruneje simpatike, larg asaj vajz\u00ebs bionde q\u00eb mbajm\u00eb mend t\u00eb gjith\u00eb.","breadcrumb":{"@id":"https:\/\/www.visit-ulcinj.com\/blog\/2011\/11\/05\/zajmina-i-kam-thene-%e2%80%9cstop%e2%80%9d-ekstravagances\/#breadcrumb"},"inLanguage":"en-US","potentialAction":[{"@type":"ReadAction","target":["https:\/\/www.visit-ulcinj.com\/blog\/2011\/11\/05\/zajmina-i-kam-thene-%e2%80%9cstop%e2%80%9d-ekstravagances\/"]}]},{"@type":"BreadcrumbList","@id":"https:\/\/www.visit-ulcinj.com\/blog\/2011\/11\/05\/zajmina-i-kam-thene-%e2%80%9cstop%e2%80%9d-ekstravagances\/#breadcrumb","itemListElement":[{"@type":"ListItem","position":1,"name":"Zajmina i kam th\u00ebn\u00eb \u201cstop\u201d ekstravaganc\u00ebs"}]},{"@type":"Person","@id":"https:\/\/www.visit-ulcinj.com\/blog\/#\/schema\/person\/dcab619c614d3038751c63bc2aadc06d","name":"ulqini","sameAs":["http:\/\/www.visit-ulcinj.com"],"url":"https:\/\/www.visit-ulcinj.com\/blog\/author\/admin\/"}]}},"jetpack_featured_media_url":"","jetpack_sharing_enabled":true,"jetpack_shortlink":"https:\/\/wp.me\/pe6lTn-dK9","_links":{"self":[{"href":"https:\/\/www.visit-ulcinj.com\/blog\/wp-json\/wp\/v2\/posts\/52833"}],"collection":[{"href":"https:\/\/www.visit-ulcinj.com\/blog\/wp-json\/wp\/v2\/posts"}],"about":[{"href":"https:\/\/www.visit-ulcinj.com\/blog\/wp-json\/wp\/v2\/types\/post"}],"author":[{"embeddable":true,"href":"https:\/\/www.visit-ulcinj.com\/blog\/wp-json\/wp\/v2\/users\/1"}],"replies":[{"embeddable":true,"href":"https:\/\/www.visit-ulcinj.com\/blog\/wp-json\/wp\/v2\/comments?post=52833"}],"version-history":[{"count":2,"href":"https:\/\/www.visit-ulcinj.com\/blog\/wp-json\/wp\/v2\/posts\/52833\/revisions"}],"predecessor-version":[{"id":52836,"href":"https:\/\/www.visit-ulcinj.com\/blog\/wp-json\/wp\/v2\/posts\/52833\/revisions\/52836"}],"wp:attachment":[{"href":"https:\/\/www.visit-ulcinj.com\/blog\/wp-json\/wp\/v2\/media?parent=52833"}],"wp:term":[{"taxonomy":"category","embeddable":true,"href":"https:\/\/www.visit-ulcinj.com\/blog\/wp-json\/wp\/v2\/categories?post=52833"},{"taxonomy":"post_tag","embeddable":true,"href":"https:\/\/www.visit-ulcinj.com\/blog\/wp-json\/wp\/v2\/tags?post=52833"}],"curies":[{"name":"wp","href":"https:\/\/api.w.org\/{rel}","templated":true}]}}