{"id":52837,"date":"2011-11-05T14:02:18","date_gmt":"2011-11-05T13:02:18","guid":{"rendered":"http:\/\/www.visit-ulcinj.com\/blog\/?p=52837"},"modified":"2011-11-05T14:02:18","modified_gmt":"2011-11-05T13:02:18","slug":"mc-kresha-flaka-dhe-rina-lansojne-klipin-e-%e2%80%9csi-bass%e2%80%9d","status":"publish","type":"post","link":"https:\/\/www.visit-ulcinj.com\/blog\/2011\/11\/05\/mc-kresha-flaka-dhe-rina-lansojne-klipin-e-%e2%80%9csi-bass%e2%80%9d\/","title":{"rendered":"MC Kresha, Flaka dhe Rina lansojn\u00eb klipin e \u201cSi Bass\u201d"},"content":{"rendered":"<p><strong><a href=\"http:\/\/www.visit-ulcinj.com\/blog\/2011\/11\/05\/mc-kresha-flaka-dhe-rina-lansojne-klipin-e-%e2%80%9csi-bass%e2%80%9d\/flaka-krelani-12\/\" rel=\"attachment wp-att-52838\"><img loading=\"lazy\" class=\"alignleft size-full wp-image-52838\" title=\"Flaka-Krelani.\" src=\"http:\/\/www.visit-ulcinj.com\/blog\/wp-content\/uploads\/2011\/11\/Flaka-Krelani..jpg\" alt=\"\" width=\"508\" height=\"380\" \/><\/a>\u00cbsht\u00eb lansuar klipi i treshes Mc Kresha, Flaka Krelani dhe Rina Abdylit, kjo e fundit nj\u00eb k\u00ebng\u00ebtare e re n\u00eb sken\u00ebn muzikore. <\/strong><\/p>\n<p>K\u00ebnga \u201cSi Bass\u201d \u00ebsht\u00eb nj\u00eb p\u00ebrzierje e dy zhanreve t\u00eb muzik\u00ebs, hip-hop dhe asaj rok, q\u00eb i p\u00ebrshtatet k\u00ebshtu stilit t\u00eb muzik\u00ebs q\u00eb e k\u00ebndojn\u00eb treshja e p\u00ebrmendur.<\/p>\n<p>P\u00ebr realizimin e videoklipit t\u00eb k\u00ebsaj k\u00ebnge \u00ebsht\u00eb p\u00ebrkujdesur produksioni \u201cEntermedia\u201d. At\u00eb mund ta shikoni n\u00eb videon m\u00eb posht\u00eb.<\/p>\n<p><strong>Telegrafi<br \/>\n<!--YouTube Error: bad URL entered--><br \/>\n<\/strong><\/p>\n","protected":false},"excerpt":{"rendered":"<p>\u00cbsht\u00eb lansuar klipi i treshes Mc Kresha, Flaka Krelani dhe Rina Abdylit, kjo e fundit nj\u00eb k\u00ebng\u00ebtare e re n\u00eb sken\u00ebn muzikore. K\u00ebnga \u201cSi Bass\u201d \u00ebsht\u00eb nj\u00eb p\u00ebrzierje e dy zhanreve t\u00eb muzik\u00ebs, hip-hop dhe asaj rok, q\u00eb i p\u00ebrshtatet k\u00ebshtu stilit t\u00eb muzik\u00ebs q\u00eb e k\u00ebndojn\u00eb treshja e p\u00ebrmendur. P\u00ebr realizimin e videoklipit t\u00eb [&hellip;]<\/p>\n","protected":false},"author":1,"featured_media":0,"comment_status":"open","ping_status":"closed","sticky":false,"template":"","format":"standard","meta":{"spay_email":"","jetpack_publicize_message":"","jetpack_is_tweetstorm":false,"jetpack_publicize_feature_enabled":true},"categories":[1],"tags":[5365,9382,19397],"jetpack_publicize_connections":[],"yoast_head":"<!-- This site is optimized with the Yoast SEO plugin v19.1 - https:\/\/yoast.com\/wordpress\/plugins\/seo\/ -->\n<title>MC Kresha, Flaka dhe Rina lansojn\u00eb klipin e \u201cSi Bass\u201d - Lajme nga Ulqini<\/title>\n<meta name=\"description\" content=\"\u00cbsht\u00eb lansuar klipi i treshes Mc Kresha, Flaka Krelani dhe Rina Abdylit, kjo e fundit nj\u00eb k\u00ebng\u00ebtare e re n\u00eb sken\u00ebn muzikore. K\u00ebnga \u201cSi Bass\u201d \u00ebsht\u00eb nj\u00eb\" \/>\n<meta name=\"robots\" content=\"index, follow, max-snippet:-1, max-image-preview:large, max-video-preview:-1\" \/>\n<link rel=\"canonical\" href=\"https:\/\/www.visit-ulcinj.com\/blog\/2011\/11\/05\/mc-kresha-flaka-dhe-rina-lansojne-klipin-e-\u201csi-bass\u201d\/\" \/>\n<meta property=\"og:locale\" content=\"en_US\" \/>\n<meta property=\"og:type\" content=\"article\" \/>\n<meta property=\"og:title\" content=\"MC Kresha, Flaka dhe Rina lansojn\u00eb klipin e \u201cSi Bass\u201d - Lajme nga Ulqini\" \/>\n<meta property=\"og:description\" content=\"\u00cbsht\u00eb lansuar klipi i treshes Mc Kresha, Flaka Krelani dhe Rina Abdylit, kjo e fundit nj\u00eb k\u00ebng\u00ebtare e re n\u00eb sken\u00ebn muzikore. K\u00ebnga \u201cSi Bass\u201d \u00ebsht\u00eb nj\u00eb\" \/>\n<meta property=\"og:url\" content=\"https:\/\/www.visit-ulcinj.com\/blog\/2011\/11\/05\/mc-kresha-flaka-dhe-rina-lansojne-klipin-e-\u201csi-bass\u201d\/\" \/>\n<meta property=\"og:site_name\" content=\"Lajme nga Ulqini\" \/>\n<meta property=\"article:published_time\" content=\"2011-11-05T13:02:18+00:00\" \/>\n<meta property=\"og:image\" content=\"http:\/\/www.visit-ulcinj.com\/blog\/wp-content\/uploads\/2011\/11\/Flaka-Krelani..jpg\" \/>\n<meta name=\"twitter:label1\" content=\"Written by\" \/>\n\t<meta name=\"twitter:data1\" content=\"ulqini\" \/>\n<script type=\"application\/ld+json\" class=\"yoast-schema-graph\">{\"@context\":\"https:\/\/schema.org\",\"@graph\":[{\"@type\":\"WebSite\",\"@id\":\"https:\/\/www.visit-ulcinj.com\/blog\/#website\",\"url\":\"https:\/\/www.visit-ulcinj.com\/blog\/\",\"name\":\"Lajme nga Ulqini\",\"description\":\"Lajme,Vijesti,Ulqini,Ulqin,Crna Gora,Mali i Zi\",\"potentialAction\":[{\"@type\":\"SearchAction\",\"target\":{\"@type\":\"EntryPoint\",\"urlTemplate\":\"https:\/\/www.visit-ulcinj.com\/blog\/?s={search_term_string}\"},\"query-input\":\"required name=search_term_string\"}],\"inLanguage\":\"en-US\"},{\"@type\":\"ImageObject\",\"inLanguage\":\"en-US\",\"@id\":\"https:\/\/www.visit-ulcinj.com\/blog\/2011\/11\/05\/mc-kresha-flaka-dhe-rina-lansojne-klipin-e-%e2%80%9csi-bass%e2%80%9d\/#primaryimage\",\"url\":\"http:\/\/www.visit-ulcinj.com\/blog\/wp-content\/uploads\/2011\/11\/Flaka-Krelani..jpg\",\"contentUrl\":\"http:\/\/www.visit-ulcinj.com\/blog\/wp-content\/uploads\/2011\/11\/Flaka-Krelani..jpg\"},{\"@type\":\"WebPage\",\"@id\":\"https:\/\/www.visit-ulcinj.com\/blog\/2011\/11\/05\/mc-kresha-flaka-dhe-rina-lansojne-klipin-e-%e2%80%9csi-bass%e2%80%9d\/#webpage\",\"url\":\"https:\/\/www.visit-ulcinj.com\/blog\/2011\/11\/05\/mc-kresha-flaka-dhe-rina-lansojne-klipin-e-%e2%80%9csi-bass%e2%80%9d\/\",\"name\":\"MC Kresha, Flaka dhe Rina lansojn\u00eb klipin e \u201cSi Bass\u201d - Lajme nga Ulqini\",\"isPartOf\":{\"@id\":\"https:\/\/www.visit-ulcinj.com\/blog\/#website\"},\"primaryImageOfPage\":{\"@id\":\"https:\/\/www.visit-ulcinj.com\/blog\/2011\/11\/05\/mc-kresha-flaka-dhe-rina-lansojne-klipin-e-%e2%80%9csi-bass%e2%80%9d\/#primaryimage\"},\"datePublished\":\"2011-11-05T13:02:18+00:00\",\"dateModified\":\"2011-11-05T13:02:18+00:00\",\"author\":{\"@id\":\"https:\/\/www.visit-ulcinj.com\/blog\/#\/schema\/person\/dcab619c614d3038751c63bc2aadc06d\"},\"description\":\"\u00cbsht\u00eb lansuar klipi i treshes Mc Kresha, Flaka Krelani dhe Rina Abdylit, kjo e fundit nj\u00eb k\u00ebng\u00ebtare e re n\u00eb sken\u00ebn muzikore. K\u00ebnga \u201cSi Bass\u201d \u00ebsht\u00eb nj\u00eb\",\"breadcrumb\":{\"@id\":\"https:\/\/www.visit-ulcinj.com\/blog\/2011\/11\/05\/mc-kresha-flaka-dhe-rina-lansojne-klipin-e-%e2%80%9csi-bass%e2%80%9d\/#breadcrumb\"},\"inLanguage\":\"en-US\",\"potentialAction\":[{\"@type\":\"ReadAction\",\"target\":[\"https:\/\/www.visit-ulcinj.com\/blog\/2011\/11\/05\/mc-kresha-flaka-dhe-rina-lansojne-klipin-e-%e2%80%9csi-bass%e2%80%9d\/\"]}]},{\"@type\":\"BreadcrumbList\",\"@id\":\"https:\/\/www.visit-ulcinj.com\/blog\/2011\/11\/05\/mc-kresha-flaka-dhe-rina-lansojne-klipin-e-%e2%80%9csi-bass%e2%80%9d\/#breadcrumb\",\"itemListElement\":[{\"@type\":\"ListItem\",\"position\":1,\"name\":\"MC Kresha, Flaka dhe Rina lansojn\u00eb klipin e \u201cSi Bass\u201d\"}]},{\"@type\":\"Person\",\"@id\":\"https:\/\/www.visit-ulcinj.com\/blog\/#\/schema\/person\/dcab619c614d3038751c63bc2aadc06d\",\"name\":\"ulqini\",\"sameAs\":[\"http:\/\/www.visit-ulcinj.com\"],\"url\":\"https:\/\/www.visit-ulcinj.com\/blog\/author\/admin\/\"}]}<\/script>\n<!-- \/ Yoast SEO plugin. -->","yoast_head_json":{"title":"MC Kresha, Flaka dhe Rina lansojn\u00eb klipin e \u201cSi Bass\u201d - Lajme nga Ulqini","description":"\u00cbsht\u00eb lansuar klipi i treshes Mc Kresha, Flaka Krelani dhe Rina Abdylit, kjo e fundit nj\u00eb k\u00ebng\u00ebtare e re n\u00eb sken\u00ebn muzikore. K\u00ebnga \u201cSi Bass\u201d \u00ebsht\u00eb nj\u00eb","robots":{"index":"index","follow":"follow","max-snippet":"max-snippet:-1","max-image-preview":"max-image-preview:large","max-video-preview":"max-video-preview:-1"},"canonical":"https:\/\/www.visit-ulcinj.com\/blog\/2011\/11\/05\/mc-kresha-flaka-dhe-rina-lansojne-klipin-e-\u201csi-bass\u201d\/","og_locale":"en_US","og_type":"article","og_title":"MC Kresha, Flaka dhe Rina lansojn\u00eb klipin e \u201cSi Bass\u201d - Lajme nga Ulqini","og_description":"\u00cbsht\u00eb lansuar klipi i treshes Mc Kresha, Flaka Krelani dhe Rina Abdylit, kjo e fundit nj\u00eb k\u00ebng\u00ebtare e re n\u00eb sken\u00ebn muzikore. K\u00ebnga \u201cSi Bass\u201d \u00ebsht\u00eb nj\u00eb","og_url":"https:\/\/www.visit-ulcinj.com\/blog\/2011\/11\/05\/mc-kresha-flaka-dhe-rina-lansojne-klipin-e-\u201csi-bass\u201d\/","og_site_name":"Lajme nga Ulqini","article_published_time":"2011-11-05T13:02:18+00:00","og_image":[{"url":"http:\/\/www.visit-ulcinj.com\/blog\/wp-content\/uploads\/2011\/11\/Flaka-Krelani..jpg"}],"twitter_misc":{"Written by":"ulqini"},"schema":{"@context":"https:\/\/schema.org","@graph":[{"@type":"WebSite","@id":"https:\/\/www.visit-ulcinj.com\/blog\/#website","url":"https:\/\/www.visit-ulcinj.com\/blog\/","name":"Lajme nga Ulqini","description":"Lajme,Vijesti,Ulqini,Ulqin,Crna Gora,Mali i Zi","potentialAction":[{"@type":"SearchAction","target":{"@type":"EntryPoint","urlTemplate":"https:\/\/www.visit-ulcinj.com\/blog\/?s={search_term_string}"},"query-input":"required name=search_term_string"}],"inLanguage":"en-US"},{"@type":"ImageObject","inLanguage":"en-US","@id":"https:\/\/www.visit-ulcinj.com\/blog\/2011\/11\/05\/mc-kresha-flaka-dhe-rina-lansojne-klipin-e-%e2%80%9csi-bass%e2%80%9d\/#primaryimage","url":"http:\/\/www.visit-ulcinj.com\/blog\/wp-content\/uploads\/2011\/11\/Flaka-Krelani..jpg","contentUrl":"http:\/\/www.visit-ulcinj.com\/blog\/wp-content\/uploads\/2011\/11\/Flaka-Krelani..jpg"},{"@type":"WebPage","@id":"https:\/\/www.visit-ulcinj.com\/blog\/2011\/11\/05\/mc-kresha-flaka-dhe-rina-lansojne-klipin-e-%e2%80%9csi-bass%e2%80%9d\/#webpage","url":"https:\/\/www.visit-ulcinj.com\/blog\/2011\/11\/05\/mc-kresha-flaka-dhe-rina-lansojne-klipin-e-%e2%80%9csi-bass%e2%80%9d\/","name":"MC Kresha, Flaka dhe Rina lansojn\u00eb klipin e \u201cSi Bass\u201d - Lajme nga Ulqini","isPartOf":{"@id":"https:\/\/www.visit-ulcinj.com\/blog\/#website"},"primaryImageOfPage":{"@id":"https:\/\/www.visit-ulcinj.com\/blog\/2011\/11\/05\/mc-kresha-flaka-dhe-rina-lansojne-klipin-e-%e2%80%9csi-bass%e2%80%9d\/#primaryimage"},"datePublished":"2011-11-05T13:02:18+00:00","dateModified":"2011-11-05T13:02:18+00:00","author":{"@id":"https:\/\/www.visit-ulcinj.com\/blog\/#\/schema\/person\/dcab619c614d3038751c63bc2aadc06d"},"description":"\u00cbsht\u00eb lansuar klipi i treshes Mc Kresha, Flaka Krelani dhe Rina Abdylit, kjo e fundit nj\u00eb k\u00ebng\u00ebtare e re n\u00eb sken\u00ebn muzikore. K\u00ebnga \u201cSi Bass\u201d \u00ebsht\u00eb nj\u00eb","breadcrumb":{"@id":"https:\/\/www.visit-ulcinj.com\/blog\/2011\/11\/05\/mc-kresha-flaka-dhe-rina-lansojne-klipin-e-%e2%80%9csi-bass%e2%80%9d\/#breadcrumb"},"inLanguage":"en-US","potentialAction":[{"@type":"ReadAction","target":["https:\/\/www.visit-ulcinj.com\/blog\/2011\/11\/05\/mc-kresha-flaka-dhe-rina-lansojne-klipin-e-%e2%80%9csi-bass%e2%80%9d\/"]}]},{"@type":"BreadcrumbList","@id":"https:\/\/www.visit-ulcinj.com\/blog\/2011\/11\/05\/mc-kresha-flaka-dhe-rina-lansojne-klipin-e-%e2%80%9csi-bass%e2%80%9d\/#breadcrumb","itemListElement":[{"@type":"ListItem","position":1,"name":"MC Kresha, Flaka dhe Rina lansojn\u00eb klipin e \u201cSi Bass\u201d"}]},{"@type":"Person","@id":"https:\/\/www.visit-ulcinj.com\/blog\/#\/schema\/person\/dcab619c614d3038751c63bc2aadc06d","name":"ulqini","sameAs":["http:\/\/www.visit-ulcinj.com"],"url":"https:\/\/www.visit-ulcinj.com\/blog\/author\/admin\/"}]}},"jetpack_featured_media_url":"","jetpack_sharing_enabled":true,"jetpack_shortlink":"https:\/\/wp.me\/pe6lTn-dKd","_links":{"self":[{"href":"https:\/\/www.visit-ulcinj.com\/blog\/wp-json\/wp\/v2\/posts\/52837"}],"collection":[{"href":"https:\/\/www.visit-ulcinj.com\/blog\/wp-json\/wp\/v2\/posts"}],"about":[{"href":"https:\/\/www.visit-ulcinj.com\/blog\/wp-json\/wp\/v2\/types\/post"}],"author":[{"embeddable":true,"href":"https:\/\/www.visit-ulcinj.com\/blog\/wp-json\/wp\/v2\/users\/1"}],"replies":[{"embeddable":true,"href":"https:\/\/www.visit-ulcinj.com\/blog\/wp-json\/wp\/v2\/comments?post=52837"}],"version-history":[{"count":2,"href":"https:\/\/www.visit-ulcinj.com\/blog\/wp-json\/wp\/v2\/posts\/52837\/revisions"}],"predecessor-version":[{"id":52840,"href":"https:\/\/www.visit-ulcinj.com\/blog\/wp-json\/wp\/v2\/posts\/52837\/revisions\/52840"}],"wp:attachment":[{"href":"https:\/\/www.visit-ulcinj.com\/blog\/wp-json\/wp\/v2\/media?parent=52837"}],"wp:term":[{"taxonomy":"category","embeddable":true,"href":"https:\/\/www.visit-ulcinj.com\/blog\/wp-json\/wp\/v2\/categories?post=52837"},{"taxonomy":"post_tag","embeddable":true,"href":"https:\/\/www.visit-ulcinj.com\/blog\/wp-json\/wp\/v2\/tags?post=52837"}],"curies":[{"name":"wp","href":"https:\/\/api.w.org\/{rel}","templated":true}]}}