{"id":52841,"date":"2011-11-05T14:11:13","date_gmt":"2011-11-05T13:11:13","guid":{"rendered":"http:\/\/www.visit-ulcinj.com\/blog\/?p=52841"},"modified":"2011-11-05T14:11:13","modified_gmt":"2011-11-05T13:11:13","slug":"elvana-provokon-me-sensualitetin","status":"publish","type":"post","link":"https:\/\/www.visit-ulcinj.com\/blog\/2011\/11\/05\/elvana-provokon-me-sensualitetin\/","title":{"rendered":"Elvana provokon me sensualitetin"},"content":{"rendered":"<p><strong><a href=\"http:\/\/www.visit-ulcinj.com\/blog\/2011\/11\/05\/elvana-provokon-me-sensualitetin\/elvana-gjata-fan-club\/\" rel=\"attachment wp-att-52842\"><img loading=\"lazy\" class=\"alignleft size-full wp-image-52842\" title=\"elvana gjata fan club\" src=\"http:\/\/www.visit-ulcinj.com\/blog\/wp-content\/uploads\/2011\/11\/elvana-gjata-fan-club.jpg\" alt=\"\" width=\"508\" height=\"350\" \/><\/a>K\u00ebng\u00ebtarja e mir\u00ebnjohur Elvana Gjata nuk rri kurr\u00eb n\u00eb heshtje, ajo di si t\u00eb jet\u00eb n\u00eb qend\u00ebr t\u00eb v\u00ebmendjes dhe e k\u00ebrkuar nga fansat.<\/strong><\/p>\n<p>Edhe kur nuk ka n\u00eb dor\u00eb ndonj\u00eb projekt t\u00eb ri muzikor apo nuk \u00ebsht\u00eb duke realizuar ndonj\u00eb reklam\u00eb, fituesja e edicionit t\u00eb 8-t\u00eb t\u00eb \u201cTop Fest\u201d realizon ndonj\u00eb sh\u00ebrbim fotografik, shum\u00eb \u201chot\u201d, natyrisht.<\/p>\n<p>Gjykuar nga kjo foto e fundit e saj, mund t\u00eb themi me plot goj\u00ebn se Elvana \u00ebsht\u00eb nj\u00eb nga k\u00ebng\u00ebtaret m\u00eb t\u00eb preferuara shqiptare, jo vet\u00ebm sepse \u00ebsht\u00eb e talentuar, por edhe sepse \u00ebsht\u00eb shum\u00eb sensuale gjithashtu dhe di t\u00eb sjell\u00eb vazhdimisht risi n\u00eb tregun muzikor edhe sa i takon performanc\u00ebs skenike.<\/p>\n<p>Vazhdimisht ajo ndjek trendet m\u00eb t\u00eb fundit bot\u00ebrore n\u00eb lidhje me mod\u00ebn, pse jo edhe duke imituar nga pak ato q\u00eb quhen Diva, si Beyonce, Jennifer Lopez, Rihanna etj. Sido q\u00eb t\u00eb jet\u00eb, Elvana, e cila s\u00eb fundmi \u00ebsht\u00eb \u201cakuzuar\u201d se ka nd\u00ebrhyr\u00eb n\u00eb buz\u00eb \u2013 duke i b\u00ebr\u00eb ato paksa m\u00eb mishtore \u2013 duket m\u00eb n\u00eb form\u00eb se kurr\u00eb, duke l\u00ebn\u00eb pas \u00e7do rivale t\u00eb mundshme. Jo m\u00eb kot revistat m\u00eb t\u00eb shitura jan\u00eb ato n\u00eb t\u00eb cilat hitb\u00ebr\u00ebsja e \u201cMe ty\u201d shfaqet n\u00eb kopertin\u00eb.\/standad\/<\/p>\n<!--YouTube Error: bad URL entered-->\n","protected":false},"excerpt":{"rendered":"<p>K\u00ebng\u00ebtarja e mir\u00ebnjohur Elvana Gjata nuk rri kurr\u00eb n\u00eb heshtje, ajo di si t\u00eb jet\u00eb n\u00eb qend\u00ebr t\u00eb v\u00ebmendjes dhe e k\u00ebrkuar nga fansat. Edhe kur nuk ka n\u00eb dor\u00eb ndonj\u00eb projekt t\u00eb ri muzikor apo nuk \u00ebsht\u00eb duke realizuar ndonj\u00eb reklam\u00eb, fituesja e edicionit t\u00eb 8-t\u00eb t\u00eb \u201cTop Fest\u201d realizon ndonj\u00eb sh\u00ebrbim fotografik, shum\u00eb [&hellip;]<\/p>\n","protected":false},"author":1,"featured_media":0,"comment_status":"open","ping_status":"closed","sticky":false,"template":"","format":"standard","meta":{"spay_email":"","jetpack_publicize_message":"","jetpack_is_tweetstorm":false,"jetpack_publicize_feature_enabled":true},"categories":[1],"tags":[7760],"jetpack_publicize_connections":[],"yoast_head":"<!-- This site is optimized with the Yoast SEO plugin v19.1 - https:\/\/yoast.com\/wordpress\/plugins\/seo\/ -->\n<title>Elvana provokon me sensualitetin - Lajme nga Ulqini<\/title>\n<meta name=\"description\" content=\"K\u00ebng\u00ebtarja e mir\u00ebnjohur Elvana Gjata nuk rri kurr\u00eb n\u00eb heshtje, ajo di si t\u00eb jet\u00eb n\u00eb qend\u00ebr t\u00eb v\u00ebmendjes dhe e k\u00ebrkuar nga fansat. Edhe kur nuk ka n\u00eb dor\u00eb\" \/>\n<meta name=\"robots\" content=\"index, follow, max-snippet:-1, max-image-preview:large, max-video-preview:-1\" \/>\n<link rel=\"canonical\" href=\"https:\/\/www.visit-ulcinj.com\/blog\/2011\/11\/05\/elvana-provokon-me-sensualitetin\/\" \/>\n<meta property=\"og:locale\" content=\"en_US\" \/>\n<meta property=\"og:type\" content=\"article\" \/>\n<meta property=\"og:title\" content=\"Elvana provokon me sensualitetin - Lajme nga Ulqini\" \/>\n<meta property=\"og:description\" content=\"K\u00ebng\u00ebtarja e mir\u00ebnjohur Elvana Gjata nuk rri kurr\u00eb n\u00eb heshtje, ajo di si t\u00eb jet\u00eb n\u00eb qend\u00ebr t\u00eb v\u00ebmendjes dhe e k\u00ebrkuar nga fansat. Edhe kur nuk ka n\u00eb dor\u00eb\" \/>\n<meta property=\"og:url\" content=\"https:\/\/www.visit-ulcinj.com\/blog\/2011\/11\/05\/elvana-provokon-me-sensualitetin\/\" \/>\n<meta property=\"og:site_name\" content=\"Lajme nga Ulqini\" \/>\n<meta property=\"article:published_time\" content=\"2011-11-05T13:11:13+00:00\" \/>\n<meta property=\"og:image\" content=\"http:\/\/www.visit-ulcinj.com\/blog\/wp-content\/uploads\/2011\/11\/elvana-gjata-fan-club.jpg\" \/>\n<meta name=\"twitter:label1\" content=\"Written by\" \/>\n\t<meta name=\"twitter:data1\" content=\"ulqini\" \/>\n\t<meta name=\"twitter:label2\" content=\"Est. reading time\" \/>\n\t<meta name=\"twitter:data2\" content=\"1 minute\" \/>\n<script type=\"application\/ld+json\" class=\"yoast-schema-graph\">{\"@context\":\"https:\/\/schema.org\",\"@graph\":[{\"@type\":\"WebSite\",\"@id\":\"https:\/\/www.visit-ulcinj.com\/blog\/#website\",\"url\":\"https:\/\/www.visit-ulcinj.com\/blog\/\",\"name\":\"Lajme nga Ulqini\",\"description\":\"Lajme,Vijesti,Ulqini,Ulqin,Crna Gora,Mali i Zi\",\"potentialAction\":[{\"@type\":\"SearchAction\",\"target\":{\"@type\":\"EntryPoint\",\"urlTemplate\":\"https:\/\/www.visit-ulcinj.com\/blog\/?s={search_term_string}\"},\"query-input\":\"required name=search_term_string\"}],\"inLanguage\":\"en-US\"},{\"@type\":\"ImageObject\",\"inLanguage\":\"en-US\",\"@id\":\"https:\/\/www.visit-ulcinj.com\/blog\/2011\/11\/05\/elvana-provokon-me-sensualitetin\/#primaryimage\",\"url\":\"http:\/\/www.visit-ulcinj.com\/blog\/wp-content\/uploads\/2011\/11\/elvana-gjata-fan-club.jpg\",\"contentUrl\":\"http:\/\/www.visit-ulcinj.com\/blog\/wp-content\/uploads\/2011\/11\/elvana-gjata-fan-club.jpg\"},{\"@type\":\"WebPage\",\"@id\":\"https:\/\/www.visit-ulcinj.com\/blog\/2011\/11\/05\/elvana-provokon-me-sensualitetin\/#webpage\",\"url\":\"https:\/\/www.visit-ulcinj.com\/blog\/2011\/11\/05\/elvana-provokon-me-sensualitetin\/\",\"name\":\"Elvana provokon me sensualitetin - Lajme nga Ulqini\",\"isPartOf\":{\"@id\":\"https:\/\/www.visit-ulcinj.com\/blog\/#website\"},\"primaryImageOfPage\":{\"@id\":\"https:\/\/www.visit-ulcinj.com\/blog\/2011\/11\/05\/elvana-provokon-me-sensualitetin\/#primaryimage\"},\"datePublished\":\"2011-11-05T13:11:13+00:00\",\"dateModified\":\"2011-11-05T13:11:13+00:00\",\"author\":{\"@id\":\"https:\/\/www.visit-ulcinj.com\/blog\/#\/schema\/person\/dcab619c614d3038751c63bc2aadc06d\"},\"description\":\"K\u00ebng\u00ebtarja e mir\u00ebnjohur Elvana Gjata nuk rri kurr\u00eb n\u00eb heshtje, ajo di si t\u00eb jet\u00eb n\u00eb qend\u00ebr t\u00eb v\u00ebmendjes dhe e k\u00ebrkuar nga fansat. Edhe kur nuk ka n\u00eb dor\u00eb\",\"breadcrumb\":{\"@id\":\"https:\/\/www.visit-ulcinj.com\/blog\/2011\/11\/05\/elvana-provokon-me-sensualitetin\/#breadcrumb\"},\"inLanguage\":\"en-US\",\"potentialAction\":[{\"@type\":\"ReadAction\",\"target\":[\"https:\/\/www.visit-ulcinj.com\/blog\/2011\/11\/05\/elvana-provokon-me-sensualitetin\/\"]}]},{\"@type\":\"BreadcrumbList\",\"@id\":\"https:\/\/www.visit-ulcinj.com\/blog\/2011\/11\/05\/elvana-provokon-me-sensualitetin\/#breadcrumb\",\"itemListElement\":[{\"@type\":\"ListItem\",\"position\":1,\"name\":\"Elvana provokon me sensualitetin\"}]},{\"@type\":\"Person\",\"@id\":\"https:\/\/www.visit-ulcinj.com\/blog\/#\/schema\/person\/dcab619c614d3038751c63bc2aadc06d\",\"name\":\"ulqini\",\"sameAs\":[\"http:\/\/www.visit-ulcinj.com\"],\"url\":\"https:\/\/www.visit-ulcinj.com\/blog\/author\/admin\/\"}]}<\/script>\n<!-- \/ Yoast SEO plugin. -->","yoast_head_json":{"title":"Elvana provokon me sensualitetin - Lajme nga Ulqini","description":"K\u00ebng\u00ebtarja e mir\u00ebnjohur Elvana Gjata nuk rri kurr\u00eb n\u00eb heshtje, ajo di si t\u00eb jet\u00eb n\u00eb qend\u00ebr t\u00eb v\u00ebmendjes dhe e k\u00ebrkuar nga fansat. Edhe kur nuk ka n\u00eb dor\u00eb","robots":{"index":"index","follow":"follow","max-snippet":"max-snippet:-1","max-image-preview":"max-image-preview:large","max-video-preview":"max-video-preview:-1"},"canonical":"https:\/\/www.visit-ulcinj.com\/blog\/2011\/11\/05\/elvana-provokon-me-sensualitetin\/","og_locale":"en_US","og_type":"article","og_title":"Elvana provokon me sensualitetin - Lajme nga Ulqini","og_description":"K\u00ebng\u00ebtarja e mir\u00ebnjohur Elvana Gjata nuk rri kurr\u00eb n\u00eb heshtje, ajo di si t\u00eb jet\u00eb n\u00eb qend\u00ebr t\u00eb v\u00ebmendjes dhe e k\u00ebrkuar nga fansat. Edhe kur nuk ka n\u00eb dor\u00eb","og_url":"https:\/\/www.visit-ulcinj.com\/blog\/2011\/11\/05\/elvana-provokon-me-sensualitetin\/","og_site_name":"Lajme nga Ulqini","article_published_time":"2011-11-05T13:11:13+00:00","og_image":[{"url":"http:\/\/www.visit-ulcinj.com\/blog\/wp-content\/uploads\/2011\/11\/elvana-gjata-fan-club.jpg"}],"twitter_misc":{"Written by":"ulqini","Est. reading time":"1 minute"},"schema":{"@context":"https:\/\/schema.org","@graph":[{"@type":"WebSite","@id":"https:\/\/www.visit-ulcinj.com\/blog\/#website","url":"https:\/\/www.visit-ulcinj.com\/blog\/","name":"Lajme nga Ulqini","description":"Lajme,Vijesti,Ulqini,Ulqin,Crna Gora,Mali i Zi","potentialAction":[{"@type":"SearchAction","target":{"@type":"EntryPoint","urlTemplate":"https:\/\/www.visit-ulcinj.com\/blog\/?s={search_term_string}"},"query-input":"required name=search_term_string"}],"inLanguage":"en-US"},{"@type":"ImageObject","inLanguage":"en-US","@id":"https:\/\/www.visit-ulcinj.com\/blog\/2011\/11\/05\/elvana-provokon-me-sensualitetin\/#primaryimage","url":"http:\/\/www.visit-ulcinj.com\/blog\/wp-content\/uploads\/2011\/11\/elvana-gjata-fan-club.jpg","contentUrl":"http:\/\/www.visit-ulcinj.com\/blog\/wp-content\/uploads\/2011\/11\/elvana-gjata-fan-club.jpg"},{"@type":"WebPage","@id":"https:\/\/www.visit-ulcinj.com\/blog\/2011\/11\/05\/elvana-provokon-me-sensualitetin\/#webpage","url":"https:\/\/www.visit-ulcinj.com\/blog\/2011\/11\/05\/elvana-provokon-me-sensualitetin\/","name":"Elvana provokon me sensualitetin - Lajme nga Ulqini","isPartOf":{"@id":"https:\/\/www.visit-ulcinj.com\/blog\/#website"},"primaryImageOfPage":{"@id":"https:\/\/www.visit-ulcinj.com\/blog\/2011\/11\/05\/elvana-provokon-me-sensualitetin\/#primaryimage"},"datePublished":"2011-11-05T13:11:13+00:00","dateModified":"2011-11-05T13:11:13+00:00","author":{"@id":"https:\/\/www.visit-ulcinj.com\/blog\/#\/schema\/person\/dcab619c614d3038751c63bc2aadc06d"},"description":"K\u00ebng\u00ebtarja e mir\u00ebnjohur Elvana Gjata nuk rri kurr\u00eb n\u00eb heshtje, ajo di si t\u00eb jet\u00eb n\u00eb qend\u00ebr t\u00eb v\u00ebmendjes dhe e k\u00ebrkuar nga fansat. Edhe kur nuk ka n\u00eb dor\u00eb","breadcrumb":{"@id":"https:\/\/www.visit-ulcinj.com\/blog\/2011\/11\/05\/elvana-provokon-me-sensualitetin\/#breadcrumb"},"inLanguage":"en-US","potentialAction":[{"@type":"ReadAction","target":["https:\/\/www.visit-ulcinj.com\/blog\/2011\/11\/05\/elvana-provokon-me-sensualitetin\/"]}]},{"@type":"BreadcrumbList","@id":"https:\/\/www.visit-ulcinj.com\/blog\/2011\/11\/05\/elvana-provokon-me-sensualitetin\/#breadcrumb","itemListElement":[{"@type":"ListItem","position":1,"name":"Elvana provokon me sensualitetin"}]},{"@type":"Person","@id":"https:\/\/www.visit-ulcinj.com\/blog\/#\/schema\/person\/dcab619c614d3038751c63bc2aadc06d","name":"ulqini","sameAs":["http:\/\/www.visit-ulcinj.com"],"url":"https:\/\/www.visit-ulcinj.com\/blog\/author\/admin\/"}]}},"jetpack_featured_media_url":"","jetpack_sharing_enabled":true,"jetpack_shortlink":"https:\/\/wp.me\/pe6lTn-dKh","_links":{"self":[{"href":"https:\/\/www.visit-ulcinj.com\/blog\/wp-json\/wp\/v2\/posts\/52841"}],"collection":[{"href":"https:\/\/www.visit-ulcinj.com\/blog\/wp-json\/wp\/v2\/posts"}],"about":[{"href":"https:\/\/www.visit-ulcinj.com\/blog\/wp-json\/wp\/v2\/types\/post"}],"author":[{"embeddable":true,"href":"https:\/\/www.visit-ulcinj.com\/blog\/wp-json\/wp\/v2\/users\/1"}],"replies":[{"embeddable":true,"href":"https:\/\/www.visit-ulcinj.com\/blog\/wp-json\/wp\/v2\/comments?post=52841"}],"version-history":[{"count":2,"href":"https:\/\/www.visit-ulcinj.com\/blog\/wp-json\/wp\/v2\/posts\/52841\/revisions"}],"predecessor-version":[{"id":52844,"href":"https:\/\/www.visit-ulcinj.com\/blog\/wp-json\/wp\/v2\/posts\/52841\/revisions\/52844"}],"wp:attachment":[{"href":"https:\/\/www.visit-ulcinj.com\/blog\/wp-json\/wp\/v2\/media?parent=52841"}],"wp:term":[{"taxonomy":"category","embeddable":true,"href":"https:\/\/www.visit-ulcinj.com\/blog\/wp-json\/wp\/v2\/categories?post=52841"},{"taxonomy":"post_tag","embeddable":true,"href":"https:\/\/www.visit-ulcinj.com\/blog\/wp-json\/wp\/v2\/tags?post=52841"}],"curies":[{"name":"wp","href":"https:\/\/api.w.org\/{rel}","templated":true}]}}