{"id":5286,"date":"2008-11-02T15:53:09","date_gmt":"2008-11-02T20:53:09","guid":{"rendered":"http:\/\/www.visit-ulcinj.com\/blog\/?p=5286"},"modified":"2008-11-02T15:53:09","modified_gmt":"2008-11-02T20:53:09","slug":"roqenvendimi-i-stabilitetit-te-rajonit","status":"publish","type":"post","link":"https:\/\/www.visit-ulcinj.com\/blog\/2008\/11\/02\/roqenvendimi-i-stabilitetit-te-rajonit\/","title":{"rendered":"Roqen:Vendimi i stabilitetit t\u00eb rajonit"},"content":{"rendered":"<p><a href=\"http:\/\/www.visit-ulcinj.com\/blog\/wp-content\/uploads\/2008\/11\/milan-rocen.jpg\"><img loading=\"lazy\" class=\"alignleft size-medium wp-image-5287\" title=\"Montenegro Kosovo Serbia\" src=\"http:\/\/www.visit-ulcinj.com\/blog\/wp-content\/uploads\/2008\/11\/milan-rocen-236x300.jpg\" alt=\"\" width=\"143\" height=\"182\" srcset=\"https:\/\/www.visit-ulcinj.com\/blog\/wp-content\/uploads\/2008\/11\/milan-rocen-236x300.jpg 236w, https:\/\/www.visit-ulcinj.com\/blog\/wp-content\/uploads\/2008\/11\/milan-rocen.jpg 340w\" sizes=\"(max-width: 143px) 100vw, 143px\" \/><\/a>Koha do t\u00eb d\u00ebshmoj\u00eb m\u00eb se miri se Mali i Zi ka marr\u00eb vendimin e duhur p\u00ebr stabilitetin e rajonin kur ka njohur Kosov\u00ebn, ka deklaruar Shefi i Diplomacis\u00eb malazeze, Milan Rocen. N\u00eb nj\u00eb intervist\u00eb p\u00ebr gazet\u00ebn e Podgoric\u00ebs, &#8220;Vijesti&#8221; ai ka th\u00ebn\u00eb se, qysh tash po shihen efektet pozitive t\u00eb k\u00ebtij vendimi. &#8220;E keni par\u00eb edhe n\u00eb raportin e Komisionit Europian p\u00ebrparimin n\u00eb Mal t\u00eb Zi, s\u00eb paku sipas informatave t\u00eb para, roli i Malit t\u00eb Zi n\u00eb rajon, respektohet shum\u00eb. Shpreh bindjen se situata e brendshme politike n\u00eb Mal t\u00eb Zi \u00ebsht\u00eb edhe m\u00eb stabile pas marrjes s\u00eb vendimit p\u00ebr njohjen e Kosov\u00ebs&#8221;, ka th\u00ebn\u00eb Rocen. Ky stabilitet, sipas tij, shihet nga mungesa e spekulimeve rreth k\u00ebsaj \u00e7\u00ebshtjeje. Nd\u00ebrsa sa i p\u00ebrket List\u00ebs Serbe, e cila ka vendosur q\u00eb me 12 deputet\u00eb t\u00eb saj t\u00eb braktis\u00eb Parlamentin e Malit t\u00eb Zi p\u00ebr shkak t\u00eb njohjes s\u00eb Kosov\u00ebs, Rocen ka th\u00ebn\u00eb se secili ka t\u00eb drejt\u00eb t\u00eb zgjedh\u00eb metodat e luft\u00ebs politike. Megjithat\u00eb, ai ka th\u00ebn\u00eb se ky veprim aspak nuk do t\u00eb cenoj\u00eb stabilitetin e Malit t\u00eb Zi.<br \/>\n<strong>Burimi \/ Gazeta Express<\/strong><\/p>\n","protected":false},"excerpt":{"rendered":"<p>Koha do t\u00eb d\u00ebshmoj\u00eb m\u00eb se miri se Mali i Zi ka marr\u00eb vendimin e duhur p\u00ebr stabilitetin e rajonin kur ka njohur Kosov\u00ebn, ka deklaruar Shefi i Diplomacis\u00eb malazeze, Milan Rocen. N\u00eb nj\u00eb intervist\u00eb p\u00ebr gazet\u00ebn e Podgoric\u00ebs, &#8220;Vijesti&#8221; ai ka th\u00ebn\u00eb se, qysh tash po shihen efektet pozitive t\u00eb k\u00ebtij vendimi. &#8220;E keni [&hellip;]<\/p>\n","protected":false},"author":1,"featured_media":0,"comment_status":"open","ping_status":"closed","sticky":false,"template":"","format":"standard","meta":{"spay_email":"","jetpack_publicize_message":"","jetpack_is_tweetstorm":false,"jetpack_publicize_feature_enabled":true},"categories":[12],"tags":[95,4863],"jetpack_publicize_connections":[],"yoast_head":"<!-- This site is optimized with the Yoast SEO plugin v19.1 - https:\/\/yoast.com\/wordpress\/plugins\/seo\/ -->\n<title>Roqen:Vendimi i stabilitetit t\u00eb rajonit - Lajme nga Ulqini<\/title>\n<meta name=\"description\" content=\"Koha do t\u00eb d\u00ebshmoj\u00eb m\u00eb se miri se Mali i Zi ka marr\u00eb vendimin e duhur p\u00ebr stabilitetin e rajonin kur ka njohur Kosov\u00ebn, ka deklaruar Shefi i Diplomacis\u00eb\" \/>\n<meta name=\"robots\" content=\"index, follow, max-snippet:-1, max-image-preview:large, max-video-preview:-1\" \/>\n<link rel=\"canonical\" href=\"https:\/\/www.visit-ulcinj.com\/blog\/2008\/11\/02\/roqenvendimi-i-stabilitetit-te-rajonit\/\" \/>\n<meta property=\"og:locale\" content=\"en_US\" \/>\n<meta property=\"og:type\" content=\"article\" \/>\n<meta property=\"og:title\" content=\"Roqen:Vendimi i stabilitetit t\u00eb rajonit - Lajme nga Ulqini\" \/>\n<meta property=\"og:description\" content=\"Koha do t\u00eb d\u00ebshmoj\u00eb m\u00eb se miri se Mali i Zi ka marr\u00eb vendimin e duhur p\u00ebr stabilitetin e rajonin kur ka njohur Kosov\u00ebn, ka deklaruar Shefi i Diplomacis\u00eb\" \/>\n<meta property=\"og:url\" content=\"https:\/\/www.visit-ulcinj.com\/blog\/2008\/11\/02\/roqenvendimi-i-stabilitetit-te-rajonit\/\" \/>\n<meta property=\"og:site_name\" content=\"Lajme nga Ulqini\" \/>\n<meta property=\"article:published_time\" content=\"2008-11-02T20:53:09+00:00\" \/>\n<meta property=\"og:image\" content=\"http:\/\/www.visit-ulcinj.com\/blog\/wp-content\/uploads\/2008\/11\/milan-rocen-236x300.jpg\" \/>\n<meta name=\"twitter:label1\" content=\"Written by\" \/>\n\t<meta name=\"twitter:data1\" content=\"ulqini\" \/>\n\t<meta name=\"twitter:label2\" content=\"Est. reading time\" \/>\n\t<meta name=\"twitter:data2\" content=\"1 minute\" \/>\n<script type=\"application\/ld+json\" class=\"yoast-schema-graph\">{\"@context\":\"https:\/\/schema.org\",\"@graph\":[{\"@type\":\"WebSite\",\"@id\":\"https:\/\/www.visit-ulcinj.com\/blog\/#website\",\"url\":\"https:\/\/www.visit-ulcinj.com\/blog\/\",\"name\":\"Lajme nga Ulqini\",\"description\":\"Lajme,Vijesti,Ulqini,Ulqin,Crna Gora,Mali i Zi\",\"potentialAction\":[{\"@type\":\"SearchAction\",\"target\":{\"@type\":\"EntryPoint\",\"urlTemplate\":\"https:\/\/www.visit-ulcinj.com\/blog\/?s={search_term_string}\"},\"query-input\":\"required name=search_term_string\"}],\"inLanguage\":\"en-US\"},{\"@type\":\"ImageObject\",\"inLanguage\":\"en-US\",\"@id\":\"https:\/\/www.visit-ulcinj.com\/blog\/2008\/11\/02\/roqenvendimi-i-stabilitetit-te-rajonit\/#primaryimage\",\"url\":\"http:\/\/www.visit-ulcinj.com\/blog\/wp-content\/uploads\/2008\/11\/milan-rocen-236x300.jpg\",\"contentUrl\":\"http:\/\/www.visit-ulcinj.com\/blog\/wp-content\/uploads\/2008\/11\/milan-rocen-236x300.jpg\"},{\"@type\":\"WebPage\",\"@id\":\"https:\/\/www.visit-ulcinj.com\/blog\/2008\/11\/02\/roqenvendimi-i-stabilitetit-te-rajonit\/#webpage\",\"url\":\"https:\/\/www.visit-ulcinj.com\/blog\/2008\/11\/02\/roqenvendimi-i-stabilitetit-te-rajonit\/\",\"name\":\"Roqen:Vendimi i stabilitetit t\u00eb rajonit - Lajme nga Ulqini\",\"isPartOf\":{\"@id\":\"https:\/\/www.visit-ulcinj.com\/blog\/#website\"},\"primaryImageOfPage\":{\"@id\":\"https:\/\/www.visit-ulcinj.com\/blog\/2008\/11\/02\/roqenvendimi-i-stabilitetit-te-rajonit\/#primaryimage\"},\"datePublished\":\"2008-11-02T20:53:09+00:00\",\"dateModified\":\"2008-11-02T20:53:09+00:00\",\"author\":{\"@id\":\"https:\/\/www.visit-ulcinj.com\/blog\/#\/schema\/person\/dcab619c614d3038751c63bc2aadc06d\"},\"description\":\"Koha do t\u00eb d\u00ebshmoj\u00eb m\u00eb se miri se Mali i Zi ka marr\u00eb vendimin e duhur p\u00ebr stabilitetin e rajonin kur ka njohur Kosov\u00ebn, ka deklaruar Shefi i Diplomacis\u00eb\",\"breadcrumb\":{\"@id\":\"https:\/\/www.visit-ulcinj.com\/blog\/2008\/11\/02\/roqenvendimi-i-stabilitetit-te-rajonit\/#breadcrumb\"},\"inLanguage\":\"en-US\",\"potentialAction\":[{\"@type\":\"ReadAction\",\"target\":[\"https:\/\/www.visit-ulcinj.com\/blog\/2008\/11\/02\/roqenvendimi-i-stabilitetit-te-rajonit\/\"]}]},{\"@type\":\"BreadcrumbList\",\"@id\":\"https:\/\/www.visit-ulcinj.com\/blog\/2008\/11\/02\/roqenvendimi-i-stabilitetit-te-rajonit\/#breadcrumb\",\"itemListElement\":[{\"@type\":\"ListItem\",\"position\":1,\"name\":\"Roqen:Vendimi i stabilitetit t\u00eb rajonit\"}]},{\"@type\":\"Person\",\"@id\":\"https:\/\/www.visit-ulcinj.com\/blog\/#\/schema\/person\/dcab619c614d3038751c63bc2aadc06d\",\"name\":\"ulqini\",\"sameAs\":[\"http:\/\/www.visit-ulcinj.com\"],\"url\":\"https:\/\/www.visit-ulcinj.com\/blog\/author\/admin\/\"}]}<\/script>\n<!-- \/ Yoast SEO plugin. -->","yoast_head_json":{"title":"Roqen:Vendimi i stabilitetit t\u00eb rajonit - Lajme nga Ulqini","description":"Koha do t\u00eb d\u00ebshmoj\u00eb m\u00eb se miri se Mali i Zi ka marr\u00eb vendimin e duhur p\u00ebr stabilitetin e rajonin kur ka njohur Kosov\u00ebn, ka deklaruar Shefi i Diplomacis\u00eb","robots":{"index":"index","follow":"follow","max-snippet":"max-snippet:-1","max-image-preview":"max-image-preview:large","max-video-preview":"max-video-preview:-1"},"canonical":"https:\/\/www.visit-ulcinj.com\/blog\/2008\/11\/02\/roqenvendimi-i-stabilitetit-te-rajonit\/","og_locale":"en_US","og_type":"article","og_title":"Roqen:Vendimi i stabilitetit t\u00eb rajonit - Lajme nga Ulqini","og_description":"Koha do t\u00eb d\u00ebshmoj\u00eb m\u00eb se miri se Mali i Zi ka marr\u00eb vendimin e duhur p\u00ebr stabilitetin e rajonin kur ka njohur Kosov\u00ebn, ka deklaruar Shefi i Diplomacis\u00eb","og_url":"https:\/\/www.visit-ulcinj.com\/blog\/2008\/11\/02\/roqenvendimi-i-stabilitetit-te-rajonit\/","og_site_name":"Lajme nga Ulqini","article_published_time":"2008-11-02T20:53:09+00:00","og_image":[{"url":"http:\/\/www.visit-ulcinj.com\/blog\/wp-content\/uploads\/2008\/11\/milan-rocen-236x300.jpg"}],"twitter_misc":{"Written by":"ulqini","Est. reading time":"1 minute"},"schema":{"@context":"https:\/\/schema.org","@graph":[{"@type":"WebSite","@id":"https:\/\/www.visit-ulcinj.com\/blog\/#website","url":"https:\/\/www.visit-ulcinj.com\/blog\/","name":"Lajme nga Ulqini","description":"Lajme,Vijesti,Ulqini,Ulqin,Crna Gora,Mali i Zi","potentialAction":[{"@type":"SearchAction","target":{"@type":"EntryPoint","urlTemplate":"https:\/\/www.visit-ulcinj.com\/blog\/?s={search_term_string}"},"query-input":"required name=search_term_string"}],"inLanguage":"en-US"},{"@type":"ImageObject","inLanguage":"en-US","@id":"https:\/\/www.visit-ulcinj.com\/blog\/2008\/11\/02\/roqenvendimi-i-stabilitetit-te-rajonit\/#primaryimage","url":"http:\/\/www.visit-ulcinj.com\/blog\/wp-content\/uploads\/2008\/11\/milan-rocen-236x300.jpg","contentUrl":"http:\/\/www.visit-ulcinj.com\/blog\/wp-content\/uploads\/2008\/11\/milan-rocen-236x300.jpg"},{"@type":"WebPage","@id":"https:\/\/www.visit-ulcinj.com\/blog\/2008\/11\/02\/roqenvendimi-i-stabilitetit-te-rajonit\/#webpage","url":"https:\/\/www.visit-ulcinj.com\/blog\/2008\/11\/02\/roqenvendimi-i-stabilitetit-te-rajonit\/","name":"Roqen:Vendimi i stabilitetit t\u00eb rajonit - Lajme nga Ulqini","isPartOf":{"@id":"https:\/\/www.visit-ulcinj.com\/blog\/#website"},"primaryImageOfPage":{"@id":"https:\/\/www.visit-ulcinj.com\/blog\/2008\/11\/02\/roqenvendimi-i-stabilitetit-te-rajonit\/#primaryimage"},"datePublished":"2008-11-02T20:53:09+00:00","dateModified":"2008-11-02T20:53:09+00:00","author":{"@id":"https:\/\/www.visit-ulcinj.com\/blog\/#\/schema\/person\/dcab619c614d3038751c63bc2aadc06d"},"description":"Koha do t\u00eb d\u00ebshmoj\u00eb m\u00eb se miri se Mali i Zi ka marr\u00eb vendimin e duhur p\u00ebr stabilitetin e rajonin kur ka njohur Kosov\u00ebn, ka deklaruar Shefi i Diplomacis\u00eb","breadcrumb":{"@id":"https:\/\/www.visit-ulcinj.com\/blog\/2008\/11\/02\/roqenvendimi-i-stabilitetit-te-rajonit\/#breadcrumb"},"inLanguage":"en-US","potentialAction":[{"@type":"ReadAction","target":["https:\/\/www.visit-ulcinj.com\/blog\/2008\/11\/02\/roqenvendimi-i-stabilitetit-te-rajonit\/"]}]},{"@type":"BreadcrumbList","@id":"https:\/\/www.visit-ulcinj.com\/blog\/2008\/11\/02\/roqenvendimi-i-stabilitetit-te-rajonit\/#breadcrumb","itemListElement":[{"@type":"ListItem","position":1,"name":"Roqen:Vendimi i stabilitetit t\u00eb rajonit"}]},{"@type":"Person","@id":"https:\/\/www.visit-ulcinj.com\/blog\/#\/schema\/person\/dcab619c614d3038751c63bc2aadc06d","name":"ulqini","sameAs":["http:\/\/www.visit-ulcinj.com"],"url":"https:\/\/www.visit-ulcinj.com\/blog\/author\/admin\/"}]}},"jetpack_featured_media_url":"","jetpack_sharing_enabled":true,"jetpack_shortlink":"https:\/\/wp.me\/pe6lTn-1ng","_links":{"self":[{"href":"https:\/\/www.visit-ulcinj.com\/blog\/wp-json\/wp\/v2\/posts\/5286"}],"collection":[{"href":"https:\/\/www.visit-ulcinj.com\/blog\/wp-json\/wp\/v2\/posts"}],"about":[{"href":"https:\/\/www.visit-ulcinj.com\/blog\/wp-json\/wp\/v2\/types\/post"}],"author":[{"embeddable":true,"href":"https:\/\/www.visit-ulcinj.com\/blog\/wp-json\/wp\/v2\/users\/1"}],"replies":[{"embeddable":true,"href":"https:\/\/www.visit-ulcinj.com\/blog\/wp-json\/wp\/v2\/comments?post=5286"}],"version-history":[{"count":0,"href":"https:\/\/www.visit-ulcinj.com\/blog\/wp-json\/wp\/v2\/posts\/5286\/revisions"}],"wp:attachment":[{"href":"https:\/\/www.visit-ulcinj.com\/blog\/wp-json\/wp\/v2\/media?parent=5286"}],"wp:term":[{"taxonomy":"category","embeddable":true,"href":"https:\/\/www.visit-ulcinj.com\/blog\/wp-json\/wp\/v2\/categories?post=5286"},{"taxonomy":"post_tag","embeddable":true,"href":"https:\/\/www.visit-ulcinj.com\/blog\/wp-json\/wp\/v2\/tags?post=5286"}],"curies":[{"name":"wp","href":"https:\/\/api.w.org\/{rel}","templated":true}]}}