{"id":52867,"date":"2011-11-06T11:12:44","date_gmt":"2011-11-06T10:12:44","guid":{"rendered":"http:\/\/www.visit-ulcinj.com\/blog\/?p=52867"},"modified":"2011-11-06T11:12:44","modified_gmt":"2011-11-06T10:12:44","slug":"luigj-shkrela-gezuar-festen-e-kurban-bajramit","status":"publish","type":"post","link":"https:\/\/www.visit-ulcinj.com\/blog\/2011\/11\/06\/luigj-shkrela-gezuar-festen-e-kurban-bajramit\/","title":{"rendered":"Luigj Shkrela: G\u00ebzuar fest\u00ebn e Kurban Bajramit"},"content":{"rendered":"<p><strong><a href=\"http:\/\/www.visit-ulcinj.com\/blog\/wp-content\/uploads\/2011\/11\/LUIGJ-SHKRELA_ULQIN.jpg\"><img loading=\"lazy\" class=\"alignleft size-full wp-image-52868\" title=\"LUIGJ SHKRELA_ULQIN\" src=\"http:\/\/www.visit-ulcinj.com\/blog\/wp-content\/uploads\/2011\/11\/LUIGJ-SHKRELA_ULQIN.jpg\" alt=\"\" width=\"340\" height=\"440\" \/><\/a>KUMTES PER OPINION<\/strong><\/p>\n<p>T\u00eb nderuar qutetare<\/p>\n<p>Festat e Bajramit simbolizojn shpresen e njeriut per paqe jet te lumtur dhe te begatshme.Keto dit te Medhaja gijthmon na kan detyruar ne respektin e nevojshem per shoqi\/shoqin,dhe afirmimin e jetes se perbashket,bashkimit dhe mirekuptimit.Keto vlera si tradite e ketyre trojeve\/le te nguliten dhe te jene undherrefyese per \u00e7do qutetare te Komunes son,si dhe te mbar Malit te Zi.<br \/>\nFestat e Bajramit kan tolerancen e duhur si asnje ngjarje tjeter.Respekti ndaj shoqeris \u00e7on ka lumturija dhe begatija e shpirtit.Lumturija i takon atij qe veprimet e veta i harmonizon ne pajtim me vlerat ne favor te njerzimit dhe shoqeris ku jeton dhe veprone.<br \/>\nTe gjithe besimtareve te fese Islame-Udhheqesave dhe prisave fetar-perzemersisht ju uroj festat e shedndritshme te Kurban Bajramit-duke ju deshiruar \u00e7do te mire ne jet,prosperitet ne familje,suksese te lakmueshme ne pun dhe afarizem,mirekuptim me njeri tjetrin,tolerance dhe gjeresi shpirterore,urtesi dhe maturi te demosdosshme ne kumunikimet e perditshme.<br \/>\nMe shprese qe keto Dit\u00eb te Madhnueshme do te avansojne kushtimin ton vlerave reale njerezore,Uroj qe meshira dhe paqa e te Madhit Zot te ju percijelle ne te gjitha rrijedhat e jetes suaj.<\/p>\n<p>Zoti ju bekoft\u00eb.<\/p>\n<p><strong> Luigj Shkrela<\/strong><\/p>\n","protected":false},"excerpt":{"rendered":"<p>KUMTES PER OPINION T\u00eb nderuar qutetare Festat e Bajramit simbolizojn shpresen e njeriut per paqe jet te lumtur dhe te begatshme.Keto dit te Medhaja gijthmon na kan detyruar ne respektin e nevojshem per shoqi\/shoqin,dhe afirmimin e jetes se perbashket,bashkimit dhe mirekuptimit.Keto vlera si tradite e ketyre trojeve\/le te nguliten dhe te jene undherrefyese per \u00e7do [&hellip;]<\/p>\n","protected":false},"author":1,"featured_media":0,"comment_status":"open","ping_status":"closed","sticky":false,"template":"","format":"standard","meta":{"spay_email":"","jetpack_publicize_message":"","jetpack_is_tweetstorm":false,"jetpack_publicize_feature_enabled":true},"categories":[6],"tags":[9492,205,13573,200,18],"jetpack_publicize_connections":[],"yoast_head":"<!-- This site is optimized with the Yoast SEO plugin v19.1 - https:\/\/yoast.com\/wordpress\/plugins\/seo\/ -->\n<title>Luigj Shkrela: G\u00ebzuar fest\u00ebn e Kurban Bajramit - Lajme nga Ulqini<\/title>\n<meta name=\"description\" content=\"KUMTES PER OPINION T\u00eb nderuar qutetare Festat e Bajramit simbolizojn shpresen e njeriut per paqe jet te lumtur dhe te begatshme.Keto dit te Medhaja\" \/>\n<meta name=\"robots\" content=\"index, follow, max-snippet:-1, max-image-preview:large, max-video-preview:-1\" \/>\n<link rel=\"canonical\" href=\"https:\/\/www.visit-ulcinj.com\/blog\/2011\/11\/06\/luigj-shkrela-gezuar-festen-e-kurban-bajramit\/\" \/>\n<meta property=\"og:locale\" content=\"en_US\" \/>\n<meta property=\"og:type\" content=\"article\" \/>\n<meta property=\"og:title\" content=\"Luigj Shkrela: G\u00ebzuar fest\u00ebn e Kurban Bajramit - Lajme nga Ulqini\" \/>\n<meta property=\"og:description\" content=\"KUMTES PER OPINION T\u00eb nderuar qutetare Festat e Bajramit simbolizojn shpresen e njeriut per paqe jet te lumtur dhe te begatshme.Keto dit te Medhaja\" \/>\n<meta property=\"og:url\" content=\"https:\/\/www.visit-ulcinj.com\/blog\/2011\/11\/06\/luigj-shkrela-gezuar-festen-e-kurban-bajramit\/\" \/>\n<meta property=\"og:site_name\" content=\"Lajme nga Ulqini\" \/>\n<meta property=\"article:published_time\" content=\"2011-11-06T10:12:44+00:00\" \/>\n<meta property=\"og:image\" content=\"http:\/\/www.visit-ulcinj.com\/blog\/wp-content\/uploads\/2011\/11\/LUIGJ-SHKRELA_ULQIN.jpg\" \/>\n<meta name=\"twitter:label1\" content=\"Written by\" \/>\n\t<meta name=\"twitter:data1\" content=\"ulqini\" \/>\n\t<meta name=\"twitter:label2\" content=\"Est. reading time\" \/>\n\t<meta name=\"twitter:data2\" content=\"1 minute\" \/>\n<script type=\"application\/ld+json\" class=\"yoast-schema-graph\">{\"@context\":\"https:\/\/schema.org\",\"@graph\":[{\"@type\":\"WebSite\",\"@id\":\"https:\/\/www.visit-ulcinj.com\/blog\/#website\",\"url\":\"https:\/\/www.visit-ulcinj.com\/blog\/\",\"name\":\"Lajme nga Ulqini\",\"description\":\"Lajme,Vijesti,Ulqini,Ulqin,Crna Gora,Mali i Zi\",\"potentialAction\":[{\"@type\":\"SearchAction\",\"target\":{\"@type\":\"EntryPoint\",\"urlTemplate\":\"https:\/\/www.visit-ulcinj.com\/blog\/?s={search_term_string}\"},\"query-input\":\"required name=search_term_string\"}],\"inLanguage\":\"en-US\"},{\"@type\":\"ImageObject\",\"inLanguage\":\"en-US\",\"@id\":\"https:\/\/www.visit-ulcinj.com\/blog\/2011\/11\/06\/luigj-shkrela-gezuar-festen-e-kurban-bajramit\/#primaryimage\",\"url\":\"https:\/\/www.visit-ulcinj.com\/blog\/wp-content\/uploads\/2011\/11\/LUIGJ-SHKRELA_ULQIN.jpg\",\"contentUrl\":\"https:\/\/www.visit-ulcinj.com\/blog\/wp-content\/uploads\/2011\/11\/LUIGJ-SHKRELA_ULQIN.jpg\",\"width\":\"404\",\"height\":\"720\"},{\"@type\":\"WebPage\",\"@id\":\"https:\/\/www.visit-ulcinj.com\/blog\/2011\/11\/06\/luigj-shkrela-gezuar-festen-e-kurban-bajramit\/#webpage\",\"url\":\"https:\/\/www.visit-ulcinj.com\/blog\/2011\/11\/06\/luigj-shkrela-gezuar-festen-e-kurban-bajramit\/\",\"name\":\"Luigj Shkrela: G\u00ebzuar fest\u00ebn e Kurban Bajramit - Lajme nga Ulqini\",\"isPartOf\":{\"@id\":\"https:\/\/www.visit-ulcinj.com\/blog\/#website\"},\"primaryImageOfPage\":{\"@id\":\"https:\/\/www.visit-ulcinj.com\/blog\/2011\/11\/06\/luigj-shkrela-gezuar-festen-e-kurban-bajramit\/#primaryimage\"},\"datePublished\":\"2011-11-06T10:12:44+00:00\",\"dateModified\":\"2011-11-06T10:12:44+00:00\",\"author\":{\"@id\":\"https:\/\/www.visit-ulcinj.com\/blog\/#\/schema\/person\/dcab619c614d3038751c63bc2aadc06d\"},\"description\":\"KUMTES PER OPINION T\u00eb nderuar qutetare Festat e Bajramit simbolizojn shpresen e njeriut per paqe jet te lumtur dhe te begatshme.Keto dit te Medhaja\",\"breadcrumb\":{\"@id\":\"https:\/\/www.visit-ulcinj.com\/blog\/2011\/11\/06\/luigj-shkrela-gezuar-festen-e-kurban-bajramit\/#breadcrumb\"},\"inLanguage\":\"en-US\",\"potentialAction\":[{\"@type\":\"ReadAction\",\"target\":[\"https:\/\/www.visit-ulcinj.com\/blog\/2011\/11\/06\/luigj-shkrela-gezuar-festen-e-kurban-bajramit\/\"]}]},{\"@type\":\"BreadcrumbList\",\"@id\":\"https:\/\/www.visit-ulcinj.com\/blog\/2011\/11\/06\/luigj-shkrela-gezuar-festen-e-kurban-bajramit\/#breadcrumb\",\"itemListElement\":[{\"@type\":\"ListItem\",\"position\":1,\"name\":\"Luigj Shkrela: G\u00ebzuar fest\u00ebn e Kurban Bajramit\"}]},{\"@type\":\"Person\",\"@id\":\"https:\/\/www.visit-ulcinj.com\/blog\/#\/schema\/person\/dcab619c614d3038751c63bc2aadc06d\",\"name\":\"ulqini\",\"sameAs\":[\"http:\/\/www.visit-ulcinj.com\"],\"url\":\"https:\/\/www.visit-ulcinj.com\/blog\/author\/admin\/\"}]}<\/script>\n<!-- \/ Yoast SEO plugin. -->","yoast_head_json":{"title":"Luigj Shkrela: G\u00ebzuar fest\u00ebn e Kurban Bajramit - Lajme nga Ulqini","description":"KUMTES PER OPINION T\u00eb nderuar qutetare Festat e Bajramit simbolizojn shpresen e njeriut per paqe jet te lumtur dhe te begatshme.Keto dit te Medhaja","robots":{"index":"index","follow":"follow","max-snippet":"max-snippet:-1","max-image-preview":"max-image-preview:large","max-video-preview":"max-video-preview:-1"},"canonical":"https:\/\/www.visit-ulcinj.com\/blog\/2011\/11\/06\/luigj-shkrela-gezuar-festen-e-kurban-bajramit\/","og_locale":"en_US","og_type":"article","og_title":"Luigj Shkrela: G\u00ebzuar fest\u00ebn e Kurban Bajramit - Lajme nga Ulqini","og_description":"KUMTES PER OPINION T\u00eb nderuar qutetare Festat e Bajramit simbolizojn shpresen e njeriut per paqe jet te lumtur dhe te begatshme.Keto dit te Medhaja","og_url":"https:\/\/www.visit-ulcinj.com\/blog\/2011\/11\/06\/luigj-shkrela-gezuar-festen-e-kurban-bajramit\/","og_site_name":"Lajme nga Ulqini","article_published_time":"2011-11-06T10:12:44+00:00","og_image":[{"url":"http:\/\/www.visit-ulcinj.com\/blog\/wp-content\/uploads\/2011\/11\/LUIGJ-SHKRELA_ULQIN.jpg"}],"twitter_misc":{"Written by":"ulqini","Est. reading time":"1 minute"},"schema":{"@context":"https:\/\/schema.org","@graph":[{"@type":"WebSite","@id":"https:\/\/www.visit-ulcinj.com\/blog\/#website","url":"https:\/\/www.visit-ulcinj.com\/blog\/","name":"Lajme nga Ulqini","description":"Lajme,Vijesti,Ulqini,Ulqin,Crna Gora,Mali i Zi","potentialAction":[{"@type":"SearchAction","target":{"@type":"EntryPoint","urlTemplate":"https:\/\/www.visit-ulcinj.com\/blog\/?s={search_term_string}"},"query-input":"required name=search_term_string"}],"inLanguage":"en-US"},{"@type":"ImageObject","inLanguage":"en-US","@id":"https:\/\/www.visit-ulcinj.com\/blog\/2011\/11\/06\/luigj-shkrela-gezuar-festen-e-kurban-bajramit\/#primaryimage","url":"https:\/\/www.visit-ulcinj.com\/blog\/wp-content\/uploads\/2011\/11\/LUIGJ-SHKRELA_ULQIN.jpg","contentUrl":"https:\/\/www.visit-ulcinj.com\/blog\/wp-content\/uploads\/2011\/11\/LUIGJ-SHKRELA_ULQIN.jpg","width":"404","height":"720"},{"@type":"WebPage","@id":"https:\/\/www.visit-ulcinj.com\/blog\/2011\/11\/06\/luigj-shkrela-gezuar-festen-e-kurban-bajramit\/#webpage","url":"https:\/\/www.visit-ulcinj.com\/blog\/2011\/11\/06\/luigj-shkrela-gezuar-festen-e-kurban-bajramit\/","name":"Luigj Shkrela: G\u00ebzuar fest\u00ebn e Kurban Bajramit - Lajme nga Ulqini","isPartOf":{"@id":"https:\/\/www.visit-ulcinj.com\/blog\/#website"},"primaryImageOfPage":{"@id":"https:\/\/www.visit-ulcinj.com\/blog\/2011\/11\/06\/luigj-shkrela-gezuar-festen-e-kurban-bajramit\/#primaryimage"},"datePublished":"2011-11-06T10:12:44+00:00","dateModified":"2011-11-06T10:12:44+00:00","author":{"@id":"https:\/\/www.visit-ulcinj.com\/blog\/#\/schema\/person\/dcab619c614d3038751c63bc2aadc06d"},"description":"KUMTES PER OPINION T\u00eb nderuar qutetare Festat e Bajramit simbolizojn shpresen e njeriut per paqe jet te lumtur dhe te begatshme.Keto dit te Medhaja","breadcrumb":{"@id":"https:\/\/www.visit-ulcinj.com\/blog\/2011\/11\/06\/luigj-shkrela-gezuar-festen-e-kurban-bajramit\/#breadcrumb"},"inLanguage":"en-US","potentialAction":[{"@type":"ReadAction","target":["https:\/\/www.visit-ulcinj.com\/blog\/2011\/11\/06\/luigj-shkrela-gezuar-festen-e-kurban-bajramit\/"]}]},{"@type":"BreadcrumbList","@id":"https:\/\/www.visit-ulcinj.com\/blog\/2011\/11\/06\/luigj-shkrela-gezuar-festen-e-kurban-bajramit\/#breadcrumb","itemListElement":[{"@type":"ListItem","position":1,"name":"Luigj Shkrela: G\u00ebzuar fest\u00ebn e Kurban Bajramit"}]},{"@type":"Person","@id":"https:\/\/www.visit-ulcinj.com\/blog\/#\/schema\/person\/dcab619c614d3038751c63bc2aadc06d","name":"ulqini","sameAs":["http:\/\/www.visit-ulcinj.com"],"url":"https:\/\/www.visit-ulcinj.com\/blog\/author\/admin\/"}]}},"jetpack_featured_media_url":"","jetpack_sharing_enabled":true,"jetpack_shortlink":"https:\/\/wp.me\/pe6lTn-dKH","_links":{"self":[{"href":"https:\/\/www.visit-ulcinj.com\/blog\/wp-json\/wp\/v2\/posts\/52867"}],"collection":[{"href":"https:\/\/www.visit-ulcinj.com\/blog\/wp-json\/wp\/v2\/posts"}],"about":[{"href":"https:\/\/www.visit-ulcinj.com\/blog\/wp-json\/wp\/v2\/types\/post"}],"author":[{"embeddable":true,"href":"https:\/\/www.visit-ulcinj.com\/blog\/wp-json\/wp\/v2\/users\/1"}],"replies":[{"embeddable":true,"href":"https:\/\/www.visit-ulcinj.com\/blog\/wp-json\/wp\/v2\/comments?post=52867"}],"version-history":[{"count":1,"href":"https:\/\/www.visit-ulcinj.com\/blog\/wp-json\/wp\/v2\/posts\/52867\/revisions"}],"predecessor-version":[{"id":52869,"href":"https:\/\/www.visit-ulcinj.com\/blog\/wp-json\/wp\/v2\/posts\/52867\/revisions\/52869"}],"wp:attachment":[{"href":"https:\/\/www.visit-ulcinj.com\/blog\/wp-json\/wp\/v2\/media?parent=52867"}],"wp:term":[{"taxonomy":"category","embeddable":true,"href":"https:\/\/www.visit-ulcinj.com\/blog\/wp-json\/wp\/v2\/categories?post=52867"},{"taxonomy":"post_tag","embeddable":true,"href":"https:\/\/www.visit-ulcinj.com\/blog\/wp-json\/wp\/v2\/tags?post=52867"}],"curies":[{"name":"wp","href":"https:\/\/api.w.org\/{rel}","templated":true}]}}