{"id":52884,"date":"2011-11-06T11:59:57","date_gmt":"2011-11-06T10:59:57","guid":{"rendered":"http:\/\/www.visit-ulcinj.com\/blog\/?p=52884"},"modified":"2011-11-06T12:09:29","modified_gmt":"2011-11-06T11:09:29","slug":"dinosha-per-malesine-fjalen-e-fundit-e-ka-qeveria","status":"publish","type":"post","link":"https:\/\/www.visit-ulcinj.com\/blog\/2011\/11\/06\/dinosha-per-malesine-fjalen-e-fundit-e-ka-qeveria\/","title":{"rendered":"Dinosha: P\u00ebr Mal\u00ebsin\u00eb fjal\u00ebn e fundit e ka qeveria"},"content":{"rendered":"<p><a href=\"http:\/\/www.visit-ulcinj.com\/blog\/2011\/11\/06\/dinosha-per-malesine-fjalen-e-fundit-e-ka-qeveria\/ferhat-dinosha-22\/\" rel=\"attachment wp-att-52885\"><img loading=\"lazy\" class=\"alignleft size-full wp-image-52885\" title=\"Ferhat Dinosha\" src=\"http:\/\/www.visit-ulcinj.com\/blog\/wp-content\/uploads\/2011\/11\/Ferhat-Dinosha.jpg\" alt=\"\" width=\"490\" height=\"294\" srcset=\"https:\/\/www.visit-ulcinj.com\/blog\/wp-content\/uploads\/2011\/11\/Ferhat-Dinosha.jpg 490w, https:\/\/www.visit-ulcinj.com\/blog\/wp-content\/uploads\/2011\/11\/Ferhat-Dinosha-300x180.jpg 300w\" sizes=\"(max-width: 490px) 100vw, 490px\" \/><\/a>&#8220;Ligji i ri p\u00ebr organizim territorial ka nene q\u00eb japin mund\u00ebsin\u00eb q\u00eb n\u00ebp\u00ebrmjet referendumit konsultativ t\u00eb vler\u00ebsoj\u00eb d\u00ebshir\u00ebn\u00a0 e qytetar\u00ebve p\u00ebr fitimin e komun\u00ebs s\u00eb plot\u00eb&#8221;, tha ministri p\u00ebr t\u00eb Drejtat e Njeriut dhe Pakicave n\u00eb qeverin\u00eb e Malit t\u00eb Zi, Ferhat Dinosha.<\/p>\n<p>Parlamenti i Malit t\u00eb Zi para disa dit\u00ebve, me votat e shumic\u00ebs hodhi posht\u00eb amandamentin e partive shqiptare me an\u00ebn e s\u00eb cil\u00ebs Mal\u00ebsia do fitonte statusin e komun\u00ebs s\u00eb plot\u00eb. Poashtu jan\u00eb refuzuar edhe amendamentet e partive boshnjake, Partia Popullore Socialiste dhe Demokracis\u00eb Serbe t\u00eb Re q\u00eb k\u00ebrkonin komun\u00eb t\u00eb plot\u00eb p\u00ebr Petnjic\u00ebn, Gucin\u00eb, Golubovcin (Zet\u00ebn), Sutomore dhe Petrovcin.<\/p>\n<p>Poashtu Dinosha ka shtuar se referendumi \u00ebsht\u00eb konsultativ dhe fjal\u00ebn e fundit\u00a0 p\u00ebr k\u00ebt\u00eb e ka qeveria.<br \/>\n&#8220;Sigurisht ky \u00ebsht\u00eb nj\u00eb referendum konsultatv dhe se fjal\u00ebn e fundit mbi kapacitetin ekonomik t\u00eb komun\u00ebs ardhshme t\u00eb Mal\u00ebsis\u00eb e ka qeveria&#8221;, i ka th\u00ebn\u00eb agjencionit MINA ministri Dinosha.<\/p>\n<p>Ai tha se referendumin p\u00ebr Tuzin do ta shpallte Kuvendi i Podgoric\u00ebs, pjes\u00eb e s\u00eb cil\u00ebs \u00ebsht\u00eb momentalisht Tuzi.<\/p>\n<p>Dinosha gjithashtu ka th\u00ebn\u00eb se k\u00ebrkesat q\u00eb Petnjica, Gucia, Grbal, Petrovci\u00a0 dhe Sutomore t\u00eb fitoj\u00eb statusin e komun\u00ebs s\u00eb plot\u00eb nuk mund t\u00eb barazohen me at\u00eb p\u00ebr Tuzin.<\/p>\n<p>MALESIA.ORG<\/p>\n","protected":false},"excerpt":{"rendered":"<p>&#8220;Ligji i ri p\u00ebr organizim territorial ka nene q\u00eb japin mund\u00ebsin\u00eb q\u00eb n\u00ebp\u00ebrmjet referendumit konsultativ t\u00eb vler\u00ebsoj\u00eb d\u00ebshir\u00ebn\u00a0 e qytetar\u00ebve p\u00ebr fitimin e komun\u00ebs s\u00eb plot\u00eb&#8221;, tha ministri p\u00ebr t\u00eb Drejtat e Njeriut dhe Pakicave n\u00eb qeverin\u00eb e Malit t\u00eb Zi, Ferhat Dinosha. Parlamenti i Malit t\u00eb Zi para disa dit\u00ebve, me votat e shumic\u00ebs [&hellip;]<\/p>\n","protected":false},"author":1,"featured_media":0,"comment_status":"open","ping_status":"closed","sticky":false,"template":"","format":"standard","meta":{"spay_email":"","jetpack_publicize_message":"","jetpack_is_tweetstorm":false,"jetpack_publicize_feature_enabled":true},"categories":[14],"tags":[97],"jetpack_publicize_connections":[],"yoast_head":"<!-- This site is optimized with the Yoast SEO plugin v19.1 - https:\/\/yoast.com\/wordpress\/plugins\/seo\/ -->\n<title>Dinosha: P\u00ebr Mal\u00ebsin\u00eb fjal\u00ebn e fundit e ka qeveria - Lajme nga Ulqini<\/title>\n<meta name=\"description\" content=\"&quot;Ligji i ri p\u00ebr organizim territorial ka nene q\u00eb japin mund\u00ebsin\u00eb q\u00eb n\u00ebp\u00ebrmjet referendumit konsultativ t\u00eb vler\u00ebsoj\u00eb d\u00ebshir\u00ebn\u00a0 e qytetar\u00ebve p\u00ebr fitimin e\" \/>\n<meta name=\"robots\" content=\"index, follow, max-snippet:-1, max-image-preview:large, max-video-preview:-1\" \/>\n<link rel=\"canonical\" href=\"https:\/\/www.visit-ulcinj.com\/blog\/2011\/11\/06\/dinosha-per-malesine-fjalen-e-fundit-e-ka-qeveria\/\" \/>\n<meta property=\"og:locale\" content=\"en_US\" \/>\n<meta property=\"og:type\" content=\"article\" \/>\n<meta property=\"og:title\" content=\"Dinosha: P\u00ebr Mal\u00ebsin\u00eb fjal\u00ebn e fundit e ka qeveria - Lajme nga Ulqini\" \/>\n<meta property=\"og:description\" content=\"&quot;Ligji i ri p\u00ebr organizim territorial ka nene q\u00eb japin mund\u00ebsin\u00eb q\u00eb n\u00ebp\u00ebrmjet referendumit konsultativ t\u00eb vler\u00ebsoj\u00eb d\u00ebshir\u00ebn\u00a0 e qytetar\u00ebve p\u00ebr fitimin e\" \/>\n<meta property=\"og:url\" content=\"https:\/\/www.visit-ulcinj.com\/blog\/2011\/11\/06\/dinosha-per-malesine-fjalen-e-fundit-e-ka-qeveria\/\" \/>\n<meta property=\"og:site_name\" content=\"Lajme nga Ulqini\" \/>\n<meta property=\"article:published_time\" content=\"2011-11-06T10:59:57+00:00\" \/>\n<meta property=\"article:modified_time\" content=\"2011-11-06T11:09:29+00:00\" \/>\n<meta property=\"og:image\" content=\"http:\/\/www.visit-ulcinj.com\/blog\/wp-content\/uploads\/2011\/11\/Ferhat-Dinosha.jpg\" \/>\n<meta name=\"twitter:label1\" content=\"Written by\" \/>\n\t<meta name=\"twitter:data1\" content=\"ulqini\" \/>\n\t<meta name=\"twitter:label2\" content=\"Est. reading time\" \/>\n\t<meta name=\"twitter:data2\" content=\"1 minute\" \/>\n<script type=\"application\/ld+json\" class=\"yoast-schema-graph\">{\"@context\":\"https:\/\/schema.org\",\"@graph\":[{\"@type\":\"WebSite\",\"@id\":\"https:\/\/www.visit-ulcinj.com\/blog\/#website\",\"url\":\"https:\/\/www.visit-ulcinj.com\/blog\/\",\"name\":\"Lajme nga Ulqini\",\"description\":\"Lajme,Vijesti,Ulqini,Ulqin,Crna Gora,Mali i Zi\",\"potentialAction\":[{\"@type\":\"SearchAction\",\"target\":{\"@type\":\"EntryPoint\",\"urlTemplate\":\"https:\/\/www.visit-ulcinj.com\/blog\/?s={search_term_string}\"},\"query-input\":\"required name=search_term_string\"}],\"inLanguage\":\"en-US\"},{\"@type\":\"ImageObject\",\"inLanguage\":\"en-US\",\"@id\":\"https:\/\/www.visit-ulcinj.com\/blog\/2011\/11\/06\/dinosha-per-malesine-fjalen-e-fundit-e-ka-qeveria\/#primaryimage\",\"url\":\"https:\/\/www.visit-ulcinj.com\/blog\/wp-content\/uploads\/2011\/11\/Ferhat-Dinosha.jpg\",\"contentUrl\":\"https:\/\/www.visit-ulcinj.com\/blog\/wp-content\/uploads\/2011\/11\/Ferhat-Dinosha.jpg\",\"width\":\"490\",\"height\":\"294\"},{\"@type\":\"WebPage\",\"@id\":\"https:\/\/www.visit-ulcinj.com\/blog\/2011\/11\/06\/dinosha-per-malesine-fjalen-e-fundit-e-ka-qeveria\/#webpage\",\"url\":\"https:\/\/www.visit-ulcinj.com\/blog\/2011\/11\/06\/dinosha-per-malesine-fjalen-e-fundit-e-ka-qeveria\/\",\"name\":\"Dinosha: P\u00ebr Mal\u00ebsin\u00eb fjal\u00ebn e fundit e ka qeveria - Lajme nga Ulqini\",\"isPartOf\":{\"@id\":\"https:\/\/www.visit-ulcinj.com\/blog\/#website\"},\"primaryImageOfPage\":{\"@id\":\"https:\/\/www.visit-ulcinj.com\/blog\/2011\/11\/06\/dinosha-per-malesine-fjalen-e-fundit-e-ka-qeveria\/#primaryimage\"},\"datePublished\":\"2011-11-06T10:59:57+00:00\",\"dateModified\":\"2011-11-06T11:09:29+00:00\",\"author\":{\"@id\":\"https:\/\/www.visit-ulcinj.com\/blog\/#\/schema\/person\/dcab619c614d3038751c63bc2aadc06d\"},\"description\":\"\\\"Ligji i ri p\u00ebr organizim territorial ka nene q\u00eb japin mund\u00ebsin\u00eb q\u00eb n\u00ebp\u00ebrmjet referendumit konsultativ t\u00eb vler\u00ebsoj\u00eb d\u00ebshir\u00ebn\u00a0 e qytetar\u00ebve p\u00ebr fitimin e\",\"breadcrumb\":{\"@id\":\"https:\/\/www.visit-ulcinj.com\/blog\/2011\/11\/06\/dinosha-per-malesine-fjalen-e-fundit-e-ka-qeveria\/#breadcrumb\"},\"inLanguage\":\"en-US\",\"potentialAction\":[{\"@type\":\"ReadAction\",\"target\":[\"https:\/\/www.visit-ulcinj.com\/blog\/2011\/11\/06\/dinosha-per-malesine-fjalen-e-fundit-e-ka-qeveria\/\"]}]},{\"@type\":\"BreadcrumbList\",\"@id\":\"https:\/\/www.visit-ulcinj.com\/blog\/2011\/11\/06\/dinosha-per-malesine-fjalen-e-fundit-e-ka-qeveria\/#breadcrumb\",\"itemListElement\":[{\"@type\":\"ListItem\",\"position\":1,\"name\":\"Dinosha: P\u00ebr Mal\u00ebsin\u00eb fjal\u00ebn e fundit e ka qeveria\"}]},{\"@type\":\"Person\",\"@id\":\"https:\/\/www.visit-ulcinj.com\/blog\/#\/schema\/person\/dcab619c614d3038751c63bc2aadc06d\",\"name\":\"ulqini\",\"sameAs\":[\"http:\/\/www.visit-ulcinj.com\"],\"url\":\"https:\/\/www.visit-ulcinj.com\/blog\/author\/admin\/\"}]}<\/script>\n<!-- \/ Yoast SEO plugin. -->","yoast_head_json":{"title":"Dinosha: P\u00ebr Mal\u00ebsin\u00eb fjal\u00ebn e fundit e ka qeveria - Lajme nga Ulqini","description":"\"Ligji i ri p\u00ebr organizim territorial ka nene q\u00eb japin mund\u00ebsin\u00eb q\u00eb n\u00ebp\u00ebrmjet referendumit konsultativ t\u00eb vler\u00ebsoj\u00eb d\u00ebshir\u00ebn\u00a0 e qytetar\u00ebve p\u00ebr fitimin e","robots":{"index":"index","follow":"follow","max-snippet":"max-snippet:-1","max-image-preview":"max-image-preview:large","max-video-preview":"max-video-preview:-1"},"canonical":"https:\/\/www.visit-ulcinj.com\/blog\/2011\/11\/06\/dinosha-per-malesine-fjalen-e-fundit-e-ka-qeveria\/","og_locale":"en_US","og_type":"article","og_title":"Dinosha: P\u00ebr Mal\u00ebsin\u00eb fjal\u00ebn e fundit e ka qeveria - Lajme nga Ulqini","og_description":"\"Ligji i ri p\u00ebr organizim territorial ka nene q\u00eb japin mund\u00ebsin\u00eb q\u00eb n\u00ebp\u00ebrmjet referendumit konsultativ t\u00eb vler\u00ebsoj\u00eb d\u00ebshir\u00ebn\u00a0 e qytetar\u00ebve p\u00ebr fitimin e","og_url":"https:\/\/www.visit-ulcinj.com\/blog\/2011\/11\/06\/dinosha-per-malesine-fjalen-e-fundit-e-ka-qeveria\/","og_site_name":"Lajme nga Ulqini","article_published_time":"2011-11-06T10:59:57+00:00","article_modified_time":"2011-11-06T11:09:29+00:00","og_image":[{"url":"http:\/\/www.visit-ulcinj.com\/blog\/wp-content\/uploads\/2011\/11\/Ferhat-Dinosha.jpg"}],"twitter_misc":{"Written by":"ulqini","Est. reading time":"1 minute"},"schema":{"@context":"https:\/\/schema.org","@graph":[{"@type":"WebSite","@id":"https:\/\/www.visit-ulcinj.com\/blog\/#website","url":"https:\/\/www.visit-ulcinj.com\/blog\/","name":"Lajme nga Ulqini","description":"Lajme,Vijesti,Ulqini,Ulqin,Crna Gora,Mali i Zi","potentialAction":[{"@type":"SearchAction","target":{"@type":"EntryPoint","urlTemplate":"https:\/\/www.visit-ulcinj.com\/blog\/?s={search_term_string}"},"query-input":"required name=search_term_string"}],"inLanguage":"en-US"},{"@type":"ImageObject","inLanguage":"en-US","@id":"https:\/\/www.visit-ulcinj.com\/blog\/2011\/11\/06\/dinosha-per-malesine-fjalen-e-fundit-e-ka-qeveria\/#primaryimage","url":"https:\/\/www.visit-ulcinj.com\/blog\/wp-content\/uploads\/2011\/11\/Ferhat-Dinosha.jpg","contentUrl":"https:\/\/www.visit-ulcinj.com\/blog\/wp-content\/uploads\/2011\/11\/Ferhat-Dinosha.jpg","width":"490","height":"294"},{"@type":"WebPage","@id":"https:\/\/www.visit-ulcinj.com\/blog\/2011\/11\/06\/dinosha-per-malesine-fjalen-e-fundit-e-ka-qeveria\/#webpage","url":"https:\/\/www.visit-ulcinj.com\/blog\/2011\/11\/06\/dinosha-per-malesine-fjalen-e-fundit-e-ka-qeveria\/","name":"Dinosha: P\u00ebr Mal\u00ebsin\u00eb fjal\u00ebn e fundit e ka qeveria - Lajme nga Ulqini","isPartOf":{"@id":"https:\/\/www.visit-ulcinj.com\/blog\/#website"},"primaryImageOfPage":{"@id":"https:\/\/www.visit-ulcinj.com\/blog\/2011\/11\/06\/dinosha-per-malesine-fjalen-e-fundit-e-ka-qeveria\/#primaryimage"},"datePublished":"2011-11-06T10:59:57+00:00","dateModified":"2011-11-06T11:09:29+00:00","author":{"@id":"https:\/\/www.visit-ulcinj.com\/blog\/#\/schema\/person\/dcab619c614d3038751c63bc2aadc06d"},"description":"\"Ligji i ri p\u00ebr organizim territorial ka nene q\u00eb japin mund\u00ebsin\u00eb q\u00eb n\u00ebp\u00ebrmjet referendumit konsultativ t\u00eb vler\u00ebsoj\u00eb d\u00ebshir\u00ebn\u00a0 e qytetar\u00ebve p\u00ebr fitimin e","breadcrumb":{"@id":"https:\/\/www.visit-ulcinj.com\/blog\/2011\/11\/06\/dinosha-per-malesine-fjalen-e-fundit-e-ka-qeveria\/#breadcrumb"},"inLanguage":"en-US","potentialAction":[{"@type":"ReadAction","target":["https:\/\/www.visit-ulcinj.com\/blog\/2011\/11\/06\/dinosha-per-malesine-fjalen-e-fundit-e-ka-qeveria\/"]}]},{"@type":"BreadcrumbList","@id":"https:\/\/www.visit-ulcinj.com\/blog\/2011\/11\/06\/dinosha-per-malesine-fjalen-e-fundit-e-ka-qeveria\/#breadcrumb","itemListElement":[{"@type":"ListItem","position":1,"name":"Dinosha: P\u00ebr Mal\u00ebsin\u00eb fjal\u00ebn e fundit e ka qeveria"}]},{"@type":"Person","@id":"https:\/\/www.visit-ulcinj.com\/blog\/#\/schema\/person\/dcab619c614d3038751c63bc2aadc06d","name":"ulqini","sameAs":["http:\/\/www.visit-ulcinj.com"],"url":"https:\/\/www.visit-ulcinj.com\/blog\/author\/admin\/"}]}},"jetpack_featured_media_url":"","jetpack_sharing_enabled":true,"jetpack_shortlink":"https:\/\/wp.me\/pe6lTn-dKY","_links":{"self":[{"href":"https:\/\/www.visit-ulcinj.com\/blog\/wp-json\/wp\/v2\/posts\/52884"}],"collection":[{"href":"https:\/\/www.visit-ulcinj.com\/blog\/wp-json\/wp\/v2\/posts"}],"about":[{"href":"https:\/\/www.visit-ulcinj.com\/blog\/wp-json\/wp\/v2\/types\/post"}],"author":[{"embeddable":true,"href":"https:\/\/www.visit-ulcinj.com\/blog\/wp-json\/wp\/v2\/users\/1"}],"replies":[{"embeddable":true,"href":"https:\/\/www.visit-ulcinj.com\/blog\/wp-json\/wp\/v2\/comments?post=52884"}],"version-history":[{"count":4,"href":"https:\/\/www.visit-ulcinj.com\/blog\/wp-json\/wp\/v2\/posts\/52884\/revisions"}],"predecessor-version":[{"id":52891,"href":"https:\/\/www.visit-ulcinj.com\/blog\/wp-json\/wp\/v2\/posts\/52884\/revisions\/52891"}],"wp:attachment":[{"href":"https:\/\/www.visit-ulcinj.com\/blog\/wp-json\/wp\/v2\/media?parent=52884"}],"wp:term":[{"taxonomy":"category","embeddable":true,"href":"https:\/\/www.visit-ulcinj.com\/blog\/wp-json\/wp\/v2\/categories?post=52884"},{"taxonomy":"post_tag","embeddable":true,"href":"https:\/\/www.visit-ulcinj.com\/blog\/wp-json\/wp\/v2\/tags?post=52884"}],"curies":[{"name":"wp","href":"https:\/\/api.w.org\/{rel}","templated":true}]}}