{"id":52892,"date":"2011-11-06T12:38:17","date_gmt":"2011-11-06T11:38:17","guid":{"rendered":"http:\/\/www.visit-ulcinj.com\/blog\/?p=52892"},"modified":"2011-11-06T12:38:17","modified_gmt":"2011-11-06T11:38:17","slug":"te-dhena-onomastike-dhe-demografike-per-shasin-nga-prof-dr-iljaz-rexha","status":"publish","type":"post","link":"https:\/\/www.visit-ulcinj.com\/blog\/2011\/11\/06\/te-dhena-onomastike-dhe-demografike-per-shasin-nga-prof-dr-iljaz-rexha\/","title":{"rendered":"T\u00eb dh\u00ebna onomastike dhe demografike p\u00ebr Shasin nga Prof.dr.Iljaz Rexha"},"content":{"rendered":"<p><strong><a href=\"http:\/\/www.visit-ulcinj.com\/blog\/wp-content\/uploads\/2011\/11\/Harta-e-vendbanimeve-te-nahijes-se-Bunes_-shkodres_ulqinit_ana-malit.jpg\"><img loading=\"lazy\" class=\"alignleft size-full wp-image-52893\" title=\"Harta e vendbanimeve te nahijes se Bunes_ shkodres_ulqinit_ana malit\" src=\"http:\/\/www.visit-ulcinj.com\/blog\/wp-content\/uploads\/2011\/11\/Harta-e-vendbanimeve-te-nahijes-se-Bunes_-shkodres_ulqinit_ana-malit.jpg\" alt=\"\" width=\"508\" height=\"380\" \/><\/a>T\u00eb dh\u00ebna onomastike dhe demografike p\u00ebr Shasin dhe vendbanimet e nahijes s\u00eb Bun\u00ebs s\u00eb P\u00ebrtejme sipas defter\u00ebve osman\u00eb t\u00eb shekujve XV dhe XVI (7)<\/strong><\/p>\n<p><strong>Disa vendbanime nuk ekzistojn\u00eb m\u00eb<\/strong><\/p>\n<p>Fshati Bukmir i Vog\u00ebl (K\u00fc\u00e7\u00fck) i takon\u00a0nahijes s\u00eb Bun\u00ebs s\u00eb P\u00ebrtejme. N\u00eb vitin\u00a01485 nuk ishte i regjistruar, nd\u00ebrsa n\u00eb\u00a0vitin 1582 ishte timar i Hasan Xhaferit,\u00a0mbrojt\u00ebs i kalas\u00eb s\u00eb Shkodr\u00ebs dhe\u00a0kishte 10 sht\u00ebpi me bashtina, 1 beqar\u00a0dhe 4 \u00e7ifligje, me k\u00ebta kryefamiljar\u00eb:\u00a0Kola Nika, Nadal Nika (beqar), Mark\u00a0Prushi, Bili Vasili, Pal Gjoni, Marin Mita,\u00a0Gjon Deda, Mark Dela, Ali Bisha (\u00e7ift),\u00a0Jusuf Biba (\u00e7ift), Mustafa Biba (\u00e7ift), Jusuf\u00a0Anxhuli (\u00e7ift), bashtina Andre Domina\u00a0n\u00eb zot\u00ebrim t\u00eb Josef At Gjonit, bashtina\u00a0Andre La\u00e7i n\u00eb zot\u00ebrim t\u00eb Vuka La\u00e7it.\u00a0Fshati Shurr i takon nahijes s\u00eb Bun\u00ebs\u00a0s\u00eb P\u00ebrtejme. N\u00eb vitin 1485 nuk ishte i\u00a0regjistruar, nd\u00ebrsa n\u00eb vitin 1582 ishte\u00a0timar i Ali Kolit dhe kishte 10 sht\u00ebpi me\u00a0bashtina, 1 beqar dhe 3 \u00e7ifligje, me k\u00ebta\u00a0kryefamiljar\u00eb: Bili Shurri, Vuka Shurri,\u00a0Lika Shurri, Doda Shurri, Prend Shurri,\u00a0Gec Shurri, Marin Shurri, Gjon Shurri,\u00a0Kurt Shurri (\u00e7ift), Pervane Shurri (\u00e7ift),\u00a0Gesa Shurri (beqar), bashtina Doda Lika\u00a0n\u00eb zot\u00ebrim t\u00eb Lika Pisha, bashtina Prend\u00a0Gjurka n\u00eb zot\u00ebrim t\u00eb banor\u00ebve t\u00eb fshatit\u00a0t\u00eb p\u00ebrmendur, Xhafer Doda (\u00e7ift).\u00a0Fshati Shiroka i takon nahijes s\u00eb Bun\u00ebs\u00a0s\u00eb P\u00ebrtejme. N\u00eb vitin 1485 nuk ishte i\u00a0regjistruar, nd\u00ebrsa n\u00eb vitin 1582 ishte\u00a0has i Sulltanit dhe kishte 115 sht\u00ebpi, 14\u00a0beqar\u00eb dhe 3 mysliman\u00eb me \u00e7ifligje.\u00a0Antroponomia e kryefamiljar\u00ebve t\u00eb k\u00ebtij\u00a0vendbanimi ishte krejt\u00ebsisht e sfer\u00ebs latino\u00a0\u2013 romane, me emra karakteristik\u00eb t\u00eb tradit\u00ebs s\u00eb krishter\u00eb shqiptare dhe 3\u00a0kryefamiljar\u00eb mbanin antroponimi islamo-\u00a0orientale: Hasan Mustafa (\u00e7ift), Pervani\u00a0Domi (\u00e7ift), Iskender Maroja (\u00e7ift).\u00a0Fshati Kaletza &#8211; Kalitza i takon nahijes s\u00eb\u00a0Bun\u00ebs s\u00eb P\u00ebrtejme. N\u00eb vitin 1485 kishte\u00a04 sht\u00ebpi me k\u00ebta kryefamiljar\u00eb: Lleshi &#8211; i\u00a0biri i Roshit, Uka &#8211; i biri i Burrit, Petri &#8211; i\u00a0biri i Kor\u00e7init, Dimitri &#8211; i biri i Surit.\u00a0Ky fshat n\u00eb vitin 1582 kishte 16 sht\u00ebpi\u00a0dhe 6 beqar\u00eb, me k\u00ebta kryefamiljar\u00eb:\u00a0Dida Geci, Kola Doda, Pal Gjika, Bisha\u00a0Gjika, Pepa Martini, Bisha Xhamazi,\u00a0Pren\u00e7 Marini, Prend Kola, Mari\u00e7 Kola, Pal\u00a0Andrea, Mida (Midha) Lika, Pisha Mida\u00a0&#8211; beqar, Nika Luka nga Merkodi, Prena\u00a0Vuknika, Prena Gjura Marka, Pren Nika\u00a0Gjuro, Pren Vuka Andrea, Pren Andrea\u00a0Vuka, Pren Jusuf Bisha me \u00e7iflig, Kasim\u00a0Ibrahimi me \u00e7iflig.\u00a0Fshati Valiza (Val\u00ebza &#8211; I.R) i takon nahijes\u00a0s\u00eb Bun\u00ebs s\u00eb P\u00ebrtejme. N\u00eb vitin 1485\u00a0kishte 8 sht\u00ebpi me k\u00ebta kryefamiljar\u00eb:\u00a0Kola Gjura, Gjon Galopi, Petri &#8211; i biri i\u00a0Goda-s, Gjon Kostiqi, Gjergj Pllumbi,\u00a0Gjergj Radoji, Dimiter Grada, Dimitri &#8211; i\u00a0biri i Stojanit.\u00a0Ky fshat n\u00eb vitin 1582 ishte timar i Mehmetit,\u00a0mbrojt\u00ebs i Kalas\u00eb s\u00eb Shkodr\u00ebs\u00a0dhe kishte 15 sht\u00ebpi me bashtina, 4 beqar\u00eb\u00a0me k\u00ebta kryefamiljar\u00eb: Sefer Gjoni\u00a0me \u00e7iflig, Xhafer Gjoni (benak), Marin\u00a0Gjoni, Ivan Marini, Mark Ivani (beqar),\u00a0Deda Ivani (beqar), Laka Kusixhi, Pervane\u00a0Kusixhi, Nadal Kusixhi, Andre\u00a0Kusixhi, Gjergj Kusixhi, Doda Toli, Xhon\u00a0Marka, Bisha Krysa, Ulk Bisha (beqar),\u00a0Gec Bisha (beqar), Prend Bisha (beqar), bashtina Hasan Krysa n\u00eb zot\u00ebrim\u00a0t\u00eb Deda Bulit, Lazar Kusixhi, Ilja Lazari,\u00a0Prend Ivani, bashtina Ulka Udina n\u00eb\u00a0zot\u00ebrim t\u00eb banor\u00ebve t\u00eb fshatit, Vuka Bisha.\u00a0Fshati Matesh &#8211; Manesh i takon nahijes\u00a0s\u00eb Bun\u00ebs s\u00eb P\u00ebrtejme. N\u00eb vitin 1485\u00a0kishte 5 sht\u00ebpi, me k\u00ebta kryefamiljar\u00eb:\u00a0Dimit\u00ebr Maneshi, Vasil Mateshi, Lazar\u00a0La\u00e7i, Mil Armeni, Mark Mati.\u00a0Ky fshat n\u00eb vitin 1582 \u00ebsht\u00eb sh\u00ebnuar me\u00a0form\u00ebn Matesh, si timar i Mehmet Dervishit\u00a0me ortak\u00eb dhe kishte 7 sht\u00ebpi, 7\u00a0beqar\u00eb, 5 \u00e7ifligje dhe 3 benak\u00eb, me k\u00ebta\u00a0kryefamiljar\u00eb: Memi Ivani (\u00e7ift), Ramadan\u00a0Memi (beqar), Hasan Kola (benak),\u00a0Hysein Kola (beqar), Mustafa Kola (\u00e7ift),\u00a0Ali Hasani (beqar), Mustafa Vasili (\u00e7ift),\u00a0Hysejn La\u00e7i (\u00e7ift), Sylejman La\u00e7i (benak),\u00a0Hasan Hysejni (beqar), Ahmet Zhuri\u00a0(\u00e7ift), Kurt Ahmeti (beqar), Kola Zhuri,\u00a0Qejvan, mysliman i ri (benak), Doda\u00a0Prendi, Kola Marki, Voka Martini, Bisha\u00a0Marki, Mark Gjoni, Kola Gika, Buto Marki (beqar), Hysein Maresha (beqar).\u00a0Fshati Dramosh i takon nahijes s\u00eb Bun\u00ebs\u00a0s\u00eb P\u00ebrtejme. N\u00eb vitin 1485 kishte 5 sht\u00ebpi\u00a0me k\u00ebta kryefamiljar\u00eb: Andrej &#8211; i biri i\u00a0Stojanit, Dimitri &#8211; i biri i Stojanit, Gjoni &#8211; i\u00a0biri i Galumit, Ulja &#8211; i biri i Igorit, Boga &#8211; i\u00a0biri i Galumit.\u00a0Ky fshat n\u00eb vitin 1582 kishte 11 sht\u00ebpi,\u00a04 beqar\u00eb, 5 \u00e7ifligje, me k\u00ebta kryefamiljar\u00eb:\u00a0Mustafa Kraja (\u00e7ift), Ibrahim Mustafa\u00a0(beqar), Pervane Galupi (\u00e7ift), Ali\u00a0Pervani (beqar), Xhafer Otoneri (?) me\u00a0\u00e7iflig, Sefer Gika (beqar), Daba Gika (beqar),\u00a0Mark Daba (beqar), Bisha Shirgji,\u00a0Andrea Bisha (beqar), Shirgji Bisha, Kola\u00a0Daba, Prend Daba, Gjon Prendi, Andrea\u00a0Prendi, bashtina Kola Gjoni n\u00eb zot\u00ebrim\u00a0t\u00eb Andre Mlikit, tani n\u00eb zot\u00ebrim t\u00eb Deda\u00a0Mlikit.\u00a0Fshati Muriqani i takon nahijes s\u00eb Bun\u00ebs\u00a0s\u00eb P\u00ebrtejme. N\u00eb vitin 1485 kishte vet\u00ebm\u00a01 sht\u00ebpi me kryefamiljarin Dom Miha\u00e7i.\u00a0Ky fshat n\u00eb vitin 1582 ishte timar i Ahmet\u00a0Siyavush pash\u00ebs (i ndjer\u00eb) dhe kishte 38 sht\u00ebpi me bashtina, 36 \u00e7ifligje, 5 beqar\u00eb\u00a0dhe 3 benak\u00eb, me k\u00ebta kryefamiljar\u00eb:\u00a0Jusuf Bushat (\u00e7ift), Mustafa Shirgji (\u00e7ift),\u00a0Mustafa Mu\u00e7ika (\u00e7ift), Sylejman Mu\u00e7ika\u00a0(beqar), Sefer Bushat (\u00e7ift), Mustafa\u00a0Prenda (\u00e7ift), Sefer Mu\u00e7ika (\u00e7ift), Sefer\u00a0Kopriva (benak), Hysen Piri (\u00e7ift), Hasan\u00a0Hyseni (beqar), Ahmet Dragoza (\u00e7ift),\u00a0Mustafa Gojxhini (\u00e7ift), Ferhat Gjoshiqi\u00a0(benak), Mustafa Ferhati (beqar), Sylejman\u00a0Mateshi (\u00e7ift), Hysen Sylejmani\u00a0(\u00e7ift), Mustafa Hyseni (\u00e7ift), Ali Gojani\u00a0(\u00e7ift), Pervane Shirgj (\u00e7ift), Mustafa\u00a0Pervane (beqar), Hasan Miha\u00e7iq (\u00e7ift),\u00a0Ali Hasani (\u00e7ift), Mehmet Ali (beqar),\u00a0Sefer Miha\u00e7iq (\u00e7ift), Iskender Mirushiq\u00a0(\u00e7ift), Behram Kaba (\u00e7ift), Mustafa Kaba\u00a0(benaf), Mehmet Bara (\u00e7ift), Sylejman\u00a0Kola (\u00e7ift), Gjon Bisha, Pal Mu\u00e7ika, Peca\u00a0Mu\u00e7ika (beqar), Merkod Mu\u00e7ika (beqar),\u00a0Kola Mu\u00e7ika, Pal Kola, Andre\u00a0Kola (beqar), Ulkash Miha\u00e7iq, Andre\u00a0Ulkashi, Nikiq Mariza, Luka Nikiq, Pal\u00a0Daba, Mark Pali, Kola Dab\u00e7a, Deda Miliq, Koka Mirushin, Bisha Mirushin\u00a0(beqar), Dush Miha\u00e7iq, Kriza (Krisa)\u00a0Gojuni, Kola Vojeva, Tom Mu\u00e7ika, Vuka\u00a0Lika, Doda Dodiq, Vuka Vuka (beqar),\u00a0Andrej Doda (beqar), Koka Bili, Mark\u00a0Koka (beqar), Ulkash Drena, Mark\u00a0Ulkashi (beqar), Mark Goj\u00e7ini, Ulkash\u00a0Petri, Merkod Ulkashi, bashtina Pal\u00a0Margjini n\u00eb zot\u00ebrim t\u00eb Mehmetit dhe\u00a0t\u00eb Mustafait me \u00e7iflig, Gjon Kraja,\u00a0bashtina Prend Milkit n\u00eb zot\u00ebrim t\u00eb\u00a0k\u00ebtij fshati, Kola Toma, bashtina Galiq\u00a0Murka n\u00eb zot\u00ebrim t\u00eb fshatit, bashtina\u00a0n\u00eb zot\u00ebrim t\u00eb Murat Galotit, tani n\u00eb\u00a0zot\u00ebrim t\u00eb Pervan\u00ebs, bashtina Andreja\u00a0Gjiritit n\u00eb zot\u00ebrim t\u00eb Ferhat Gjonilit,\u00a0bashtina Gjonesha n\u00eb zot\u00ebrim t\u00eb Veliut,\u00a0Prend Petri, Stefan Tushko, Vela\u00a0Miha\u00e7iq, Andre Mrika, Gjeka Vuka,\u00a0Biba Mirja, Pren\u00e7 Krysa, Kola Gjeka,\u00a0Proner \u2013 Prover (?) Dodeshi (\u00e7ift), Nasuh\u00a0Daba (\u00e7ift), \u00e7ifligu i Ali Mustaf\u00ebs (i\u00a0jep t\u00eb dhjetat vjetore), Kolin Dodeshi\u00a0(\u00e7ift).<\/p>\n<p><strong>Koha\u00a0 Javore<\/strong><br \/>\n<iframe loading=\"lazy\" frameborder=\"0\" width=\"508\" height=\"370\" src=\"http:\/\/www.dailymotion.com\/embed\/video\/ximomz\"><\/iframe><br \/><a href=\"http:\/\/www.dailymotion.com\/video\/ximomz_shasi-ilir-i-365-kishave-dokumentar-top-channel_travel\" target=\"_blank\">Shasi ilir i 365 kishave &#8211; dokumentar top channel<\/a> <i>par <a href=\"http:\/\/www.dailymotion.com\/LajmeNgaUlqini\" target=\"_blank\">LajmeNgaUlqini<\/a><\/i><\/p>\n","protected":false},"excerpt":{"rendered":"<p>T\u00eb dh\u00ebna onomastike dhe demografike p\u00ebr Shasin dhe vendbanimet e nahijes s\u00eb Bun\u00ebs s\u00eb P\u00ebrtejme sipas defter\u00ebve osman\u00eb t\u00eb shekujve XV dhe XVI (7) Disa vendbanime nuk ekzistojn\u00eb m\u00eb Fshati Bukmir i Vog\u00ebl (K\u00fc\u00e7\u00fck) i takon\u00a0nahijes s\u00eb Bun\u00ebs s\u00eb P\u00ebrtejme. N\u00eb vitin\u00a01485 nuk ishte i regjistruar, nd\u00ebrsa n\u00eb\u00a0vitin 1582 ishte timar i Hasan Xhaferit,\u00a0mbrojt\u00ebs i [&hellip;]<\/p>\n","protected":false},"author":1,"featured_media":0,"comment_status":"open","ping_status":"closed","sticky":false,"template":"","format":"standard","meta":{"spay_email":"","jetpack_publicize_message":"","jetpack_is_tweetstorm":false,"jetpack_publicize_feature_enabled":true},"categories":[14249],"tags":[19401,3231,3617,18],"jetpack_publicize_connections":[],"yoast_head":"<!-- This site is optimized with the Yoast SEO plugin v19.1 - https:\/\/yoast.com\/wordpress\/plugins\/seo\/ -->\n<title>T\u00eb dh\u00ebna onomastike dhe demografike p\u00ebr Shasin nga Prof.dr.Iljaz Rexha - Lajme nga Ulqini<\/title>\n<meta name=\"description\" content=\"T\u00eb dh\u00ebna onomastike dhe demografike p\u00ebr Shasin dhe vendbanimet e nahijes s\u00eb Bun\u00ebs s\u00eb P\u00ebrtejme sipas defter\u00ebve osman\u00eb t\u00eb shekujve XV dhe XVI (7) Disa\" \/>\n<meta name=\"robots\" content=\"index, follow, max-snippet:-1, max-image-preview:large, max-video-preview:-1\" \/>\n<link rel=\"canonical\" href=\"https:\/\/www.visit-ulcinj.com\/blog\/2011\/11\/06\/te-dhena-onomastike-dhe-demografike-per-shasin-nga-prof-dr-iljaz-rexha\/\" \/>\n<meta property=\"og:locale\" content=\"en_US\" \/>\n<meta property=\"og:type\" content=\"article\" \/>\n<meta property=\"og:title\" content=\"T\u00eb dh\u00ebna onomastike dhe demografike p\u00ebr Shasin nga Prof.dr.Iljaz Rexha - Lajme nga Ulqini\" \/>\n<meta property=\"og:description\" content=\"T\u00eb dh\u00ebna onomastike dhe demografike p\u00ebr Shasin dhe vendbanimet e nahijes s\u00eb Bun\u00ebs s\u00eb P\u00ebrtejme sipas defter\u00ebve osman\u00eb t\u00eb shekujve XV dhe XVI (7) Disa\" \/>\n<meta property=\"og:url\" content=\"https:\/\/www.visit-ulcinj.com\/blog\/2011\/11\/06\/te-dhena-onomastike-dhe-demografike-per-shasin-nga-prof-dr-iljaz-rexha\/\" \/>\n<meta property=\"og:site_name\" content=\"Lajme nga Ulqini\" \/>\n<meta property=\"article:published_time\" content=\"2011-11-06T11:38:17+00:00\" \/>\n<meta property=\"og:image\" content=\"http:\/\/www.visit-ulcinj.com\/blog\/wp-content\/uploads\/2011\/11\/Harta-e-vendbanimeve-te-nahijes-se-Bunes_-shkodres_ulqinit_ana-malit.jpg\" \/>\n<meta name=\"twitter:label1\" content=\"Written by\" \/>\n\t<meta name=\"twitter:data1\" content=\"ulqini\" \/>\n\t<meta name=\"twitter:label2\" content=\"Est. reading time\" \/>\n\t<meta name=\"twitter:data2\" content=\"6 minutes\" \/>\n<script type=\"application\/ld+json\" class=\"yoast-schema-graph\">{\"@context\":\"https:\/\/schema.org\",\"@graph\":[{\"@type\":\"WebSite\",\"@id\":\"https:\/\/www.visit-ulcinj.com\/blog\/#website\",\"url\":\"https:\/\/www.visit-ulcinj.com\/blog\/\",\"name\":\"Lajme nga Ulqini\",\"description\":\"Lajme,Vijesti,Ulqini,Ulqin,Crna Gora,Mali i Zi\",\"potentialAction\":[{\"@type\":\"SearchAction\",\"target\":{\"@type\":\"EntryPoint\",\"urlTemplate\":\"https:\/\/www.visit-ulcinj.com\/blog\/?s={search_term_string}\"},\"query-input\":\"required name=search_term_string\"}],\"inLanguage\":\"en-US\"},{\"@type\":\"ImageObject\",\"inLanguage\":\"en-US\",\"@id\":\"https:\/\/www.visit-ulcinj.com\/blog\/2011\/11\/06\/te-dhena-onomastike-dhe-demografike-per-shasin-nga-prof-dr-iljaz-rexha\/#primaryimage\",\"url\":\"https:\/\/www.visit-ulcinj.com\/blog\/wp-content\/uploads\/2011\/11\/Harta-e-vendbanimeve-te-nahijes-se-Bunes_-shkodres_ulqinit_ana-malit.jpg\",\"contentUrl\":\"https:\/\/www.visit-ulcinj.com\/blog\/wp-content\/uploads\/2011\/11\/Harta-e-vendbanimeve-te-nahijes-se-Bunes_-shkodres_ulqinit_ana-malit.jpg\",\"width\":\"985\",\"height\":\"703\"},{\"@type\":\"WebPage\",\"@id\":\"https:\/\/www.visit-ulcinj.com\/blog\/2011\/11\/06\/te-dhena-onomastike-dhe-demografike-per-shasin-nga-prof-dr-iljaz-rexha\/#webpage\",\"url\":\"https:\/\/www.visit-ulcinj.com\/blog\/2011\/11\/06\/te-dhena-onomastike-dhe-demografike-per-shasin-nga-prof-dr-iljaz-rexha\/\",\"name\":\"T\u00eb dh\u00ebna onomastike dhe demografike p\u00ebr Shasin nga Prof.dr.Iljaz Rexha - Lajme nga Ulqini\",\"isPartOf\":{\"@id\":\"https:\/\/www.visit-ulcinj.com\/blog\/#website\"},\"primaryImageOfPage\":{\"@id\":\"https:\/\/www.visit-ulcinj.com\/blog\/2011\/11\/06\/te-dhena-onomastike-dhe-demografike-per-shasin-nga-prof-dr-iljaz-rexha\/#primaryimage\"},\"datePublished\":\"2011-11-06T11:38:17+00:00\",\"dateModified\":\"2011-11-06T11:38:17+00:00\",\"author\":{\"@id\":\"https:\/\/www.visit-ulcinj.com\/blog\/#\/schema\/person\/dcab619c614d3038751c63bc2aadc06d\"},\"description\":\"T\u00eb dh\u00ebna onomastike dhe demografike p\u00ebr Shasin dhe vendbanimet e nahijes s\u00eb Bun\u00ebs s\u00eb P\u00ebrtejme sipas defter\u00ebve osman\u00eb t\u00eb shekujve XV dhe XVI (7) Disa\",\"breadcrumb\":{\"@id\":\"https:\/\/www.visit-ulcinj.com\/blog\/2011\/11\/06\/te-dhena-onomastike-dhe-demografike-per-shasin-nga-prof-dr-iljaz-rexha\/#breadcrumb\"},\"inLanguage\":\"en-US\",\"potentialAction\":[{\"@type\":\"ReadAction\",\"target\":[\"https:\/\/www.visit-ulcinj.com\/blog\/2011\/11\/06\/te-dhena-onomastike-dhe-demografike-per-shasin-nga-prof-dr-iljaz-rexha\/\"]}]},{\"@type\":\"BreadcrumbList\",\"@id\":\"https:\/\/www.visit-ulcinj.com\/blog\/2011\/11\/06\/te-dhena-onomastike-dhe-demografike-per-shasin-nga-prof-dr-iljaz-rexha\/#breadcrumb\",\"itemListElement\":[{\"@type\":\"ListItem\",\"position\":1,\"name\":\"T\u00eb dh\u00ebna onomastike dhe demografike p\u00ebr Shasin nga Prof.dr.Iljaz Rexha\"}]},{\"@type\":\"Person\",\"@id\":\"https:\/\/www.visit-ulcinj.com\/blog\/#\/schema\/person\/dcab619c614d3038751c63bc2aadc06d\",\"name\":\"ulqini\",\"sameAs\":[\"http:\/\/www.visit-ulcinj.com\"],\"url\":\"https:\/\/www.visit-ulcinj.com\/blog\/author\/admin\/\"}]}<\/script>\n<!-- \/ Yoast SEO plugin. -->","yoast_head_json":{"title":"T\u00eb dh\u00ebna onomastike dhe demografike p\u00ebr Shasin nga Prof.dr.Iljaz Rexha - Lajme nga Ulqini","description":"T\u00eb dh\u00ebna onomastike dhe demografike p\u00ebr Shasin dhe vendbanimet e nahijes s\u00eb Bun\u00ebs s\u00eb P\u00ebrtejme sipas defter\u00ebve osman\u00eb t\u00eb shekujve XV dhe XVI (7) Disa","robots":{"index":"index","follow":"follow","max-snippet":"max-snippet:-1","max-image-preview":"max-image-preview:large","max-video-preview":"max-video-preview:-1"},"canonical":"https:\/\/www.visit-ulcinj.com\/blog\/2011\/11\/06\/te-dhena-onomastike-dhe-demografike-per-shasin-nga-prof-dr-iljaz-rexha\/","og_locale":"en_US","og_type":"article","og_title":"T\u00eb dh\u00ebna onomastike dhe demografike p\u00ebr Shasin nga Prof.dr.Iljaz Rexha - Lajme nga Ulqini","og_description":"T\u00eb dh\u00ebna onomastike dhe demografike p\u00ebr Shasin dhe vendbanimet e nahijes s\u00eb Bun\u00ebs s\u00eb P\u00ebrtejme sipas defter\u00ebve osman\u00eb t\u00eb shekujve XV dhe XVI (7) Disa","og_url":"https:\/\/www.visit-ulcinj.com\/blog\/2011\/11\/06\/te-dhena-onomastike-dhe-demografike-per-shasin-nga-prof-dr-iljaz-rexha\/","og_site_name":"Lajme nga Ulqini","article_published_time":"2011-11-06T11:38:17+00:00","og_image":[{"url":"http:\/\/www.visit-ulcinj.com\/blog\/wp-content\/uploads\/2011\/11\/Harta-e-vendbanimeve-te-nahijes-se-Bunes_-shkodres_ulqinit_ana-malit.jpg"}],"twitter_misc":{"Written by":"ulqini","Est. reading time":"6 minutes"},"schema":{"@context":"https:\/\/schema.org","@graph":[{"@type":"WebSite","@id":"https:\/\/www.visit-ulcinj.com\/blog\/#website","url":"https:\/\/www.visit-ulcinj.com\/blog\/","name":"Lajme nga Ulqini","description":"Lajme,Vijesti,Ulqini,Ulqin,Crna Gora,Mali i Zi","potentialAction":[{"@type":"SearchAction","target":{"@type":"EntryPoint","urlTemplate":"https:\/\/www.visit-ulcinj.com\/blog\/?s={search_term_string}"},"query-input":"required name=search_term_string"}],"inLanguage":"en-US"},{"@type":"ImageObject","inLanguage":"en-US","@id":"https:\/\/www.visit-ulcinj.com\/blog\/2011\/11\/06\/te-dhena-onomastike-dhe-demografike-per-shasin-nga-prof-dr-iljaz-rexha\/#primaryimage","url":"https:\/\/www.visit-ulcinj.com\/blog\/wp-content\/uploads\/2011\/11\/Harta-e-vendbanimeve-te-nahijes-se-Bunes_-shkodres_ulqinit_ana-malit.jpg","contentUrl":"https:\/\/www.visit-ulcinj.com\/blog\/wp-content\/uploads\/2011\/11\/Harta-e-vendbanimeve-te-nahijes-se-Bunes_-shkodres_ulqinit_ana-malit.jpg","width":"985","height":"703"},{"@type":"WebPage","@id":"https:\/\/www.visit-ulcinj.com\/blog\/2011\/11\/06\/te-dhena-onomastike-dhe-demografike-per-shasin-nga-prof-dr-iljaz-rexha\/#webpage","url":"https:\/\/www.visit-ulcinj.com\/blog\/2011\/11\/06\/te-dhena-onomastike-dhe-demografike-per-shasin-nga-prof-dr-iljaz-rexha\/","name":"T\u00eb dh\u00ebna onomastike dhe demografike p\u00ebr Shasin nga Prof.dr.Iljaz Rexha - Lajme nga Ulqini","isPartOf":{"@id":"https:\/\/www.visit-ulcinj.com\/blog\/#website"},"primaryImageOfPage":{"@id":"https:\/\/www.visit-ulcinj.com\/blog\/2011\/11\/06\/te-dhena-onomastike-dhe-demografike-per-shasin-nga-prof-dr-iljaz-rexha\/#primaryimage"},"datePublished":"2011-11-06T11:38:17+00:00","dateModified":"2011-11-06T11:38:17+00:00","author":{"@id":"https:\/\/www.visit-ulcinj.com\/blog\/#\/schema\/person\/dcab619c614d3038751c63bc2aadc06d"},"description":"T\u00eb dh\u00ebna onomastike dhe demografike p\u00ebr Shasin dhe vendbanimet e nahijes s\u00eb Bun\u00ebs s\u00eb P\u00ebrtejme sipas defter\u00ebve osman\u00eb t\u00eb shekujve XV dhe XVI (7) Disa","breadcrumb":{"@id":"https:\/\/www.visit-ulcinj.com\/blog\/2011\/11\/06\/te-dhena-onomastike-dhe-demografike-per-shasin-nga-prof-dr-iljaz-rexha\/#breadcrumb"},"inLanguage":"en-US","potentialAction":[{"@type":"ReadAction","target":["https:\/\/www.visit-ulcinj.com\/blog\/2011\/11\/06\/te-dhena-onomastike-dhe-demografike-per-shasin-nga-prof-dr-iljaz-rexha\/"]}]},{"@type":"BreadcrumbList","@id":"https:\/\/www.visit-ulcinj.com\/blog\/2011\/11\/06\/te-dhena-onomastike-dhe-demografike-per-shasin-nga-prof-dr-iljaz-rexha\/#breadcrumb","itemListElement":[{"@type":"ListItem","position":1,"name":"T\u00eb dh\u00ebna onomastike dhe demografike p\u00ebr Shasin nga Prof.dr.Iljaz Rexha"}]},{"@type":"Person","@id":"https:\/\/www.visit-ulcinj.com\/blog\/#\/schema\/person\/dcab619c614d3038751c63bc2aadc06d","name":"ulqini","sameAs":["http:\/\/www.visit-ulcinj.com"],"url":"https:\/\/www.visit-ulcinj.com\/blog\/author\/admin\/"}]}},"jetpack_featured_media_url":"","jetpack_sharing_enabled":true,"jetpack_shortlink":"https:\/\/wp.me\/pe6lTn-dL6","_links":{"self":[{"href":"https:\/\/www.visit-ulcinj.com\/blog\/wp-json\/wp\/v2\/posts\/52892"}],"collection":[{"href":"https:\/\/www.visit-ulcinj.com\/blog\/wp-json\/wp\/v2\/posts"}],"about":[{"href":"https:\/\/www.visit-ulcinj.com\/blog\/wp-json\/wp\/v2\/types\/post"}],"author":[{"embeddable":true,"href":"https:\/\/www.visit-ulcinj.com\/blog\/wp-json\/wp\/v2\/users\/1"}],"replies":[{"embeddable":true,"href":"https:\/\/www.visit-ulcinj.com\/blog\/wp-json\/wp\/v2\/comments?post=52892"}],"version-history":[{"count":1,"href":"https:\/\/www.visit-ulcinj.com\/blog\/wp-json\/wp\/v2\/posts\/52892\/revisions"}],"predecessor-version":[{"id":52894,"href":"https:\/\/www.visit-ulcinj.com\/blog\/wp-json\/wp\/v2\/posts\/52892\/revisions\/52894"}],"wp:attachment":[{"href":"https:\/\/www.visit-ulcinj.com\/blog\/wp-json\/wp\/v2\/media?parent=52892"}],"wp:term":[{"taxonomy":"category","embeddable":true,"href":"https:\/\/www.visit-ulcinj.com\/blog\/wp-json\/wp\/v2\/categories?post=52892"},{"taxonomy":"post_tag","embeddable":true,"href":"https:\/\/www.visit-ulcinj.com\/blog\/wp-json\/wp\/v2\/tags?post=52892"}],"curies":[{"name":"wp","href":"https:\/\/api.w.org\/{rel}","templated":true}]}}