{"id":52898,"date":"2011-11-07T09:04:59","date_gmt":"2011-11-07T08:04:59","guid":{"rendered":"http:\/\/www.visit-ulcinj.com\/blog\/?p=52898"},"modified":"2011-11-07T09:04:59","modified_gmt":"2011-11-07T08:04:59","slug":"nimanbegu-srpski-savjet-neposteno-uzima-pare-manjina","status":"publish","type":"post","link":"https:\/\/www.visit-ulcinj.com\/blog\/2011\/11\/07\/nimanbegu-srpski-savjet-neposteno-uzima-pare-manjina\/","title":{"rendered":"Nimanbegu: Srpski savjet nepo\u0161teno uzima pare manjina"},"content":{"rendered":"<p><a href=\"http:\/\/www.visit-ulcinj.com\/blog\/wp-content\/uploads\/2011\/11\/Genci-Nimanbegu_Forca_Ulcinj.jpg\"><img loading=\"lazy\" class=\"alignleft size-full wp-image-52899\" title=\"Genci Nimanbegu_Forca_Ulcinj\" src=\"http:\/\/www.visit-ulcinj.com\/blog\/wp-content\/uploads\/2011\/11\/Genci-Nimanbegu_Forca_Ulcinj.jpg\" alt=\"\" width=\"340\" height=\"460\" \/><\/a>Srpski nacionalni savjet nepo\u0161teno uzima novac <a href=\"http:\/\/www.fzm.me\/Konkursi%20PDF\/ODLUKAORASPODJELISREDSTAVAFONDAZAMANJINE%20ZA%202011.GODINU.pdf\" target=\"_blank\"><strong>Fonda za manjine<\/strong><\/a> koji pripada pravim manjinskim zajednicama u Crnoj Gori, rekao je u intervjuu za \u201eDan\u201c poslanik Force Genci Nimanbegu. On isti\u010de da krivac za to nije Upravni odbor Fonda, ve\u0107 vlast koja je kreirala lo\u0161a zakonska rje\u0161enja.<\/p>\n<p>&#8211; Ovogodi\u0161nja raspodjela se ne razlikuje ni\u0161ta od dosada\u0161njih kada su u pitanju sredstva <a href=\"http:\/\/www.fzm.me\/Konkursi%20PDF\/ODLUKAORASPODJELISREDSTAVAFONDAZAMANJINE%20ZA%202011.GODINU.pdf\" target=\"_blank\"><strong>Fonda namijenjena manjinskim zajednicama<\/strong><\/a>. Vi\u0161egodi\u0161nje izbjegavanje vladaju\u0107e koalicije da jasno poka\u017ee svoje politi\u010dke ciljeve i vizije dovelo je do toga da se nije nikada definisalo koji su manjinski narodi u Crnoj Gori. To je dovelo do toga da Srpski nacionalni savjet, nepo\u0161teno, uzima sredstva drugum, pravim manjinama, kazao je Nimanbegu.<\/p>\n<p>On je naveo da za to ne krivi \u010dlanove Upravnog odbora, ve\u0107 zakonska rje\u0161enja koa su ovo omogu\u0107ila.<\/p>\n<p>&#8211; A zna se ko su kreatori tih rje\u0161enja, opet vlast, a izvr\u0161ilac je DUA.Vjerovatno je trebalo jo\u0161 ranije donijeti odluku da se ne u\u0107\u010destvuje u radu Fonda dok god se novac dijeli i Srpskom nacionalnom savjetu, naveo je poslanik Force.<\/p>\n<p>Podsjetimo,<a href=\"http:\/\/www.fzm.me\/Konkursi%20PDF\/ODLUKAORASPODJELISREDSTAVAFONDAZAMANJINE%20ZA%202011.GODINU.pdf\" target=\"_blank\"><strong> Upravni odbor Fonda za manjine<\/strong><\/a>, naovogodi\u0161njemkonkursu raspodijelio je 800 hiljada eura, od \u010dega Srpskomsavjetu i \u201eDru\u0161tvu za ravnopravnost i toleranciju\u201c kojima rukovodi Mom\u010dilo Vuksanovi\u0107 preko 300 hiljada eura, a130 hiljada projektima Bo\u0161njaka\/ Muslimana, preko 35 hiljada albanskim organizacijama, i oko 60 hiljada eura romskim udru\u017eenjima.<\/p>\n<p><a href=\"http:\/\/www.portalanalitika.me\/politika\/vijesti\/41941-nimanbegu-srpski-savjet-nepoteno-uzima-pare-manjina.html\" target=\"_blank\"><strong>Izvor:DAN &#8211; Analitika<\/strong><\/a><\/p>\n","protected":false},"excerpt":{"rendered":"<p>Srpski nacionalni savjet nepo\u0161teno uzima novac Fonda za manjine koji pripada pravim manjinskim zajednicama u Crnoj Gori, rekao je u intervjuu za \u201eDan\u201c poslanik Force Genci Nimanbegu. On isti\u010de da krivac za to nije Upravni odbor Fonda, ve\u0107 vlast koja je kreirala lo\u0161a zakonska rje\u0161enja. &#8211; Ovogodi\u0161nja raspodjela se ne razlikuje ni\u0161ta od dosada\u0161njih kada [&hellip;]<\/p>\n","protected":false},"author":1,"featured_media":0,"comment_status":"open","ping_status":"closed","sticky":false,"template":"","format":"standard","meta":{"spay_email":"","jetpack_publicize_message":"","jetpack_is_tweetstorm":false,"jetpack_publicize_feature_enabled":true},"categories":[8337],"tags":[1073,16881,19],"jetpack_publicize_connections":[],"yoast_head":"<!-- This site is optimized with the Yoast SEO plugin v19.1 - https:\/\/yoast.com\/wordpress\/plugins\/seo\/ -->\n<title>Nimanbegu: Srpski savjet nepo\u0161teno uzima pare manjina - Lajme nga Ulqini<\/title>\n<meta name=\"description\" content=\"Srpski nacionalni savjet nepo\u0161teno uzima novac Fonda za manjine koji pripada pravim manjinskim zajednicama u Crnoj Gori, rekao je u intervjuu za \u201eDan\u201c\" \/>\n<meta name=\"robots\" content=\"index, follow, max-snippet:-1, max-image-preview:large, max-video-preview:-1\" \/>\n<link rel=\"canonical\" href=\"https:\/\/www.visit-ulcinj.com\/blog\/2011\/11\/07\/nimanbegu-srpski-savjet-neposteno-uzima-pare-manjina\/\" \/>\n<meta property=\"og:locale\" content=\"en_US\" \/>\n<meta property=\"og:type\" content=\"article\" \/>\n<meta property=\"og:title\" content=\"Nimanbegu: Srpski savjet nepo\u0161teno uzima pare manjina - Lajme nga Ulqini\" \/>\n<meta property=\"og:description\" content=\"Srpski nacionalni savjet nepo\u0161teno uzima novac Fonda za manjine koji pripada pravim manjinskim zajednicama u Crnoj Gori, rekao je u intervjuu za \u201eDan\u201c\" \/>\n<meta property=\"og:url\" content=\"https:\/\/www.visit-ulcinj.com\/blog\/2011\/11\/07\/nimanbegu-srpski-savjet-neposteno-uzima-pare-manjina\/\" \/>\n<meta property=\"og:site_name\" content=\"Lajme nga Ulqini\" \/>\n<meta property=\"article:published_time\" content=\"2011-11-07T08:04:59+00:00\" \/>\n<meta property=\"og:image\" content=\"http:\/\/www.visit-ulcinj.com\/blog\/wp-content\/uploads\/2011\/11\/Genci-Nimanbegu_Forca_Ulcinj.jpg\" \/>\n<meta name=\"twitter:label1\" content=\"Written by\" \/>\n\t<meta name=\"twitter:data1\" content=\"ulqini\" \/>\n\t<meta name=\"twitter:label2\" content=\"Est. reading time\" \/>\n\t<meta name=\"twitter:data2\" content=\"1 minute\" \/>\n<script type=\"application\/ld+json\" class=\"yoast-schema-graph\">{\"@context\":\"https:\/\/schema.org\",\"@graph\":[{\"@type\":\"WebSite\",\"@id\":\"https:\/\/www.visit-ulcinj.com\/blog\/#website\",\"url\":\"https:\/\/www.visit-ulcinj.com\/blog\/\",\"name\":\"Lajme nga Ulqini\",\"description\":\"Lajme,Vijesti,Ulqini,Ulqin,Crna Gora,Mali i Zi\",\"potentialAction\":[{\"@type\":\"SearchAction\",\"target\":{\"@type\":\"EntryPoint\",\"urlTemplate\":\"https:\/\/www.visit-ulcinj.com\/blog\/?s={search_term_string}\"},\"query-input\":\"required name=search_term_string\"}],\"inLanguage\":\"en-US\"},{\"@type\":\"ImageObject\",\"inLanguage\":\"en-US\",\"@id\":\"https:\/\/www.visit-ulcinj.com\/blog\/2011\/11\/07\/nimanbegu-srpski-savjet-neposteno-uzima-pare-manjina\/#primaryimage\",\"url\":\"https:\/\/www.visit-ulcinj.com\/blog\/wp-content\/uploads\/2011\/11\/Genci-Nimanbegu_Forca_Ulcinj.jpg\",\"contentUrl\":\"https:\/\/www.visit-ulcinj.com\/blog\/wp-content\/uploads\/2011\/11\/Genci-Nimanbegu_Forca_Ulcinj.jpg\",\"width\":\"509\",\"height\":\"620\"},{\"@type\":\"WebPage\",\"@id\":\"https:\/\/www.visit-ulcinj.com\/blog\/2011\/11\/07\/nimanbegu-srpski-savjet-neposteno-uzima-pare-manjina\/#webpage\",\"url\":\"https:\/\/www.visit-ulcinj.com\/blog\/2011\/11\/07\/nimanbegu-srpski-savjet-neposteno-uzima-pare-manjina\/\",\"name\":\"Nimanbegu: Srpski savjet nepo\u0161teno uzima pare manjina - Lajme nga Ulqini\",\"isPartOf\":{\"@id\":\"https:\/\/www.visit-ulcinj.com\/blog\/#website\"},\"primaryImageOfPage\":{\"@id\":\"https:\/\/www.visit-ulcinj.com\/blog\/2011\/11\/07\/nimanbegu-srpski-savjet-neposteno-uzima-pare-manjina\/#primaryimage\"},\"datePublished\":\"2011-11-07T08:04:59+00:00\",\"dateModified\":\"2011-11-07T08:04:59+00:00\",\"author\":{\"@id\":\"https:\/\/www.visit-ulcinj.com\/blog\/#\/schema\/person\/dcab619c614d3038751c63bc2aadc06d\"},\"description\":\"Srpski nacionalni savjet nepo\u0161teno uzima novac Fonda za manjine koji pripada pravim manjinskim zajednicama u Crnoj Gori, rekao je u intervjuu za \u201eDan\u201c\",\"breadcrumb\":{\"@id\":\"https:\/\/www.visit-ulcinj.com\/blog\/2011\/11\/07\/nimanbegu-srpski-savjet-neposteno-uzima-pare-manjina\/#breadcrumb\"},\"inLanguage\":\"en-US\",\"potentialAction\":[{\"@type\":\"ReadAction\",\"target\":[\"https:\/\/www.visit-ulcinj.com\/blog\/2011\/11\/07\/nimanbegu-srpski-savjet-neposteno-uzima-pare-manjina\/\"]}]},{\"@type\":\"BreadcrumbList\",\"@id\":\"https:\/\/www.visit-ulcinj.com\/blog\/2011\/11\/07\/nimanbegu-srpski-savjet-neposteno-uzima-pare-manjina\/#breadcrumb\",\"itemListElement\":[{\"@type\":\"ListItem\",\"position\":1,\"name\":\"Nimanbegu: Srpski savjet nepo\u0161teno uzima pare manjina\"}]},{\"@type\":\"Person\",\"@id\":\"https:\/\/www.visit-ulcinj.com\/blog\/#\/schema\/person\/dcab619c614d3038751c63bc2aadc06d\",\"name\":\"ulqini\",\"sameAs\":[\"http:\/\/www.visit-ulcinj.com\"],\"url\":\"https:\/\/www.visit-ulcinj.com\/blog\/author\/admin\/\"}]}<\/script>\n<!-- \/ Yoast SEO plugin. -->","yoast_head_json":{"title":"Nimanbegu: Srpski savjet nepo\u0161teno uzima pare manjina - Lajme nga Ulqini","description":"Srpski nacionalni savjet nepo\u0161teno uzima novac Fonda za manjine koji pripada pravim manjinskim zajednicama u Crnoj Gori, rekao je u intervjuu za \u201eDan\u201c","robots":{"index":"index","follow":"follow","max-snippet":"max-snippet:-1","max-image-preview":"max-image-preview:large","max-video-preview":"max-video-preview:-1"},"canonical":"https:\/\/www.visit-ulcinj.com\/blog\/2011\/11\/07\/nimanbegu-srpski-savjet-neposteno-uzima-pare-manjina\/","og_locale":"en_US","og_type":"article","og_title":"Nimanbegu: Srpski savjet nepo\u0161teno uzima pare manjina - Lajme nga Ulqini","og_description":"Srpski nacionalni savjet nepo\u0161teno uzima novac Fonda za manjine koji pripada pravim manjinskim zajednicama u Crnoj Gori, rekao je u intervjuu za \u201eDan\u201c","og_url":"https:\/\/www.visit-ulcinj.com\/blog\/2011\/11\/07\/nimanbegu-srpski-savjet-neposteno-uzima-pare-manjina\/","og_site_name":"Lajme nga Ulqini","article_published_time":"2011-11-07T08:04:59+00:00","og_image":[{"url":"http:\/\/www.visit-ulcinj.com\/blog\/wp-content\/uploads\/2011\/11\/Genci-Nimanbegu_Forca_Ulcinj.jpg"}],"twitter_misc":{"Written by":"ulqini","Est. reading time":"1 minute"},"schema":{"@context":"https:\/\/schema.org","@graph":[{"@type":"WebSite","@id":"https:\/\/www.visit-ulcinj.com\/blog\/#website","url":"https:\/\/www.visit-ulcinj.com\/blog\/","name":"Lajme nga Ulqini","description":"Lajme,Vijesti,Ulqini,Ulqin,Crna Gora,Mali i Zi","potentialAction":[{"@type":"SearchAction","target":{"@type":"EntryPoint","urlTemplate":"https:\/\/www.visit-ulcinj.com\/blog\/?s={search_term_string}"},"query-input":"required name=search_term_string"}],"inLanguage":"en-US"},{"@type":"ImageObject","inLanguage":"en-US","@id":"https:\/\/www.visit-ulcinj.com\/blog\/2011\/11\/07\/nimanbegu-srpski-savjet-neposteno-uzima-pare-manjina\/#primaryimage","url":"https:\/\/www.visit-ulcinj.com\/blog\/wp-content\/uploads\/2011\/11\/Genci-Nimanbegu_Forca_Ulcinj.jpg","contentUrl":"https:\/\/www.visit-ulcinj.com\/blog\/wp-content\/uploads\/2011\/11\/Genci-Nimanbegu_Forca_Ulcinj.jpg","width":"509","height":"620"},{"@type":"WebPage","@id":"https:\/\/www.visit-ulcinj.com\/blog\/2011\/11\/07\/nimanbegu-srpski-savjet-neposteno-uzima-pare-manjina\/#webpage","url":"https:\/\/www.visit-ulcinj.com\/blog\/2011\/11\/07\/nimanbegu-srpski-savjet-neposteno-uzima-pare-manjina\/","name":"Nimanbegu: Srpski savjet nepo\u0161teno uzima pare manjina - Lajme nga Ulqini","isPartOf":{"@id":"https:\/\/www.visit-ulcinj.com\/blog\/#website"},"primaryImageOfPage":{"@id":"https:\/\/www.visit-ulcinj.com\/blog\/2011\/11\/07\/nimanbegu-srpski-savjet-neposteno-uzima-pare-manjina\/#primaryimage"},"datePublished":"2011-11-07T08:04:59+00:00","dateModified":"2011-11-07T08:04:59+00:00","author":{"@id":"https:\/\/www.visit-ulcinj.com\/blog\/#\/schema\/person\/dcab619c614d3038751c63bc2aadc06d"},"description":"Srpski nacionalni savjet nepo\u0161teno uzima novac Fonda za manjine koji pripada pravim manjinskim zajednicama u Crnoj Gori, rekao je u intervjuu za \u201eDan\u201c","breadcrumb":{"@id":"https:\/\/www.visit-ulcinj.com\/blog\/2011\/11\/07\/nimanbegu-srpski-savjet-neposteno-uzima-pare-manjina\/#breadcrumb"},"inLanguage":"en-US","potentialAction":[{"@type":"ReadAction","target":["https:\/\/www.visit-ulcinj.com\/blog\/2011\/11\/07\/nimanbegu-srpski-savjet-neposteno-uzima-pare-manjina\/"]}]},{"@type":"BreadcrumbList","@id":"https:\/\/www.visit-ulcinj.com\/blog\/2011\/11\/07\/nimanbegu-srpski-savjet-neposteno-uzima-pare-manjina\/#breadcrumb","itemListElement":[{"@type":"ListItem","position":1,"name":"Nimanbegu: Srpski savjet nepo\u0161teno uzima pare manjina"}]},{"@type":"Person","@id":"https:\/\/www.visit-ulcinj.com\/blog\/#\/schema\/person\/dcab619c614d3038751c63bc2aadc06d","name":"ulqini","sameAs":["http:\/\/www.visit-ulcinj.com"],"url":"https:\/\/www.visit-ulcinj.com\/blog\/author\/admin\/"}]}},"jetpack_featured_media_url":"","jetpack_sharing_enabled":true,"jetpack_shortlink":"https:\/\/wp.me\/pe6lTn-dLc","_links":{"self":[{"href":"https:\/\/www.visit-ulcinj.com\/blog\/wp-json\/wp\/v2\/posts\/52898"}],"collection":[{"href":"https:\/\/www.visit-ulcinj.com\/blog\/wp-json\/wp\/v2\/posts"}],"about":[{"href":"https:\/\/www.visit-ulcinj.com\/blog\/wp-json\/wp\/v2\/types\/post"}],"author":[{"embeddable":true,"href":"https:\/\/www.visit-ulcinj.com\/blog\/wp-json\/wp\/v2\/users\/1"}],"replies":[{"embeddable":true,"href":"https:\/\/www.visit-ulcinj.com\/blog\/wp-json\/wp\/v2\/comments?post=52898"}],"version-history":[{"count":1,"href":"https:\/\/www.visit-ulcinj.com\/blog\/wp-json\/wp\/v2\/posts\/52898\/revisions"}],"predecessor-version":[{"id":52900,"href":"https:\/\/www.visit-ulcinj.com\/blog\/wp-json\/wp\/v2\/posts\/52898\/revisions\/52900"}],"wp:attachment":[{"href":"https:\/\/www.visit-ulcinj.com\/blog\/wp-json\/wp\/v2\/media?parent=52898"}],"wp:term":[{"taxonomy":"category","embeddable":true,"href":"https:\/\/www.visit-ulcinj.com\/blog\/wp-json\/wp\/v2\/categories?post=52898"},{"taxonomy":"post_tag","embeddable":true,"href":"https:\/\/www.visit-ulcinj.com\/blog\/wp-json\/wp\/v2\/tags?post=52898"}],"curies":[{"name":"wp","href":"https:\/\/api.w.org\/{rel}","templated":true}]}}