{"id":529,"date":"2008-02-15T15:40:26","date_gmt":"2008-02-15T20:40:26","guid":{"rendered":"http:\/\/www.visit-ulcinj.com\/blog\/2008\/02\/15\/amnesti-internacional-ankohet-tek-olli-ren-nga-policia-malaziaze\/"},"modified":"2008-02-15T17:01:10","modified_gmt":"2008-02-15T22:01:10","slug":"amnesti-internacional-ankohet-tek-olli-ren-nga-policia-malaziaze","status":"publish","type":"post","link":"https:\/\/www.visit-ulcinj.com\/blog\/2008\/02\/15\/amnesti-internacional-ankohet-tek-olli-ren-nga-policia-malaziaze\/","title":{"rendered":"Amnesti Internacional ankohet tek Olli Ren  nga policia malaziaze"},"content":{"rendered":"<p><img loading=\"lazy\" border=\"0\" align=\"left\" width=\"250\" src=\"http:\/\/www.web-libre.org\/medias\/img\/articles\/ef2a4be5473ab0b3cc286e67b1f59f44-2.jpg\" height=\"250\" style=\"width: 165px; height: 176px\" \/>Amnesti Internacional (Amnesty International), organizata nd\u00ebrkomb\u00ebtare q\u00eb merret me mbrojtjen e t\u00eb drejtave t\u00eb njeriut, k\u00ebrkoj nga komesari europian Olli Ren q\u00eb n\u00eb mbledhjen paraprake t\u00eb &#8220;Troikes&#8221; t\u00eb b\u00ebhen bisedime me pjes\u00ebmarr\u00ebsit malazias lidhur me shkeljen e t\u00eb drejtave t\u00eb njeriut n\u00eb Mal t\u00eb Zi.<br \/>\nDrejtoresha e zyres europiane Amnestia (AI) Natalia Alonso, e cila sapo i dergoj leter Renit p\u00ebrmendi tri situata t\u00eb cilat e bregosin k\u00ebt\u00eb zyr\u00eb. Situata e par\u00eb ka t\u00eb b\u00ebj\u00eb me deportimin e 83 boshnjak\u00ebve (maj 1992), ku Alonso kerkon q\u00eb kjo situate t\u00eb shqyrtohet dhe te paraqiten t\u00eb akauzuarit p\u00ebr k\u00ebt\u00eb akt. Problemi tjeter qendron tek tortura q\u00eb u behet t\u00eb burgosurve nga policia. S\u00eb fundi ajo shpreh brengosjen p\u00ebr torturen q\u00eb u \u00ebsht\u00eb b\u00ebr\u00eb shqiptar\u00ebve t\u00eb arrestuar n\u00eb akcionin \u201cFluturimi i shqiponjes\u201d (shtator 2006). Ajo m\u00ebndon q\u00eb gjyqimi i shqiptar\u00ebve nuk \u00ebsht\u00eb i drejte dhe se deklaratat q\u00eb t\u00eb akuzuarit dhan\u00eb, ishin rezultat i dhunes. Sa i p\u00ebrket polic\u00ebve q\u00eb b\u00ebn\u00eb torturimin n\u00eb k\u00ebt\u00eb akcion ende mbesin t\u00eb paidentifikuar. Vijesti<\/p>\n<p><a href=\"http:\/\/www.malesia.org\/\">http:\/\/www.malesia.org\/<\/a><\/p>\n","protected":false},"excerpt":{"rendered":"<p><img loading=\"lazy\" border=\"0\" align=\"left\" width=\"140\" src=\"http:\/\/www.web-libre.org\/medias\/img\/articles\/ef2a4be5473ab0b3cc286e67b1f59f44-2.jpg\" height=\"140\"\/><\/p>\n","protected":false},"author":1,"featured_media":0,"comment_status":"open","ping_status":"closed","sticky":false,"template":"","format":"standard","meta":{"spay_email":"","jetpack_publicize_message":"","jetpack_is_tweetstorm":false,"jetpack_publicize_feature_enabled":true},"categories":[8],"tags":[1329,1328,829],"jetpack_publicize_connections":[],"yoast_head":"<!-- This site is optimized with the Yoast SEO plugin v19.1 - https:\/\/yoast.com\/wordpress\/plugins\/seo\/ -->\n<title>Amnesti Internacional ankohet tek Olli Ren nga policia malaziaze - Lajme nga Ulqini<\/title>\n<meta name=\"robots\" content=\"index, follow, max-snippet:-1, max-image-preview:large, max-video-preview:-1\" \/>\n<link rel=\"canonical\" href=\"https:\/\/www.visit-ulcinj.com\/blog\/2008\/02\/15\/amnesti-internacional-ankohet-tek-olli-ren-nga-policia-malaziaze\/\" \/>\n<meta property=\"og:locale\" content=\"en_US\" \/>\n<meta property=\"og:type\" content=\"article\" \/>\n<meta property=\"og:title\" content=\"Amnesti Internacional ankohet tek Olli Ren nga policia malaziaze - Lajme nga Ulqini\" \/>\n<meta property=\"og:url\" content=\"https:\/\/www.visit-ulcinj.com\/blog\/2008\/02\/15\/amnesti-internacional-ankohet-tek-olli-ren-nga-policia-malaziaze\/\" \/>\n<meta property=\"og:site_name\" content=\"Lajme nga Ulqini\" \/>\n<meta property=\"article:published_time\" content=\"2008-02-15T20:40:26+00:00\" \/>\n<meta property=\"article:modified_time\" content=\"2008-02-15T22:01:10+00:00\" \/>\n<meta property=\"og:image\" content=\"http:\/\/www.web-libre.org\/medias\/img\/articles\/ef2a4be5473ab0b3cc286e67b1f59f44-2.jpg\" \/>\n<meta name=\"twitter:label1\" content=\"Written by\" \/>\n\t<meta name=\"twitter:data1\" content=\"ulqini\" \/>\n\t<meta name=\"twitter:label2\" content=\"Est. reading time\" \/>\n\t<meta name=\"twitter:data2\" content=\"1 minute\" \/>\n<script type=\"application\/ld+json\" class=\"yoast-schema-graph\">{\"@context\":\"https:\/\/schema.org\",\"@graph\":[{\"@type\":\"WebSite\",\"@id\":\"https:\/\/www.visit-ulcinj.com\/blog\/#website\",\"url\":\"https:\/\/www.visit-ulcinj.com\/blog\/\",\"name\":\"Lajme nga Ulqini\",\"description\":\"Lajme,Vijesti,Ulqini,Ulqin,Crna Gora,Mali i Zi\",\"potentialAction\":[{\"@type\":\"SearchAction\",\"target\":{\"@type\":\"EntryPoint\",\"urlTemplate\":\"https:\/\/www.visit-ulcinj.com\/blog\/?s={search_term_string}\"},\"query-input\":\"required name=search_term_string\"}],\"inLanguage\":\"en-US\"},{\"@type\":\"ImageObject\",\"inLanguage\":\"en-US\",\"@id\":\"https:\/\/www.visit-ulcinj.com\/blog\/2008\/02\/15\/amnesti-internacional-ankohet-tek-olli-ren-nga-policia-malaziaze\/#primaryimage\",\"url\":\"http:\/\/www.web-libre.org\/medias\/img\/articles\/ef2a4be5473ab0b3cc286e67b1f59f44-2.jpg\",\"contentUrl\":\"http:\/\/www.web-libre.org\/medias\/img\/articles\/ef2a4be5473ab0b3cc286e67b1f59f44-2.jpg\"},{\"@type\":\"WebPage\",\"@id\":\"https:\/\/www.visit-ulcinj.com\/blog\/2008\/02\/15\/amnesti-internacional-ankohet-tek-olli-ren-nga-policia-malaziaze\/#webpage\",\"url\":\"https:\/\/www.visit-ulcinj.com\/blog\/2008\/02\/15\/amnesti-internacional-ankohet-tek-olli-ren-nga-policia-malaziaze\/\",\"name\":\"Amnesti Internacional ankohet tek Olli Ren nga policia malaziaze - Lajme nga Ulqini\",\"isPartOf\":{\"@id\":\"https:\/\/www.visit-ulcinj.com\/blog\/#website\"},\"primaryImageOfPage\":{\"@id\":\"https:\/\/www.visit-ulcinj.com\/blog\/2008\/02\/15\/amnesti-internacional-ankohet-tek-olli-ren-nga-policia-malaziaze\/#primaryimage\"},\"datePublished\":\"2008-02-15T20:40:26+00:00\",\"dateModified\":\"2008-02-15T22:01:10+00:00\",\"author\":{\"@id\":\"https:\/\/www.visit-ulcinj.com\/blog\/#\/schema\/person\/dcab619c614d3038751c63bc2aadc06d\"},\"breadcrumb\":{\"@id\":\"https:\/\/www.visit-ulcinj.com\/blog\/2008\/02\/15\/amnesti-internacional-ankohet-tek-olli-ren-nga-policia-malaziaze\/#breadcrumb\"},\"inLanguage\":\"en-US\",\"potentialAction\":[{\"@type\":\"ReadAction\",\"target\":[\"https:\/\/www.visit-ulcinj.com\/blog\/2008\/02\/15\/amnesti-internacional-ankohet-tek-olli-ren-nga-policia-malaziaze\/\"]}]},{\"@type\":\"BreadcrumbList\",\"@id\":\"https:\/\/www.visit-ulcinj.com\/blog\/2008\/02\/15\/amnesti-internacional-ankohet-tek-olli-ren-nga-policia-malaziaze\/#breadcrumb\",\"itemListElement\":[{\"@type\":\"ListItem\",\"position\":1,\"name\":\"Amnesti Internacional ankohet tek Olli Ren nga policia malaziaze\"}]},{\"@type\":\"Person\",\"@id\":\"https:\/\/www.visit-ulcinj.com\/blog\/#\/schema\/person\/dcab619c614d3038751c63bc2aadc06d\",\"name\":\"ulqini\",\"sameAs\":[\"http:\/\/www.visit-ulcinj.com\"],\"url\":\"https:\/\/www.visit-ulcinj.com\/blog\/author\/admin\/\"}]}<\/script>\n<!-- \/ Yoast SEO plugin. -->","yoast_head_json":{"title":"Amnesti Internacional ankohet tek Olli Ren nga policia malaziaze - Lajme nga Ulqini","robots":{"index":"index","follow":"follow","max-snippet":"max-snippet:-1","max-image-preview":"max-image-preview:large","max-video-preview":"max-video-preview:-1"},"canonical":"https:\/\/www.visit-ulcinj.com\/blog\/2008\/02\/15\/amnesti-internacional-ankohet-tek-olli-ren-nga-policia-malaziaze\/","og_locale":"en_US","og_type":"article","og_title":"Amnesti Internacional ankohet tek Olli Ren nga policia malaziaze - Lajme nga Ulqini","og_url":"https:\/\/www.visit-ulcinj.com\/blog\/2008\/02\/15\/amnesti-internacional-ankohet-tek-olli-ren-nga-policia-malaziaze\/","og_site_name":"Lajme nga Ulqini","article_published_time":"2008-02-15T20:40:26+00:00","article_modified_time":"2008-02-15T22:01:10+00:00","og_image":[{"url":"http:\/\/www.web-libre.org\/medias\/img\/articles\/ef2a4be5473ab0b3cc286e67b1f59f44-2.jpg"}],"twitter_misc":{"Written by":"ulqini","Est. reading time":"1 minute"},"schema":{"@context":"https:\/\/schema.org","@graph":[{"@type":"WebSite","@id":"https:\/\/www.visit-ulcinj.com\/blog\/#website","url":"https:\/\/www.visit-ulcinj.com\/blog\/","name":"Lajme nga Ulqini","description":"Lajme,Vijesti,Ulqini,Ulqin,Crna Gora,Mali i Zi","potentialAction":[{"@type":"SearchAction","target":{"@type":"EntryPoint","urlTemplate":"https:\/\/www.visit-ulcinj.com\/blog\/?s={search_term_string}"},"query-input":"required name=search_term_string"}],"inLanguage":"en-US"},{"@type":"ImageObject","inLanguage":"en-US","@id":"https:\/\/www.visit-ulcinj.com\/blog\/2008\/02\/15\/amnesti-internacional-ankohet-tek-olli-ren-nga-policia-malaziaze\/#primaryimage","url":"http:\/\/www.web-libre.org\/medias\/img\/articles\/ef2a4be5473ab0b3cc286e67b1f59f44-2.jpg","contentUrl":"http:\/\/www.web-libre.org\/medias\/img\/articles\/ef2a4be5473ab0b3cc286e67b1f59f44-2.jpg"},{"@type":"WebPage","@id":"https:\/\/www.visit-ulcinj.com\/blog\/2008\/02\/15\/amnesti-internacional-ankohet-tek-olli-ren-nga-policia-malaziaze\/#webpage","url":"https:\/\/www.visit-ulcinj.com\/blog\/2008\/02\/15\/amnesti-internacional-ankohet-tek-olli-ren-nga-policia-malaziaze\/","name":"Amnesti Internacional ankohet tek Olli Ren nga policia malaziaze - Lajme nga Ulqini","isPartOf":{"@id":"https:\/\/www.visit-ulcinj.com\/blog\/#website"},"primaryImageOfPage":{"@id":"https:\/\/www.visit-ulcinj.com\/blog\/2008\/02\/15\/amnesti-internacional-ankohet-tek-olli-ren-nga-policia-malaziaze\/#primaryimage"},"datePublished":"2008-02-15T20:40:26+00:00","dateModified":"2008-02-15T22:01:10+00:00","author":{"@id":"https:\/\/www.visit-ulcinj.com\/blog\/#\/schema\/person\/dcab619c614d3038751c63bc2aadc06d"},"breadcrumb":{"@id":"https:\/\/www.visit-ulcinj.com\/blog\/2008\/02\/15\/amnesti-internacional-ankohet-tek-olli-ren-nga-policia-malaziaze\/#breadcrumb"},"inLanguage":"en-US","potentialAction":[{"@type":"ReadAction","target":["https:\/\/www.visit-ulcinj.com\/blog\/2008\/02\/15\/amnesti-internacional-ankohet-tek-olli-ren-nga-policia-malaziaze\/"]}]},{"@type":"BreadcrumbList","@id":"https:\/\/www.visit-ulcinj.com\/blog\/2008\/02\/15\/amnesti-internacional-ankohet-tek-olli-ren-nga-policia-malaziaze\/#breadcrumb","itemListElement":[{"@type":"ListItem","position":1,"name":"Amnesti Internacional ankohet tek Olli Ren nga policia malaziaze"}]},{"@type":"Person","@id":"https:\/\/www.visit-ulcinj.com\/blog\/#\/schema\/person\/dcab619c614d3038751c63bc2aadc06d","name":"ulqini","sameAs":["http:\/\/www.visit-ulcinj.com"],"url":"https:\/\/www.visit-ulcinj.com\/blog\/author\/admin\/"}]}},"jetpack_featured_media_url":"","jetpack_sharing_enabled":true,"jetpack_shortlink":"https:\/\/wp.me\/pe6lTn-8x","_links":{"self":[{"href":"https:\/\/www.visit-ulcinj.com\/blog\/wp-json\/wp\/v2\/posts\/529"}],"collection":[{"href":"https:\/\/www.visit-ulcinj.com\/blog\/wp-json\/wp\/v2\/posts"}],"about":[{"href":"https:\/\/www.visit-ulcinj.com\/blog\/wp-json\/wp\/v2\/types\/post"}],"author":[{"embeddable":true,"href":"https:\/\/www.visit-ulcinj.com\/blog\/wp-json\/wp\/v2\/users\/1"}],"replies":[{"embeddable":true,"href":"https:\/\/www.visit-ulcinj.com\/blog\/wp-json\/wp\/v2\/comments?post=529"}],"version-history":[{"count":0,"href":"https:\/\/www.visit-ulcinj.com\/blog\/wp-json\/wp\/v2\/posts\/529\/revisions"}],"wp:attachment":[{"href":"https:\/\/www.visit-ulcinj.com\/blog\/wp-json\/wp\/v2\/media?parent=529"}],"wp:term":[{"taxonomy":"category","embeddable":true,"href":"https:\/\/www.visit-ulcinj.com\/blog\/wp-json\/wp\/v2\/categories?post=529"},{"taxonomy":"post_tag","embeddable":true,"href":"https:\/\/www.visit-ulcinj.com\/blog\/wp-json\/wp\/v2\/tags?post=529"}],"curies":[{"name":"wp","href":"https:\/\/api.w.org\/{rel}","templated":true}]}}