{"id":52901,"date":"2011-11-07T09:58:14","date_gmt":"2011-11-07T08:58:14","guid":{"rendered":"http:\/\/www.visit-ulcinj.com\/blog\/?p=52901"},"modified":"2011-11-14T09:29:39","modified_gmt":"2011-11-14T08:29:39","slug":"ulqini-ne-panairin-e-turizmit-ne-%e2%80%9cworld-travel-market-london-2011%e2%80%9d","status":"publish","type":"post","link":"https:\/\/www.visit-ulcinj.com\/blog\/2011\/11\/07\/ulqini-ne-panairin-e-turizmit-ne-%e2%80%9cworld-travel-market-london-2011%e2%80%9d\/","title":{"rendered":"Ulqini n\u00eb Panairin e Turizmit n\u00eb \u201cWorld Travel Market London 2011\u201d"},"content":{"rendered":"<p><a href=\"http:\/\/www.visit-ulcinj.com\/blog\/wp-content\/uploads\/2011\/11\/Ulqin_Ulqini-ne-WTM-London-2011.jpg\"><img loading=\"lazy\" class=\"alignleft size-full wp-image-52902\" title=\"Ulqin_Ulqini ne WTM-London-2011\" src=\"http:\/\/www.visit-ulcinj.com\/blog\/wp-content\/uploads\/2011\/11\/Ulqin_Ulqini-ne-WTM-London-2011.jpg\" alt=\"\" width=\"362\" height=\"162\" srcset=\"https:\/\/www.visit-ulcinj.com\/blog\/wp-content\/uploads\/2011\/11\/Ulqin_Ulqini-ne-WTM-London-2011.jpg 362w, https:\/\/www.visit-ulcinj.com\/blog\/wp-content\/uploads\/2011\/11\/Ulqin_Ulqini-ne-WTM-London-2011-300x134.jpg 300w\" sizes=\"(max-width: 362px) 100vw, 362px\" \/><\/a>Delegacioni i Malit t\u00eb Zi, i p\u00ebrb\u00ebr\u00eb\u00a0nga p\u00ebrfaq\u00ebsuesi Predrag Sekuliq minist\u00ebr i zhvillimit t\u00eb qendruesh\u00ebm dhe turizmit dhe nga p\u00ebrfaq\u00ebsues t\u00eb\u00a0komunitetit t\u00eb\u00a0biznesit, do marrin pjes\u00eb n\u00eb panairin nd\u00ebrkomb\u00ebtar t\u00eb turizmit \u201cWorld Travel Market London 2011\u201d, q\u00eb mbahet n\u00eb Lond\u00ebr t\u00eb Britanis\u00eb s\u00eb Madhe.<\/p>\n<p>Pjes\u00ebmarrja e p\u00ebrfaq\u00ebsuesve Malazez\u00eb n\u00eb k\u00ebt\u00eb panair \u00ebsht\u00eb me r\u00ebnd\u00ebsi, sepse po mund\u00ebsohet prezantimi i vlerave turistike t\u00eb Malit t\u00eb Zi.<\/p>\n<p>Q\u00eb nga dita e par\u00eb e hapjes s\u00eb panairit, stenda e Malit t\u00eb Zi ka zgjuar interesim t\u00eb madh tek t\u00eb pranishmit dhe vizitor\u00ebt p\u00ebr industrin\u00eb turistike t\u00eb Malit t\u00eb Zi, p\u00ebr shkak t\u00eb prezantimit atraktiv t\u00eb resurseve turistike t\u00eb Malit t\u00eb Zi.<\/p>\n<p>Me ndihm\u00ebn e ministris\u00eb t\u00eb zhvillimit t\u00eb qendruesh\u00ebm dhe turizmit, n\u00eb k\u00ebt\u00eb panair, po merr pjes\u00eb edhe komuniteti i biznesit nga Mali iZi, t\u00eb cil\u00ebt po paraqesin ofertat e tyre turistike, si dhe po shk\u00ebmbejn\u00eb informata dhe p\u00ebrvoja me afarist\u00eb t\u00eb ndrysh\u00ebm.<\/p>\n<p>N\u00eb stendat e Malit t\u00eb Zi do jen\u00eb p\u00ebrfaqsuesit t\u00eb hoteleve \u201cThe Queen of Montenegro\u201d, \u201eBeppler &amp; Jacobson\u201c, HG \u201eBudvanska Rivijera\u201c, Hotels Group \u201eMontenegro Stars\u201c,agjensia \u201cAdriatic Express\u201d, si dhe Organizata turistike e Budves\u00a0 dhe Ulqinit.Delegacionin e Ulqinit do ta p\u00ebrfaq\u00ebsoje drejtori i organizat\u00ebs turistike t\u00eb Ulqinit z.Ali Rexha<\/p>\n<p>Panairi do t\u00eb zgjat\u00eb deri me 10 n\u00ebntor 2011.<br \/>\n<!--YouTube Error: bad URL entered--><\/p>\n","protected":false},"excerpt":{"rendered":"<p>Delegacioni i Malit t\u00eb Zi, i p\u00ebrb\u00ebr\u00eb\u00a0nga p\u00ebrfaq\u00ebsuesi Predrag Sekuliq minist\u00ebr i zhvillimit t\u00eb qendruesh\u00ebm dhe turizmit dhe nga p\u00ebrfaq\u00ebsues t\u00eb\u00a0komunitetit t\u00eb\u00a0biznesit, do marrin pjes\u00eb n\u00eb panairin nd\u00ebrkomb\u00ebtar t\u00eb turizmit \u201cWorld Travel Market London 2011\u201d, q\u00eb mbahet n\u00eb Lond\u00ebr t\u00eb Britanis\u00eb s\u00eb Madhe. Pjes\u00ebmarrja e p\u00ebrfaq\u00ebsuesve Malazez\u00eb n\u00eb k\u00ebt\u00eb panair \u00ebsht\u00eb me r\u00ebnd\u00ebsi, sepse po [&hellip;]<\/p>\n","protected":false},"author":1,"featured_media":0,"comment_status":"open","ping_status":"closed","sticky":false,"template":"","format":"standard","meta":{"spay_email":"","jetpack_publicize_message":"","jetpack_is_tweetstorm":false,"jetpack_publicize_feature_enabled":true},"categories":[10,1],"tags":[538,19,200,18,19402],"jetpack_publicize_connections":[],"yoast_head":"<!-- This site is optimized with the Yoast SEO plugin v19.1 - https:\/\/yoast.com\/wordpress\/plugins\/seo\/ -->\n<title>Ulqini n\u00eb Panairin e Turizmit n\u00eb \u201cWorld Travel Market London 2011\u201d - Lajme nga Ulqini<\/title>\n<meta name=\"description\" content=\"Delegacioni i Malit t\u00eb Zi, i p\u00ebrb\u00ebr\u00eb\u00a0nga p\u00ebrfaq\u00ebsuesi Predrag Sekuliq minist\u00ebr i zhvillimit t\u00eb qendruesh\u00ebm dhe turizmit dhe nga p\u00ebrfaq\u00ebsues t\u00eb\u00a0komunitetit\" \/>\n<meta name=\"robots\" content=\"index, follow, max-snippet:-1, max-image-preview:large, max-video-preview:-1\" \/>\n<link rel=\"canonical\" href=\"https:\/\/www.visit-ulcinj.com\/blog\/2011\/11\/07\/ulqini-ne-panairin-e-turizmit-ne-\u201cworld-travel-market-london-2011\u201d\/\" \/>\n<meta property=\"og:locale\" content=\"en_US\" \/>\n<meta property=\"og:type\" content=\"article\" \/>\n<meta property=\"og:title\" content=\"Ulqini n\u00eb Panairin e Turizmit n\u00eb \u201cWorld Travel Market London 2011\u201d - Lajme nga Ulqini\" \/>\n<meta property=\"og:description\" content=\"Delegacioni i Malit t\u00eb Zi, i p\u00ebrb\u00ebr\u00eb\u00a0nga p\u00ebrfaq\u00ebsuesi Predrag Sekuliq minist\u00ebr i zhvillimit t\u00eb qendruesh\u00ebm dhe turizmit dhe nga p\u00ebrfaq\u00ebsues t\u00eb\u00a0komunitetit\" \/>\n<meta property=\"og:url\" content=\"https:\/\/www.visit-ulcinj.com\/blog\/2011\/11\/07\/ulqini-ne-panairin-e-turizmit-ne-\u201cworld-travel-market-london-2011\u201d\/\" \/>\n<meta property=\"og:site_name\" content=\"Lajme nga Ulqini\" \/>\n<meta property=\"article:published_time\" content=\"2011-11-07T08:58:14+00:00\" \/>\n<meta property=\"article:modified_time\" content=\"2011-11-14T08:29:39+00:00\" \/>\n<meta property=\"og:image\" content=\"http:\/\/www.visit-ulcinj.com\/blog\/wp-content\/uploads\/2011\/11\/Ulqin_Ulqini-ne-WTM-London-2011.jpg\" \/>\n<meta name=\"twitter:label1\" content=\"Written by\" \/>\n\t<meta name=\"twitter:data1\" content=\"ulqini\" \/>\n\t<meta name=\"twitter:label2\" content=\"Est. reading time\" \/>\n\t<meta name=\"twitter:data2\" content=\"1 minute\" \/>\n<script type=\"application\/ld+json\" class=\"yoast-schema-graph\">{\"@context\":\"https:\/\/schema.org\",\"@graph\":[{\"@type\":\"WebSite\",\"@id\":\"https:\/\/www.visit-ulcinj.com\/blog\/#website\",\"url\":\"https:\/\/www.visit-ulcinj.com\/blog\/\",\"name\":\"Lajme nga Ulqini\",\"description\":\"Lajme,Vijesti,Ulqini,Ulqin,Crna Gora,Mali i Zi\",\"potentialAction\":[{\"@type\":\"SearchAction\",\"target\":{\"@type\":\"EntryPoint\",\"urlTemplate\":\"https:\/\/www.visit-ulcinj.com\/blog\/?s={search_term_string}\"},\"query-input\":\"required name=search_term_string\"}],\"inLanguage\":\"en-US\"},{\"@type\":\"ImageObject\",\"inLanguage\":\"en-US\",\"@id\":\"https:\/\/www.visit-ulcinj.com\/blog\/2011\/11\/07\/ulqini-ne-panairin-e-turizmit-ne-%e2%80%9cworld-travel-market-london-2011%e2%80%9d\/#primaryimage\",\"url\":\"https:\/\/www.visit-ulcinj.com\/blog\/wp-content\/uploads\/2011\/11\/Ulqin_Ulqini-ne-WTM-London-2011.jpg\",\"contentUrl\":\"https:\/\/www.visit-ulcinj.com\/blog\/wp-content\/uploads\/2011\/11\/Ulqin_Ulqini-ne-WTM-London-2011.jpg\",\"width\":\"362\",\"height\":\"162\"},{\"@type\":\"WebPage\",\"@id\":\"https:\/\/www.visit-ulcinj.com\/blog\/2011\/11\/07\/ulqini-ne-panairin-e-turizmit-ne-%e2%80%9cworld-travel-market-london-2011%e2%80%9d\/#webpage\",\"url\":\"https:\/\/www.visit-ulcinj.com\/blog\/2011\/11\/07\/ulqini-ne-panairin-e-turizmit-ne-%e2%80%9cworld-travel-market-london-2011%e2%80%9d\/\",\"name\":\"Ulqini n\u00eb Panairin e Turizmit n\u00eb \u201cWorld Travel Market London 2011\u201d - Lajme nga Ulqini\",\"isPartOf\":{\"@id\":\"https:\/\/www.visit-ulcinj.com\/blog\/#website\"},\"primaryImageOfPage\":{\"@id\":\"https:\/\/www.visit-ulcinj.com\/blog\/2011\/11\/07\/ulqini-ne-panairin-e-turizmit-ne-%e2%80%9cworld-travel-market-london-2011%e2%80%9d\/#primaryimage\"},\"datePublished\":\"2011-11-07T08:58:14+00:00\",\"dateModified\":\"2011-11-14T08:29:39+00:00\",\"author\":{\"@id\":\"https:\/\/www.visit-ulcinj.com\/blog\/#\/schema\/person\/dcab619c614d3038751c63bc2aadc06d\"},\"description\":\"Delegacioni i Malit t\u00eb Zi, i p\u00ebrb\u00ebr\u00eb\u00a0nga p\u00ebrfaq\u00ebsuesi Predrag Sekuliq minist\u00ebr i zhvillimit t\u00eb qendruesh\u00ebm dhe turizmit dhe nga p\u00ebrfaq\u00ebsues t\u00eb\u00a0komunitetit\",\"breadcrumb\":{\"@id\":\"https:\/\/www.visit-ulcinj.com\/blog\/2011\/11\/07\/ulqini-ne-panairin-e-turizmit-ne-%e2%80%9cworld-travel-market-london-2011%e2%80%9d\/#breadcrumb\"},\"inLanguage\":\"en-US\",\"potentialAction\":[{\"@type\":\"ReadAction\",\"target\":[\"https:\/\/www.visit-ulcinj.com\/blog\/2011\/11\/07\/ulqini-ne-panairin-e-turizmit-ne-%e2%80%9cworld-travel-market-london-2011%e2%80%9d\/\"]}]},{\"@type\":\"BreadcrumbList\",\"@id\":\"https:\/\/www.visit-ulcinj.com\/blog\/2011\/11\/07\/ulqini-ne-panairin-e-turizmit-ne-%e2%80%9cworld-travel-market-london-2011%e2%80%9d\/#breadcrumb\",\"itemListElement\":[{\"@type\":\"ListItem\",\"position\":1,\"name\":\"Ulqini n\u00eb Panairin e Turizmit n\u00eb \u201cWorld Travel Market London 2011\u201d\"}]},{\"@type\":\"Person\",\"@id\":\"https:\/\/www.visit-ulcinj.com\/blog\/#\/schema\/person\/dcab619c614d3038751c63bc2aadc06d\",\"name\":\"ulqini\",\"sameAs\":[\"http:\/\/www.visit-ulcinj.com\"],\"url\":\"https:\/\/www.visit-ulcinj.com\/blog\/author\/admin\/\"}]}<\/script>\n<!-- \/ Yoast SEO plugin. -->","yoast_head_json":{"title":"Ulqini n\u00eb Panairin e Turizmit n\u00eb \u201cWorld Travel Market London 2011\u201d - Lajme nga Ulqini","description":"Delegacioni i Malit t\u00eb Zi, i p\u00ebrb\u00ebr\u00eb\u00a0nga p\u00ebrfaq\u00ebsuesi Predrag Sekuliq minist\u00ebr i zhvillimit t\u00eb qendruesh\u00ebm dhe turizmit dhe nga p\u00ebrfaq\u00ebsues t\u00eb\u00a0komunitetit","robots":{"index":"index","follow":"follow","max-snippet":"max-snippet:-1","max-image-preview":"max-image-preview:large","max-video-preview":"max-video-preview:-1"},"canonical":"https:\/\/www.visit-ulcinj.com\/blog\/2011\/11\/07\/ulqini-ne-panairin-e-turizmit-ne-\u201cworld-travel-market-london-2011\u201d\/","og_locale":"en_US","og_type":"article","og_title":"Ulqini n\u00eb Panairin e Turizmit n\u00eb \u201cWorld Travel Market London 2011\u201d - Lajme nga Ulqini","og_description":"Delegacioni i Malit t\u00eb Zi, i p\u00ebrb\u00ebr\u00eb\u00a0nga p\u00ebrfaq\u00ebsuesi Predrag Sekuliq minist\u00ebr i zhvillimit t\u00eb qendruesh\u00ebm dhe turizmit dhe nga p\u00ebrfaq\u00ebsues t\u00eb\u00a0komunitetit","og_url":"https:\/\/www.visit-ulcinj.com\/blog\/2011\/11\/07\/ulqini-ne-panairin-e-turizmit-ne-\u201cworld-travel-market-london-2011\u201d\/","og_site_name":"Lajme nga Ulqini","article_published_time":"2011-11-07T08:58:14+00:00","article_modified_time":"2011-11-14T08:29:39+00:00","og_image":[{"url":"http:\/\/www.visit-ulcinj.com\/blog\/wp-content\/uploads\/2011\/11\/Ulqin_Ulqini-ne-WTM-London-2011.jpg"}],"twitter_misc":{"Written by":"ulqini","Est. reading time":"1 minute"},"schema":{"@context":"https:\/\/schema.org","@graph":[{"@type":"WebSite","@id":"https:\/\/www.visit-ulcinj.com\/blog\/#website","url":"https:\/\/www.visit-ulcinj.com\/blog\/","name":"Lajme nga Ulqini","description":"Lajme,Vijesti,Ulqini,Ulqin,Crna Gora,Mali i Zi","potentialAction":[{"@type":"SearchAction","target":{"@type":"EntryPoint","urlTemplate":"https:\/\/www.visit-ulcinj.com\/blog\/?s={search_term_string}"},"query-input":"required name=search_term_string"}],"inLanguage":"en-US"},{"@type":"ImageObject","inLanguage":"en-US","@id":"https:\/\/www.visit-ulcinj.com\/blog\/2011\/11\/07\/ulqini-ne-panairin-e-turizmit-ne-%e2%80%9cworld-travel-market-london-2011%e2%80%9d\/#primaryimage","url":"https:\/\/www.visit-ulcinj.com\/blog\/wp-content\/uploads\/2011\/11\/Ulqin_Ulqini-ne-WTM-London-2011.jpg","contentUrl":"https:\/\/www.visit-ulcinj.com\/blog\/wp-content\/uploads\/2011\/11\/Ulqin_Ulqini-ne-WTM-London-2011.jpg","width":"362","height":"162"},{"@type":"WebPage","@id":"https:\/\/www.visit-ulcinj.com\/blog\/2011\/11\/07\/ulqini-ne-panairin-e-turizmit-ne-%e2%80%9cworld-travel-market-london-2011%e2%80%9d\/#webpage","url":"https:\/\/www.visit-ulcinj.com\/blog\/2011\/11\/07\/ulqini-ne-panairin-e-turizmit-ne-%e2%80%9cworld-travel-market-london-2011%e2%80%9d\/","name":"Ulqini n\u00eb Panairin e Turizmit n\u00eb \u201cWorld Travel Market London 2011\u201d - Lajme nga Ulqini","isPartOf":{"@id":"https:\/\/www.visit-ulcinj.com\/blog\/#website"},"primaryImageOfPage":{"@id":"https:\/\/www.visit-ulcinj.com\/blog\/2011\/11\/07\/ulqini-ne-panairin-e-turizmit-ne-%e2%80%9cworld-travel-market-london-2011%e2%80%9d\/#primaryimage"},"datePublished":"2011-11-07T08:58:14+00:00","dateModified":"2011-11-14T08:29:39+00:00","author":{"@id":"https:\/\/www.visit-ulcinj.com\/blog\/#\/schema\/person\/dcab619c614d3038751c63bc2aadc06d"},"description":"Delegacioni i Malit t\u00eb Zi, i p\u00ebrb\u00ebr\u00eb\u00a0nga p\u00ebrfaq\u00ebsuesi Predrag Sekuliq minist\u00ebr i zhvillimit t\u00eb qendruesh\u00ebm dhe turizmit dhe nga p\u00ebrfaq\u00ebsues t\u00eb\u00a0komunitetit","breadcrumb":{"@id":"https:\/\/www.visit-ulcinj.com\/blog\/2011\/11\/07\/ulqini-ne-panairin-e-turizmit-ne-%e2%80%9cworld-travel-market-london-2011%e2%80%9d\/#breadcrumb"},"inLanguage":"en-US","potentialAction":[{"@type":"ReadAction","target":["https:\/\/www.visit-ulcinj.com\/blog\/2011\/11\/07\/ulqini-ne-panairin-e-turizmit-ne-%e2%80%9cworld-travel-market-london-2011%e2%80%9d\/"]}]},{"@type":"BreadcrumbList","@id":"https:\/\/www.visit-ulcinj.com\/blog\/2011\/11\/07\/ulqini-ne-panairin-e-turizmit-ne-%e2%80%9cworld-travel-market-london-2011%e2%80%9d\/#breadcrumb","itemListElement":[{"@type":"ListItem","position":1,"name":"Ulqini n\u00eb Panairin e Turizmit n\u00eb \u201cWorld Travel Market London 2011\u201d"}]},{"@type":"Person","@id":"https:\/\/www.visit-ulcinj.com\/blog\/#\/schema\/person\/dcab619c614d3038751c63bc2aadc06d","name":"ulqini","sameAs":["http:\/\/www.visit-ulcinj.com"],"url":"https:\/\/www.visit-ulcinj.com\/blog\/author\/admin\/"}]}},"jetpack_featured_media_url":"","jetpack_sharing_enabled":true,"jetpack_shortlink":"https:\/\/wp.me\/pe6lTn-dLf","_links":{"self":[{"href":"https:\/\/www.visit-ulcinj.com\/blog\/wp-json\/wp\/v2\/posts\/52901"}],"collection":[{"href":"https:\/\/www.visit-ulcinj.com\/blog\/wp-json\/wp\/v2\/posts"}],"about":[{"href":"https:\/\/www.visit-ulcinj.com\/blog\/wp-json\/wp\/v2\/types\/post"}],"author":[{"embeddable":true,"href":"https:\/\/www.visit-ulcinj.com\/blog\/wp-json\/wp\/v2\/users\/1"}],"replies":[{"embeddable":true,"href":"https:\/\/www.visit-ulcinj.com\/blog\/wp-json\/wp\/v2\/comments?post=52901"}],"version-history":[{"count":11,"href":"https:\/\/www.visit-ulcinj.com\/blog\/wp-json\/wp\/v2\/posts\/52901\/revisions"}],"predecessor-version":[{"id":53252,"href":"https:\/\/www.visit-ulcinj.com\/blog\/wp-json\/wp\/v2\/posts\/52901\/revisions\/53252"}],"wp:attachment":[{"href":"https:\/\/www.visit-ulcinj.com\/blog\/wp-json\/wp\/v2\/media?parent=52901"}],"wp:term":[{"taxonomy":"category","embeddable":true,"href":"https:\/\/www.visit-ulcinj.com\/blog\/wp-json\/wp\/v2\/categories?post=52901"},{"taxonomy":"post_tag","embeddable":true,"href":"https:\/\/www.visit-ulcinj.com\/blog\/wp-json\/wp\/v2\/tags?post=52901"}],"curies":[{"name":"wp","href":"https:\/\/api.w.org\/{rel}","templated":true}]}}