{"id":52924,"date":"2011-11-07T13:28:28","date_gmt":"2011-11-07T12:28:28","guid":{"rendered":"http:\/\/www.visit-ulcinj.com\/blog\/?p=52924"},"modified":"2011-11-07T13:29:59","modified_gmt":"2011-11-07T12:29:59","slug":"ministar-poljoprivrede-posjetio-opstinu-ulcinj","status":"publish","type":"post","link":"https:\/\/www.visit-ulcinj.com\/blog\/2011\/11\/07\/ministar-poljoprivrede-posjetio-opstinu-ulcinj\/","title":{"rendered":"Ministar poljoprivrede posjetio op\u0161tinu ulcinj"},"content":{"rendered":"<p><strong><a href=\"http:\/\/www.visit-ulcinj.com\/blog\/wp-content\/uploads\/2011\/11\/Tarzan-Miloshevic_Ministar-poljoprivrede-posjetio-opstinu-ulcinj.jpg\"><img loading=\"lazy\" class=\"alignleft size-full wp-image-52925\" title=\"Tarzan Miloshevic_Ministar poljoprivrede posjetio opstinu ulcinj\" src=\"http:\/\/www.visit-ulcinj.com\/blog\/wp-content\/uploads\/2011\/11\/Tarzan-Miloshevic_Ministar-poljoprivrede-posjetio-opstinu-ulcinj.jpg\" alt=\"\" width=\"508\" height=\"381\" srcset=\"https:\/\/www.visit-ulcinj.com\/blog\/wp-content\/uploads\/2011\/11\/Tarzan-Miloshevic_Ministar-poljoprivrede-posjetio-opstinu-ulcinj.jpg 509w, https:\/\/www.visit-ulcinj.com\/blog\/wp-content\/uploads\/2011\/11\/Tarzan-Miloshevic_Ministar-poljoprivrede-posjetio-opstinu-ulcinj-300x224.jpg 300w\" sizes=\"(max-width: 508px) 100vw, 508px\" \/><\/a>Tarzan obe\u0107ao pomo\u0107<\/strong><br \/>\nULCINj \u2013 Ljudi koji vode op\u0161tinu Ulcinj imaju jasnu viziju \u0161ta \u017eele da urade u narednom periodu u oblasti poljoprivrede i mislim da \u0107emo zajedno napraviti dobru strategiju za plasman proizvoda, istvremeno i za podr\u0161ku poljoprivrednicima, koji \u017eele da proizvode, kako bi kroz podr\u0161ku Svjetske banke, kroz grantove koje imamo i kroz projekat MIDAS, zajedni\u010dki pomogli ljudima da lak\u0161e do\u0111u do zaposlenja, izjavio je ju\u010de u Ulcinju ministar poljoprivrede i ruralnog razvoja Tarzan Milo\u0161evi\u0107.<br \/>\nOn je nakon razgovora sa predsjednikom op\u0161tine Nazifom Cunguom i obilaska Anamalskog podru\u010dja, gdje je razgovarao sa tamo\u0161njim poljoprivrednicima, poru\u010dio da Ulcinj ima zna\u010dajne potencijale kada su u pitanju sve oblasti poljoprivrede.<br \/>\n\u2013 Razgovarali smo o daljem razvoju sto\u010darstva, o podr\u0161ci koju mo\u017eemo da pru\u017eimo mljekarskom sektoru i razvoju mesne industrije, povrtlarstva i vo\u0107arstva. Imamo zajedni\u010dku ambiciju da ovom podneblju pru\u017eimo punu podr\u0161ku i da kroz izgradnju kalibratora i hladnja\u010de pomognemo da se na kvalitetan na\u010din rije\u0161i pitanje otkupa proizvoda sa ovog podru\u010dja &#8211; rekao je Milo\u0161evi\u0107 i osvrnuo se i na mjere u cilju za\u0161tite rijeke Bojane odnosno njene okoline od poplava.<br \/>\n\u2013 Siguran sam da \u0107emo zajedno sa albanskom stranom dogovoriti kako \u0107emo produbiti korito rijeke i na taj na\u010din onemogu\u0107iti poplave. Za prvu fazu imamo dovoljno sredstva, o finansiranju druge dogovorili smo odre\u0111ene korake sa op\u0161tinom Ulcinj i pregovaramo sa Vladom Albanije, da zajedno u\u010destvujemo kod pretpristupnih fondova i tra\u017eimo podr\u0161ku od Svjetske banke, jer je to investicija izme\u0111u 10 i 15 miliona eura. To moramo raditi zajedni\u010dki i fazno, jer se radi o projektu koji se ne mo\u017ee zavr\u0161iti za kratko vrijeme. Sada\u0161njom intervencijom svakako \u0107emo ubla\u017eiti posledice eventuano novog plavljenja, ali nadamo se da toga ne\u0107e do\u0107i &#8211; kazao je Milo\u0161evi\u0107 nakon obilaska Benta, lokacije gdje se vr\u0161e radovi u cilju spre\u010davanja plavljenja rijeke. Predsjednik op\u0161tine Nazif Cungu zadovoljan je posjetom ministra Milo\u0161evi\u0107a i njegovih saradnika.<br \/>\n\u2013 Upoznali smo ministra o na\u0161im planovima \u0161to se poljoprivrede ti\u010de. Dogovorili smo niz mjera i o\u010dekujemo pozitivan iskorak u prosesu daljeg razvoja. Dobili smo uvjeravanja da \u0107emo imati punu podr\u0161ku Ministarstva poljoprivrede i ruralnog razvoja \u2013 rekao je Cungu.<\/p>\n<p><a href=\"http:\/\/www.dan.co.me\/?nivo=3&amp;rubrika=Regioni&amp;datum=2011-11-06&amp;clanak=304998\" target=\"_blank\"><strong> M.K.<\/strong><br \/>\n<strong> Izvor: DAN<\/strong><\/a><\/p>\n<h3><a href=\"http:\/\/www.gov.me\/naslovna\/vijesti-iz-ministarstava\/109664\/Ministar-poljoprivrede-i-ruralnog-razvoja-Tarzan-Milosevic-boravio-u-radnoj-posjeti-opstini-Ulcinj.html\">Ministar poljoprivrede i ruralnog razvoja Tarzan Milo\u0161evi\u0107 boravio u radnoj posjeti op\u0161tini Ulcinj<\/a><\/h3>\n<p>Izjava ministra poljoprivrede i ruralnog razvoja Tarzana Milo\u0161evi\u0107a, predsjednika op\u0161tine Ulcinj u radnoj posjeti op\u0161tini Ulcinj Nazifa Cungua nakon posjete op\u0161tini Ulcinj&#8230;<\/p>\n<table border=\"0\" cellspacing=\"0\" cellpadding=\"0\">\n<tbody>\n<tr>\n<td colspan=\"2\"><strong><a href=\"http:\/\/www.gov.me\/naslovna\/vijesti-iz-ministarstava\/109664\/Ministar-poljoprivrede-i-ruralnog-razvoja-Tarzan-Milosevic-boravio-u-radnoj-posjeti-opstini-Ulcinj.html\">Audio Izjava ministra poljoprivrede i ruralnog razvoja Tarzana Milo\u0161evi\u0107a nakon posjete op\u0161tini Ulcinj<\/a> <\/strong><\/td>\n<\/tr>\n<tr>\n<td colspan=\"2\"><strong>\u00a0<\/strong><\/td>\n<td colspan=\"2\"><\/td>\n<\/tr>\n<tr>\n<td colspan=\"2\"><\/td>\n<\/tr>\n<tr>\n<td><\/td>\n<td><strong><a href=\"http:\/\/www.gov.me\/naslovna\/vijesti-iz-ministarstava\/109664\/Ministar-poljoprivrede-i-ruralnog-razvoja-Tarzan-Milosevic-boravio-u-radnoj-posjeti-opstini-Ulcinj.html\">Audio Izjava predsjednika op\u0161tine Ulcinj Nazifa Cungua<\/a> <\/strong><\/td>\n<\/tr>\n<\/tbody>\n<\/table>\n<p><strong>\u00a0<\/strong><\/p>\n<table border=\"0\" cellspacing=\"0\" cellpadding=\"0\">\n<tbody>\n<tr>\n<td><\/td>\n<td><strong><a href=\"http:\/\/www.gov.me\/naslovna\/vijesti-iz-ministarstava\/109664\/Ministar-poljoprivrede-i-ruralnog-razvoja-Tarzan-Milosevic-boravio-u-radnoj-posjeti-opstini-Ulcinj.html\">Audio Pitanje novinara i odgovor ministra poljoprivrede i ruralnog razvoja Tarzana Milo\u0161evi\u0107a nakon posjete op\u0161tini Ulcinj<\/a><\/strong><\/td>\n<\/tr>\n<\/tbody>\n<\/table>\n<p><strong><a href=\"http:\/\/www.gov.me\/naslovna\/vijesti-iz-ministarstava\/109664\/Ministar-poljoprivrede-i-ruralnog-razvoja-Tarzan-Milosevic-boravio-u-radnoj-posjeti-opstini-Ulcinj.html\" target=\"_blank\"><br \/>\nIzvor:Vlada.me<\/a><\/strong><\/p>\n","protected":false},"excerpt":{"rendered":"<p>Tarzan obe\u0107ao pomo\u0107 ULCINj \u2013 Ljudi koji vode op\u0161tinu Ulcinj imaju jasnu viziju \u0161ta \u017eele da urade u narednom periodu u oblasti poljoprivrede i mislim da \u0107emo zajedno napraviti dobru strategiju za plasman proizvoda, istvremeno i za podr\u0161ku poljoprivrednicima, koji \u017eele da proizvode, kako bi kroz podr\u0161ku Svjetske banke, kroz grantove koje imamo i kroz [&hellip;]<\/p>\n","protected":false},"author":1,"featured_media":0,"comment_status":"open","ping_status":"closed","sticky":false,"template":"","format":"standard","meta":{"spay_email":"","jetpack_publicize_message":"","jetpack_is_tweetstorm":false,"jetpack_publicize_feature_enabled":true},"categories":[8337],"tags":[19407,19388,19],"jetpack_publicize_connections":[],"yoast_head":"<!-- This site is optimized with the Yoast SEO plugin v19.1 - https:\/\/yoast.com\/wordpress\/plugins\/seo\/ -->\n<title>Ministar poljoprivrede posjetio op\u0161tinu ulcinj - Lajme nga Ulqini<\/title>\n<meta name=\"description\" content=\"Tarzan obe\u0107ao pomo\u0107 ULCINj \u2013 Ljudi koji vode op\u0161tinu Ulcinj imaju jasnu viziju \u0161ta \u017eele da urade u narednom periodu u oblasti poljoprivrede i mislim da\" \/>\n<meta name=\"robots\" content=\"index, follow, max-snippet:-1, max-image-preview:large, max-video-preview:-1\" \/>\n<link rel=\"canonical\" href=\"https:\/\/www.visit-ulcinj.com\/blog\/2011\/11\/07\/ministar-poljoprivrede-posjetio-opstinu-ulcinj\/\" \/>\n<meta property=\"og:locale\" content=\"en_US\" \/>\n<meta property=\"og:type\" content=\"article\" \/>\n<meta property=\"og:title\" content=\"Ministar poljoprivrede posjetio op\u0161tinu ulcinj - Lajme nga Ulqini\" \/>\n<meta property=\"og:description\" content=\"Tarzan obe\u0107ao pomo\u0107 ULCINj \u2013 Ljudi koji vode op\u0161tinu Ulcinj imaju jasnu viziju \u0161ta \u017eele da urade u narednom periodu u oblasti poljoprivrede i mislim da\" \/>\n<meta property=\"og:url\" content=\"https:\/\/www.visit-ulcinj.com\/blog\/2011\/11\/07\/ministar-poljoprivrede-posjetio-opstinu-ulcinj\/\" \/>\n<meta property=\"og:site_name\" content=\"Lajme nga Ulqini\" \/>\n<meta property=\"article:published_time\" content=\"2011-11-07T12:28:28+00:00\" \/>\n<meta property=\"article:modified_time\" content=\"2011-11-07T12:29:59+00:00\" \/>\n<meta property=\"og:image\" content=\"http:\/\/www.visit-ulcinj.com\/blog\/wp-content\/uploads\/2011\/11\/Tarzan-Miloshevic_Ministar-poljoprivrede-posjetio-opstinu-ulcinj.jpg\" \/>\n<meta name=\"twitter:label1\" content=\"Written by\" \/>\n\t<meta name=\"twitter:data1\" content=\"ulqini\" \/>\n\t<meta name=\"twitter:label2\" content=\"Est. reading time\" \/>\n\t<meta name=\"twitter:data2\" content=\"2 minutes\" \/>\n<script type=\"application\/ld+json\" class=\"yoast-schema-graph\">{\"@context\":\"https:\/\/schema.org\",\"@graph\":[{\"@type\":\"WebSite\",\"@id\":\"https:\/\/www.visit-ulcinj.com\/blog\/#website\",\"url\":\"https:\/\/www.visit-ulcinj.com\/blog\/\",\"name\":\"Lajme nga Ulqini\",\"description\":\"Lajme,Vijesti,Ulqini,Ulqin,Crna Gora,Mali i Zi\",\"potentialAction\":[{\"@type\":\"SearchAction\",\"target\":{\"@type\":\"EntryPoint\",\"urlTemplate\":\"https:\/\/www.visit-ulcinj.com\/blog\/?s={search_term_string}\"},\"query-input\":\"required name=search_term_string\"}],\"inLanguage\":\"en-US\"},{\"@type\":\"ImageObject\",\"inLanguage\":\"en-US\",\"@id\":\"https:\/\/www.visit-ulcinj.com\/blog\/2011\/11\/07\/ministar-poljoprivrede-posjetio-opstinu-ulcinj\/#primaryimage\",\"url\":\"https:\/\/www.visit-ulcinj.com\/blog\/wp-content\/uploads\/2011\/11\/Tarzan-Miloshevic_Ministar-poljoprivrede-posjetio-opstinu-ulcinj.jpg\",\"contentUrl\":\"https:\/\/www.visit-ulcinj.com\/blog\/wp-content\/uploads\/2011\/11\/Tarzan-Miloshevic_Ministar-poljoprivrede-posjetio-opstinu-ulcinj.jpg\",\"width\":\"509\",\"height\":\"381\"},{\"@type\":\"WebPage\",\"@id\":\"https:\/\/www.visit-ulcinj.com\/blog\/2011\/11\/07\/ministar-poljoprivrede-posjetio-opstinu-ulcinj\/#webpage\",\"url\":\"https:\/\/www.visit-ulcinj.com\/blog\/2011\/11\/07\/ministar-poljoprivrede-posjetio-opstinu-ulcinj\/\",\"name\":\"Ministar poljoprivrede posjetio op\u0161tinu ulcinj - Lajme nga Ulqini\",\"isPartOf\":{\"@id\":\"https:\/\/www.visit-ulcinj.com\/blog\/#website\"},\"primaryImageOfPage\":{\"@id\":\"https:\/\/www.visit-ulcinj.com\/blog\/2011\/11\/07\/ministar-poljoprivrede-posjetio-opstinu-ulcinj\/#primaryimage\"},\"datePublished\":\"2011-11-07T12:28:28+00:00\",\"dateModified\":\"2011-11-07T12:29:59+00:00\",\"author\":{\"@id\":\"https:\/\/www.visit-ulcinj.com\/blog\/#\/schema\/person\/dcab619c614d3038751c63bc2aadc06d\"},\"description\":\"Tarzan obe\u0107ao pomo\u0107 ULCINj \u2013 Ljudi koji vode op\u0161tinu Ulcinj imaju jasnu viziju \u0161ta \u017eele da urade u narednom periodu u oblasti poljoprivrede i mislim da\",\"breadcrumb\":{\"@id\":\"https:\/\/www.visit-ulcinj.com\/blog\/2011\/11\/07\/ministar-poljoprivrede-posjetio-opstinu-ulcinj\/#breadcrumb\"},\"inLanguage\":\"en-US\",\"potentialAction\":[{\"@type\":\"ReadAction\",\"target\":[\"https:\/\/www.visit-ulcinj.com\/blog\/2011\/11\/07\/ministar-poljoprivrede-posjetio-opstinu-ulcinj\/\"]}]},{\"@type\":\"BreadcrumbList\",\"@id\":\"https:\/\/www.visit-ulcinj.com\/blog\/2011\/11\/07\/ministar-poljoprivrede-posjetio-opstinu-ulcinj\/#breadcrumb\",\"itemListElement\":[{\"@type\":\"ListItem\",\"position\":1,\"name\":\"Ministar poljoprivrede posjetio op\u0161tinu ulcinj\"}]},{\"@type\":\"Person\",\"@id\":\"https:\/\/www.visit-ulcinj.com\/blog\/#\/schema\/person\/dcab619c614d3038751c63bc2aadc06d\",\"name\":\"ulqini\",\"sameAs\":[\"http:\/\/www.visit-ulcinj.com\"],\"url\":\"https:\/\/www.visit-ulcinj.com\/blog\/author\/admin\/\"}]}<\/script>\n<!-- \/ Yoast SEO plugin. -->","yoast_head_json":{"title":"Ministar poljoprivrede posjetio op\u0161tinu ulcinj - Lajme nga Ulqini","description":"Tarzan obe\u0107ao pomo\u0107 ULCINj \u2013 Ljudi koji vode op\u0161tinu Ulcinj imaju jasnu viziju \u0161ta \u017eele da urade u narednom periodu u oblasti poljoprivrede i mislim da","robots":{"index":"index","follow":"follow","max-snippet":"max-snippet:-1","max-image-preview":"max-image-preview:large","max-video-preview":"max-video-preview:-1"},"canonical":"https:\/\/www.visit-ulcinj.com\/blog\/2011\/11\/07\/ministar-poljoprivrede-posjetio-opstinu-ulcinj\/","og_locale":"en_US","og_type":"article","og_title":"Ministar poljoprivrede posjetio op\u0161tinu ulcinj - Lajme nga Ulqini","og_description":"Tarzan obe\u0107ao pomo\u0107 ULCINj \u2013 Ljudi koji vode op\u0161tinu Ulcinj imaju jasnu viziju \u0161ta \u017eele da urade u narednom periodu u oblasti poljoprivrede i mislim da","og_url":"https:\/\/www.visit-ulcinj.com\/blog\/2011\/11\/07\/ministar-poljoprivrede-posjetio-opstinu-ulcinj\/","og_site_name":"Lajme nga Ulqini","article_published_time":"2011-11-07T12:28:28+00:00","article_modified_time":"2011-11-07T12:29:59+00:00","og_image":[{"url":"http:\/\/www.visit-ulcinj.com\/blog\/wp-content\/uploads\/2011\/11\/Tarzan-Miloshevic_Ministar-poljoprivrede-posjetio-opstinu-ulcinj.jpg"}],"twitter_misc":{"Written by":"ulqini","Est. reading time":"2 minutes"},"schema":{"@context":"https:\/\/schema.org","@graph":[{"@type":"WebSite","@id":"https:\/\/www.visit-ulcinj.com\/blog\/#website","url":"https:\/\/www.visit-ulcinj.com\/blog\/","name":"Lajme nga Ulqini","description":"Lajme,Vijesti,Ulqini,Ulqin,Crna Gora,Mali i Zi","potentialAction":[{"@type":"SearchAction","target":{"@type":"EntryPoint","urlTemplate":"https:\/\/www.visit-ulcinj.com\/blog\/?s={search_term_string}"},"query-input":"required name=search_term_string"}],"inLanguage":"en-US"},{"@type":"ImageObject","inLanguage":"en-US","@id":"https:\/\/www.visit-ulcinj.com\/blog\/2011\/11\/07\/ministar-poljoprivrede-posjetio-opstinu-ulcinj\/#primaryimage","url":"https:\/\/www.visit-ulcinj.com\/blog\/wp-content\/uploads\/2011\/11\/Tarzan-Miloshevic_Ministar-poljoprivrede-posjetio-opstinu-ulcinj.jpg","contentUrl":"https:\/\/www.visit-ulcinj.com\/blog\/wp-content\/uploads\/2011\/11\/Tarzan-Miloshevic_Ministar-poljoprivrede-posjetio-opstinu-ulcinj.jpg","width":"509","height":"381"},{"@type":"WebPage","@id":"https:\/\/www.visit-ulcinj.com\/blog\/2011\/11\/07\/ministar-poljoprivrede-posjetio-opstinu-ulcinj\/#webpage","url":"https:\/\/www.visit-ulcinj.com\/blog\/2011\/11\/07\/ministar-poljoprivrede-posjetio-opstinu-ulcinj\/","name":"Ministar poljoprivrede posjetio op\u0161tinu ulcinj - Lajme nga Ulqini","isPartOf":{"@id":"https:\/\/www.visit-ulcinj.com\/blog\/#website"},"primaryImageOfPage":{"@id":"https:\/\/www.visit-ulcinj.com\/blog\/2011\/11\/07\/ministar-poljoprivrede-posjetio-opstinu-ulcinj\/#primaryimage"},"datePublished":"2011-11-07T12:28:28+00:00","dateModified":"2011-11-07T12:29:59+00:00","author":{"@id":"https:\/\/www.visit-ulcinj.com\/blog\/#\/schema\/person\/dcab619c614d3038751c63bc2aadc06d"},"description":"Tarzan obe\u0107ao pomo\u0107 ULCINj \u2013 Ljudi koji vode op\u0161tinu Ulcinj imaju jasnu viziju \u0161ta \u017eele da urade u narednom periodu u oblasti poljoprivrede i mislim da","breadcrumb":{"@id":"https:\/\/www.visit-ulcinj.com\/blog\/2011\/11\/07\/ministar-poljoprivrede-posjetio-opstinu-ulcinj\/#breadcrumb"},"inLanguage":"en-US","potentialAction":[{"@type":"ReadAction","target":["https:\/\/www.visit-ulcinj.com\/blog\/2011\/11\/07\/ministar-poljoprivrede-posjetio-opstinu-ulcinj\/"]}]},{"@type":"BreadcrumbList","@id":"https:\/\/www.visit-ulcinj.com\/blog\/2011\/11\/07\/ministar-poljoprivrede-posjetio-opstinu-ulcinj\/#breadcrumb","itemListElement":[{"@type":"ListItem","position":1,"name":"Ministar poljoprivrede posjetio op\u0161tinu ulcinj"}]},{"@type":"Person","@id":"https:\/\/www.visit-ulcinj.com\/blog\/#\/schema\/person\/dcab619c614d3038751c63bc2aadc06d","name":"ulqini","sameAs":["http:\/\/www.visit-ulcinj.com"],"url":"https:\/\/www.visit-ulcinj.com\/blog\/author\/admin\/"}]}},"jetpack_featured_media_url":"","jetpack_sharing_enabled":true,"jetpack_shortlink":"https:\/\/wp.me\/pe6lTn-dLC","_links":{"self":[{"href":"https:\/\/www.visit-ulcinj.com\/blog\/wp-json\/wp\/v2\/posts\/52924"}],"collection":[{"href":"https:\/\/www.visit-ulcinj.com\/blog\/wp-json\/wp\/v2\/posts"}],"about":[{"href":"https:\/\/www.visit-ulcinj.com\/blog\/wp-json\/wp\/v2\/types\/post"}],"author":[{"embeddable":true,"href":"https:\/\/www.visit-ulcinj.com\/blog\/wp-json\/wp\/v2\/users\/1"}],"replies":[{"embeddable":true,"href":"https:\/\/www.visit-ulcinj.com\/blog\/wp-json\/wp\/v2\/comments?post=52924"}],"version-history":[{"count":3,"href":"https:\/\/www.visit-ulcinj.com\/blog\/wp-json\/wp\/v2\/posts\/52924\/revisions"}],"predecessor-version":[{"id":52927,"href":"https:\/\/www.visit-ulcinj.com\/blog\/wp-json\/wp\/v2\/posts\/52924\/revisions\/52927"}],"wp:attachment":[{"href":"https:\/\/www.visit-ulcinj.com\/blog\/wp-json\/wp\/v2\/media?parent=52924"}],"wp:term":[{"taxonomy":"category","embeddable":true,"href":"https:\/\/www.visit-ulcinj.com\/blog\/wp-json\/wp\/v2\/categories?post=52924"},{"taxonomy":"post_tag","embeddable":true,"href":"https:\/\/www.visit-ulcinj.com\/blog\/wp-json\/wp\/v2\/tags?post=52924"}],"curies":[{"name":"wp","href":"https:\/\/api.w.org\/{rel}","templated":true}]}}