{"id":52942,"date":"2011-11-07T20:13:17","date_gmt":"2011-11-07T19:13:17","guid":{"rendered":"http:\/\/www.visit-ulcinj.com\/blog\/?p=52942"},"modified":"2011-11-07T20:13:17","modified_gmt":"2011-11-07T19:13:17","slug":"genta-shtoi-peshe-evitoi-bikinet","status":"publish","type":"post","link":"https:\/\/www.visit-ulcinj.com\/blog\/2011\/11\/07\/genta-shtoi-peshe-evitoi-bikinet\/","title":{"rendered":"Genta shtoi pesh\u00eb evitoi bikinet"},"content":{"rendered":"<p><a href=\"http:\/\/www.visit-ulcinj.com\/blog\/wp-content\/uploads\/2011\/11\/Genta-Ismajli.jpg\"><img loading=\"lazy\" class=\"alignleft size-full wp-image-52944\" title=\"Genta Ismajli\" src=\"http:\/\/www.visit-ulcinj.com\/blog\/wp-content\/uploads\/2011\/11\/Genta-Ismajli.jpg\" alt=\"\" width=\"500\" height=\"627\" \/><\/a>Genta Ismajli ishte nd\u00ebr t\u00eb vetmet k\u00ebng\u00ebtare q\u00eb k\u00ebt\u00eb ver\u00eb nuk u shfaq me bikini, sikurse vitet e kaluara, kur ishte nd\u00ebr t\u00eb parat q\u00eb zhvishej dhe shfaqej n\u00ebp\u00ebr kopertinat e revistave me linja shum\u00eb t\u00eb bukura.<br \/>\nPor, k\u00ebt\u00eb fat k\u00ebng\u00ebtarja e njohur nuk e kishte edhe k\u00ebt\u00eb vit, pasi si\u00e7 po e shihni nga fotot, ajo ka problem me kilogram\u00ebt e tep\u00ebrt. Fansat e saj nuk kan\u00eb pasur mund\u00ebsin\u00eb t\u00eb shohin Gent\u00ebn n\u00eb bikini, si\u00e7 kan\u00eb pasur rastin ta shohin para disa viteve gjat\u00eb nj\u00eb fotosesioni q\u00eb ajo e realizoi n\u00eb bregdetin turk, me nj\u00eb pamje fantastike dhe linja t\u00eb mahnitshme. Fotot, q\u00eb kemi siguruar k\u00ebt\u00eb radh\u00eb, shfaqin nj\u00eb Genta t\u00eb deformuar, e veshur n\u00eb bikini, n\u00eb plazhet amerikane kur ajo ishte me pushime tek familja, pa grim dhe tmerr\u00ebsisht e deformuar n\u00eb linjat trupore.<br \/>\nK\u00ebt\u00eb vit ajo promovoi albumin e saj t\u00eb ri, t\u00eb titulluar \u201cGuximi\u201d, por Genta nuk guxoi t\u00eb shfaqet si\u00e7 i ka hije nj\u00eb dive t\u00eb muzik\u00ebs, e cila \u00ebsht\u00eb e fort\u00eb n\u00eb t\u00eb gjitha an\u00ebt, si n\u00eb k\u00ebng\u00eb, ashtu edhe n\u00eb pamje. E kemi par\u00eb n\u00eb disa foto, t\u00eb cilat i publikoi s\u00eb bashku me albumin, por ato foto ishin t\u00eb kaluara n\u00ebn dor\u00ebn e fotografit dhe photoshop-it, sepse pa dyshim edhe at\u00ebher\u00eb Genta nuk ka qen\u00eb n\u00eb forma t\u00eb mira. Edhe n\u00ebp\u00ebr koncerte, k\u00ebng\u00ebtarja vishej pak m\u00eb shum\u00eb, e jo me veshje shum\u00eb provokative, ndon\u00ebse shpesh \u00ebsht\u00eb gjendur n\u00eb qend\u00ebr t\u00eb kritikave p\u00ebr shkak t\u00eb celulitit dhe kilogram\u00ebve t\u00eb tep\u00ebrt, q\u00eb jan\u00eb shfaqur n\u00eb trupin e saj. K\u00ebto foto t\u00eb realizuara n\u00eb mesin e shoq\u00ebris\u00eb s\u00eb Gent\u00ebs pat\u00ebm rastin t\u2019i gjejm\u00eb n\u00eb faqen e fansave t\u00eb saj, por t\u00eb vendosura nga ndonj\u00eb i af\u00ebrm i k\u00ebng\u00ebtares, sepse vet\u00eb Genta me siguri nuk do kishte dashur t\u2019i shfaqte k\u00ebto imazhe n\u00eb publik, pasi t\u00eb gjith\u00eb do e kishin komentuar keq, se si nj\u00eb k\u00ebng\u00ebtare shum\u00eb e njohur dhe q\u00eb pretendon gjithmon\u00eb t\u00eb pushtoj\u00eb sken\u00ebn, t\u00eb duket n\u00eb k\u00ebt\u00eb far\u00eb feje.<br \/>\nShpresojm\u00eb q\u00eb Genta nuk do e marr\u00eb p\u00ebr ters k\u00ebt\u00eb shkrim, sepse ne dhe gjith\u00eb fansat e saj duam ta shohim n\u00eb forma m\u00eb t\u00eb mira trupore, prandaj, \u201cUrgjentisht n\u00eb diet\u00eb, Genta!\u201d.<\/p>\n<p><strong>Panorama Plus<br \/>\n<br \/>\n<!--YouTube Error: bad URL entered--><\/strong><\/p>\n","protected":false},"excerpt":{"rendered":"<p>Genta Ismajli ishte nd\u00ebr t\u00eb vetmet k\u00ebng\u00ebtare q\u00eb k\u00ebt\u00eb ver\u00eb nuk u shfaq me bikini, sikurse vitet e kaluara, kur ishte nd\u00ebr t\u00eb parat q\u00eb zhvishej dhe shfaqej n\u00ebp\u00ebr kopertinat e revistave me linja shum\u00eb t\u00eb bukura. Por, k\u00ebt\u00eb fat k\u00ebng\u00ebtarja e njohur nuk e kishte edhe k\u00ebt\u00eb vit, pasi si\u00e7 po e shihni nga [&hellip;]<\/p>\n","protected":false},"author":1,"featured_media":0,"comment_status":"open","ping_status":"closed","sticky":false,"template":"","format":"standard","meta":{"spay_email":"","jetpack_publicize_message":"","jetpack_is_tweetstorm":false,"jetpack_publicize_feature_enabled":true},"categories":[1],"tags":[323],"jetpack_publicize_connections":[],"yoast_head":"<!-- This site is optimized with the Yoast SEO plugin v19.1 - https:\/\/yoast.com\/wordpress\/plugins\/seo\/ -->\n<title>Genta shtoi pesh\u00eb evitoi bikinet - Lajme nga Ulqini<\/title>\n<meta name=\"description\" content=\"Genta Ismajli ishte nd\u00ebr t\u00eb vetmet k\u00ebng\u00ebtare q\u00eb k\u00ebt\u00eb ver\u00eb nuk u shfaq me bikini, sikurse vitet e kaluara, kur ishte nd\u00ebr t\u00eb parat q\u00eb zhvishej dhe shfaqej\" \/>\n<meta name=\"robots\" content=\"index, follow, max-snippet:-1, max-image-preview:large, max-video-preview:-1\" \/>\n<link rel=\"canonical\" href=\"https:\/\/www.visit-ulcinj.com\/blog\/2011\/11\/07\/genta-shtoi-peshe-evitoi-bikinet\/\" \/>\n<meta property=\"og:locale\" content=\"en_US\" \/>\n<meta property=\"og:type\" content=\"article\" \/>\n<meta property=\"og:title\" content=\"Genta shtoi pesh\u00eb evitoi bikinet - Lajme nga Ulqini\" \/>\n<meta property=\"og:description\" content=\"Genta Ismajli ishte nd\u00ebr t\u00eb vetmet k\u00ebng\u00ebtare q\u00eb k\u00ebt\u00eb ver\u00eb nuk u shfaq me bikini, sikurse vitet e kaluara, kur ishte nd\u00ebr t\u00eb parat q\u00eb zhvishej dhe shfaqej\" \/>\n<meta property=\"og:url\" content=\"https:\/\/www.visit-ulcinj.com\/blog\/2011\/11\/07\/genta-shtoi-peshe-evitoi-bikinet\/\" \/>\n<meta property=\"og:site_name\" content=\"Lajme nga Ulqini\" \/>\n<meta property=\"article:published_time\" content=\"2011-11-07T19:13:17+00:00\" \/>\n<meta property=\"og:image\" content=\"https:\/\/www.visit-ulcinj.com\/blog\/wp-content\/uploads\/2011\/11\/Genta-Ismajli-150x150.jpg\" \/>\n<meta name=\"twitter:label1\" content=\"Written by\" \/>\n\t<meta name=\"twitter:data1\" content=\"ulqini\" \/>\n\t<meta name=\"twitter:label2\" content=\"Est. reading time\" \/>\n\t<meta name=\"twitter:data2\" content=\"2 minutes\" \/>\n<script type=\"application\/ld+json\" class=\"yoast-schema-graph\">{\"@context\":\"https:\/\/schema.org\",\"@graph\":[{\"@type\":\"WebSite\",\"@id\":\"https:\/\/www.visit-ulcinj.com\/blog\/#website\",\"url\":\"https:\/\/www.visit-ulcinj.com\/blog\/\",\"name\":\"Lajme nga Ulqini\",\"description\":\"Lajme,Vijesti,Ulqini,Ulqin,Crna Gora,Mali i Zi\",\"potentialAction\":[{\"@type\":\"SearchAction\",\"target\":{\"@type\":\"EntryPoint\",\"urlTemplate\":\"https:\/\/www.visit-ulcinj.com\/blog\/?s={search_term_string}\"},\"query-input\":\"required name=search_term_string\"}],\"inLanguage\":\"en-US\"},{\"@type\":\"ImageObject\",\"inLanguage\":\"en-US\",\"@id\":\"https:\/\/www.visit-ulcinj.com\/blog\/2011\/11\/07\/genta-shtoi-peshe-evitoi-bikinet\/#primaryimage\",\"url\":\"http:\/\/www.visit-ulcinj.com\/blog\/wp-content\/uploads\/2011\/11\/Genta-Ismajli.jpg\",\"contentUrl\":\"http:\/\/www.visit-ulcinj.com\/blog\/wp-content\/uploads\/2011\/11\/Genta-Ismajli.jpg\"},{\"@type\":\"WebPage\",\"@id\":\"https:\/\/www.visit-ulcinj.com\/blog\/2011\/11\/07\/genta-shtoi-peshe-evitoi-bikinet\/#webpage\",\"url\":\"https:\/\/www.visit-ulcinj.com\/blog\/2011\/11\/07\/genta-shtoi-peshe-evitoi-bikinet\/\",\"name\":\"Genta shtoi pesh\u00eb evitoi bikinet - Lajme nga Ulqini\",\"isPartOf\":{\"@id\":\"https:\/\/www.visit-ulcinj.com\/blog\/#website\"},\"primaryImageOfPage\":{\"@id\":\"https:\/\/www.visit-ulcinj.com\/blog\/2011\/11\/07\/genta-shtoi-peshe-evitoi-bikinet\/#primaryimage\"},\"datePublished\":\"2011-11-07T19:13:17+00:00\",\"dateModified\":\"2011-11-07T19:13:17+00:00\",\"author\":{\"@id\":\"https:\/\/www.visit-ulcinj.com\/blog\/#\/schema\/person\/dcab619c614d3038751c63bc2aadc06d\"},\"description\":\"Genta Ismajli ishte nd\u00ebr t\u00eb vetmet k\u00ebng\u00ebtare q\u00eb k\u00ebt\u00eb ver\u00eb nuk u shfaq me bikini, sikurse vitet e kaluara, kur ishte nd\u00ebr t\u00eb parat q\u00eb zhvishej dhe shfaqej\",\"breadcrumb\":{\"@id\":\"https:\/\/www.visit-ulcinj.com\/blog\/2011\/11\/07\/genta-shtoi-peshe-evitoi-bikinet\/#breadcrumb\"},\"inLanguage\":\"en-US\",\"potentialAction\":[{\"@type\":\"ReadAction\",\"target\":[\"https:\/\/www.visit-ulcinj.com\/blog\/2011\/11\/07\/genta-shtoi-peshe-evitoi-bikinet\/\"]}]},{\"@type\":\"BreadcrumbList\",\"@id\":\"https:\/\/www.visit-ulcinj.com\/blog\/2011\/11\/07\/genta-shtoi-peshe-evitoi-bikinet\/#breadcrumb\",\"itemListElement\":[{\"@type\":\"ListItem\",\"position\":1,\"name\":\"Genta shtoi pesh\u00eb evitoi bikinet\"}]},{\"@type\":\"Person\",\"@id\":\"https:\/\/www.visit-ulcinj.com\/blog\/#\/schema\/person\/dcab619c614d3038751c63bc2aadc06d\",\"name\":\"ulqini\",\"sameAs\":[\"http:\/\/www.visit-ulcinj.com\"],\"url\":\"https:\/\/www.visit-ulcinj.com\/blog\/author\/admin\/\"}]}<\/script>\n<!-- \/ Yoast SEO plugin. -->","yoast_head_json":{"title":"Genta shtoi pesh\u00eb evitoi bikinet - Lajme nga Ulqini","description":"Genta Ismajli ishte nd\u00ebr t\u00eb vetmet k\u00ebng\u00ebtare q\u00eb k\u00ebt\u00eb ver\u00eb nuk u shfaq me bikini, sikurse vitet e kaluara, kur ishte nd\u00ebr t\u00eb parat q\u00eb zhvishej dhe shfaqej","robots":{"index":"index","follow":"follow","max-snippet":"max-snippet:-1","max-image-preview":"max-image-preview:large","max-video-preview":"max-video-preview:-1"},"canonical":"https:\/\/www.visit-ulcinj.com\/blog\/2011\/11\/07\/genta-shtoi-peshe-evitoi-bikinet\/","og_locale":"en_US","og_type":"article","og_title":"Genta shtoi pesh\u00eb evitoi bikinet - Lajme nga Ulqini","og_description":"Genta Ismajli ishte nd\u00ebr t\u00eb vetmet k\u00ebng\u00ebtare q\u00eb k\u00ebt\u00eb ver\u00eb nuk u shfaq me bikini, sikurse vitet e kaluara, kur ishte nd\u00ebr t\u00eb parat q\u00eb zhvishej dhe shfaqej","og_url":"https:\/\/www.visit-ulcinj.com\/blog\/2011\/11\/07\/genta-shtoi-peshe-evitoi-bikinet\/","og_site_name":"Lajme nga Ulqini","article_published_time":"2011-11-07T19:13:17+00:00","og_image":[{"url":"https:\/\/www.visit-ulcinj.com\/blog\/wp-content\/uploads\/2011\/11\/Genta-Ismajli-150x150.jpg"}],"twitter_misc":{"Written by":"ulqini","Est. reading time":"2 minutes"},"schema":{"@context":"https:\/\/schema.org","@graph":[{"@type":"WebSite","@id":"https:\/\/www.visit-ulcinj.com\/blog\/#website","url":"https:\/\/www.visit-ulcinj.com\/blog\/","name":"Lajme nga Ulqini","description":"Lajme,Vijesti,Ulqini,Ulqin,Crna Gora,Mali i Zi","potentialAction":[{"@type":"SearchAction","target":{"@type":"EntryPoint","urlTemplate":"https:\/\/www.visit-ulcinj.com\/blog\/?s={search_term_string}"},"query-input":"required name=search_term_string"}],"inLanguage":"en-US"},{"@type":"ImageObject","inLanguage":"en-US","@id":"https:\/\/www.visit-ulcinj.com\/blog\/2011\/11\/07\/genta-shtoi-peshe-evitoi-bikinet\/#primaryimage","url":"http:\/\/www.visit-ulcinj.com\/blog\/wp-content\/uploads\/2011\/11\/Genta-Ismajli.jpg","contentUrl":"http:\/\/www.visit-ulcinj.com\/blog\/wp-content\/uploads\/2011\/11\/Genta-Ismajli.jpg"},{"@type":"WebPage","@id":"https:\/\/www.visit-ulcinj.com\/blog\/2011\/11\/07\/genta-shtoi-peshe-evitoi-bikinet\/#webpage","url":"https:\/\/www.visit-ulcinj.com\/blog\/2011\/11\/07\/genta-shtoi-peshe-evitoi-bikinet\/","name":"Genta shtoi pesh\u00eb evitoi bikinet - Lajme nga Ulqini","isPartOf":{"@id":"https:\/\/www.visit-ulcinj.com\/blog\/#website"},"primaryImageOfPage":{"@id":"https:\/\/www.visit-ulcinj.com\/blog\/2011\/11\/07\/genta-shtoi-peshe-evitoi-bikinet\/#primaryimage"},"datePublished":"2011-11-07T19:13:17+00:00","dateModified":"2011-11-07T19:13:17+00:00","author":{"@id":"https:\/\/www.visit-ulcinj.com\/blog\/#\/schema\/person\/dcab619c614d3038751c63bc2aadc06d"},"description":"Genta Ismajli ishte nd\u00ebr t\u00eb vetmet k\u00ebng\u00ebtare q\u00eb k\u00ebt\u00eb ver\u00eb nuk u shfaq me bikini, sikurse vitet e kaluara, kur ishte nd\u00ebr t\u00eb parat q\u00eb zhvishej dhe shfaqej","breadcrumb":{"@id":"https:\/\/www.visit-ulcinj.com\/blog\/2011\/11\/07\/genta-shtoi-peshe-evitoi-bikinet\/#breadcrumb"},"inLanguage":"en-US","potentialAction":[{"@type":"ReadAction","target":["https:\/\/www.visit-ulcinj.com\/blog\/2011\/11\/07\/genta-shtoi-peshe-evitoi-bikinet\/"]}]},{"@type":"BreadcrumbList","@id":"https:\/\/www.visit-ulcinj.com\/blog\/2011\/11\/07\/genta-shtoi-peshe-evitoi-bikinet\/#breadcrumb","itemListElement":[{"@type":"ListItem","position":1,"name":"Genta shtoi pesh\u00eb evitoi bikinet"}]},{"@type":"Person","@id":"https:\/\/www.visit-ulcinj.com\/blog\/#\/schema\/person\/dcab619c614d3038751c63bc2aadc06d","name":"ulqini","sameAs":["http:\/\/www.visit-ulcinj.com"],"url":"https:\/\/www.visit-ulcinj.com\/blog\/author\/admin\/"}]}},"jetpack_featured_media_url":"","jetpack_sharing_enabled":true,"jetpack_shortlink":"https:\/\/wp.me\/pe6lTn-dLU","_links":{"self":[{"href":"https:\/\/www.visit-ulcinj.com\/blog\/wp-json\/wp\/v2\/posts\/52942"}],"collection":[{"href":"https:\/\/www.visit-ulcinj.com\/blog\/wp-json\/wp\/v2\/posts"}],"about":[{"href":"https:\/\/www.visit-ulcinj.com\/blog\/wp-json\/wp\/v2\/types\/post"}],"author":[{"embeddable":true,"href":"https:\/\/www.visit-ulcinj.com\/blog\/wp-json\/wp\/v2\/users\/1"}],"replies":[{"embeddable":true,"href":"https:\/\/www.visit-ulcinj.com\/blog\/wp-json\/wp\/v2\/comments?post=52942"}],"version-history":[{"count":1,"href":"https:\/\/www.visit-ulcinj.com\/blog\/wp-json\/wp\/v2\/posts\/52942\/revisions"}],"predecessor-version":[{"id":52947,"href":"https:\/\/www.visit-ulcinj.com\/blog\/wp-json\/wp\/v2\/posts\/52942\/revisions\/52947"}],"wp:attachment":[{"href":"https:\/\/www.visit-ulcinj.com\/blog\/wp-json\/wp\/v2\/media?parent=52942"}],"wp:term":[{"taxonomy":"category","embeddable":true,"href":"https:\/\/www.visit-ulcinj.com\/blog\/wp-json\/wp\/v2\/categories?post=52942"},{"taxonomy":"post_tag","embeddable":true,"href":"https:\/\/www.visit-ulcinj.com\/blog\/wp-json\/wp\/v2\/tags?post=52942"}],"curies":[{"name":"wp","href":"https:\/\/api.w.org\/{rel}","templated":true}]}}