{"id":52949,"date":"2011-11-07T20:28:39","date_gmt":"2011-11-07T19:28:39","guid":{"rendered":"http:\/\/www.visit-ulcinj.com\/blog\/?p=52949"},"modified":"2011-11-07T20:28:39","modified_gmt":"2011-11-07T19:28:39","slug":"ciljeta-gjoksin-nuk-e-kam-zvogeluar","status":"publish","type":"post","link":"https:\/\/www.visit-ulcinj.com\/blog\/2011\/11\/07\/ciljeta-gjoksin-nuk-e-kam-zvogeluar\/","title":{"rendered":"\u00c7iljeta gjoksin nuk e kam zvog\u00ebluar"},"content":{"rendered":"<p><a href=\"http:\/\/www.visit-ulcinj.com\/blog\/wp-content\/uploads\/2011\/11\/ciljeta-xhilaga.jpg\"><img loading=\"lazy\" class=\"alignleft size-full wp-image-52950\" title=\"ciljeta xhilaga\" src=\"http:\/\/www.visit-ulcinj.com\/blog\/wp-content\/uploads\/2011\/11\/ciljeta-xhilaga.jpg\" alt=\"\" width=\"350\" height=\"480\" \/><\/a>Ajo \u00ebsht\u00eb p\u00ebrfolur k\u00ebto dit\u00eb p\u00ebr nj\u00eb gj\u00eb shum\u00eb t\u00eb r\u00ebnd\u00ebsishme p\u00ebr linjat e saj, p\u00ebr gjoksin!!!!! Po, po, disa media kryesisht kosovare kan\u00eb par\u00eb disa foto t\u00eb fundit t\u00eb \u00c7iljet\u00ebs n\u00eb SHBA, dhe kan\u00eb nxituar n\u00eb konkluzionin se k\u00ebng\u00ebtarja n\u00eb Amerik\u00eb nuk ka b\u00ebr\u00eb vet\u00ebm koncerte, por ka zvog\u00ebluar edhe gjoksin.<\/p>\n<p>N\u00eb fakt, \u00ebsht\u00eb p\u00ebrfolur edhe m\u00eb par\u00eb ky si lajm, por k\u00ebsaj radhe u duk sikur ndodhi me t\u00eb v\u00ebrtet\u00eb. K\u00ebng\u00ebtarja ka nxituar t\u00eb p\u00ebrg\u00ebnjeshtroj\u00eb z\u00ebrat, duke th\u00ebn\u00eb se nuk e ka prekur gjoksin, pasi ka nd\u00ebr mend t\u00eb nd\u00ebrhyj\u00eb n\u00eb t\u00eb vet\u00ebm mbasi t\u00eb lind\u00eb.<\/p>\n<p>N\u00eb fakt, edhe arsyet e keqkuptimit jan\u00eb t\u00eb mir\u00ebkuptueshme, sepse \u00c7iljeta k\u00ebto koh\u00eb jo vet\u00ebm ka r\u00ebn\u00eb shum\u00eb n\u00eb pesh\u00eb, por ka krijuar forma shum\u00eb t\u00eb mira fal\u00eb ushtrimit n\u00eb palest\u00ebr. Kjo gj\u00eb i ka dh\u00ebn\u00eb nj\u00eb pamje shum\u00eb elegante, aq sa t\u00eb krijohet ideja se gjoksi i saj ka ndryshuar ose m\u00eb sakt\u00eb \u00ebsht\u00eb zvog\u00ebluar.<\/p>\n<p>N\u00eb fakt, kur bie n\u00eb pesh\u00eb, edhe gjoksi nuk shp\u00ebton, por ne e dim\u00eb se \u00c7iljeta \u00ebsht\u00eb shum\u00eb e sinqert\u00eb me gazetar\u00ebt dhe nuk do t\u00eb na e fshehte kurr\u00eb nj\u00eb lajm t\u00eb till\u00eb.<\/p>\n<p><strong>Panorama<br \/>\n<!--YouTube Error: bad URL entered--><br \/>\n<\/strong><\/p>\n","protected":false},"excerpt":{"rendered":"<p>Ajo \u00ebsht\u00eb p\u00ebrfolur k\u00ebto dit\u00eb p\u00ebr nj\u00eb gj\u00eb shum\u00eb t\u00eb r\u00ebnd\u00ebsishme p\u00ebr linjat e saj, p\u00ebr gjoksin!!!!! Po, po, disa media kryesisht kosovare kan\u00eb par\u00eb disa foto t\u00eb fundit t\u00eb \u00c7iljet\u00ebs n\u00eb SHBA, dhe kan\u00eb nxituar n\u00eb konkluzionin se k\u00ebng\u00ebtarja n\u00eb Amerik\u00eb nuk ka b\u00ebr\u00eb vet\u00ebm koncerte, por ka zvog\u00ebluar edhe gjoksin. N\u00eb fakt, \u00ebsht\u00eb [&hellip;]<\/p>\n","protected":false},"author":1,"featured_media":0,"comment_status":"open","ping_status":"closed","sticky":false,"template":"","format":"standard","meta":{"spay_email":"","jetpack_publicize_message":"","jetpack_is_tweetstorm":false,"jetpack_publicize_feature_enabled":true},"categories":[1],"tags":[5456],"jetpack_publicize_connections":[],"yoast_head":"<!-- This site is optimized with the Yoast SEO plugin v19.1 - https:\/\/yoast.com\/wordpress\/plugins\/seo\/ -->\n<title>\u00c7iljeta gjoksin nuk e kam zvog\u00ebluar - Lajme nga Ulqini<\/title>\n<meta name=\"description\" content=\"Ajo \u00ebsht\u00eb p\u00ebrfolur k\u00ebto dit\u00eb p\u00ebr nj\u00eb gj\u00eb shum\u00eb t\u00eb r\u00ebnd\u00ebsishme p\u00ebr linjat e saj, p\u00ebr gjoksin!!!!! Po, po, disa media kryesisht kosovare kan\u00eb par\u00eb disa foto\" \/>\n<meta name=\"robots\" content=\"index, follow, max-snippet:-1, max-image-preview:large, max-video-preview:-1\" \/>\n<link rel=\"canonical\" href=\"https:\/\/www.visit-ulcinj.com\/blog\/2011\/11\/07\/ciljeta-gjoksin-nuk-e-kam-zvogeluar\/\" \/>\n<meta property=\"og:locale\" content=\"en_US\" \/>\n<meta property=\"og:type\" content=\"article\" \/>\n<meta property=\"og:title\" content=\"\u00c7iljeta gjoksin nuk e kam zvog\u00ebluar - Lajme nga Ulqini\" \/>\n<meta property=\"og:description\" content=\"Ajo \u00ebsht\u00eb p\u00ebrfolur k\u00ebto dit\u00eb p\u00ebr nj\u00eb gj\u00eb shum\u00eb t\u00eb r\u00ebnd\u00ebsishme p\u00ebr linjat e saj, p\u00ebr gjoksin!!!!! Po, po, disa media kryesisht kosovare kan\u00eb par\u00eb disa foto\" \/>\n<meta property=\"og:url\" content=\"https:\/\/www.visit-ulcinj.com\/blog\/2011\/11\/07\/ciljeta-gjoksin-nuk-e-kam-zvogeluar\/\" \/>\n<meta property=\"og:site_name\" content=\"Lajme nga Ulqini\" \/>\n<meta property=\"article:published_time\" content=\"2011-11-07T19:28:39+00:00\" \/>\n<meta property=\"og:image\" content=\"http:\/\/www.visit-ulcinj.com\/blog\/wp-content\/uploads\/2011\/11\/ciljeta-xhilaga.jpg\" \/>\n<meta name=\"twitter:label1\" content=\"Written by\" \/>\n\t<meta name=\"twitter:data1\" content=\"ulqini\" \/>\n\t<meta name=\"twitter:label2\" content=\"Est. reading time\" \/>\n\t<meta name=\"twitter:data2\" content=\"1 minute\" \/>\n<script type=\"application\/ld+json\" class=\"yoast-schema-graph\">{\"@context\":\"https:\/\/schema.org\",\"@graph\":[{\"@type\":\"WebSite\",\"@id\":\"https:\/\/www.visit-ulcinj.com\/blog\/#website\",\"url\":\"https:\/\/www.visit-ulcinj.com\/blog\/\",\"name\":\"Lajme nga Ulqini\",\"description\":\"Lajme,Vijesti,Ulqini,Ulqin,Crna Gora,Mali i Zi\",\"potentialAction\":[{\"@type\":\"SearchAction\",\"target\":{\"@type\":\"EntryPoint\",\"urlTemplate\":\"https:\/\/www.visit-ulcinj.com\/blog\/?s={search_term_string}\"},\"query-input\":\"required name=search_term_string\"}],\"inLanguage\":\"en-US\"},{\"@type\":\"ImageObject\",\"inLanguage\":\"en-US\",\"@id\":\"https:\/\/www.visit-ulcinj.com\/blog\/2011\/11\/07\/ciljeta-gjoksin-nuk-e-kam-zvogeluar\/#primaryimage\",\"url\":\"http:\/\/www.visit-ulcinj.com\/blog\/wp-content\/uploads\/2011\/11\/ciljeta-xhilaga.jpg\",\"contentUrl\":\"http:\/\/www.visit-ulcinj.com\/blog\/wp-content\/uploads\/2011\/11\/ciljeta-xhilaga.jpg\"},{\"@type\":\"WebPage\",\"@id\":\"https:\/\/www.visit-ulcinj.com\/blog\/2011\/11\/07\/ciljeta-gjoksin-nuk-e-kam-zvogeluar\/#webpage\",\"url\":\"https:\/\/www.visit-ulcinj.com\/blog\/2011\/11\/07\/ciljeta-gjoksin-nuk-e-kam-zvogeluar\/\",\"name\":\"\u00c7iljeta gjoksin nuk e kam zvog\u00ebluar - Lajme nga Ulqini\",\"isPartOf\":{\"@id\":\"https:\/\/www.visit-ulcinj.com\/blog\/#website\"},\"primaryImageOfPage\":{\"@id\":\"https:\/\/www.visit-ulcinj.com\/blog\/2011\/11\/07\/ciljeta-gjoksin-nuk-e-kam-zvogeluar\/#primaryimage\"},\"datePublished\":\"2011-11-07T19:28:39+00:00\",\"dateModified\":\"2011-11-07T19:28:39+00:00\",\"author\":{\"@id\":\"https:\/\/www.visit-ulcinj.com\/blog\/#\/schema\/person\/dcab619c614d3038751c63bc2aadc06d\"},\"description\":\"Ajo \u00ebsht\u00eb p\u00ebrfolur k\u00ebto dit\u00eb p\u00ebr nj\u00eb gj\u00eb shum\u00eb t\u00eb r\u00ebnd\u00ebsishme p\u00ebr linjat e saj, p\u00ebr gjoksin!!!!! Po, po, disa media kryesisht kosovare kan\u00eb par\u00eb disa foto\",\"breadcrumb\":{\"@id\":\"https:\/\/www.visit-ulcinj.com\/blog\/2011\/11\/07\/ciljeta-gjoksin-nuk-e-kam-zvogeluar\/#breadcrumb\"},\"inLanguage\":\"en-US\",\"potentialAction\":[{\"@type\":\"ReadAction\",\"target\":[\"https:\/\/www.visit-ulcinj.com\/blog\/2011\/11\/07\/ciljeta-gjoksin-nuk-e-kam-zvogeluar\/\"]}]},{\"@type\":\"BreadcrumbList\",\"@id\":\"https:\/\/www.visit-ulcinj.com\/blog\/2011\/11\/07\/ciljeta-gjoksin-nuk-e-kam-zvogeluar\/#breadcrumb\",\"itemListElement\":[{\"@type\":\"ListItem\",\"position\":1,\"name\":\"\u00c7iljeta gjoksin nuk e kam zvog\u00ebluar\"}]},{\"@type\":\"Person\",\"@id\":\"https:\/\/www.visit-ulcinj.com\/blog\/#\/schema\/person\/dcab619c614d3038751c63bc2aadc06d\",\"name\":\"ulqini\",\"sameAs\":[\"http:\/\/www.visit-ulcinj.com\"],\"url\":\"https:\/\/www.visit-ulcinj.com\/blog\/author\/admin\/\"}]}<\/script>\n<!-- \/ Yoast SEO plugin. -->","yoast_head_json":{"title":"\u00c7iljeta gjoksin nuk e kam zvog\u00ebluar - Lajme nga Ulqini","description":"Ajo \u00ebsht\u00eb p\u00ebrfolur k\u00ebto dit\u00eb p\u00ebr nj\u00eb gj\u00eb shum\u00eb t\u00eb r\u00ebnd\u00ebsishme p\u00ebr linjat e saj, p\u00ebr gjoksin!!!!! Po, po, disa media kryesisht kosovare kan\u00eb par\u00eb disa foto","robots":{"index":"index","follow":"follow","max-snippet":"max-snippet:-1","max-image-preview":"max-image-preview:large","max-video-preview":"max-video-preview:-1"},"canonical":"https:\/\/www.visit-ulcinj.com\/blog\/2011\/11\/07\/ciljeta-gjoksin-nuk-e-kam-zvogeluar\/","og_locale":"en_US","og_type":"article","og_title":"\u00c7iljeta gjoksin nuk e kam zvog\u00ebluar - Lajme nga Ulqini","og_description":"Ajo \u00ebsht\u00eb p\u00ebrfolur k\u00ebto dit\u00eb p\u00ebr nj\u00eb gj\u00eb shum\u00eb t\u00eb r\u00ebnd\u00ebsishme p\u00ebr linjat e saj, p\u00ebr gjoksin!!!!! Po, po, disa media kryesisht kosovare kan\u00eb par\u00eb disa foto","og_url":"https:\/\/www.visit-ulcinj.com\/blog\/2011\/11\/07\/ciljeta-gjoksin-nuk-e-kam-zvogeluar\/","og_site_name":"Lajme nga Ulqini","article_published_time":"2011-11-07T19:28:39+00:00","og_image":[{"url":"http:\/\/www.visit-ulcinj.com\/blog\/wp-content\/uploads\/2011\/11\/ciljeta-xhilaga.jpg"}],"twitter_misc":{"Written by":"ulqini","Est. reading time":"1 minute"},"schema":{"@context":"https:\/\/schema.org","@graph":[{"@type":"WebSite","@id":"https:\/\/www.visit-ulcinj.com\/blog\/#website","url":"https:\/\/www.visit-ulcinj.com\/blog\/","name":"Lajme nga Ulqini","description":"Lajme,Vijesti,Ulqini,Ulqin,Crna Gora,Mali i Zi","potentialAction":[{"@type":"SearchAction","target":{"@type":"EntryPoint","urlTemplate":"https:\/\/www.visit-ulcinj.com\/blog\/?s={search_term_string}"},"query-input":"required name=search_term_string"}],"inLanguage":"en-US"},{"@type":"ImageObject","inLanguage":"en-US","@id":"https:\/\/www.visit-ulcinj.com\/blog\/2011\/11\/07\/ciljeta-gjoksin-nuk-e-kam-zvogeluar\/#primaryimage","url":"http:\/\/www.visit-ulcinj.com\/blog\/wp-content\/uploads\/2011\/11\/ciljeta-xhilaga.jpg","contentUrl":"http:\/\/www.visit-ulcinj.com\/blog\/wp-content\/uploads\/2011\/11\/ciljeta-xhilaga.jpg"},{"@type":"WebPage","@id":"https:\/\/www.visit-ulcinj.com\/blog\/2011\/11\/07\/ciljeta-gjoksin-nuk-e-kam-zvogeluar\/#webpage","url":"https:\/\/www.visit-ulcinj.com\/blog\/2011\/11\/07\/ciljeta-gjoksin-nuk-e-kam-zvogeluar\/","name":"\u00c7iljeta gjoksin nuk e kam zvog\u00ebluar - Lajme nga Ulqini","isPartOf":{"@id":"https:\/\/www.visit-ulcinj.com\/blog\/#website"},"primaryImageOfPage":{"@id":"https:\/\/www.visit-ulcinj.com\/blog\/2011\/11\/07\/ciljeta-gjoksin-nuk-e-kam-zvogeluar\/#primaryimage"},"datePublished":"2011-11-07T19:28:39+00:00","dateModified":"2011-11-07T19:28:39+00:00","author":{"@id":"https:\/\/www.visit-ulcinj.com\/blog\/#\/schema\/person\/dcab619c614d3038751c63bc2aadc06d"},"description":"Ajo \u00ebsht\u00eb p\u00ebrfolur k\u00ebto dit\u00eb p\u00ebr nj\u00eb gj\u00eb shum\u00eb t\u00eb r\u00ebnd\u00ebsishme p\u00ebr linjat e saj, p\u00ebr gjoksin!!!!! Po, po, disa media kryesisht kosovare kan\u00eb par\u00eb disa foto","breadcrumb":{"@id":"https:\/\/www.visit-ulcinj.com\/blog\/2011\/11\/07\/ciljeta-gjoksin-nuk-e-kam-zvogeluar\/#breadcrumb"},"inLanguage":"en-US","potentialAction":[{"@type":"ReadAction","target":["https:\/\/www.visit-ulcinj.com\/blog\/2011\/11\/07\/ciljeta-gjoksin-nuk-e-kam-zvogeluar\/"]}]},{"@type":"BreadcrumbList","@id":"https:\/\/www.visit-ulcinj.com\/blog\/2011\/11\/07\/ciljeta-gjoksin-nuk-e-kam-zvogeluar\/#breadcrumb","itemListElement":[{"@type":"ListItem","position":1,"name":"\u00c7iljeta gjoksin nuk e kam zvog\u00ebluar"}]},{"@type":"Person","@id":"https:\/\/www.visit-ulcinj.com\/blog\/#\/schema\/person\/dcab619c614d3038751c63bc2aadc06d","name":"ulqini","sameAs":["http:\/\/www.visit-ulcinj.com"],"url":"https:\/\/www.visit-ulcinj.com\/blog\/author\/admin\/"}]}},"jetpack_featured_media_url":"","jetpack_sharing_enabled":true,"jetpack_shortlink":"https:\/\/wp.me\/pe6lTn-dM1","_links":{"self":[{"href":"https:\/\/www.visit-ulcinj.com\/blog\/wp-json\/wp\/v2\/posts\/52949"}],"collection":[{"href":"https:\/\/www.visit-ulcinj.com\/blog\/wp-json\/wp\/v2\/posts"}],"about":[{"href":"https:\/\/www.visit-ulcinj.com\/blog\/wp-json\/wp\/v2\/types\/post"}],"author":[{"embeddable":true,"href":"https:\/\/www.visit-ulcinj.com\/blog\/wp-json\/wp\/v2\/users\/1"}],"replies":[{"embeddable":true,"href":"https:\/\/www.visit-ulcinj.com\/blog\/wp-json\/wp\/v2\/comments?post=52949"}],"version-history":[{"count":1,"href":"https:\/\/www.visit-ulcinj.com\/blog\/wp-json\/wp\/v2\/posts\/52949\/revisions"}],"predecessor-version":[{"id":52951,"href":"https:\/\/www.visit-ulcinj.com\/blog\/wp-json\/wp\/v2\/posts\/52949\/revisions\/52951"}],"wp:attachment":[{"href":"https:\/\/www.visit-ulcinj.com\/blog\/wp-json\/wp\/v2\/media?parent=52949"}],"wp:term":[{"taxonomy":"category","embeddable":true,"href":"https:\/\/www.visit-ulcinj.com\/blog\/wp-json\/wp\/v2\/categories?post=52949"},{"taxonomy":"post_tag","embeddable":true,"href":"https:\/\/www.visit-ulcinj.com\/blog\/wp-json\/wp\/v2\/tags?post=52949"}],"curies":[{"name":"wp","href":"https:\/\/api.w.org\/{rel}","templated":true}]}}