{"id":52953,"date":"2011-11-07T20:37:23","date_gmt":"2011-11-07T19:37:23","guid":{"rendered":"http:\/\/www.visit-ulcinj.com\/blog\/?p=52953"},"modified":"2011-11-07T20:37:23","modified_gmt":"2011-11-07T19:37:23","slug":"fjolla-morina-ne-dashuri-nuk-ka-rendesi-nacionaliteti","status":"publish","type":"post","link":"https:\/\/www.visit-ulcinj.com\/blog\/2011\/11\/07\/fjolla-morina-ne-dashuri-nuk-ka-rendesi-nacionaliteti\/","title":{"rendered":"Fjolla Morina n\u00eb dashuri nuk ka r\u00ebnd\u00ebsi nacionaliteti"},"content":{"rendered":"<p><a href=\"http:\/\/www.visit-ulcinj.com\/blog\/wp-content\/uploads\/2011\/11\/Fjolla-Morina.jpg\"><img loading=\"lazy\" class=\"alignleft size-full wp-image-52954\" title=\"Fjolla Morina\" src=\"http:\/\/www.visit-ulcinj.com\/blog\/wp-content\/uploads\/2011\/11\/Fjolla-Morina.jpg\" alt=\"\" width=\"350\" height=\"450\" \/><\/a>Karriera muzikore po i shkon mrekulluesh\u00ebm, mir\u00ebpo si duket nuk ngopet me kaq, ajo po k\u00ebrkon di\u00e7ka m\u00eb shum\u00eb nga vetja, di\u00e7ka q\u00eb s\u2019e ka provuar deri m\u00eb tani. Fjolla Morina tani ka vendosur t\u00eb udh\u00ebtoj p\u00ebr n\u00eb Kaliforni p\u00ebr t\u00eb ndjekur nj\u00eb shkoll\u00eb aktrimi dhe p\u00ebr ta sprovuar veten edhe n\u00eb k\u00ebt\u00eb profesion.<br \/>\n\u201cKa disa dit\u00eb q\u00eb jam duke u p\u00ebrgatitur p\u00ebr t\u00eb udh\u00ebtuar n\u00eb Kaliforni, ku p\u00ebrve\u00e7 q\u00eb do ta vizitoj motr\u00ebn time dhe mbes\u00ebn e vog\u00ebl Hayley Nicole, do t\u00eb vijoj m\u00ebsimet n\u00eb nj\u00eb shkoll\u00eb aktrimi, ku m\u00eb pas do t\u00eb filloj t\u00eb merrem edhe me aktrim\u201d ka th\u00ebn\u00eb ajo p\u00ebr \u201cZ\u00ebri\u201d.<\/p>\n<p>Fjolla nuk do t\u00eb hezitoj t\u00eb pranoj ndonj\u00eb ofert\u00eb qoft\u00eb p\u00ebr t\u00eb qen\u00eb pjes\u00ebmarr\u00ebse n\u00eb ndonj\u00eb film, ajo pas p\u00ebrfundimit t\u00eb shkoll\u00ebs mendon q\u00eb t\u00eb nis\u00eb menj\u00ebher\u00eb me projekte filmike. \u201cShpresoj q\u00eb aktrimi t\u00eb m\u00eb sjell\u00eb sukses.<\/p>\n<p>Mendoj q\u00eb t\u00eb jem pjes\u00eb e ndonj\u00eb projekti filmik n\u00eb Kaliforni apo edhe diku tjet\u00ebr\u201d, thekson ajo. Fjolla shpreson q\u00eb fati t\u2019i buz\u00ebqesh n\u00eb k\u00ebt\u00eb profesion, mbase edhe n\u00eb jet\u00ebn e saj private, n\u00ebse do t\u00eb takoj\u00eb djaloshin e \u00ebndrrave t\u00eb saj atje nuk do ta refuzoj.<\/p>\n<p>\u201cFatit nuk i dihet mund ta takoj\u00eb djaloshin e duhur p\u00ebr mua edhe n\u00eb Kaliforni, kjo nuk do t\u00eb m\u00eb pengonte, madje as nacionaliteti nuk ka r\u00ebnd\u00ebsi p\u00ebr mua, thjesht\u00eb t\u00eb m\u00eb doj\u00eb dhe ta dua ashtu si\u00e7 \u00ebsht\u00eb\u201d, \u00ebsht\u00eb shprehur n\u00eb fund ajo. Edhe pse ka nisur aktrimin Fjolla nuk do t\u00eb shk\u00ebputet nga k\u00ebnga, ajo p\u00ebr k\u00ebt\u00eb fundvit do t\u00eb paraqitet me projekte t\u00eb reja muzikore.<\/p>\n<p><strong>Kastriote Bajrami <\/strong><br \/>\n<strong> Gazeta Zeri<br \/>\n<!--YouTube Error: bad URL entered--><br \/>\n<\/strong><\/p>\n","protected":false},"excerpt":{"rendered":"<p>Karriera muzikore po i shkon mrekulluesh\u00ebm, mir\u00ebpo si duket nuk ngopet me kaq, ajo po k\u00ebrkon di\u00e7ka m\u00eb shum\u00eb nga vetja, di\u00e7ka q\u00eb s\u2019e ka provuar deri m\u00eb tani. Fjolla Morina tani ka vendosur t\u00eb udh\u00ebtoj p\u00ebr n\u00eb Kaliforni p\u00ebr t\u00eb ndjekur nj\u00eb shkoll\u00eb aktrimi dhe p\u00ebr ta sprovuar veten edhe n\u00eb k\u00ebt\u00eb profesion. \u201cKa [&hellip;]<\/p>\n","protected":false},"author":1,"featured_media":0,"comment_status":"open","ping_status":"closed","sticky":false,"template":"","format":"standard","meta":{"spay_email":"","jetpack_publicize_message":"","jetpack_is_tweetstorm":false,"jetpack_publicize_feature_enabled":true},"categories":[1],"tags":[15948],"jetpack_publicize_connections":[],"yoast_head":"<!-- This site is optimized with the Yoast SEO plugin v19.1 - https:\/\/yoast.com\/wordpress\/plugins\/seo\/ -->\n<title>Fjolla Morina n\u00eb dashuri nuk ka r\u00ebnd\u00ebsi nacionaliteti - Lajme nga Ulqini<\/title>\n<meta name=\"description\" content=\"Karriera muzikore po i shkon mrekulluesh\u00ebm, mir\u00ebpo si duket nuk ngopet me kaq, ajo po k\u00ebrkon di\u00e7ka m\u00eb shum\u00eb nga vetja, di\u00e7ka q\u00eb s\u2019e ka provuar deri m\u00eb\" \/>\n<meta name=\"robots\" content=\"index, follow, max-snippet:-1, max-image-preview:large, max-video-preview:-1\" \/>\n<link rel=\"canonical\" href=\"https:\/\/www.visit-ulcinj.com\/blog\/2011\/11\/07\/fjolla-morina-ne-dashuri-nuk-ka-rendesi-nacionaliteti\/\" \/>\n<meta property=\"og:locale\" content=\"en_US\" \/>\n<meta property=\"og:type\" content=\"article\" \/>\n<meta property=\"og:title\" content=\"Fjolla Morina n\u00eb dashuri nuk ka r\u00ebnd\u00ebsi nacionaliteti - Lajme nga Ulqini\" \/>\n<meta property=\"og:description\" content=\"Karriera muzikore po i shkon mrekulluesh\u00ebm, mir\u00ebpo si duket nuk ngopet me kaq, ajo po k\u00ebrkon di\u00e7ka m\u00eb shum\u00eb nga vetja, di\u00e7ka q\u00eb s\u2019e ka provuar deri m\u00eb\" \/>\n<meta property=\"og:url\" content=\"https:\/\/www.visit-ulcinj.com\/blog\/2011\/11\/07\/fjolla-morina-ne-dashuri-nuk-ka-rendesi-nacionaliteti\/\" \/>\n<meta property=\"og:site_name\" content=\"Lajme nga Ulqini\" \/>\n<meta property=\"article:published_time\" content=\"2011-11-07T19:37:23+00:00\" \/>\n<meta property=\"og:image\" content=\"http:\/\/www.visit-ulcinj.com\/blog\/wp-content\/uploads\/2011\/11\/Fjolla-Morina.jpg\" \/>\n<meta name=\"twitter:label1\" content=\"Written by\" \/>\n\t<meta name=\"twitter:data1\" content=\"ulqini\" \/>\n\t<meta name=\"twitter:label2\" content=\"Est. reading time\" \/>\n\t<meta name=\"twitter:data2\" content=\"2 minutes\" \/>\n<script type=\"application\/ld+json\" class=\"yoast-schema-graph\">{\"@context\":\"https:\/\/schema.org\",\"@graph\":[{\"@type\":\"WebSite\",\"@id\":\"https:\/\/www.visit-ulcinj.com\/blog\/#website\",\"url\":\"https:\/\/www.visit-ulcinj.com\/blog\/\",\"name\":\"Lajme nga Ulqini\",\"description\":\"Lajme,Vijesti,Ulqini,Ulqin,Crna Gora,Mali i Zi\",\"potentialAction\":[{\"@type\":\"SearchAction\",\"target\":{\"@type\":\"EntryPoint\",\"urlTemplate\":\"https:\/\/www.visit-ulcinj.com\/blog\/?s={search_term_string}\"},\"query-input\":\"required name=search_term_string\"}],\"inLanguage\":\"en-US\"},{\"@type\":\"ImageObject\",\"inLanguage\":\"en-US\",\"@id\":\"https:\/\/www.visit-ulcinj.com\/blog\/2011\/11\/07\/fjolla-morina-ne-dashuri-nuk-ka-rendesi-nacionaliteti\/#primaryimage\",\"url\":\"http:\/\/www.visit-ulcinj.com\/blog\/wp-content\/uploads\/2011\/11\/Fjolla-Morina.jpg\",\"contentUrl\":\"http:\/\/www.visit-ulcinj.com\/blog\/wp-content\/uploads\/2011\/11\/Fjolla-Morina.jpg\"},{\"@type\":\"WebPage\",\"@id\":\"https:\/\/www.visit-ulcinj.com\/blog\/2011\/11\/07\/fjolla-morina-ne-dashuri-nuk-ka-rendesi-nacionaliteti\/#webpage\",\"url\":\"https:\/\/www.visit-ulcinj.com\/blog\/2011\/11\/07\/fjolla-morina-ne-dashuri-nuk-ka-rendesi-nacionaliteti\/\",\"name\":\"Fjolla Morina n\u00eb dashuri nuk ka r\u00ebnd\u00ebsi nacionaliteti - Lajme nga Ulqini\",\"isPartOf\":{\"@id\":\"https:\/\/www.visit-ulcinj.com\/blog\/#website\"},\"primaryImageOfPage\":{\"@id\":\"https:\/\/www.visit-ulcinj.com\/blog\/2011\/11\/07\/fjolla-morina-ne-dashuri-nuk-ka-rendesi-nacionaliteti\/#primaryimage\"},\"datePublished\":\"2011-11-07T19:37:23+00:00\",\"dateModified\":\"2011-11-07T19:37:23+00:00\",\"author\":{\"@id\":\"https:\/\/www.visit-ulcinj.com\/blog\/#\/schema\/person\/dcab619c614d3038751c63bc2aadc06d\"},\"description\":\"Karriera muzikore po i shkon mrekulluesh\u00ebm, mir\u00ebpo si duket nuk ngopet me kaq, ajo po k\u00ebrkon di\u00e7ka m\u00eb shum\u00eb nga vetja, di\u00e7ka q\u00eb s\u2019e ka provuar deri m\u00eb\",\"breadcrumb\":{\"@id\":\"https:\/\/www.visit-ulcinj.com\/blog\/2011\/11\/07\/fjolla-morina-ne-dashuri-nuk-ka-rendesi-nacionaliteti\/#breadcrumb\"},\"inLanguage\":\"en-US\",\"potentialAction\":[{\"@type\":\"ReadAction\",\"target\":[\"https:\/\/www.visit-ulcinj.com\/blog\/2011\/11\/07\/fjolla-morina-ne-dashuri-nuk-ka-rendesi-nacionaliteti\/\"]}]},{\"@type\":\"BreadcrumbList\",\"@id\":\"https:\/\/www.visit-ulcinj.com\/blog\/2011\/11\/07\/fjolla-morina-ne-dashuri-nuk-ka-rendesi-nacionaliteti\/#breadcrumb\",\"itemListElement\":[{\"@type\":\"ListItem\",\"position\":1,\"name\":\"Fjolla Morina n\u00eb dashuri nuk ka r\u00ebnd\u00ebsi nacionaliteti\"}]},{\"@type\":\"Person\",\"@id\":\"https:\/\/www.visit-ulcinj.com\/blog\/#\/schema\/person\/dcab619c614d3038751c63bc2aadc06d\",\"name\":\"ulqini\",\"sameAs\":[\"http:\/\/www.visit-ulcinj.com\"],\"url\":\"https:\/\/www.visit-ulcinj.com\/blog\/author\/admin\/\"}]}<\/script>\n<!-- \/ Yoast SEO plugin. -->","yoast_head_json":{"title":"Fjolla Morina n\u00eb dashuri nuk ka r\u00ebnd\u00ebsi nacionaliteti - Lajme nga Ulqini","description":"Karriera muzikore po i shkon mrekulluesh\u00ebm, mir\u00ebpo si duket nuk ngopet me kaq, ajo po k\u00ebrkon di\u00e7ka m\u00eb shum\u00eb nga vetja, di\u00e7ka q\u00eb s\u2019e ka provuar deri m\u00eb","robots":{"index":"index","follow":"follow","max-snippet":"max-snippet:-1","max-image-preview":"max-image-preview:large","max-video-preview":"max-video-preview:-1"},"canonical":"https:\/\/www.visit-ulcinj.com\/blog\/2011\/11\/07\/fjolla-morina-ne-dashuri-nuk-ka-rendesi-nacionaliteti\/","og_locale":"en_US","og_type":"article","og_title":"Fjolla Morina n\u00eb dashuri nuk ka r\u00ebnd\u00ebsi nacionaliteti - Lajme nga Ulqini","og_description":"Karriera muzikore po i shkon mrekulluesh\u00ebm, mir\u00ebpo si duket nuk ngopet me kaq, ajo po k\u00ebrkon di\u00e7ka m\u00eb shum\u00eb nga vetja, di\u00e7ka q\u00eb s\u2019e ka provuar deri m\u00eb","og_url":"https:\/\/www.visit-ulcinj.com\/blog\/2011\/11\/07\/fjolla-morina-ne-dashuri-nuk-ka-rendesi-nacionaliteti\/","og_site_name":"Lajme nga Ulqini","article_published_time":"2011-11-07T19:37:23+00:00","og_image":[{"url":"http:\/\/www.visit-ulcinj.com\/blog\/wp-content\/uploads\/2011\/11\/Fjolla-Morina.jpg"}],"twitter_misc":{"Written by":"ulqini","Est. reading time":"2 minutes"},"schema":{"@context":"https:\/\/schema.org","@graph":[{"@type":"WebSite","@id":"https:\/\/www.visit-ulcinj.com\/blog\/#website","url":"https:\/\/www.visit-ulcinj.com\/blog\/","name":"Lajme nga Ulqini","description":"Lajme,Vijesti,Ulqini,Ulqin,Crna Gora,Mali i Zi","potentialAction":[{"@type":"SearchAction","target":{"@type":"EntryPoint","urlTemplate":"https:\/\/www.visit-ulcinj.com\/blog\/?s={search_term_string}"},"query-input":"required name=search_term_string"}],"inLanguage":"en-US"},{"@type":"ImageObject","inLanguage":"en-US","@id":"https:\/\/www.visit-ulcinj.com\/blog\/2011\/11\/07\/fjolla-morina-ne-dashuri-nuk-ka-rendesi-nacionaliteti\/#primaryimage","url":"http:\/\/www.visit-ulcinj.com\/blog\/wp-content\/uploads\/2011\/11\/Fjolla-Morina.jpg","contentUrl":"http:\/\/www.visit-ulcinj.com\/blog\/wp-content\/uploads\/2011\/11\/Fjolla-Morina.jpg"},{"@type":"WebPage","@id":"https:\/\/www.visit-ulcinj.com\/blog\/2011\/11\/07\/fjolla-morina-ne-dashuri-nuk-ka-rendesi-nacionaliteti\/#webpage","url":"https:\/\/www.visit-ulcinj.com\/blog\/2011\/11\/07\/fjolla-morina-ne-dashuri-nuk-ka-rendesi-nacionaliteti\/","name":"Fjolla Morina n\u00eb dashuri nuk ka r\u00ebnd\u00ebsi nacionaliteti - Lajme nga Ulqini","isPartOf":{"@id":"https:\/\/www.visit-ulcinj.com\/blog\/#website"},"primaryImageOfPage":{"@id":"https:\/\/www.visit-ulcinj.com\/blog\/2011\/11\/07\/fjolla-morina-ne-dashuri-nuk-ka-rendesi-nacionaliteti\/#primaryimage"},"datePublished":"2011-11-07T19:37:23+00:00","dateModified":"2011-11-07T19:37:23+00:00","author":{"@id":"https:\/\/www.visit-ulcinj.com\/blog\/#\/schema\/person\/dcab619c614d3038751c63bc2aadc06d"},"description":"Karriera muzikore po i shkon mrekulluesh\u00ebm, mir\u00ebpo si duket nuk ngopet me kaq, ajo po k\u00ebrkon di\u00e7ka m\u00eb shum\u00eb nga vetja, di\u00e7ka q\u00eb s\u2019e ka provuar deri m\u00eb","breadcrumb":{"@id":"https:\/\/www.visit-ulcinj.com\/blog\/2011\/11\/07\/fjolla-morina-ne-dashuri-nuk-ka-rendesi-nacionaliteti\/#breadcrumb"},"inLanguage":"en-US","potentialAction":[{"@type":"ReadAction","target":["https:\/\/www.visit-ulcinj.com\/blog\/2011\/11\/07\/fjolla-morina-ne-dashuri-nuk-ka-rendesi-nacionaliteti\/"]}]},{"@type":"BreadcrumbList","@id":"https:\/\/www.visit-ulcinj.com\/blog\/2011\/11\/07\/fjolla-morina-ne-dashuri-nuk-ka-rendesi-nacionaliteti\/#breadcrumb","itemListElement":[{"@type":"ListItem","position":1,"name":"Fjolla Morina n\u00eb dashuri nuk ka r\u00ebnd\u00ebsi nacionaliteti"}]},{"@type":"Person","@id":"https:\/\/www.visit-ulcinj.com\/blog\/#\/schema\/person\/dcab619c614d3038751c63bc2aadc06d","name":"ulqini","sameAs":["http:\/\/www.visit-ulcinj.com"],"url":"https:\/\/www.visit-ulcinj.com\/blog\/author\/admin\/"}]}},"jetpack_featured_media_url":"","jetpack_sharing_enabled":true,"jetpack_shortlink":"https:\/\/wp.me\/pe6lTn-dM5","_links":{"self":[{"href":"https:\/\/www.visit-ulcinj.com\/blog\/wp-json\/wp\/v2\/posts\/52953"}],"collection":[{"href":"https:\/\/www.visit-ulcinj.com\/blog\/wp-json\/wp\/v2\/posts"}],"about":[{"href":"https:\/\/www.visit-ulcinj.com\/blog\/wp-json\/wp\/v2\/types\/post"}],"author":[{"embeddable":true,"href":"https:\/\/www.visit-ulcinj.com\/blog\/wp-json\/wp\/v2\/users\/1"}],"replies":[{"embeddable":true,"href":"https:\/\/www.visit-ulcinj.com\/blog\/wp-json\/wp\/v2\/comments?post=52953"}],"version-history":[{"count":1,"href":"https:\/\/www.visit-ulcinj.com\/blog\/wp-json\/wp\/v2\/posts\/52953\/revisions"}],"predecessor-version":[{"id":52955,"href":"https:\/\/www.visit-ulcinj.com\/blog\/wp-json\/wp\/v2\/posts\/52953\/revisions\/52955"}],"wp:attachment":[{"href":"https:\/\/www.visit-ulcinj.com\/blog\/wp-json\/wp\/v2\/media?parent=52953"}],"wp:term":[{"taxonomy":"category","embeddable":true,"href":"https:\/\/www.visit-ulcinj.com\/blog\/wp-json\/wp\/v2\/categories?post=52953"},{"taxonomy":"post_tag","embeddable":true,"href":"https:\/\/www.visit-ulcinj.com\/blog\/wp-json\/wp\/v2\/tags?post=52953"}],"curies":[{"name":"wp","href":"https:\/\/api.w.org\/{rel}","templated":true}]}}